{"id":57104,"date":"2024-08-23T09:28:36","date_gmt":"2024-08-23T12:28:36","guid":{"rendered":"https:\/\/noticiasribeiraopreto.com.br\/index.php\/2024\/08\/23\/interior-de-sp-tem-novo-alerta-de-grande-perigo-veja-as-cidades-afetadas\/"},"modified":"2024-08-23T09:28:36","modified_gmt":"2024-08-23T12:28:36","slug":"interior-de-sp-tem-novo-alerta-de-grande-perigo-veja-as-cidades-afetadas","status":"publish","type":"post","link":"https:\/\/noticiasribeiraopreto.com.br\/index.php\/2024\/08\/23\/interior-de-sp-tem-novo-alerta-de-grande-perigo-veja-as-cidades-afetadas\/","title":{"rendered":"Interior de SP tem novo alerta de grande perigo; Veja as cidades afetadas"},"content":{"rendered":"<p> <br \/>\n<\/p>\n<div>\n<p><strong>O <a href=\"https:\/\/portal.inmet.gov.br\/\" target=\"_blank\" rel=\"noreferrer noopener\">Inmet (Instituto Nacional de Meteorologia)<\/a> emitou um novo alerta vermelho, que aponta \u201cgrande perigo\u201d para onda de calor no interior de S\u00e3o Paulo.<\/strong><\/p>\n<p><mark style=\"background-color:#fcb900\" class=\"has-inline-color has-black-color\">O aviso, que e inclui Ribeir\u00e3o Preto e cidades da regi\u00e3o, teve in\u00edcio \u00e0 0h e segue at\u00e9 as 23h59 desta sexta-feira (23).<\/mark><\/p>\n<p>Este <strong>alerta<\/strong>, que na escala \u00e9 o mais <strong>elevado <\/strong>nos tr\u00eas n\u00edveis de classifica\u00e7\u00e3o, indica <strong>risco \u00e0 sa\u00fade<\/strong> com a <strong>temperatura 5\u00baC acima da m\u00e9dia <\/strong>por um per\u00edodo maior do que cinco dias.<\/p>\n<h4 class=\"wp-block-heading\"><strong>Veja as regi\u00f5es paulistas em alerta:<\/strong><\/h4>\n<ul>\n<li>Macro Metropolitana Paulista<\/li>\n<\/ul>\n<ul>\n<li>Vale do Para\u00edba Paulista<\/li>\n<\/ul>\n<p><a href=\"https:\/\/alertas2.inmet.gov.br\/48240\">Clique aqui<\/a> e confira todos os munic\u00edpios<\/p>\n<h4 class=\"wp-block-heading\"><strong>Baixa umidade<\/strong><\/h4>\n<p><strong>O Inmet tamb\u00e9m emitiu alerta de \u201cgrande perigo\u201d para baixa umidade do ar no interior de S\u00e3o Paulo. <\/strong><mark style=\"background-color:#fcb900\" class=\"has-inline-color has-black-color\">O aviso tem validade entre 14h e 17h e indica \u00edndices abaixo de 12%.<\/mark><\/p>\n<p><a href=\"https:\/\/alertas2.inmet.gov.br\/48246\" target=\"_blank\" rel=\"noreferrer noopener\">Clique aqui<\/a> e confira as cidades<\/p>\n<h4 class=\"wp-block-heading\"><strong>Vem chuva?<\/strong><\/h4>\n<p>A <strong>frente fria<\/strong> que <strong>avan\u00e7a <\/strong>da <strong>regi\u00e3o Sul<\/strong> pode provocar <strong>pancadas de chuva<\/strong> no <strong>extremo Sul de\u00a0S\u00e3o Paulo nesta sexta-feira<\/strong>, de acordo com a <strong>Climatempo<\/strong>.<\/p>\n<p>Ainda conforme a <strong>meteorologia<\/strong>, pode <strong>ventar <\/strong>com moderada a forte intensidade no <strong>Oeste <\/strong>e no <strong>Sul <\/strong>do <strong>estado paulista<\/strong>.<\/p>\n<blockquote class=\"wp-block-quote\">\n<p>\u201cDurante o fim de semana,\u00a0esta frente fria vai avan\u00e7ar e deixar\u00a0nuvens de chuva sobre o estado de S\u00e3o Paulo\u201d<\/p>\n<p><cite>Jos\u00e9lia Pegorim, meteorologista da Climatempo<\/cite><\/p><\/blockquote>\n<h4 class=\"wp-block-heading\"><strong>Em Ribeir\u00e3o<\/strong><\/h4>\n<p><strong>De acordo com a Climatempo, neste s\u00e1bado (24), a nebulosidade aumenta na regi\u00e3o de Ribeir\u00e3o Preto, mas n\u00e3o h\u00e1 previs\u00e3o de chuva.<\/strong><\/p>\n<p>No <strong>domingo (25)<\/strong>, a <strong>tend\u00eancia <\/strong>\u00e9 que uma <strong>nova frente fria<\/strong> se desloque pelo <strong>litoral do Sudeste<\/strong>, o que pode favorecer o <strong>aumento <\/strong>das <strong>instabilidades <\/strong>em <strong>S\u00e3o Carlos<\/strong> e <strong>Campinas<\/strong>.<\/p>\n<p><mark style=\"background-color:#fcb900\" class=\"has-inline-color has-black-color\">A previs\u00e3o tamb\u00e9m aponta chuva em Ribeir\u00e3o Preto no domingo, com expectativa de 8 mil\u00edmetros. A temperatura tamb\u00e9m pode cair, com m\u00e1xima prevista em 23\u00b0C na cidade.<\/mark><\/p>\n<p>SAIBA MAIS<\/p>\n<p>Rodovia registra congestionamento ap\u00f3s queimada na regi\u00e3o de Ribeir\u00e3o Preto<\/p>\n<h4 class=\"wp-block-heading\"><strong>FIQUE ON<\/strong><\/h4>\n<p>Fique ligado em tudo que acontece em Ribeir\u00e3o Preto e regi\u00e3o. Siga os perfis do\u00a0<strong>acidade on<\/strong>\u00a0no<a href=\"https:\/\/www.instagram.com\/acidadeonribeirao\" target=\"_blank\" rel=\"noreferrer noopener\">\u00a0Instagram<\/a>\u00a0e no\u00a0<a href=\"https:\/\/www.facebook.com\/acidadeonribeirao\/\" target=\"_blank\" rel=\"noreferrer noopener\">Facebook<\/a>.<\/p>\n<p>Receba not\u00edcias do<strong>\u00a0acidade on\u00a0<\/strong>no WhatsApp.\u00a0<a href=\"https:\/\/chat.whatsapp.com\/Dtv9mxhy6V5BJBotM2OQ5k\" target=\"_blank\" rel=\"noreferrer noopener\">Para entrar no grupo, basta clicar aqui.<\/a><\/p>\n<p>Fa\u00e7a uma den\u00fancia ou sugira uma reportagem sobre Ribeir\u00e3o Preto e regi\u00e3o pelo WhatsApp: 16 99117 7802.<\/p>\n<p>VEJA TAMB\u00c9M<\/p>\n<p>Como acessar os documentos sobre OVNI no Brasil?<\/p>\n<p><!-- CONTENT END 3 -->\n<\/div>\n<p><script async src=\"\/\/www.instagram.com\/embed.js\"><\/script><br \/>\n<br \/><br \/>\n<br \/><a href=\"https:\/\/www.acidadeon.com\/ribeiraopreto\/cotidiano\/interior-de-sp-tem-novo-alerta-de-grande-perigo-veja-as-cidades-afetadas\/\">Source link <\/a><\/p>\n","protected":false},"excerpt":{"rendered":"<p>O Inmet (Instituto Nacional de Meteorologia) emitou um novo alerta vermelho, que aponta \u201cgrande perigo\u201d para onda de calor no interior de S\u00e3o Paulo. O&#8230;<\/p>\n","protected":false},"author":1,"featured_media":57105,"comment_status":"open","ping_status":"open","sticky":false,"template":"","format":"standard","meta":{"advanced_seo_description":"","jetpack_seo_html_title":"","jetpack_seo_noindex":false,"jetpack_post_was_ever_published":false,"_jetpack_newsletter_access":"","_jetpack_dont_email_post_to_subs":false,"_jetpack_newsletter_tier_id":0,"_jetpack_memberships_contains_paywalled_content":false,"_jetpack_memberships_contains_paid_content":false,"footnotes":"","jetpack_publicize_message":"","jetpack_publicize_feature_enabled":true,"jetpack_social_post_already_shared":true,"jetpack_social_options":{"image_generator_settings":{"template":"highway","default_image_id":0,"font":"","enabled":false},"version":2}},"categories":[11],"tags":[],"class_list":["post-57104","post","type-post","status-publish","format-standard","has-post-thumbnail","hentry","category-noticias-de-ribeirao-preto-sp-e-regiao-ismael-colosi"],"jetpack_publicize_connections":[],"jetpack_featured_media_url":"https:\/\/i0.wp.com\/noticiasribeiraopreto.com.br\/wp-content\/uploads\/2024\/08\/1724416118_RIBEIRAO-PRETO.jpg?fit=2000%2C1180&ssl=1","jetpack-related-posts":[{"id":75905,"url":"https:\/\/noticiasribeiraopreto.com.br\/index.php\/2025\/08\/18\/novo-alerta-de-perigo-e-emitido-para-o-interior-de-sp-veja-cidades-afetadas\/","url_meta":{"origin":57104,"position":0},"title":"Novo alerta de perigo \u00e9 emitido para o interior de SP; Veja cidades afetadas","author":"noticiasribeiraopreto.com.br","date":"18 de August de 2025","format":false,"excerpt":"O\u00a0Inmet (Instituto Nacional de Meteorologia)\u00a0publicou um novo alerta de \u201cperigo\u201d para baixa umidade no interior de S\u00e3o Paulo. Ribeir\u00e3o Preto e cidades da regi\u00e3o est\u00e3o inclu\u00eddas na faixa laranja, a segunda em uma escala at\u00e9 tr\u00eas n\u00edveis de severidade, que abrange parte do estado paulista, principalmente a regi\u00e3o Norte. O\u2026","rel":"","context":"In &quot;Not\u00edcias de Ribeir\u00e3o Preto-SP e Regi\u00e3o&quot;","block_context":{"text":"Not\u00edcias de Ribeir\u00e3o Preto-SP e Regi\u00e3o","link":"https:\/\/noticiasribeiraopreto.com.br\/index.php\/category\/noticias-de-ribeirao-preto-sp-e-regiao-ismael-colosi\/"},"img":{"alt_text":"","src":"https:\/\/i0.wp.com\/noticiasribeiraopreto.com.br\/wp-content\/uploads\/2025\/08\/BAIXA-UMIDADE_2025-08-18_14-35-55.webp.webp?fit=1200%2C793&ssl=1&resize=350%2C200","width":350,"height":200,"srcset":"https:\/\/i0.wp.com\/noticiasribeiraopreto.com.br\/wp-content\/uploads\/2025\/08\/BAIXA-UMIDADE_2025-08-18_14-35-55.webp.webp?fit=1200%2C793&ssl=1&resize=350%2C200 1x, https:\/\/i0.wp.com\/noticiasribeiraopreto.com.br\/wp-content\/uploads\/2025\/08\/BAIXA-UMIDADE_2025-08-18_14-35-55.webp.webp?fit=1200%2C793&ssl=1&resize=525%2C300 1.5x, https:\/\/i0.wp.com\/noticiasribeiraopreto.com.br\/wp-content\/uploads\/2025\/08\/BAIXA-UMIDADE_2025-08-18_14-35-55.webp.webp?fit=1200%2C793&ssl=1&resize=700%2C400 2x, https:\/\/i0.wp.com\/noticiasribeiraopreto.com.br\/wp-content\/uploads\/2025\/08\/BAIXA-UMIDADE_2025-08-18_14-35-55.webp.webp?fit=1200%2C793&ssl=1&resize=1050%2C600 3x"},"classes":[]},{"id":75725,"url":"https:\/\/noticiasribeiraopreto.com.br\/index.php\/2025\/08\/14\/inmet-publica-alerta-de-grande-perigo-veja-cidades-afetadas-no-interior-de-sp\/","url_meta":{"origin":57104,"position":1},"title":"Inmet publica alerta de grande perigo; Veja cidades afetadas no interior de SP","author":"noticiasribeiraopreto.com.br","date":"14 de August de 2025","format":false,"excerpt":"O\u00a0Inmet (Instituto Nacional de Meteorologia)\u00a0emitiu um alerta de \u201cgrande perigo\u201d para baixa umidade no interior de S\u00e3o Paulo. Cidades da regi\u00e3o oeste e noroeste foram inclu\u00eddas na faixa vermelha, a mais extrema em uma escala at\u00e9 tr\u00eas n\u00edveis de severidade. Clique aqui\u00a0e veja todos os munic\u00edpios. Tamb\u00e9m no estado de\u2026","rel":"","context":"In &quot;Not\u00edcias de Ribeir\u00e3o Preto-SP e Regi\u00e3o&quot;","block_context":{"text":"Not\u00edcias de Ribeir\u00e3o Preto-SP e Regi\u00e3o","link":"https:\/\/noticiasribeiraopreto.com.br\/index.php\/category\/noticias-de-ribeirao-preto-sp-e-regiao-ismael-colosi\/"},"img":{"alt_text":"","src":"https:\/\/i0.wp.com\/noticiasribeiraopreto.com.br\/wp-content\/uploads\/2025\/08\/ALERTA_2025-08-14_14-33-38.webp.webp?fit=1200%2C899&ssl=1&resize=350%2C200","width":350,"height":200,"srcset":"https:\/\/i0.wp.com\/noticiasribeiraopreto.com.br\/wp-content\/uploads\/2025\/08\/ALERTA_2025-08-14_14-33-38.webp.webp?fit=1200%2C899&ssl=1&resize=350%2C200 1x, https:\/\/i0.wp.com\/noticiasribeiraopreto.com.br\/wp-content\/uploads\/2025\/08\/ALERTA_2025-08-14_14-33-38.webp.webp?fit=1200%2C899&ssl=1&resize=525%2C300 1.5x, https:\/\/i0.wp.com\/noticiasribeiraopreto.com.br\/wp-content\/uploads\/2025\/08\/ALERTA_2025-08-14_14-33-38.webp.webp?fit=1200%2C899&ssl=1&resize=700%2C400 2x, https:\/\/i0.wp.com\/noticiasribeiraopreto.com.br\/wp-content\/uploads\/2025\/08\/ALERTA_2025-08-14_14-33-38.webp.webp?fit=1200%2C899&ssl=1&resize=1050%2C600 3x"},"classes":[]},{"id":57148,"url":"https:\/\/noticiasribeiraopreto.com.br\/index.php\/2024\/08\/24\/inmet-alerta-para-perigo-potencial-de-queda-de-temperatura-no-estado-de-sp-veja-cidades\/","url_meta":{"origin":57104,"position":2},"title":"Inmet alerta para perigo potencial de queda de temperatura no estado de SP; Veja cidades","author":"noticiasribeiraopreto.com.br","date":"24 de August de 2024","format":false,"excerpt":"O Inmet (Instituto Nacional de Meteorologia) emitiu um alerta de perigo potencial para a decl\u00ednio de temperatura em parte do estado de S\u00e3o Paulo. O aviso tem in\u00edcio \u00e0s 10h deste s\u00e1bado (24) e segue at\u00e9 as 10h de domingo (25), e inclui algumas cidades da regi\u00e3o de Ribeir\u00e3o Preto.\u2026","rel":"","context":"In &quot;Not\u00edcias de Ribeir\u00e3o Preto-SP e Regi\u00e3o&quot;","block_context":{"text":"Not\u00edcias de Ribeir\u00e3o Preto-SP e Regi\u00e3o","link":"https:\/\/noticiasribeiraopreto.com.br\/index.php\/category\/noticias-de-ribeirao-preto-sp-e-regiao-ismael-colosi\/"},"img":{"alt_text":"","src":"https:\/\/i0.wp.com\/noticiasribeiraopreto.com.br\/wp-content\/uploads\/2024\/08\/WhatsApp-Image-2024-07-13-at-19.42.17_2024-07-13_22-42-51_jpeg_2024-07-13_22-42-51.webp.webp?fit=1200%2C553&ssl=1&resize=350%2C200","width":350,"height":200,"srcset":"https:\/\/i0.wp.com\/noticiasribeiraopreto.com.br\/wp-content\/uploads\/2024\/08\/WhatsApp-Image-2024-07-13-at-19.42.17_2024-07-13_22-42-51_jpeg_2024-07-13_22-42-51.webp.webp?fit=1200%2C553&ssl=1&resize=350%2C200 1x, https:\/\/i0.wp.com\/noticiasribeiraopreto.com.br\/wp-content\/uploads\/2024\/08\/WhatsApp-Image-2024-07-13-at-19.42.17_2024-07-13_22-42-51_jpeg_2024-07-13_22-42-51.webp.webp?fit=1200%2C553&ssl=1&resize=525%2C300 1.5x, https:\/\/i0.wp.com\/noticiasribeiraopreto.com.br\/wp-content\/uploads\/2024\/08\/WhatsApp-Image-2024-07-13-at-19.42.17_2024-07-13_22-42-51_jpeg_2024-07-13_22-42-51.webp.webp?fit=1200%2C553&ssl=1&resize=700%2C400 2x, https:\/\/i0.wp.com\/noticiasribeiraopreto.com.br\/wp-content\/uploads\/2024\/08\/WhatsApp-Image-2024-07-13-at-19.42.17_2024-07-13_22-42-51_jpeg_2024-07-13_22-42-51.webp.webp?fit=1200%2C553&ssl=1&resize=1050%2C600 3x"},"classes":[]},{"id":57151,"url":"https:\/\/noticiasribeiraopreto.com.br\/index.php\/2024\/08\/24\/inmet-alerta-para-perigo-potencial-no-estado-de-sp-veja-cidades-atingidas\/","url_meta":{"origin":57104,"position":3},"title":"Inmet alerta para perigo potencial no estado de SP; Veja cidades atingidas","author":"noticiasribeiraopreto.com.br","date":"24 de August de 2024","format":false,"excerpt":"O Inmet (Instituto Nacional de Meteorologia) emitiu um alerta de perigo potencial para a decl\u00ednio de temperatura em parte do estado de S\u00e3o Paulo. O aviso tem in\u00edcio \u00e0s 10h deste s\u00e1bado (24) e segue at\u00e9 as 10h de domingo (25), e inclui algumas cidades da regi\u00e3o de Ribeir\u00e3o Preto.\u2026","rel":"","context":"In &quot;Not\u00edcias de Ribeir\u00e3o Preto-SP e Regi\u00e3o&quot;","block_context":{"text":"Not\u00edcias de Ribeir\u00e3o Preto-SP e Regi\u00e3o","link":"https:\/\/noticiasribeiraopreto.com.br\/index.php\/category\/noticias-de-ribeirao-preto-sp-e-regiao-ismael-colosi\/"},"img":{"alt_text":"","src":"https:\/\/i0.wp.com\/noticiasribeiraopreto.com.br\/wp-content\/uploads\/2024\/08\/WhatsApp-Image-2024-07-13-at-19.42.17_2024-07-13_22-42-51_jpeg_2024-07-13_22-42-51.webp.webp?fit=1200%2C553&ssl=1&resize=350%2C200","width":350,"height":200,"srcset":"https:\/\/i0.wp.com\/noticiasribeiraopreto.com.br\/wp-content\/uploads\/2024\/08\/WhatsApp-Image-2024-07-13-at-19.42.17_2024-07-13_22-42-51_jpeg_2024-07-13_22-42-51.webp.webp?fit=1200%2C553&ssl=1&resize=350%2C200 1x, https:\/\/i0.wp.com\/noticiasribeiraopreto.com.br\/wp-content\/uploads\/2024\/08\/WhatsApp-Image-2024-07-13-at-19.42.17_2024-07-13_22-42-51_jpeg_2024-07-13_22-42-51.webp.webp?fit=1200%2C553&ssl=1&resize=525%2C300 1.5x, https:\/\/i0.wp.com\/noticiasribeiraopreto.com.br\/wp-content\/uploads\/2024\/08\/WhatsApp-Image-2024-07-13-at-19.42.17_2024-07-13_22-42-51_jpeg_2024-07-13_22-42-51.webp.webp?fit=1200%2C553&ssl=1&resize=700%2C400 2x, https:\/\/i0.wp.com\/noticiasribeiraopreto.com.br\/wp-content\/uploads\/2024\/08\/WhatsApp-Image-2024-07-13-at-19.42.17_2024-07-13_22-42-51_jpeg_2024-07-13_22-42-51.webp.webp?fit=1200%2C553&ssl=1&resize=1050%2C600 3x"},"classes":[]},{"id":57606,"url":"https:\/\/noticiasribeiraopreto.com.br\/index.php\/2024\/09\/05\/interior-de-sp-recebe-novo-alerta-de-grande-perigo-veja-as-cidade-afetadas\/","url_meta":{"origin":57104,"position":4},"title":"Interior de SP recebe novo alerta de &#8216;grande perigo&#8217;; Veja as cidade afetadas","author":"noticiasribeiraopreto.com.br","date":"5 de September de 2024","format":false,"excerpt":"O Inmet (Instituto Nacional de Meteorologia) emitiu um novo alerta de \u201cgrande perigo\u201d para a baixa umidade do ar em parte do interior de S\u00e3o Paulo. O aviso tem validade entre 13h e 17h desta quinta-feira (5), e inclui Ribeir\u00e3o Preto e cidades da regi\u00e3o. O alerta \u00e9 na cor\u2026","rel":"","context":"In &quot;Not\u00edcias de Ribeir\u00e3o Preto-SP e Regi\u00e3o&quot;","block_context":{"text":"Not\u00edcias de Ribeir\u00e3o Preto-SP e Regi\u00e3o","link":"https:\/\/noticiasribeiraopreto.com.br\/index.php\/category\/noticias-de-ribeirao-preto-sp-e-regiao-ismael-colosi\/"},"img":{"alt_text":"","src":"https:\/\/i0.wp.com\/noticiasribeiraopreto.com.br\/wp-content\/uploads\/2024\/09\/BAIXA-UMIDADE_2024-09-05_13-47-44_jpg_2024-09-05_13-47-44.webp.webp?fit=1200%2C766&ssl=1&resize=350%2C200","width":350,"height":200,"srcset":"https:\/\/i0.wp.com\/noticiasribeiraopreto.com.br\/wp-content\/uploads\/2024\/09\/BAIXA-UMIDADE_2024-09-05_13-47-44_jpg_2024-09-05_13-47-44.webp.webp?fit=1200%2C766&ssl=1&resize=350%2C200 1x, https:\/\/i0.wp.com\/noticiasribeiraopreto.com.br\/wp-content\/uploads\/2024\/09\/BAIXA-UMIDADE_2024-09-05_13-47-44_jpg_2024-09-05_13-47-44.webp.webp?fit=1200%2C766&ssl=1&resize=525%2C300 1.5x, https:\/\/i0.wp.com\/noticiasribeiraopreto.com.br\/wp-content\/uploads\/2024\/09\/BAIXA-UMIDADE_2024-09-05_13-47-44_jpg_2024-09-05_13-47-44.webp.webp?fit=1200%2C766&ssl=1&resize=700%2C400 2x, https:\/\/i0.wp.com\/noticiasribeiraopreto.com.br\/wp-content\/uploads\/2024\/09\/BAIXA-UMIDADE_2024-09-05_13-47-44_jpg_2024-09-05_13-47-44.webp.webp?fit=1200%2C766&ssl=1&resize=1050%2C600 3x"},"classes":[]},{"id":74856,"url":"https:\/\/noticiasribeiraopreto.com.br\/index.php\/2025\/07\/30\/alerta-de-perigo-potencial-e-emitido-para-o-interior-de-sp-veja-cidades-afetadas\/","url_meta":{"origin":57104,"position":5},"title":"Alerta de perigo potencial \u00e9 emitido para o interior de SP; Veja cidades afetadas","author":"noticiasribeiraopreto.com.br","date":"30 de July de 2025","format":false,"excerpt":"O Inmet (Instituto Nacional de Meteorologia) publicou um alerta de \u201cperigo potencial\u201d para baixa umidade no interior de S\u00e3o Paulo. Ribeir\u00e3o Preto e cidades da regi\u00e3o est\u00e3o inclu\u00eddas na faixa amarela, a primeira em uma escala at\u00e9 tr\u00eas n\u00edveis de severidade, que abrange grande parte do estado paulista. O aviso\u2026","rel":"","context":"In &quot;Not\u00edcias de Ribeir\u00e3o Preto-SP e Regi\u00e3o&quot;","block_context":{"text":"Not\u00edcias de Ribeir\u00e3o Preto-SP e Regi\u00e3o","link":"https:\/\/noticiasribeiraopreto.com.br\/index.php\/category\/noticias-de-ribeirao-preto-sp-e-regiao-ismael-colosi\/"},"img":{"alt_text":"","src":"https:\/\/i0.wp.com\/noticiasribeiraopreto.com.br\/wp-content\/uploads\/2025\/07\/1753887463_20230711_174150-scaled.jpg?fit=1200%2C540&ssl=1&resize=350%2C200","width":350,"height":200,"srcset":"https:\/\/i0.wp.com\/noticiasribeiraopreto.com.br\/wp-content\/uploads\/2025\/07\/1753887463_20230711_174150-scaled.jpg?fit=1200%2C540&ssl=1&resize=350%2C200 1x, https:\/\/i0.wp.com\/noticiasribeiraopreto.com.br\/wp-content\/uploads\/2025\/07\/1753887463_20230711_174150-scaled.jpg?fit=1200%2C540&ssl=1&resize=525%2C300 1.5x, https:\/\/i0.wp.com\/noticiasribeiraopreto.com.br\/wp-content\/uploads\/2025\/07\/1753887463_20230711_174150-scaled.jpg?fit=1200%2C540&ssl=1&resize=700%2C400 2x, https:\/\/i0.wp.com\/noticiasribeiraopreto.com.br\/wp-content\/uploads\/2025\/07\/1753887463_20230711_174150-scaled.jpg?fit=1200%2C540&ssl=1&resize=1050%2C600 3x"},"classes":[]}],"jetpack_sharing_enabled":true,"jetpack_shortlink":"https:\/\/wp.me\/peQAOb-eR2","_links":{"self":[{"href":"https:\/\/noticiasribeiraopreto.com.br\/index.php\/wp-json\/wp\/v2\/posts\/57104","targetHints":{"allow":["GET"]}}],"collection":[{"href":"https:\/\/noticiasribeiraopreto.com.br\/index.php\/wp-json\/wp\/v2\/posts"}],"about":[{"href":"https:\/\/noticiasribeiraopreto.com.br\/index.php\/wp-json\/wp\/v2\/types\/post"}],"author":[{"embeddable":true,"href":"https:\/\/noticiasribeiraopreto.com.br\/index.php\/wp-json\/wp\/v2\/users\/1"}],"replies":[{"embeddable":true,"href":"https:\/\/noticiasribeiraopreto.com.br\/index.php\/wp-json\/wp\/v2\/comments?post=57104"}],"version-history":[{"count":0,"href":"https:\/\/noticiasribeiraopreto.com.br\/index.php\/wp-json\/wp\/v2\/posts\/57104\/revisions"}],"wp:featuredmedia":[{"embeddable":true,"href":"https:\/\/noticiasribeiraopreto.com.br\/index.php\/wp-json\/wp\/v2\/media\/57105"}],"wp:attachment":[{"href":"https:\/\/noticiasribeiraopreto.com.br\/index.php\/wp-json\/wp\/v2\/media?parent=57104"}],"wp:term":[{"taxonomy":"category","embeddable":true,"href":"https:\/\/noticiasribeiraopreto.com.br\/index.php\/wp-json\/wp\/v2\/categories?post=57104"},{"taxonomy":"post_tag","embeddable":true,"href":"https:\/\/noticiasribeiraopreto.com.br\/index.php\/wp-json\/wp\/v2\/tags?post=57104"}],"curies":[{"name":"wp","href":"https:\/\/api.w.org\/{rel}","templated":true}]}}