{"id":57106,"date":"2024-08-23T10:02:42","date_gmt":"2024-08-23T13:02:42","guid":{"rendered":"https:\/\/noticiasribeiraopreto.com.br\/index.php\/2024\/08\/23\/acidente-com-viatura-deixa-policial-do-baep-gravemente-ferido-em-ribeirao\/"},"modified":"2024-08-23T10:02:42","modified_gmt":"2024-08-23T13:02:42","slug":"acidente-com-viatura-deixa-policial-do-baep-gravemente-ferido-em-ribeirao","status":"publish","type":"post","link":"https:\/\/noticiasribeiraopreto.com.br\/index.php\/2024\/08\/23\/acidente-com-viatura-deixa-policial-do-baep-gravemente-ferido-em-ribeirao\/","title":{"rendered":"Acidente com viatura deixa policial do Baep gravemente ferido em Ribeir\u00e3o"},"content":{"rendered":"<p> <br \/>\n<\/p>\n<div data-td-block-uid=\"tdi_106\">\n<div class=\"tdb-block-inner td-fix-index\">\n<p>Um<strong> policial militar do Baep<\/strong> ficou <mark style=\"background-color:#fcb900\" class=\"has-inline-color\"><strong>gravemente ferido<\/strong><\/mark> ap\u00f3s acidente, na noite desta <strong>quinta-feira (22)<\/strong>, no Campos El\u00edseos, zona Norte de Ribeir\u00e3o Preto. <\/p>\n<p>De acordo com o <strong>boletim de ocorr\u00eancia<\/strong>, a viatura transitava pela <strong>avenida Saudade<\/strong> quando colidiu com outro ve\u00edculo que seguia pela <strong>rua Fl\u00e1vio Uchoa<\/strong>. No momento do acidente, o carro conduzido pelos militares <strong>tombou<\/strong> e <strong>bateu <\/strong>em um poste de ilumina\u00e7\u00e3o. <\/p>\n<p>A v\u00edtima de <strong>40 anos<\/strong> foi socorrida para o <strong><mark style=\"background-color:#fcb900\" class=\"has-inline-color\">Hospital das Cl\u00ednicas \u2013 Unidade de Emerg\u00eancia (HC-UE)<\/mark><\/strong> com <strong><mark style=\"background-color:#fcb900\" class=\"has-inline-color\">traumatismo cr\u00e2niano<\/mark><\/strong> e precisou passar por <strong>cirurgia<\/strong>. Os outros ocupantes do ve\u00edculo tiveram apenas <strong>ferimentos leves <\/strong>e foram encaminhados para a <strong>UPA <\/strong>da avenida Treze de Maio. <\/p>\n<p>O motorista do outro ve\u00edculo envolvido <strong>n\u00e3o ficou ferido<\/strong>. <\/p>\n<p>SAIBA MAIS<\/p>\n<p>Inc\u00eandio atinge canavial e funcion\u00e1rios de usina na regi\u00e3o de Ribeir\u00e3o Preto evacuam o local<\/p>\n<h4 class=\"wp-block-heading\"><strong>FIQUE ON<\/strong><\/h4>\n<p>Fique ligado em tudo que acontece em Ribeir\u00e3o Preto e regi\u00e3o. Siga os perfis do\u00a0<strong>acidade on<\/strong>\u00a0no<a href=\"https:\/\/www.instagram.com\/acidadeonribeirao\" target=\"_blank\" rel=\"noreferrer noopener\">\u00a0Instagram<\/a>\u00a0e no\u00a0<a href=\"https:\/\/www.facebook.com\/acidadeonribeirao\/\" target=\"_blank\" rel=\"noreferrer noopener\">Facebook<\/a>.<\/p>\n<p>Receba not\u00edcias do<strong>\u00a0acidade on\u00a0<\/strong>no WhatsApp.\u00a0<a href=\"https:\/\/chat.whatsapp.com\/Dtv9mxhy6V5BJBotM2OQ5k\" target=\"_blank\" rel=\"noreferrer noopener\">Para entrar no grupo, basta clicar aqui.<\/a><\/p>\n<p>Fa\u00e7a uma den\u00fancia ou sugira uma reportagem sobre Ribeir\u00e3o Preto e regi\u00e3o pelo WhatsApp: 16 99117 7802.<\/p>\n<p>VEJA TAMB\u00c9M<\/p>\n<p>Como acessar os documentos sobre OVNI no Brasil?<\/p>\n<p><!-- CONTENT END 1 -->\n<\/div>\n<\/div>\n<p><script async src=\"\/\/www.instagram.com\/embed.js\"><\/script><br \/>\n<br \/><br \/>\n<br \/><a href=\"https:\/\/www.acidadeon.com\/ribeiraopreto\/cotidiano\/acidente-com-viatura-deixa-policial-do-baep-gravemente-ferido-em-ribeirao\/\">Source link <\/a><\/p>\n","protected":false},"excerpt":{"rendered":"<p>Um policial militar do Baep ficou gravemente ferido ap\u00f3s acidente, na noite desta quinta-feira (22), no Campos El\u00edseos, zona Norte de Ribeir\u00e3o Preto. De acordo&#8230;<\/p>\n","protected":false},"author":1,"featured_media":57107,"comment_status":"open","ping_status":"open","sticky":false,"template":"","format":"standard","meta":{"advanced_seo_description":"","jetpack_seo_html_title":"","jetpack_seo_noindex":false,"jetpack_post_was_ever_published":false,"_jetpack_newsletter_access":"","_jetpack_dont_email_post_to_subs":false,"_jetpack_newsletter_tier_id":0,"_jetpack_memberships_contains_paywalled_content":false,"_jetpack_memberships_contains_paid_content":false,"footnotes":"","jetpack_publicize_message":"","jetpack_publicize_feature_enabled":true,"jetpack_social_post_already_shared":true,"jetpack_social_options":{"image_generator_settings":{"template":"highway","default_image_id":0,"font":"","enabled":false},"version":2}},"categories":[11],"tags":[],"class_list":["post-57106","post","type-post","status-publish","format-standard","has-post-thumbnail","hentry","category-noticias-de-ribeirao-preto-sp-e-regiao-ismael-colosi"],"jetpack_publicize_connections":[],"jetpack_featured_media_url":"https:\/\/i0.wp.com\/noticiasribeiraopreto.com.br\/wp-content\/uploads\/2024\/08\/viatura-baep1_2024-08-23_12-48-11_jpg_2024-08-23_12-48-11.webp.webp?fit=891%2C561&ssl=1","jetpack-related-posts":[{"id":57118,"url":"https:\/\/noticiasribeiraopreto.com.br\/index.php\/2024\/08\/23\/comerciante-morre-apos-sofrer-acidente-com-moto-e-permanecer-internado-em-ribeirao\/","url_meta":{"origin":57106,"position":0},"title":"Comerciante morre ap\u00f3s sofrer acidente com moto e permanecer internado em Ribeir\u00e3o","author":"noticiasribeiraopreto.com.br","date":"23 de August de 2024","format":false,"excerpt":"Um comerciante de 46 anos morreu nesta quinta-feira (22), depois de sofrer um acidente com moto na \u00faltima ter\u00e7a-feira (20) e permanecer internado em um hospital particular de Ribeir\u00e3o Preto. Segundo o boletim de ocorr\u00eancia (BO), a v\u00edtima, identificada como Rodrigo Chiari, estava em uma moto Honda CG 150, que\u2026","rel":"","context":"In &quot;Not\u00edcias de Ribeir\u00e3o Preto-SP e Regi\u00e3o&quot;","block_context":{"text":"Not\u00edcias de Ribeir\u00e3o Preto-SP e Regi\u00e3o","link":"https:\/\/noticiasribeiraopreto.com.br\/index.php\/category\/noticias-de-ribeirao-preto-sp-e-regiao-ismael-colosi\/"},"img":{"alt_text":"","src":"https:\/\/i0.wp.com\/noticiasribeiraopreto.com.br\/wp-content\/uploads\/2024\/08\/cpj_policia_1024x576_21012021082231.jpg?fit=1024%2C576&ssl=1&resize=350%2C200","width":350,"height":200,"srcset":"https:\/\/i0.wp.com\/noticiasribeiraopreto.com.br\/wp-content\/uploads\/2024\/08\/cpj_policia_1024x576_21012021082231.jpg?fit=1024%2C576&ssl=1&resize=350%2C200 1x, https:\/\/i0.wp.com\/noticiasribeiraopreto.com.br\/wp-content\/uploads\/2024\/08\/cpj_policia_1024x576_21012021082231.jpg?fit=1024%2C576&ssl=1&resize=525%2C300 1.5x, https:\/\/i0.wp.com\/noticiasribeiraopreto.com.br\/wp-content\/uploads\/2024\/08\/cpj_policia_1024x576_21012021082231.jpg?fit=1024%2C576&ssl=1&resize=700%2C400 2x"},"classes":[]},{"id":57120,"url":"https:\/\/noticiasribeiraopreto.com.br\/index.php\/2024\/08\/23\/incendios-voltam-a-interditar-rodovias-na-regiao-de-ribeirao-preto-veja-video\/","url_meta":{"origin":57106,"position":1},"title":"Inc\u00eandios voltam a interditar rodovias na regi\u00e3o de Ribeir\u00e3o Preto; Veja v\u00eddeo","author":"noticiasribeiraopreto.com.br","date":"23 de August de 2024","format":false,"excerpt":"Ao menos tr\u00eas rodovias foram interditadas nesta sexta-feira (23) por causa de inc\u00eandios na regi\u00e3o de Ribeir\u00e3o Preto. Assista ao v\u00eddeo abaixo. Segundo a concession\u00e1ria Entrevias, h\u00e1 bloqueio no km 340 da Att\u00edlio Balbo (SP-322), sentido Oeste, em Sert\u00e3ozinho. Tamb\u00e9m h\u00e1 interdi\u00e7\u00e3o na pra\u00e7a de Ped\u00e1gio de Pitangueiras, no sentido\u2026","rel":"","context":"In &quot;Not\u00edcias de Ribeir\u00e3o Preto-SP e Regi\u00e3o&quot;","block_context":{"text":"Not\u00edcias de Ribeir\u00e3o Preto-SP e Regi\u00e3o","link":"https:\/\/noticiasribeiraopreto.com.br\/index.php\/category\/noticias-de-ribeirao-preto-sp-e-regiao-ismael-colosi\/"},"img":{"alt_text":"","src":"https:\/\/i0.wp.com\/noticiasribeiraopreto.com.br\/wp-content\/uploads\/2024\/08\/FOGO_2024-08-23_15-53-56_jpg_2024-08-23_15-53-56.webp.webp?fit=1200%2C664&ssl=1&resize=350%2C200","width":350,"height":200,"srcset":"https:\/\/i0.wp.com\/noticiasribeiraopreto.com.br\/wp-content\/uploads\/2024\/08\/FOGO_2024-08-23_15-53-56_jpg_2024-08-23_15-53-56.webp.webp?fit=1200%2C664&ssl=1&resize=350%2C200 1x, https:\/\/i0.wp.com\/noticiasribeiraopreto.com.br\/wp-content\/uploads\/2024\/08\/FOGO_2024-08-23_15-53-56_jpg_2024-08-23_15-53-56.webp.webp?fit=1200%2C664&ssl=1&resize=525%2C300 1.5x, https:\/\/i0.wp.com\/noticiasribeiraopreto.com.br\/wp-content\/uploads\/2024\/08\/FOGO_2024-08-23_15-53-56_jpg_2024-08-23_15-53-56.webp.webp?fit=1200%2C664&ssl=1&resize=700%2C400 2x, https:\/\/i0.wp.com\/noticiasribeiraopreto.com.br\/wp-content\/uploads\/2024\/08\/FOGO_2024-08-23_15-53-56_jpg_2024-08-23_15-53-56.webp.webp?fit=1200%2C664&ssl=1&resize=1050%2C600 3x"},"classes":[]},{"id":57114,"url":"https:\/\/noticiasribeiraopreto.com.br\/index.php\/2024\/08\/23\/gcm-e-namorada-sofrem-sequestro-relampago-na-zona-sul-de-ribeirao\/","url_meta":{"origin":57106,"position":2},"title":"GCM e namorada sofrem sequestro-rel\u00e2mpago na zona Sul de Ribeir\u00e3o","author":"noticiasribeiraopreto.com.br","date":"23 de August de 2024","format":false,"excerpt":"Um guarda civil municipal e sua namorada foram sequestrados na madrugada de hoje (23), na avenida Itatiaia, na zona Sul de Ribeir\u00e3o Preto. Tr\u00eas suspeitos foram presos na manh\u00e3 desta sexta-feira. Segundo boletim de ocorr\u00eancia, o casal foi abordado por dois homens armados que entraram no ve\u00edculo e amea\u00e7aram as\u2026","rel":"","context":"In &quot;Not\u00edcias de Ribeir\u00e3o Preto-SP e Regi\u00e3o&quot;","block_context":{"text":"Not\u00edcias de Ribeir\u00e3o Preto-SP e Regi\u00e3o","link":"https:\/\/noticiasribeiraopreto.com.br\/index.php\/category\/noticias-de-ribeirao-preto-sp-e-regiao-ismael-colosi\/"},"img":{"alt_text":"","src":"https:\/\/i0.wp.com\/noticiasribeiraopreto.com.br\/wp-content\/uploads\/2024\/08\/policia_militar_1024x576_27122019193540.jpg?fit=1024%2C576&ssl=1&resize=350%2C200","width":350,"height":200,"srcset":"https:\/\/i0.wp.com\/noticiasribeiraopreto.com.br\/wp-content\/uploads\/2024\/08\/policia_militar_1024x576_27122019193540.jpg?fit=1024%2C576&ssl=1&resize=350%2C200 1x, https:\/\/i0.wp.com\/noticiasribeiraopreto.com.br\/wp-content\/uploads\/2024\/08\/policia_militar_1024x576_27122019193540.jpg?fit=1024%2C576&ssl=1&resize=525%2C300 1.5x, https:\/\/i0.wp.com\/noticiasribeiraopreto.com.br\/wp-content\/uploads\/2024\/08\/policia_militar_1024x576_27122019193540.jpg?fit=1024%2C576&ssl=1&resize=700%2C400 2x"},"classes":[]},{"id":58450,"url":"https:\/\/noticiasribeiraopreto.com.br\/index.php\/2024\/09\/27\/policial-penal-fica-gravemente-ferido-apos-acidente-no-centro-de-ribeirao\/","url_meta":{"origin":57106,"position":3},"title":"Policial penal fica gravemente ferido ap\u00f3s acidente no Centro de Ribeir\u00e3o","author":"noticiasribeiraopreto.com.br","date":"27 de September de 2024","format":false,"excerpt":"Um policial penal ficou gravemente ferido, na manh\u00e3 desta sexta-feira (27), ap\u00f3s colidir a moto que pilotava na lateral de um \u00f4nibus, no cruzamento da rua Flor\u00eancio de Abreu com a avenida Jer\u00f4nimo Gon\u00e7alves, no Centro de Ribeir\u00e3o Preto. No transporte coletivo tinha oito passageiros, mas nenhum ficou ferido. O\u2026","rel":"","context":"In &quot;Not\u00edcias de Ribeir\u00e3o Preto-SP e Regi\u00e3o&quot;","block_context":{"text":"Not\u00edcias de Ribeir\u00e3o Preto-SP e Regi\u00e3o","link":"https:\/\/noticiasribeiraopreto.com.br\/index.php\/category\/noticias-de-ribeirao-preto-sp-e-regiao-ismael-colosi\/"},"img":{"alt_text":"","src":"https:\/\/i0.wp.com\/noticiasribeiraopreto.com.br\/wp-content\/uploads\/2024\/09\/Imagem-do-WhatsApp-de-2024-09-27-as-11.46.13_2a6420db_2024-09-27_14-48-39_jpg_2024-09-27_14-48-39.webp.webp?fit=1179%2C664&ssl=1&resize=350%2C200","width":350,"height":200,"srcset":"https:\/\/i0.wp.com\/noticiasribeiraopreto.com.br\/wp-content\/uploads\/2024\/09\/Imagem-do-WhatsApp-de-2024-09-27-as-11.46.13_2a6420db_2024-09-27_14-48-39_jpg_2024-09-27_14-48-39.webp.webp?fit=1179%2C664&ssl=1&resize=350%2C200 1x, https:\/\/i0.wp.com\/noticiasribeiraopreto.com.br\/wp-content\/uploads\/2024\/09\/Imagem-do-WhatsApp-de-2024-09-27-as-11.46.13_2a6420db_2024-09-27_14-48-39_jpg_2024-09-27_14-48-39.webp.webp?fit=1179%2C664&ssl=1&resize=525%2C300 1.5x, https:\/\/i0.wp.com\/noticiasribeiraopreto.com.br\/wp-content\/uploads\/2024\/09\/Imagem-do-WhatsApp-de-2024-09-27-as-11.46.13_2a6420db_2024-09-27_14-48-39_jpg_2024-09-27_14-48-39.webp.webp?fit=1179%2C664&ssl=1&resize=700%2C400 2x, https:\/\/i0.wp.com\/noticiasribeiraopreto.com.br\/wp-content\/uploads\/2024\/09\/Imagem-do-WhatsApp-de-2024-09-27-as-11.46.13_2a6420db_2024-09-27_14-48-39_jpg_2024-09-27_14-48-39.webp.webp?fit=1179%2C664&ssl=1&resize=1050%2C600 3x"},"classes":[]},{"id":79191,"url":"https:\/\/noticiasribeiraopreto.com.br\/index.php\/2025\/10\/27\/video-motociclista-fica-gravemente-ferido-apos-ser-atingido-por-carro\/","url_meta":{"origin":57106,"position":4},"title":"V\u00cdDEO &#8211; Motociclista fica gravemente ferido ap\u00f3s ser atingido por carro","author":"noticiasribeiraopreto.com.br","date":"27 de October de 2025","format":false,"excerpt":"Acidente ocorreu na zona Leste e Pol\u00edcia Civil investiga para ver se a colis\u00e3o entre carro e moto foi proposital 27 de outubro de 2025 07:5027 de outubro de 2025 07:506 Compartilhar0 Por: Adalberto Luque Um motociclista ficou gravemente ferido, na manh\u00e3 de s\u00e1bado, 25 de outubro, ap\u00f3s um acidente\u2026","rel":"","context":"In &quot;Not\u00edcias de Ribeir\u00e3o Preto-SP e Regi\u00e3o&quot;","block_context":{"text":"Not\u00edcias de Ribeir\u00e3o Preto-SP e Regi\u00e3o","link":"https:\/\/noticiasribeiraopreto.com.br\/index.php\/category\/noticias-de-ribeirao-preto-sp-e-regiao-ismael-colosi\/"},"img":{"alt_text":"","src":"https:\/\/i0.wp.com\/noticiasribeiraopreto.com.br\/wp-content\/uploads\/2025\/10\/27-out-2025-fechadaribeirania1-scaled.jpg?fit=1200%2C672&ssl=1&resize=350%2C200","width":350,"height":200,"srcset":"https:\/\/i0.wp.com\/noticiasribeiraopreto.com.br\/wp-content\/uploads\/2025\/10\/27-out-2025-fechadaribeirania1-scaled.jpg?fit=1200%2C672&ssl=1&resize=350%2C200 1x, https:\/\/i0.wp.com\/noticiasribeiraopreto.com.br\/wp-content\/uploads\/2025\/10\/27-out-2025-fechadaribeirania1-scaled.jpg?fit=1200%2C672&ssl=1&resize=525%2C300 1.5x, https:\/\/i0.wp.com\/noticiasribeiraopreto.com.br\/wp-content\/uploads\/2025\/10\/27-out-2025-fechadaribeirania1-scaled.jpg?fit=1200%2C672&ssl=1&resize=700%2C400 2x, https:\/\/i0.wp.com\/noticiasribeiraopreto.com.br\/wp-content\/uploads\/2025\/10\/27-out-2025-fechadaribeirania1-scaled.jpg?fit=1200%2C672&ssl=1&resize=1050%2C600 3x"},"classes":[]},{"id":76644,"url":"https:\/\/noticiasribeiraopreto.com.br\/index.php\/2025\/09\/02\/motociclista-fica-gravemente-ferido-apos-acidente-com-caminhao-em-ribeirao-preto\/","url_meta":{"origin":57106,"position":5},"title":"Motociclista fica gravemente ferido ap\u00f3s acidente com caminh\u00e3o em Ribeir\u00e3o Preto","author":"noticiasribeiraopreto.com.br","date":"2 de September de 2025","format":false,"excerpt":"Um motociclista ficou gravemente ferido ap\u00f3s ser atingido por um caminh\u00e3o no cruzamento da avenida 13 de Maio com a rua Batatais, em Ribeir\u00e3o Preto, na manh\u00e3 desta ter\u00e7a-feira (2). Segundo a Guarda Civil Municipal (GCM), o condutor da motocicleta trafegava pela faixa da direita quando foi atingido por um\u2026","rel":"","context":"In &quot;Not\u00edcias de Ribeir\u00e3o Preto-SP e Regi\u00e3o&quot;","block_context":{"text":"Not\u00edcias de Ribeir\u00e3o Preto-SP e Regi\u00e3o","link":"https:\/\/noticiasribeiraopreto.com.br\/index.php\/category\/noticias-de-ribeirao-preto-sp-e-regiao-ismael-colosi\/"},"img":{"alt_text":"","src":"https:\/\/i0.wp.com\/noticiasribeiraopreto.com.br\/wp-content\/uploads\/2025\/09\/Copia-de-Copia-de-Copia-de-TAMANHO-EXATO-PARA-FOTOS-NO-SISTEMA-NOVO-2025-09-02T165947.619_2025-09-02_19-59-58.webp.webp?fit=1200%2C675&ssl=1&resize=350%2C200","width":350,"height":200,"srcset":"https:\/\/i0.wp.com\/noticiasribeiraopreto.com.br\/wp-content\/uploads\/2025\/09\/Copia-de-Copia-de-Copia-de-TAMANHO-EXATO-PARA-FOTOS-NO-SISTEMA-NOVO-2025-09-02T165947.619_2025-09-02_19-59-58.webp.webp?fit=1200%2C675&ssl=1&resize=350%2C200 1x, https:\/\/i0.wp.com\/noticiasribeiraopreto.com.br\/wp-content\/uploads\/2025\/09\/Copia-de-Copia-de-Copia-de-TAMANHO-EXATO-PARA-FOTOS-NO-SISTEMA-NOVO-2025-09-02T165947.619_2025-09-02_19-59-58.webp.webp?fit=1200%2C675&ssl=1&resize=525%2C300 1.5x, https:\/\/i0.wp.com\/noticiasribeiraopreto.com.br\/wp-content\/uploads\/2025\/09\/Copia-de-Copia-de-Copia-de-TAMANHO-EXATO-PARA-FOTOS-NO-SISTEMA-NOVO-2025-09-02T165947.619_2025-09-02_19-59-58.webp.webp?fit=1200%2C675&ssl=1&resize=700%2C400 2x, https:\/\/i0.wp.com\/noticiasribeiraopreto.com.br\/wp-content\/uploads\/2025\/09\/Copia-de-Copia-de-Copia-de-TAMANHO-EXATO-PARA-FOTOS-NO-SISTEMA-NOVO-2025-09-02T165947.619_2025-09-02_19-59-58.webp.webp?fit=1200%2C675&ssl=1&resize=1050%2C600 3x"},"classes":[]}],"jetpack_sharing_enabled":true,"jetpack_shortlink":"https:\/\/wp.me\/peQAOb-eR4","_links":{"self":[{"href":"https:\/\/noticiasribeiraopreto.com.br\/index.php\/wp-json\/wp\/v2\/posts\/57106","targetHints":{"allow":["GET"]}}],"collection":[{"href":"https:\/\/noticiasribeiraopreto.com.br\/index.php\/wp-json\/wp\/v2\/posts"}],"about":[{"href":"https:\/\/noticiasribeiraopreto.com.br\/index.php\/wp-json\/wp\/v2\/types\/post"}],"author":[{"embeddable":true,"href":"https:\/\/noticiasribeiraopreto.com.br\/index.php\/wp-json\/wp\/v2\/users\/1"}],"replies":[{"embeddable":true,"href":"https:\/\/noticiasribeiraopreto.com.br\/index.php\/wp-json\/wp\/v2\/comments?post=57106"}],"version-history":[{"count":0,"href":"https:\/\/noticiasribeiraopreto.com.br\/index.php\/wp-json\/wp\/v2\/posts\/57106\/revisions"}],"wp:featuredmedia":[{"embeddable":true,"href":"https:\/\/noticiasribeiraopreto.com.br\/index.php\/wp-json\/wp\/v2\/media\/57107"}],"wp:attachment":[{"href":"https:\/\/noticiasribeiraopreto.com.br\/index.php\/wp-json\/wp\/v2\/media?parent=57106"}],"wp:term":[{"taxonomy":"category","embeddable":true,"href":"https:\/\/noticiasribeiraopreto.com.br\/index.php\/wp-json\/wp\/v2\/categories?post=57106"},{"taxonomy":"post_tag","embeddable":true,"href":"https:\/\/noticiasribeiraopreto.com.br\/index.php\/wp-json\/wp\/v2\/tags?post=57106"}],"curies":[{"name":"wp","href":"https:\/\/api.w.org\/{rel}","templated":true}]}}