{"id":57108,"date":"2024-08-23T10:32:30","date_gmt":"2024-08-23T13:32:30","guid":{"rendered":"https:\/\/noticiasribeiraopreto.com.br\/index.php\/2024\/08\/23\/anvisa-proibe-venda-de-balas-dori-por-risco-de-contaminacao-por-salmonella-veja-lotes\/"},"modified":"2024-08-23T10:32:30","modified_gmt":"2024-08-23T13:32:30","slug":"anvisa-proibe-venda-de-balas-dori-por-risco-de-contaminacao-por-salmonella-veja-lotes","status":"publish","type":"post","link":"https:\/\/noticiasribeiraopreto.com.br\/index.php\/2024\/08\/23\/anvisa-proibe-venda-de-balas-dori-por-risco-de-contaminacao-por-salmonella-veja-lotes\/","title":{"rendered":"Anvisa pro\u00edbe venda de balas Dori por risco de contamina\u00e7\u00e3o por Salmonella; Veja lotes"},"content":{"rendered":"<p> <br \/>\n<\/p>\n<div>\n<p>Nesta <strong>quinta-feira (22)<\/strong>, a empresa de balas <strong>Dori<\/strong> <strong>Alimentos S.A.<\/strong> anunciou a retirada de produtos que foram fabricados em <strong>Rol\u00e2ndia (PR)<\/strong>, entre <strong>21 de junho a 10 de julho de 2024<\/strong>. <mark style=\"background-color:#fcb900\" class=\"has-inline-color has-black-color\">De acordo com um comunicado, o motivo \u00e9 um potencial risco de contamina\u00e7\u00e3o com Salmonella muenchen.<\/mark><\/p>\n<p>A<strong> Anvisa (Ag\u00eancia Nacional de Vigil\u00eancia Sanit\u00e1ria)<\/strong> <strong>determinou<\/strong>, na \u00faltima <strong>segunda-feira (19)<\/strong>, a <strong>proibi\u00e7\u00e3o da comercializa\u00e7\u00e3o<\/strong>, <strong>distribui\u00e7\u00e3o <\/strong>e o <strong>uso <\/strong>de lotes espec\u00edficos de produtos (confira abaixo). Pontos de venda e estabelecimentos varejistas foram orientados a <mark style=\"background-color:#fcb900\" class=\"has-inline-color has-black-color\">interromper imediatamente as vendas.<\/mark><\/p>\n<p>A <strong>Dori<\/strong> <strong>Alimentos<\/strong> orienta que os consumidores que compraram dos lotes com potenciais de contamina\u00e7\u00e3o <strong>n\u00e3o os consumam <\/strong>e entrem em contato para esclarecer d\u00favidas sobre recolhimento e o processo de <strong>reembolso<\/strong>. <\/p>\n<p>O telefone da empresa \u00e9 o <strong>0800 707 4077<\/strong>. O hor\u00e1rio de funcionamento \u00e9 de <strong>segunda a sexta-feira, das 8h \u00e0s 17h<\/strong>, e aos <strong>s\u00e1bados<\/strong>, das <strong>8h \u00e0s 12h<\/strong>. Tamb\u00e9m \u00e9 poss\u00edvel entrar em contato pelo e-mail <strong>sac@dori.com.br<\/strong>.<\/p>\n<h4 class=\"wp-block-heading\"><strong>Produtos com potencial risco de contamina\u00e7\u00e3o<\/strong>:<\/h4>\n<ul>\n<li>Bala Hortel\u00e3 Recheada 30x600G\u202f (Lotes: PRD 210624 VAL 21\/06\/2026, PRD 240624 VAL 24\/06\/2026, PRD 250624 VAL 25\/06\/2026)<\/li>\n<li>Bala Bolete Tutti Frutti 30x600G\u202f (Lotes: PRD 250624 VAL 25\/06\/2026, PRD 270624 VAL 27\/06\/2026, PRD 280624 VAL 28\/06\/2026, PRD 010724 VAL 01\/07\/2026, PRD 020724 VAL 02\/07\/2026, PRD 030724 VAL 03\/07\/2026)<\/li>\n<li>Bala Hortel\u00e3 Mint 30x600G\u202f (Lotes: PRD 050724 VAL 05\/07\/2026, PRD 080724 VAL 08\/07\/2026, PRD 240624 VAL 24\/06\/2026, PRD 260624 VAL 26\/06\/2026, PRD 270624 VAL 27\/06\/2026, PRD 280624 VAL 28\/06\/2026)<\/li>\n<li>Bala Morango Recheada 30x600G\u202f(Lotes: PRD 080724 VAL 08\/07\/2026, PRD 090724 VAL 09\/07\/2026, PRD 100724 VAL 10\/07\/2026)<\/li>\n<li>Dori Regaliz Tijolo 16x60G\u202f (Lotes: PRD 185 03072024 VAL 03\/11\/2025, PRD 186 04072024 VAL 04\/11\/2025, PRD 187 05072024 VAL 05\/11\/2025)<\/li>\n<li>Bala Lua Cheia Chantilly 24x600G\u202f(Lotes:\u00a0PRD 020724 VAL 02\/07\/2026, PRD 030724 VAL 03\/07\/2026, PRD 040724 VAL 04\/07\/2026)<\/li>\n<li>Bala Yogurte100 Morango 24x600G\u202f (Lotes: PRD 010724 VAL 01\/07\/2026, PRD 020724 VAL 02\/07\/2026)<\/li>\n<li>Bala Yogurte100 Morango 24x400G (Lotes: PRD 030724 VAL 03\/07\/2026, PRD 040724 VAL 04\/07\/2026, PRD 050724 VAL 05\/07\/2026 PRD 090724 VAL 09\/07\/2026)<\/li>\n<\/ul>\n<h4 class=\"wp-block-heading\"><strong>Sintomas de Salmonella<\/strong><\/h4>\n<p>De acordo com o <strong><a href=\"https:\/\/www.gov.br\/saude\/pt-br\" target=\"_blank\" rel=\"noreferrer noopener\">Minist\u00e9rio da Sa\u00fade<\/a><\/strong>, a <strong>Salmonella<\/strong> \u00e9 uma bact\u00e9ria que causa intoxica\u00e7\u00e3o alimentar e em casos raros, pode provocar grandes <strong>infec\u00e7\u00f5es <\/strong>e at\u00e9 mesmo a <strong>morte<\/strong>.<\/p>\n<p>Os sintomas s\u00e3o semelhantes a outros problemas gastrointestinais, mas s\u00e3o confirmados por meio de exames de sangue e fezes, al\u00e9m de an\u00e1lise cl\u00ednica do m\u00e9dico, conforme o caso. <strong>Veja os principais sintomas:<\/strong><\/p>\n<ul>\n<li>Diarreia<\/li>\n<li>V\u00f4mitos<\/li>\n<li>Febre moderada<\/li>\n<li>Dor abdominal<\/li>\n<li>Mal estar geral<\/li>\n<li>Cansa\u00e7o<\/li>\n<li>Perda de apetite<\/li>\n<li>Calafrios<\/li>\n<\/ul>\n<p>SAIBA MAIS<br \/>Interior de SP tem novo alerta de grande perigo; Veja as cidades afetadas<\/p>\n<h4 class=\"wp-block-heading\"><strong>FIQUE ON<\/strong><\/h4>\n<p>Fique ligado em tudo que acontece em Ribeir\u00e3o Preto e regi\u00e3o. Siga os perfis do <strong>acidade on <\/strong>no <a href=\"https:\/\/www.instagram.com\/acidadeonribeirao\" target=\"_blank\" rel=\"noreferrer noopener\">Instagram<\/a> e no <a href=\"https:\/\/www.facebook.com\/acidadeonribeirao\" target=\"_blank\" rel=\"noreferrer noopener\">Facebook<\/a>.<\/p>\n<p>Receba not\u00edcias do acidade on no WhatsApp. Para entrar no grupo, basta <a href=\"https:\/\/chat.whatsapp.com\/Dtv9mxhy6V5BJBotM2OQ5k\" target=\"_blank\" rel=\"noreferrer noopener\">clicar aqui<\/a>.<\/p>\n<p>Fa\u00e7a uma den\u00fancia ou sugira uma reportagem sobre Ribeir\u00e3o Preto e regi\u00e3o pelo WhatsApp: 16 99117 7802.<\/p>\n<p>VEJA TAMB\u00c9M<br \/>Estrela da Casa: quem venceu a Prova da Estrela?<\/p>\n<p><!-- CONTENT END 1 -->\n<\/div>\n<p><script async src=\"\/\/www.instagram.com\/embed.js\"><\/script><br \/>\n<br \/><br \/>\n<br \/><a href=\"https:\/\/www.acidadeon.com\/ribeiraopreto\/cotidiano\/anvisa-proibe-venda-de-balas-dori-por-risco-de-contaminacao-por-salmonella-veja-lotes\/\">Source link <\/a><\/p>\n","protected":false},"excerpt":{"rendered":"<p>Nesta quinta-feira (22), a empresa de balas Dori Alimentos S.A. anunciou a retirada de produtos que foram fabricados em Rol\u00e2ndia (PR), entre 21 de junho&#8230;<\/p>\n","protected":false},"author":1,"featured_media":57109,"comment_status":"open","ping_status":"open","sticky":false,"template":"","format":"standard","meta":{"advanced_seo_description":"","jetpack_seo_html_title":"","jetpack_seo_noindex":false,"jetpack_post_was_ever_published":false,"_jetpack_newsletter_access":"","_jetpack_dont_email_post_to_subs":false,"_jetpack_newsletter_tier_id":0,"_jetpack_memberships_contains_paywalled_content":false,"_jetpack_memberships_contains_paid_content":false,"footnotes":"","jetpack_publicize_message":"","jetpack_publicize_feature_enabled":true,"jetpack_social_post_already_shared":true,"jetpack_social_options":{"image_generator_settings":{"template":"highway","default_image_id":0,"font":"","enabled":false},"version":2}},"categories":[11],"tags":[],"class_list":["post-57108","post","type-post","status-publish","format-standard","has-post-thumbnail","hentry","category-noticias-de-ribeirao-preto-sp-e-regiao-ismael-colosi"],"jetpack_publicize_connections":[],"jetpack_featured_media_url":"https:\/\/i0.wp.com\/noticiasribeiraopreto.com.br\/wp-content\/uploads\/2024\/08\/dori-alimentos-750x430-1_2024-08-23_13-09-30_jpg_2024-08-23_13-09-30.webp.webp?fit=750%2C430&ssl=1","jetpack-related-posts":[{"id":57112,"url":"https:\/\/noticiasribeiraopreto.com.br\/index.php\/2024\/08\/23\/anvisa-proibe-venda-de-balas-dori-por-risco-de-contaminacao-por-salmonella-veja-lotes-2\/","url_meta":{"origin":57108,"position":0},"title":"Anvisa pro\u00edbe venda de balas Dori por risco de contamina\u00e7\u00e3o por Salmonella; Veja lotes","author":"noticiasribeiraopreto.com.br","date":"23 de August de 2024","format":false,"excerpt":"Nesta quinta-feira (22), a empresa de balas Dori Alimentos S.A. anunciou a retirada de produtos que foram fabricados em Rol\u00e2ndia (PR), entre 21 de junho a 10 de julho de 2024. De acordo com um comunicado, o motivo \u00e9 um potencial risco de contamina\u00e7\u00e3o com Salmonella muenchen. A Anvisa (Ag\u00eancia\u2026","rel":"","context":"In &quot;Not\u00edcias de Ribeir\u00e3o Preto-SP e Regi\u00e3o&quot;","block_context":{"text":"Not\u00edcias de Ribeir\u00e3o Preto-SP e Regi\u00e3o","link":"https:\/\/noticiasribeiraopreto.com.br\/index.php\/category\/noticias-de-ribeirao-preto-sp-e-regiao-ismael-colosi\/"},"img":{"alt_text":"","src":"https:\/\/i0.wp.com\/noticiasribeiraopreto.com.br\/wp-content\/uploads\/2024\/08\/BALA_2024-08-23_13-40-22_jpg_2024-08-23_13-40-23.webp.webp?fit=1200%2C585&ssl=1&resize=350%2C200","width":350,"height":200,"srcset":"https:\/\/i0.wp.com\/noticiasribeiraopreto.com.br\/wp-content\/uploads\/2024\/08\/BALA_2024-08-23_13-40-22_jpg_2024-08-23_13-40-23.webp.webp?fit=1200%2C585&ssl=1&resize=350%2C200 1x, https:\/\/i0.wp.com\/noticiasribeiraopreto.com.br\/wp-content\/uploads\/2024\/08\/BALA_2024-08-23_13-40-22_jpg_2024-08-23_13-40-23.webp.webp?fit=1200%2C585&ssl=1&resize=525%2C300 1.5x, https:\/\/i0.wp.com\/noticiasribeiraopreto.com.br\/wp-content\/uploads\/2024\/08\/BALA_2024-08-23_13-40-22_jpg_2024-08-23_13-40-23.webp.webp?fit=1200%2C585&ssl=1&resize=700%2C400 2x, https:\/\/i0.wp.com\/noticiasribeiraopreto.com.br\/wp-content\/uploads\/2024\/08\/BALA_2024-08-23_13-40-22_jpg_2024-08-23_13-40-23.webp.webp?fit=1200%2C585&ssl=1&resize=1050%2C600 3x"},"classes":[]},{"id":83509,"url":"https:\/\/noticiasribeiraopreto.com.br\/index.php\/2026\/03\/19\/anvisa-proibe-venda-de-formula-infantil-contaminada-por-toxina\/","url_meta":{"origin":57108,"position":1},"title":"Anvisa pro\u00edbe venda de f\u00f3rmula infantil contaminada por toxina","author":"noticiasribeiraopreto.com.br","date":"19 de March de 2026","format":false,"excerpt":"A Ag\u00eancia Nacional de Vigil\u00e2ncia Sanit\u00e1ria (Anvisa) proibiu, nesta quinta-feira (19), a comercializa\u00e7\u00e3o, a distribui\u00e7\u00e3o e o uso de lotes da f\u00f3rmula infantil Aptamil Premium 1 (800g), produzida pela Danone. A medida ocorre ap\u00f3s a identifica\u00e7\u00e3o de contamina\u00e7\u00e3o por toxina no produto destinado a lactentes de at\u00e9 6 meses. Segundo\u2026","rel":"","context":"In &quot;Not\u00edcias de Ribeir\u00e3o Preto-SP e Regi\u00e3o&quot;","block_context":{"text":"Not\u00edcias de Ribeir\u00e3o Preto-SP e Regi\u00e3o","link":"https:\/\/noticiasribeiraopreto.com.br\/index.php\/category\/noticias-de-ribeirao-preto-sp-e-regiao-ismael-colosi\/"},"img":{"alt_text":"","src":"https:\/\/i0.wp.com\/noticiasribeiraopreto.com.br\/wp-content\/uploads\/2026\/03\/palace-80_2026-03-19_19-07-31.webp.webp?fit=1200%2C675&ssl=1&resize=350%2C200","width":350,"height":200,"srcset":"https:\/\/i0.wp.com\/noticiasribeiraopreto.com.br\/wp-content\/uploads\/2026\/03\/palace-80_2026-03-19_19-07-31.webp.webp?fit=1200%2C675&ssl=1&resize=350%2C200 1x, https:\/\/i0.wp.com\/noticiasribeiraopreto.com.br\/wp-content\/uploads\/2026\/03\/palace-80_2026-03-19_19-07-31.webp.webp?fit=1200%2C675&ssl=1&resize=525%2C300 1.5x, https:\/\/i0.wp.com\/noticiasribeiraopreto.com.br\/wp-content\/uploads\/2026\/03\/palace-80_2026-03-19_19-07-31.webp.webp?fit=1200%2C675&ssl=1&resize=700%2C400 2x, https:\/\/i0.wp.com\/noticiasribeiraopreto.com.br\/wp-content\/uploads\/2026\/03\/palace-80_2026-03-19_19-07-31.webp.webp?fit=1200%2C675&ssl=1&resize=1050%2C600 3x"},"classes":[]},{"id":71555,"url":"https:\/\/noticiasribeiraopreto.com.br\/index.php\/2025\/06\/07\/ministerio-desclassifica-oito-marcas-de-azeites\/","url_meta":{"origin":57108,"position":2},"title":"Minist\u00e9rio desclassifica oito marcas de azeites","author":"noticiasribeiraopreto.com.br","date":"7 de June de 2025","format":false,"excerpt":"O Minist\u00e9rio da Agricultura e Pecu\u00e1ria (Mapa) divulgou, nesta sexta-feira, 6 de junho, um alerta para o risco que a ingest\u00e3o de oito marcas de azeite de oliva j\u00e1 desclassificadas por fraude representa para a sa\u00fade dos consumidores. S\u00e3o elas: Alcoba\u00e7a, Casa do Azeite, Castelo de Viana, San Martin, Santa\u2026","rel":"","context":"In &quot;Not\u00edcias de Ribeir\u00e3o Preto-SP e Regi\u00e3o&quot;","block_context":{"text":"Not\u00edcias de Ribeir\u00e3o Preto-SP e Regi\u00e3o","link":"https:\/\/noticiasribeiraopreto.com.br\/index.php\/category\/noticias-de-ribeirao-preto-sp-e-regiao-ismael-colosi\/"},"img":{"alt_text":"","src":"https:\/\/i0.wp.com\/noticiasribeiraopreto.com.br\/wp-content\/uploads\/2025\/06\/Azeite-Freepik-scaled.jpg?fit=800%2C479&ssl=1&resize=350%2C200","width":350,"height":200,"srcset":"https:\/\/i0.wp.com\/noticiasribeiraopreto.com.br\/wp-content\/uploads\/2025\/06\/Azeite-Freepik-scaled.jpg?fit=800%2C479&ssl=1&resize=350%2C200 1x, https:\/\/i0.wp.com\/noticiasribeiraopreto.com.br\/wp-content\/uploads\/2025\/06\/Azeite-Freepik-scaled.jpg?fit=800%2C479&ssl=1&resize=525%2C300 1.5x, https:\/\/i0.wp.com\/noticiasribeiraopreto.com.br\/wp-content\/uploads\/2025\/06\/Azeite-Freepik-scaled.jpg?fit=800%2C479&ssl=1&resize=700%2C400 2x"},"classes":[]},{"id":78763,"url":"https:\/\/noticiasribeiraopreto.com.br\/index.php\/2025\/10\/17\/suplementos-adocante-e-produtos-para-emagrecer-sao-proibidos-pela-anvisa-veja-lista\/","url_meta":{"origin":57108,"position":3},"title":"Suplementos, ado\u00e7ante e produtos para emagrecer s\u00e3o proibidos pela Anvisa; veja lista","author":"noticiasribeiraopreto.com.br","date":"17 de October de 2025","format":false,"excerpt":"A Ag\u00eancia Nacional de Vigil\u00e2ncia Sanit\u00e1ria (Anvisa) proibiu a comercializa\u00e7\u00e3o, distribui\u00e7\u00e3o, fabrica\u00e7\u00e3o, importa\u00e7\u00e3o, divulga\u00e7\u00e3o e consumo de diversos suplementos e produtos alimentares nesta quinta-feira (16). A medida atinge produtos sem registro no Sistema Nacional de Vigil\u00e2ncia Sanit\u00e1ria (SNVS) e de empresas sem identifica\u00e7\u00e3o. Suplementos Angry Supplements e Jane Alves Shape\u2026","rel":"","context":"In &quot;Not\u00edcias de Ribeir\u00e3o Preto-SP e Regi\u00e3o&quot;","block_context":{"text":"Not\u00edcias de Ribeir\u00e3o Preto-SP e Regi\u00e3o","link":"https:\/\/noticiasribeiraopreto.com.br\/index.php\/category\/noticias-de-ribeirao-preto-sp-e-regiao-ismael-colosi\/"},"img":{"alt_text":"","src":"https:\/\/i0.wp.com\/noticiasribeiraopreto.com.br\/wp-content\/uploads\/2025\/10\/Copia-de-Copia-de-Copia-de-TAMANHO-EXATO-PARA-FOTOS-NO-SISTEMA-NOVO-2025-10-17T181220.779_2025-10-17_21-12-54.webp.webp?fit=1200%2C675&ssl=1&resize=350%2C200","width":350,"height":200,"srcset":"https:\/\/i0.wp.com\/noticiasribeiraopreto.com.br\/wp-content\/uploads\/2025\/10\/Copia-de-Copia-de-Copia-de-TAMANHO-EXATO-PARA-FOTOS-NO-SISTEMA-NOVO-2025-10-17T181220.779_2025-10-17_21-12-54.webp.webp?fit=1200%2C675&ssl=1&resize=350%2C200 1x, https:\/\/i0.wp.com\/noticiasribeiraopreto.com.br\/wp-content\/uploads\/2025\/10\/Copia-de-Copia-de-Copia-de-TAMANHO-EXATO-PARA-FOTOS-NO-SISTEMA-NOVO-2025-10-17T181220.779_2025-10-17_21-12-54.webp.webp?fit=1200%2C675&ssl=1&resize=525%2C300 1.5x, https:\/\/i0.wp.com\/noticiasribeiraopreto.com.br\/wp-content\/uploads\/2025\/10\/Copia-de-Copia-de-Copia-de-TAMANHO-EXATO-PARA-FOTOS-NO-SISTEMA-NOVO-2025-10-17T181220.779_2025-10-17_21-12-54.webp.webp?fit=1200%2C675&ssl=1&resize=700%2C400 2x, https:\/\/i0.wp.com\/noticiasribeiraopreto.com.br\/wp-content\/uploads\/2025\/10\/Copia-de-Copia-de-Copia-de-TAMANHO-EXATO-PARA-FOTOS-NO-SISTEMA-NOVO-2025-10-17T181220.779_2025-10-17_21-12-54.webp.webp?fit=1200%2C675&ssl=1&resize=1050%2C600 3x"},"classes":[]},{"id":80329,"url":"https:\/\/noticiasribeiraopreto.com.br\/index.php\/2025\/11\/19\/anvisa-proibe-importacao-e-venda-de-formula-infantil-apos-casos-de-botulismo-nos-eua\/","url_meta":{"origin":57108,"position":4},"title":"Anvisa pro\u00edbe importa\u00e7\u00e3o e venda de f\u00f3rmula infantil ap\u00f3s casos de botulismo nos EUA","author":"noticiasribeiraopreto.com.br","date":"19 de November de 2025","format":false,"excerpt":"A Anvisa proibiu nesta ter\u00e7a-feira (18) a venda da f\u00f3rmula infantil ByHeart Whole Milk 720 ml, indicada para beb\u00eas de 0 a 12 meses. A medida determina a apreens\u00e3o de todos os lotes do produto, fabricado nos Estados Unidos, e bloqueia a importa\u00e7\u00e3o, a distribui\u00e7\u00e3o, a comercializa\u00e7\u00e3o, a propaganda e\u2026","rel":"","context":"In &quot;Not\u00edcias de Ribeir\u00e3o Preto-SP e Regi\u00e3o&quot;","block_context":{"text":"Not\u00edcias de Ribeir\u00e3o Preto-SP e Regi\u00e3o","link":"https:\/\/noticiasribeiraopreto.com.br\/index.php\/category\/noticias-de-ribeirao-preto-sp-e-regiao-ismael-colosi\/"},"img":{"alt_text":"","src":"https:\/\/i0.wp.com\/noticiasribeiraopreto.com.br\/wp-content\/uploads\/2025\/11\/palace-41_2025-11-19_18-33-01.webp.webp?fit=1200%2C675&ssl=1&resize=350%2C200","width":350,"height":200,"srcset":"https:\/\/i0.wp.com\/noticiasribeiraopreto.com.br\/wp-content\/uploads\/2025\/11\/palace-41_2025-11-19_18-33-01.webp.webp?fit=1200%2C675&ssl=1&resize=350%2C200 1x, https:\/\/i0.wp.com\/noticiasribeiraopreto.com.br\/wp-content\/uploads\/2025\/11\/palace-41_2025-11-19_18-33-01.webp.webp?fit=1200%2C675&ssl=1&resize=525%2C300 1.5x, https:\/\/i0.wp.com\/noticiasribeiraopreto.com.br\/wp-content\/uploads\/2025\/11\/palace-41_2025-11-19_18-33-01.webp.webp?fit=1200%2C675&ssl=1&resize=700%2C400 2x, https:\/\/i0.wp.com\/noticiasribeiraopreto.com.br\/wp-content\/uploads\/2025\/11\/palace-41_2025-11-19_18-33-01.webp.webp?fit=1200%2C675&ssl=1&resize=1050%2C600 3x"},"classes":[]},{"id":77365,"url":"https:\/\/noticiasribeiraopreto.com.br\/index.php\/2025\/09\/16\/anvisa-determina-apreensao-de-azeite-e-proibe-venda-de-suplemento-emagrecedor-veja-quais\/","url_meta":{"origin":57108,"position":5},"title":"Anvisa determina apreens\u00e3o de azeite e pro\u00edbe venda de suplemento emagrecedor; Veja quais","author":"noticiasribeiraopreto.com.br","date":"16 de September de 2025","format":false,"excerpt":"A Anvisa (Ag\u00eancia Nacional de Vigil\u00e2ncia Sanit\u00e1ria) anunciou, nesta ter\u00e7a-feira (16), a apreens\u00e3o a apreens\u00e3o do azeite de oliva da marca Los Nobles em todo o territ\u00f3rio nacional. A resolu\u00e7\u00e3o foi publicada no Di\u00e1rio Oficial da Uni\u00e3o e pro\u00edbe a comercializa\u00e7\u00e3o, distribui\u00e7\u00e3o, importa\u00e7\u00e3o, propaganda e uso do produto. De acordo\u2026","rel":"","context":"In &quot;Not\u00edcias de Ribeir\u00e3o Preto-SP e Regi\u00e3o&quot;","block_context":{"text":"Not\u00edcias de Ribeir\u00e3o Preto-SP e Regi\u00e3o","link":"https:\/\/noticiasribeiraopreto.com.br\/index.php\/category\/noticias-de-ribeirao-preto-sp-e-regiao-ismael-colosi\/"},"img":{"alt_text":"","src":"https:\/\/i0.wp.com\/noticiasribeiraopreto.com.br\/wp-content\/uploads\/2025\/09\/close-up-cute-cup-filled-with-olive-oil_2024-09-25_19-54-05_jpg_2024-09-25_19-54-08-1024x683.webp.webp?fit=1024%2C683&ssl=1&resize=350%2C200","width":350,"height":200,"srcset":"https:\/\/i0.wp.com\/noticiasribeiraopreto.com.br\/wp-content\/uploads\/2025\/09\/close-up-cute-cup-filled-with-olive-oil_2024-09-25_19-54-05_jpg_2024-09-25_19-54-08-1024x683.webp.webp?fit=1024%2C683&ssl=1&resize=350%2C200 1x, https:\/\/i0.wp.com\/noticiasribeiraopreto.com.br\/wp-content\/uploads\/2025\/09\/close-up-cute-cup-filled-with-olive-oil_2024-09-25_19-54-05_jpg_2024-09-25_19-54-08-1024x683.webp.webp?fit=1024%2C683&ssl=1&resize=525%2C300 1.5x, https:\/\/i0.wp.com\/noticiasribeiraopreto.com.br\/wp-content\/uploads\/2025\/09\/close-up-cute-cup-filled-with-olive-oil_2024-09-25_19-54-05_jpg_2024-09-25_19-54-08-1024x683.webp.webp?fit=1024%2C683&ssl=1&resize=700%2C400 2x"},"classes":[]}],"jetpack_sharing_enabled":true,"jetpack_shortlink":"https:\/\/wp.me\/peQAOb-eR6","_links":{"self":[{"href":"https:\/\/noticiasribeiraopreto.com.br\/index.php\/wp-json\/wp\/v2\/posts\/57108","targetHints":{"allow":["GET"]}}],"collection":[{"href":"https:\/\/noticiasribeiraopreto.com.br\/index.php\/wp-json\/wp\/v2\/posts"}],"about":[{"href":"https:\/\/noticiasribeiraopreto.com.br\/index.php\/wp-json\/wp\/v2\/types\/post"}],"author":[{"embeddable":true,"href":"https:\/\/noticiasribeiraopreto.com.br\/index.php\/wp-json\/wp\/v2\/users\/1"}],"replies":[{"embeddable":true,"href":"https:\/\/noticiasribeiraopreto.com.br\/index.php\/wp-json\/wp\/v2\/comments?post=57108"}],"version-history":[{"count":0,"href":"https:\/\/noticiasribeiraopreto.com.br\/index.php\/wp-json\/wp\/v2\/posts\/57108\/revisions"}],"wp:featuredmedia":[{"embeddable":true,"href":"https:\/\/noticiasribeiraopreto.com.br\/index.php\/wp-json\/wp\/v2\/media\/57109"}],"wp:attachment":[{"href":"https:\/\/noticiasribeiraopreto.com.br\/index.php\/wp-json\/wp\/v2\/media?parent=57108"}],"wp:term":[{"taxonomy":"category","embeddable":true,"href":"https:\/\/noticiasribeiraopreto.com.br\/index.php\/wp-json\/wp\/v2\/categories?post=57108"},{"taxonomy":"post_tag","embeddable":true,"href":"https:\/\/noticiasribeiraopreto.com.br\/index.php\/wp-json\/wp\/v2\/tags?post=57108"}],"curies":[{"name":"wp","href":"https:\/\/api.w.org\/{rel}","templated":true}]}}