{"id":57110,"date":"2024-08-23T11:04:39","date_gmt":"2024-08-23T14:04:39","guid":{"rendered":"https:\/\/noticiasribeiraopreto.com.br\/index.php\/2024\/08\/23\/receita-abre-consulta-ao-4o-lote-de-restituicoes-nesta-sexta-saiba-como-fazer\/"},"modified":"2024-08-23T11:04:39","modified_gmt":"2024-08-23T14:04:39","slug":"receita-abre-consulta-ao-4o-lote-de-restituicoes-nesta-sexta-saiba-como-fazer","status":"publish","type":"post","link":"https:\/\/noticiasribeiraopreto.com.br\/index.php\/2024\/08\/23\/receita-abre-consulta-ao-4o-lote-de-restituicoes-nesta-sexta-saiba-como-fazer\/","title":{"rendered":"Receita abre consulta ao 4\u00ba lote de restitui\u00e7\u00f5es nesta sexta; Saiba como fazer"},"content":{"rendered":"<div class='code-block code-block-1' style='margin: 8px 0 8px auto; text-align: right; display: block; clear: both;'>\n<p><a href=\"https:\/\/wa.link\/vpicfd\"><img data-recalc-dims=\"1\" class=\"wp-image-4922\" style=\"aspect-ratio: 2.0253164556962027; width: 561px; height: auto;\" src=\"https:\/\/i0.wp.com\/ismaelcolosi.com.br\/wp-content\/uploads\/2023\/11\/grupo-de-empregos-whatsapp-e-facebook-ismael-colosi-vagas.jpg?ssl=1\" alt=\"\" \/><\/a><\/p>\n<!-- \/wp:image -->\n<\/div>\n<p> <br \/>\n<\/p>\n<p>A&nbsp;<a href=\"https:\/\/www.gov.br\/receitafederal\/pt-br\" target=\"_blank\" rel=\"noreferrer noopener nofollow\">Receita Federal&nbsp;<\/a>abriu nesta sexta-feira (23), <strong>\u00e0s 10h<\/strong>, a consulta a<mark style=\"background-color:#ffffff\" class=\"has-inline-color\">o <\/mark><strong><mark style=\"background-color:#fcb900\" class=\"has-inline-color\">4\u00ba lote de restitui\u00e7\u00f5es do Imposto de Renda 2024.<\/mark><\/strong><\/p>\n<p>Mais de <strong>5,34 milh\u00f5es de contribuintes<\/strong> ter\u00e3o direito ao <strong>dinheiro<\/strong>. O lote tamb\u00e9m inclui <strong>restitui\u00e7\u00f5es de exerc\u00edcios anteriores<\/strong>. Vale lembrar que os <strong>pagamentos <\/strong>ser\u00e3o feitos <strong><mark style=\"background-color:#fcb900\" class=\"has-inline-color\">a partir de 30 de agosto<\/mark><\/strong>. <\/p>\n<p>Para fazer sua <strong>consulta<\/strong>, <a href=\"https:\/\/www.gov.br\/pt-br\/servicos\/consultar-restituicao-de-imposto-de-renda\" target=\"_blank\" rel=\"noreferrer noopener nofollow\">clique aqui<\/a>.<\/p>\n<h4 class=\"wp-block-heading\"><strong>Calend\u00e1rio de restitui\u00e7\u00f5es IR 2024<\/strong><\/h4>\n<p>Segundo a Receita Federal, <strong>os pagamentos ser\u00e3o feitos em cinco lotes<\/strong>. Confira:<\/p>\n<ul>\n<li><strong>1\u00ba lote<\/strong>: 31 de maio<\/li>\n<\/ul>\n<ul>\n<li><strong>2\u00ba lote:<\/strong>&nbsp;28 de junho<\/li>\n<\/ul>\n<ul>\n<li><strong>3\u00ba lote<\/strong>: 31 de julho<\/li>\n<\/ul>\n<ul>\n<li><mark style=\"background-color:#fcb900\" class=\"has-inline-color\"><strong>4\u00ba lote<\/strong>: 30 de agosto<\/mark><\/li>\n<\/ul>\n<ul>\n<li><strong>5\u00ba lote<\/strong>: 30 de setembro<\/li>\n<\/ul>\n<p>SAIBA MAIS<\/p>\n<p>Inc\u00eandio atinge canavial e funcion\u00e1rios de usina na regi\u00e3o de Ribeir\u00e3o Preto evacuam o local<\/p>\n<h4 class=\"wp-block-heading\"><strong>FIQUE ON<\/strong><\/h4>\n<p>Fique ligado em tudo que acontece em Ribeir\u00e3o Preto e regi\u00e3o. Siga os perfis do&nbsp;<strong>acidade on<\/strong>&nbsp;no<a href=\"https:\/\/www.instagram.com\/acidadeonribeirao\" target=\"_blank\" rel=\"noreferrer noopener\">&nbsp;Instagram<\/a>&nbsp;e no&nbsp;<a href=\"https:\/\/www.facebook.com\/acidadeonribeirao\/\" target=\"_blank\" rel=\"noreferrer noopener\">Facebook<\/a>.<\/p>\n<p>Receba not\u00edcias do<strong>&nbsp;acidade on&nbsp;<\/strong>no WhatsApp.&nbsp;<a href=\"https:\/\/chat.whatsapp.com\/Dtv9mxhy6V5BJBotM2OQ5k\" target=\"_blank\" rel=\"noreferrer noopener\">Para entrar no grupo, basta clicar aqui.<\/a><\/p>\n<p>Fa\u00e7a uma den\u00fancia ou sugira uma reportagem sobre Ribeir\u00e3o Preto e regi\u00e3o pelo WhatsApp: 16 99117 7802.<\/p>\n<p>VEJA TAMB\u00c9M<\/p>\n<p>Como acessar os documentos sobre OVNI no Brasil?<\/p>\n<p>O post Receita abre consulta ao 4\u00ba lote de restitui\u00e7\u00f5es nesta sexta; Saiba como fazer apareceu primeiro em ACidade ON Ribeir\u00e3o Preto.<\/p>\n<p><script async src=\"\/\/www.instagram.com\/embed.js\"><\/script><br \/>\n<br \/><br \/>\n<br \/><a href=\"https:\/\/www.acidadeon.com\/ribeiraopreto\/cotidiano\/__trashed\/\">Source link <\/a><\/p>\n<!-- CONTENT END 1 -->\n","protected":false},"excerpt":{"rendered":"<p>A&nbsp;Receita Federal&nbsp;abriu nesta sexta-feira (23), \u00e0s 10h, a consulta ao 4\u00ba lote de restitui\u00e7\u00f5es do Imposto de Renda 2024. Mais de 5,34 milh\u00f5es de contribuintes&#8230;<\/p>\n","protected":false},"author":1,"featured_media":57111,"comment_status":"open","ping_status":"open","sticky":false,"template":"","format":"standard","meta":{"advanced_seo_description":"","jetpack_seo_html_title":"","jetpack_seo_noindex":false,"jetpack_post_was_ever_published":false,"_jetpack_newsletter_access":"","_jetpack_dont_email_post_to_subs":false,"_jetpack_newsletter_tier_id":0,"_jetpack_memberships_contains_paywalled_content":false,"_jetpack_memberships_contains_paid_content":false,"footnotes":"","jetpack_publicize_message":"","jetpack_publicize_feature_enabled":true,"jetpack_social_post_already_shared":true,"jetpack_social_options":{"image_generator_settings":{"template":"highway","default_image_id":0,"font":"","enabled":false},"version":2}},"categories":[11],"tags":[],"class_list":["post-57110","post","type-post","status-publish","format-standard","has-post-thumbnail","hentry","category-noticias-de-ribeirao-preto-sp-e-regiao-ismael-colosi"],"jetpack_publicize_connections":[],"jetpack_featured_media_url":"https:\/\/i0.wp.com\/noticiasribeiraopreto.com.br\/wp-content\/uploads\/2024\/08\/novo_lote_1024x576_22072020125933.jpg?fit=1024%2C575&ssl=1","jetpack-related-posts":[{"id":58260,"url":"https:\/\/noticiasribeiraopreto.com.br\/index.php\/2024\/09\/23\/receita-abre-consulta-ao-5o-lote-do-imposto-de-renda-nesta-segunda\/","url_meta":{"origin":57110,"position":0},"title":"Receita abre consulta ao 5\u00ba lote do Imposto de Renda nesta segunda","author":"noticiasribeiraopreto.com.br","date":"23 de September de 2024","format":false,"excerpt":"A\u00a0Receita Federal\u00a0abriu, nesta segunda-feira (23), \u00e0s 10h, a consulta ao\u00a05\u00ba lote e \u00faltimo de restitui\u00e7\u00f5es do Imposto de Renda 2024. O lote tamb\u00e9m inclui restitui\u00e7\u00f5es residuais de exerc\u00edcios anteriores.\u00a0Os pagamentos ser\u00e3o feitos a partir de 30 de setembro. Para fazer a consulta, o contribuinte deve\u00a0acessar a p\u00e1gina da Receita\u00a0e clicar\u2026","rel":"","context":"In &quot;Not\u00edcias de Ribeir\u00e3o Preto-SP e Regi\u00e3o&quot;","block_context":{"text":"Not\u00edcias de Ribeir\u00e3o Preto-SP e Regi\u00e3o","link":"https:\/\/noticiasribeiraopreto.com.br\/index.php\/category\/noticias-de-ribeirao-preto-sp-e-regiao-ismael-colosi\/"},"img":{"alt_text":"","src":"https:\/\/i0.wp.com\/noticiasribeiraopreto.com.br\/wp-content\/uploads\/2024\/09\/ja_8380_2024-09-23_13-24-14.webp.webp?fit=1170%2C700&ssl=1&resize=350%2C200","width":350,"height":200,"srcset":"https:\/\/i0.wp.com\/noticiasribeiraopreto.com.br\/wp-content\/uploads\/2024\/09\/ja_8380_2024-09-23_13-24-14.webp.webp?fit=1170%2C700&ssl=1&resize=350%2C200 1x, https:\/\/i0.wp.com\/noticiasribeiraopreto.com.br\/wp-content\/uploads\/2024\/09\/ja_8380_2024-09-23_13-24-14.webp.webp?fit=1170%2C700&ssl=1&resize=525%2C300 1.5x, https:\/\/i0.wp.com\/noticiasribeiraopreto.com.br\/wp-content\/uploads\/2024\/09\/ja_8380_2024-09-23_13-24-14.webp.webp?fit=1170%2C700&ssl=1&resize=700%2C400 2x, https:\/\/i0.wp.com\/noticiasribeiraopreto.com.br\/wp-content\/uploads\/2024\/09\/ja_8380_2024-09-23_13-24-14.webp.webp?fit=1170%2C700&ssl=1&resize=1050%2C600 3x"},"classes":[]},{"id":72917,"url":"https:\/\/noticiasribeiraopreto.com.br\/index.php\/2025\/06\/23\/jornal-da-franca-receita-federal-abre-consulta-ao-2o-lote-de-restituicao-do-ir-2025-nesta-segunda-23\/","url_meta":{"origin":57110,"position":1},"title":"Jornal da Franca &#8211; Receita Federal abre consulta ao 2\u00ba lote de restitui\u00e7\u00e3o do IR 2025 nesta segunda, 23","author":"noticiasribeiraopreto.com.br","date":"23 de June de 2025","format":false,"excerpt":"compartilhar no whatsapp compartilhar no telegram compartilhar no facebook compartilhar no linkedin Receita Federal abre nesta segunda-feira, 23, a partir das 10h, consulta ao segundo lote de restitui\u00e7\u00e3o do Imposto de Renda Receita Federal abre a partir das 10h desta segunda-feira, 23, consulta ao 2\u00ba lote de restitui\u00e7\u00e3o do Imposto\u2026","rel":"","context":"In &quot;Not\u00edcias de Franca-SP&quot;","block_context":{"text":"Not\u00edcias de Franca-SP","link":"https:\/\/noticiasribeiraopreto.com.br\/index.php\/category\/noticias-de-ribeirao-preto-sp-e-regiao-ismael-colosi\/noticias-franca-sp\/"},"img":{"alt_text":"","src":"https:\/\/i0.wp.com\/noticiasribeiraopreto.com.br\/wp-content\/uploads\/2025\/06\/Imposto-de-Renda-restituicao-antecipada.jpg?fit=1000%2C563&ssl=1&resize=350%2C200","width":350,"height":200,"srcset":"https:\/\/i0.wp.com\/noticiasribeiraopreto.com.br\/wp-content\/uploads\/2025\/06\/Imposto-de-Renda-restituicao-antecipada.jpg?fit=1000%2C563&ssl=1&resize=350%2C200 1x, https:\/\/i0.wp.com\/noticiasribeiraopreto.com.br\/wp-content\/uploads\/2025\/06\/Imposto-de-Renda-restituicao-antecipada.jpg?fit=1000%2C563&ssl=1&resize=525%2C300 1.5x, https:\/\/i0.wp.com\/noticiasribeiraopreto.com.br\/wp-content\/uploads\/2025\/06\/Imposto-de-Renda-restituicao-antecipada.jpg?fit=1000%2C563&ssl=1&resize=700%2C400 2x"},"classes":[]},{"id":39964,"url":"https:\/\/noticiasribeiraopreto.com.br\/index.php\/2024\/02\/29\/receita-paga-nesta-quinta-restituicoes-de-lote-residual-do-irpf\/","url_meta":{"origin":57110,"position":2},"title":"Receita paga nesta quinta restitui\u00e7\u00f5es de lote residual do IRPF","author":"noticiasribeiraopreto.com.br","date":"29 de February de 2024","format":false,"excerpt":"29 de fevereiro de 2024 | 9:0028 de fevereiro de 2024 | 18:26 0A Receita Federal credita, nesta quinta-feira (29), os valores das restitui\u00e7\u00f5es do lote residual do Imposto de Renda Pessoa F\u00edsica (IRPF) de fevereiro de 2024. Os lotes s\u00e3o de contribuintes que ca\u00edram na malha fina e regularizaram\u2026","rel":"","context":"In &quot;Not\u00edcias de Ribeir\u00e3o Preto-SP e Regi\u00e3o&quot;","block_context":{"text":"Not\u00edcias de Ribeir\u00e3o Preto-SP e Regi\u00e3o","link":"https:\/\/noticiasribeiraopreto.com.br\/index.php\/category\/noticias-de-ribeirao-preto-sp-e-regiao-ismael-colosi\/"},"img":{"alt_text":"","src":"https:\/\/i0.wp.com\/noticiasribeiraopreto.com.br\/wp-content\/uploads\/2024\/02\/ecb6130b-ddd4-4515-bf11-90fc583207b1-scaled.jpg?fit=1000%2C598&ssl=1&resize=350%2C200","width":350,"height":200,"srcset":"https:\/\/i0.wp.com\/noticiasribeiraopreto.com.br\/wp-content\/uploads\/2024\/02\/ecb6130b-ddd4-4515-bf11-90fc583207b1-scaled.jpg?fit=1000%2C598&ssl=1&resize=350%2C200 1x, https:\/\/i0.wp.com\/noticiasribeiraopreto.com.br\/wp-content\/uploads\/2024\/02\/ecb6130b-ddd4-4515-bf11-90fc583207b1-scaled.jpg?fit=1000%2C598&ssl=1&resize=525%2C300 1.5x, https:\/\/i0.wp.com\/noticiasribeiraopreto.com.br\/wp-content\/uploads\/2024\/02\/ecb6130b-ddd4-4515-bf11-90fc583207b1-scaled.jpg?fit=1000%2C598&ssl=1&resize=700%2C400 2x"},"classes":[]},{"id":61825,"url":"https:\/\/noticiasribeiraopreto.com.br\/index.php\/2024\/12\/23\/saiba-quando-cai-na-conta-o-dinheiro-do-lote-residual-do-imposto-de-renda\/","url_meta":{"origin":57110,"position":3},"title":"Saiba quando cai na conta o dinheiro do lote residual do Imposto de Renda","author":"noticiasribeiraopreto.com.br","date":"23 de December de 2024","format":false,"excerpt":"A Receita Federal abriu nesta segunda-feira (23) ao consulta ao lote residual de restitui\u00e7\u00e3o do IRPF do m\u00eas de dezembro de 2024. O\u00a0cr\u00e9dito banc\u00e1rio\u00a0das 144.225 restitui\u00e7\u00f5es\u00a0ser\u00e1 realizado ao longo do dia 30 de dezembro, no valor total de R$ 448.962.939,71.\u00a0 Desse total, R$ 290.874.647,19 ser\u00e3o destinados a contribuintes que possuem\u2026","rel":"","context":"In &quot;Not\u00edcias de Ribeir\u00e3o Preto-SP e Regi\u00e3o&quot;","block_context":{"text":"Not\u00edcias de Ribeir\u00e3o Preto-SP e Regi\u00e3o","link":"https:\/\/noticiasribeiraopreto.com.br\/index.php\/category\/noticias-de-ribeirao-preto-sp-e-regiao-ismael-colosi\/"},"img":{"alt_text":"","src":"https:\/\/i0.wp.com\/noticiasribeiraopreto.com.br\/wp-content\/uploads\/2024\/12\/1734983363_ballots-1195046_1920.jpg?fit=1200%2C800&ssl=1&resize=350%2C200","width":350,"height":200,"srcset":"https:\/\/i0.wp.com\/noticiasribeiraopreto.com.br\/wp-content\/uploads\/2024\/12\/1734983363_ballots-1195046_1920.jpg?fit=1200%2C800&ssl=1&resize=350%2C200 1x, https:\/\/i0.wp.com\/noticiasribeiraopreto.com.br\/wp-content\/uploads\/2024\/12\/1734983363_ballots-1195046_1920.jpg?fit=1200%2C800&ssl=1&resize=525%2C300 1.5x, https:\/\/i0.wp.com\/noticiasribeiraopreto.com.br\/wp-content\/uploads\/2024\/12\/1734983363_ballots-1195046_1920.jpg?fit=1200%2C800&ssl=1&resize=700%2C400 2x, https:\/\/i0.wp.com\/noticiasribeiraopreto.com.br\/wp-content\/uploads\/2024\/12\/1734983363_ballots-1195046_1920.jpg?fit=1200%2C800&ssl=1&resize=1050%2C600 3x"},"classes":[]},{"id":51108,"url":"https:\/\/noticiasribeiraopreto.com.br\/index.php\/2024\/05\/23\/receita-abre-consulta-ao-1o-lote-de-restituicao-do-imposto-de-renda-nesta-quinta\/","url_meta":{"origin":57110,"position":4},"title":"Receita abre consulta ao 1\u00ba lote de restitui\u00e7\u00e3o do Imposto de Renda nesta quinta","author":"noticiasribeiraopreto.com.br","date":"23 de May de 2024","format":false,"excerpt":"A Receita Federal libera a partir das 10h desta quinta-feira (23) a consulta ao primeiro dos cinco lotes de restitui\u00e7\u00e3o do Imposto de Renda Pessoa F\u00edsica 2023. Ao todo, 5.562.065 contribuintes receber\u00e3o R$ 9,5 bilh\u00f5es. Devido as enchentes, o lote inclui todos os contribuintes do Rio Grande do Sul com\u2026","rel":"","context":"In &quot;Not\u00edcias de Ribeir\u00e3o Preto-SP e Regi\u00e3o&quot;","block_context":{"text":"Not\u00edcias de Ribeir\u00e3o Preto-SP e Regi\u00e3o","link":"https:\/\/noticiasribeiraopreto.com.br\/index.php\/category\/noticias-de-ribeirao-preto-sp-e-regiao-ismael-colosi\/"},"img":{"alt_text":"","src":"https:\/\/i0.wp.com\/noticiasribeiraopreto.com.br\/wp-content\/uploads\/2024\/05\/novo_lote_1024x576_22072020125933.jpg?fit=1024%2C575&ssl=1&resize=350%2C200","width":350,"height":200,"srcset":"https:\/\/i0.wp.com\/noticiasribeiraopreto.com.br\/wp-content\/uploads\/2024\/05\/novo_lote_1024x576_22072020125933.jpg?fit=1024%2C575&ssl=1&resize=350%2C200 1x, https:\/\/i0.wp.com\/noticiasribeiraopreto.com.br\/wp-content\/uploads\/2024\/05\/novo_lote_1024x576_22072020125933.jpg?fit=1024%2C575&ssl=1&resize=525%2C300 1.5x, https:\/\/i0.wp.com\/noticiasribeiraopreto.com.br\/wp-content\/uploads\/2024\/05\/novo_lote_1024x576_22072020125933.jpg?fit=1024%2C575&ssl=1&resize=700%2C400 2x"},"classes":[]},{"id":74911,"url":"https:\/\/noticiasribeiraopreto.com.br\/index.php\/2025\/07\/31\/receita-federal-paga-3o-lote-de-restituicao-do-imposto-de-renda-veja-quem-recebe\/","url_meta":{"origin":57110,"position":5},"title":"Receita Federal paga 3\u00ba lote de restitui\u00e7\u00e3o do imposto de renda; Veja quem recebe","author":"noticiasribeiraopreto.com.br","date":"31 de July de 2025","format":false,"excerpt":"A Receita Federal libera, nesta quinta-feira (31), o terceiro dos cinco lotes de restitui\u00e7\u00e3o deste ano, o maior da hist\u00f3ria em n\u00famero de contribuintes e o segundo maior em valor.\u00a0O lote tamb\u00e9m contempla restitui\u00e7\u00f5es residuais de anos anteriores. Ao todo, 7.219.048 contribuintes receber\u00e3o R$ 10 bilh\u00f5es.\u00a0A maior parte do valor,\u2026","rel":"","context":"In &quot;Not\u00edcias de Ribeir\u00e3o Preto-SP e Regi\u00e3o&quot;","block_context":{"text":"Not\u00edcias de Ribeir\u00e3o Preto-SP e Regi\u00e3o","link":"https:\/\/noticiasribeiraopreto.com.br\/index.php\/category\/noticias-de-ribeirao-preto-sp-e-regiao-ismael-colosi\/"},"img":{"alt_text":"","src":"https:\/\/i0.wp.com\/noticiasribeiraopreto.com.br\/wp-content\/uploads\/2025\/07\/ballots-1195046_1920.jpg?fit=1200%2C800&ssl=1&resize=350%2C200","width":350,"height":200,"srcset":"https:\/\/i0.wp.com\/noticiasribeiraopreto.com.br\/wp-content\/uploads\/2025\/07\/ballots-1195046_1920.jpg?fit=1200%2C800&ssl=1&resize=350%2C200 1x, https:\/\/i0.wp.com\/noticiasribeiraopreto.com.br\/wp-content\/uploads\/2025\/07\/ballots-1195046_1920.jpg?fit=1200%2C800&ssl=1&resize=525%2C300 1.5x, https:\/\/i0.wp.com\/noticiasribeiraopreto.com.br\/wp-content\/uploads\/2025\/07\/ballots-1195046_1920.jpg?fit=1200%2C800&ssl=1&resize=700%2C400 2x, https:\/\/i0.wp.com\/noticiasribeiraopreto.com.br\/wp-content\/uploads\/2025\/07\/ballots-1195046_1920.jpg?fit=1200%2C800&ssl=1&resize=1050%2C600 3x"},"classes":[]}],"jetpack_sharing_enabled":true,"jetpack_shortlink":"https:\/\/wp.me\/peQAOb-eR8","_links":{"self":[{"href":"https:\/\/noticiasribeiraopreto.com.br\/index.php\/wp-json\/wp\/v2\/posts\/57110","targetHints":{"allow":["GET"]}}],"collection":[{"href":"https:\/\/noticiasribeiraopreto.com.br\/index.php\/wp-json\/wp\/v2\/posts"}],"about":[{"href":"https:\/\/noticiasribeiraopreto.com.br\/index.php\/wp-json\/wp\/v2\/types\/post"}],"author":[{"embeddable":true,"href":"https:\/\/noticiasribeiraopreto.com.br\/index.php\/wp-json\/wp\/v2\/users\/1"}],"replies":[{"embeddable":true,"href":"https:\/\/noticiasribeiraopreto.com.br\/index.php\/wp-json\/wp\/v2\/comments?post=57110"}],"version-history":[{"count":0,"href":"https:\/\/noticiasribeiraopreto.com.br\/index.php\/wp-json\/wp\/v2\/posts\/57110\/revisions"}],"wp:featuredmedia":[{"embeddable":true,"href":"https:\/\/noticiasribeiraopreto.com.br\/index.php\/wp-json\/wp\/v2\/media\/57111"}],"wp:attachment":[{"href":"https:\/\/noticiasribeiraopreto.com.br\/index.php\/wp-json\/wp\/v2\/media?parent=57110"}],"wp:term":[{"taxonomy":"category","embeddable":true,"href":"https:\/\/noticiasribeiraopreto.com.br\/index.php\/wp-json\/wp\/v2\/categories?post=57110"},{"taxonomy":"post_tag","embeddable":true,"href":"https:\/\/noticiasribeiraopreto.com.br\/index.php\/wp-json\/wp\/v2\/tags?post=57110"}],"curies":[{"name":"wp","href":"https:\/\/api.w.org\/{rel}","templated":true}]}}