{"id":57114,"date":"2024-08-23T11:37:38","date_gmt":"2024-08-23T14:37:38","guid":{"rendered":"https:\/\/noticiasribeiraopreto.com.br\/index.php\/2024\/08\/23\/gcm-e-namorada-sofrem-sequestro-relampago-na-zona-sul-de-ribeirao\/"},"modified":"2024-08-23T11:37:38","modified_gmt":"2024-08-23T14:37:38","slug":"gcm-e-namorada-sofrem-sequestro-relampago-na-zona-sul-de-ribeirao","status":"publish","type":"post","link":"https:\/\/noticiasribeiraopreto.com.br\/index.php\/2024\/08\/23\/gcm-e-namorada-sofrem-sequestro-relampago-na-zona-sul-de-ribeirao\/","title":{"rendered":"GCM e namorada sofrem sequestro-rel\u00e2mpago na zona Sul de Ribeir\u00e3o"},"content":{"rendered":"<p> <br \/>\n<\/p>\n<div data-td-block-uid=\"tdi_106\">\n<div class=\"tdb-block-inner td-fix-index\">\n<p>Um <strong>guarda civil municipal<\/strong> e sua <strong>namorada <\/strong>foram sequestrados na madrugada de hoje (23), na avenida <strong>Itatiaia<\/strong>, na <strong>zona Sul de Ribeir\u00e3o Preto<\/strong>. Tr\u00eas suspeitos foram <strong>presos<\/strong> na manh\u00e3 desta <strong>sexta-feira<\/strong>. <\/p>\n<p>Segundo <strong><mark style=\"background-color:#fcb900\" class=\"has-inline-color\">boletim de ocorr\u00eancia<\/mark><\/strong>, o casal foi abordado por <strong>dois homens armados<\/strong> que entraram no ve\u00edculo e <strong>amea\u00e7aram as v\u00edtimas<\/strong>. O homem de 30 anos foi obrigado a dirigir pela <strong>rodovia M\u00e1rio Doneg\u00e1<\/strong> at\u00e9 a altura da cidade de <strong>Dumont<\/strong>, quando os suspeitos viram uma luz branca, ficaram com medo de ser a pol\u00edcia e <strong>fugiram<\/strong>. <\/p>\n<p>As v\u00edtimas foram deixadas <strong>\u00e0s margens<\/strong> da rodovia. O casal conseguiu fazer contato com a <strong>Pol\u00edcia Militar <\/strong>e foi resgatado. <\/p>\n<h4 class=\"wp-block-heading\">Desfecho<\/h4>\n<p>Na manh\u00e3 desta sexta-feira (23), a Pol\u00edcia Militar levou para a CPJ <strong>tr\u00eas suspeitos de roubo<\/strong>. Com eles, foram apreendidos <strong>dois ve\u00edculos<\/strong>, sendo <strong><mark style=\"background-color:#fcb900\" class=\"has-inline-color\">um deles do GCM v\u00edtima do sequestro-rel\u00e2mpago<\/mark><\/strong>. Tamb\u00e9m foi apreendida uma <strong>pistola<\/strong> de <strong>nove mil\u00edmetros<\/strong>. <\/p>\n<p>SAIBA MAIS<\/p>\n<p>Acidente com viatura deixa policial do Baep gravemente ferido em Ribeir\u00e3o<\/p>\n<h4 class=\"wp-block-heading\"><strong>FIQUE ON<\/strong><\/h4>\n<p>Fique ligado em tudo que acontece em Ribeir\u00e3o Preto e regi\u00e3o. Siga os perfis do\u00a0<strong>acidade on<\/strong>\u00a0no<a href=\"https:\/\/www.instagram.com\/acidadeonribeirao\" target=\"_blank\" rel=\"noreferrer noopener\">\u00a0Instagram<\/a>\u00a0e no\u00a0<a href=\"https:\/\/www.facebook.com\/acidadeonribeirao\/\" target=\"_blank\" rel=\"noreferrer noopener\">Facebook<\/a>.<\/p>\n<p>Receba not\u00edcias do<strong>\u00a0acidade on\u00a0<\/strong>no WhatsApp.\u00a0<a href=\"https:\/\/chat.whatsapp.com\/Dtv9mxhy6V5BJBotM2OQ5k\" target=\"_blank\" rel=\"noreferrer noopener\">Para entrar no grupo, basta clicar aqui.<\/a><\/p>\n<p>Fa\u00e7a uma den\u00fancia ou sugira uma reportagem sobre Ribeir\u00e3o Preto e regi\u00e3o pelo WhatsApp: 16 99117 7802.<\/p>\n<p>VEJA TAMB\u00c9M<\/p>\n<p>Por que a bala Dori foi proibida?<\/p>\n<p><!-- CONTENT END 1 -->\n<\/div>\n<\/div>\n<p><script async src=\"\/\/www.instagram.com\/embed.js\"><\/script><br \/>\n<br \/><br \/>\n<br \/><a href=\"https:\/\/www.acidadeon.com\/ribeiraopreto\/cotidiano\/gcm-e-namorada-sofrem-sequestro-relampago-na-zona-sul-de-ribeirao\/\">Source link <\/a><\/p>\n","protected":false},"excerpt":{"rendered":"<p>Um guarda civil municipal e sua namorada foram sequestrados na madrugada de hoje (23), na avenida Itatiaia, na zona Sul de Ribeir\u00e3o Preto. Tr\u00eas suspeitos&#8230;<\/p>\n","protected":false},"author":1,"featured_media":57115,"comment_status":"open","ping_status":"open","sticky":false,"template":"","format":"standard","meta":{"advanced_seo_description":"","jetpack_seo_html_title":"","jetpack_seo_noindex":false,"jetpack_post_was_ever_published":false,"_jetpack_newsletter_access":"","_jetpack_dont_email_post_to_subs":false,"_jetpack_newsletter_tier_id":0,"_jetpack_memberships_contains_paywalled_content":false,"_jetpack_memberships_contains_paid_content":false,"footnotes":"","jetpack_publicize_message":"","jetpack_publicize_feature_enabled":true,"jetpack_social_post_already_shared":true,"jetpack_social_options":{"image_generator_settings":{"template":"highway","default_image_id":0,"font":"","enabled":false},"version":2}},"categories":[11],"tags":[],"class_list":["post-57114","post","type-post","status-publish","format-standard","has-post-thumbnail","hentry","category-noticias-de-ribeirao-preto-sp-e-regiao-ismael-colosi"],"jetpack_publicize_connections":[],"jetpack_featured_media_url":"https:\/\/i0.wp.com\/noticiasribeiraopreto.com.br\/wp-content\/uploads\/2024\/08\/policia_militar_1024x576_27122019193540.jpg?fit=1024%2C576&ssl=1","jetpack-related-posts":[{"id":79363,"url":"https:\/\/noticiasribeiraopreto.com.br\/index.php\/2025\/10\/30\/ladrao-rende-casal-de-idosos-e-faz-limpa-em-residencia-na-zona-sul-de-ribeirao-preto\/","url_meta":{"origin":57114,"position":0},"title":"Ladr\u00e3o rende casal de idosos e faz &#8216;limpa&#8217; em resid\u00eancia na zona Sul de Ribeir\u00e3o Preto","author":"noticiasribeiraopreto.com.br","date":"30 de October de 2025","format":false,"excerpt":"Um casal de idosos foi rendido por um assaltante armado durante um roubo a resid\u00eancia na noite desta quarta-feira (29), na City Ribeir\u00e3o, zona Sul de Ribeir\u00e3o Preto. Segundo o boletim de ocorr\u00eancia (BO), foram levados joias, eletr\u00f4nicos \u2013 como notebooks, televisores e celulares \u2013 e um carro Volkswagen T-Cross\u2026","rel":"","context":"In &quot;Not\u00edcias de Ribeir\u00e3o Preto-SP e Regi\u00e3o&quot;","block_context":{"text":"Not\u00edcias de Ribeir\u00e3o Preto-SP e Regi\u00e3o","link":"https:\/\/noticiasribeiraopreto.com.br\/index.php\/category\/noticias-de-ribeirao-preto-sp-e-regiao-ismael-colosi\/"},"img":{"alt_text":"","src":"https:\/\/i0.wp.com\/noticiasribeiraopreto.com.br\/wp-content\/uploads\/2025\/10\/WhatsApp-Image-2025-10-30-at-09.26.44_2025-10-30_12-27-20.webp.webp?fit=852%2C610&ssl=1&resize=350%2C200","width":350,"height":200,"srcset":"https:\/\/i0.wp.com\/noticiasribeiraopreto.com.br\/wp-content\/uploads\/2025\/10\/WhatsApp-Image-2025-10-30-at-09.26.44_2025-10-30_12-27-20.webp.webp?fit=852%2C610&ssl=1&resize=350%2C200 1x, https:\/\/i0.wp.com\/noticiasribeiraopreto.com.br\/wp-content\/uploads\/2025\/10\/WhatsApp-Image-2025-10-30-at-09.26.44_2025-10-30_12-27-20.webp.webp?fit=852%2C610&ssl=1&resize=525%2C300 1.5x, https:\/\/i0.wp.com\/noticiasribeiraopreto.com.br\/wp-content\/uploads\/2025\/10\/WhatsApp-Image-2025-10-30-at-09.26.44_2025-10-30_12-27-20.webp.webp?fit=852%2C610&ssl=1&resize=700%2C400 2x"},"classes":[]},{"id":67443,"url":"https:\/\/noticiasribeiraopreto.com.br\/index.php\/2025\/04\/14\/homem-e-executado-em-festa-na-zona-norte-de-ribeirao-preto\/","url_meta":{"origin":57114,"position":1},"title":"Homem \u00e9 executado em festa na zona Norte de Ribeir\u00e3o Preto","author":"noticiasribeiraopreto.com.br","date":"14 de April de 2025","format":false,"excerpt":"Um homem de 29 anos foi morto a tiros durante uma festa na noite deste domingo (13), na \u00e1rea de lazer da casa onde morava, no Parque Industrial Avelino Alves Palma, zona Norte de Ribeir\u00e3o Preto. Segundo o boletim de ocorr\u00eancia (BO), foram identificadas ao menos 22 perfura\u00e7\u00f5es no corpo\u2026","rel":"","context":"In &quot;Not\u00edcias de Ribeir\u00e3o Preto-SP e Regi\u00e3o&quot;","block_context":{"text":"Not\u00edcias de Ribeir\u00e3o Preto-SP e Regi\u00e3o","link":"https:\/\/noticiasribeiraopreto.com.br\/index.php\/category\/noticias-de-ribeirao-preto-sp-e-regiao-ismael-colosi\/"},"img":{"alt_text":"","src":"https:\/\/i0.wp.com\/noticiasribeiraopreto.com.br\/wp-content\/uploads\/2025\/04\/1744644479_cpj_policia_1024x576_21012021082231.jpg?fit=1024%2C576&ssl=1&resize=350%2C200","width":350,"height":200,"srcset":"https:\/\/i0.wp.com\/noticiasribeiraopreto.com.br\/wp-content\/uploads\/2025\/04\/1744644479_cpj_policia_1024x576_21012021082231.jpg?fit=1024%2C576&ssl=1&resize=350%2C200 1x, https:\/\/i0.wp.com\/noticiasribeiraopreto.com.br\/wp-content\/uploads\/2025\/04\/1744644479_cpj_policia_1024x576_21012021082231.jpg?fit=1024%2C576&ssl=1&resize=525%2C300 1.5x, https:\/\/i0.wp.com\/noticiasribeiraopreto.com.br\/wp-content\/uploads\/2025\/04\/1744644479_cpj_policia_1024x576_21012021082231.jpg?fit=1024%2C576&ssl=1&resize=700%2C400 2x"},"classes":[]},{"id":49387,"url":"https:\/\/noticiasribeiraopreto.com.br\/index.php\/2024\/05\/10\/homem-e-suspeito-de-furtar-carro-da-namorada-e-emprestar-veiculo-em-ribeirao-preto\/","url_meta":{"origin":57114,"position":2},"title":"Homem \u00e9 suspeito de furtar carro da namorada e emprestar ve\u00edculo em Ribeir\u00e3o Preto","author":"noticiasribeiraopreto.com.br","date":"10 de May de 2024","format":false,"excerpt":"Um homem \u00e9 suspeito de furtar o carro da namorada na noite desta quinta-feira (9), em Ribeir\u00e3o Preto. Segundo o boletim de ocorr\u00eancia (BO), a v\u00edtima disse que o homem saiu da casa dela com o carro \u2013 um Fiat Uno vermelho \u2013 sem o seu consentimento. O endere\u00e7o da\u2026","rel":"","context":"In &quot;Not\u00edcias de Ribeir\u00e3o Preto-SP e Regi\u00e3o&quot;","block_context":{"text":"Not\u00edcias de Ribeir\u00e3o Preto-SP e Regi\u00e3o","link":"https:\/\/noticiasribeiraopreto.com.br\/index.php\/category\/noticias-de-ribeirao-preto-sp-e-regiao-ismael-colosi\/"},"img":{"alt_text":"","src":"https:\/\/i0.wp.com\/noticiasribeiraopreto.com.br\/wp-content\/uploads\/2024\/05\/FURTO-CARRO_2024-05-10_14-31-05_jpg_2024-05-10_14-31-05.webp.webp?fit=1200%2C848&ssl=1&resize=350%2C200","width":350,"height":200,"srcset":"https:\/\/i0.wp.com\/noticiasribeiraopreto.com.br\/wp-content\/uploads\/2024\/05\/FURTO-CARRO_2024-05-10_14-31-05_jpg_2024-05-10_14-31-05.webp.webp?fit=1200%2C848&ssl=1&resize=350%2C200 1x, https:\/\/i0.wp.com\/noticiasribeiraopreto.com.br\/wp-content\/uploads\/2024\/05\/FURTO-CARRO_2024-05-10_14-31-05_jpg_2024-05-10_14-31-05.webp.webp?fit=1200%2C848&ssl=1&resize=525%2C300 1.5x, https:\/\/i0.wp.com\/noticiasribeiraopreto.com.br\/wp-content\/uploads\/2024\/05\/FURTO-CARRO_2024-05-10_14-31-05_jpg_2024-05-10_14-31-05.webp.webp?fit=1200%2C848&ssl=1&resize=700%2C400 2x, https:\/\/i0.wp.com\/noticiasribeiraopreto.com.br\/wp-content\/uploads\/2024\/05\/FURTO-CARRO_2024-05-10_14-31-05_jpg_2024-05-10_14-31-05.webp.webp?fit=1200%2C848&ssl=1&resize=1050%2C600 3x"},"classes":[]},{"id":75177,"url":"https:\/\/noticiasribeiraopreto.com.br\/index.php\/2025\/08\/05\/casal-de-idosos-e-morto-a-pauladas-na-zona-norte-tribuna-ribeirao\/","url_meta":{"origin":57114,"position":3},"title":"Casal de idosos \u00e9 morto a pauladas na zona Norte \u2013 Tribuna Ribeir\u00e3o","author":"noticiasribeiraopreto.com.br","date":"5 de August de 2025","format":false,"excerpt":"5 de agosto de 2025 09:332 Compartilhar0 Por: Adalberto Luque Um casal de idosos foi v\u00edtima de um homic\u00eddio brutal, na noite desta segunda-feira (4). O crime ocorreu na rua Claro Rosa, uma travessa entre as ruas Rio de Janeiro e Monsenhor Siqueira, nos Campos El\u00edseos, zona Norte de Ribeir\u00e3o\u2026","rel":"","context":"In &quot;Not\u00edcias de Ribeir\u00e3o Preto-SP e Regi\u00e3o&quot;","block_context":{"text":"Not\u00edcias de Ribeir\u00e3o Preto-SP e Regi\u00e3o","link":"https:\/\/noticiasribeiraopreto.com.br\/index.php\/category\/noticias-de-ribeirao-preto-sp-e-regiao-ismael-colosi\/"},"img":{"alt_text":"","src":"https:\/\/i0.wp.com\/noticiasribeiraopreto.com.br\/wp-content\/uploads\/2025\/08\/05-ago-2025-pauladaidosos1-scaled.jpg?fit=1170%2C780&ssl=1&resize=350%2C200","width":350,"height":200,"srcset":"https:\/\/i0.wp.com\/noticiasribeiraopreto.com.br\/wp-content\/uploads\/2025\/08\/05-ago-2025-pauladaidosos1-scaled.jpg?fit=1170%2C780&ssl=1&resize=350%2C200 1x, https:\/\/i0.wp.com\/noticiasribeiraopreto.com.br\/wp-content\/uploads\/2025\/08\/05-ago-2025-pauladaidosos1-scaled.jpg?fit=1170%2C780&ssl=1&resize=525%2C300 1.5x, https:\/\/i0.wp.com\/noticiasribeiraopreto.com.br\/wp-content\/uploads\/2025\/08\/05-ago-2025-pauladaidosos1-scaled.jpg?fit=1170%2C780&ssl=1&resize=700%2C400 2x, https:\/\/i0.wp.com\/noticiasribeiraopreto.com.br\/wp-content\/uploads\/2025\/08\/05-ago-2025-pauladaidosos1-scaled.jpg?fit=1170%2C780&ssl=1&resize=1050%2C600 3x"},"classes":[]},{"id":22264,"url":"https:\/\/noticiasribeiraopreto.com.br\/index.php\/2023\/12\/29\/policia-encontra-parte-das-armas-roubadas-de-colecionador-em-ribeirao-preto\/","url_meta":{"origin":57114,"position":4},"title":"Pol\u00edcia encontra parte das armas roubadas de colecionador em Ribeir\u00e3o Preto","author":"noticiasribeiraopreto.com.br","date":"29 de December de 2023","format":false,"excerpt":"A pol\u00edcia apreendeu 26 das 39 armas que foram roubadas da casa de um colecionador na zona Sul de Ribeir\u00e3o Preto. As armas foram encontradas durante uma opera\u00e7\u00e3o da pol\u00edcia em uma comunidade no bairro Adelino Simioni, na madrugada desta sexta-feira (29). As armas foram roubadas na casa de um\u2026","rel":"","context":"In &quot;Not\u00edcias de Ribeir\u00e3o Preto-SP e Regi\u00e3o&quot;","block_context":{"text":"Not\u00edcias de Ribeir\u00e3o Preto-SP e Regi\u00e3o","link":"https:\/\/noticiasribeiraopreto.com.br\/index.php\/category\/noticias-de-ribeirao-preto-sp-e-regiao-ismael-colosi\/"},"img":{"alt_text":"","src":"https:\/\/i0.wp.com\/noticiasribeiraopreto.com.br\/wp-content\/uploads\/2023\/12\/colecionador-de-armas-scaled.jpeg?fit=1200%2C900&ssl=1&resize=350%2C200","width":350,"height":200,"srcset":"https:\/\/i0.wp.com\/noticiasribeiraopreto.com.br\/wp-content\/uploads\/2023\/12\/colecionador-de-armas-scaled.jpeg?fit=1200%2C900&ssl=1&resize=350%2C200 1x, https:\/\/i0.wp.com\/noticiasribeiraopreto.com.br\/wp-content\/uploads\/2023\/12\/colecionador-de-armas-scaled.jpeg?fit=1200%2C900&ssl=1&resize=525%2C300 1.5x, https:\/\/i0.wp.com\/noticiasribeiraopreto.com.br\/wp-content\/uploads\/2023\/12\/colecionador-de-armas-scaled.jpeg?fit=1200%2C900&ssl=1&resize=700%2C400 2x, https:\/\/i0.wp.com\/noticiasribeiraopreto.com.br\/wp-content\/uploads\/2023\/12\/colecionador-de-armas-scaled.jpeg?fit=1200%2C900&ssl=1&resize=1050%2C600 3x"},"classes":[]},{"id":53904,"url":"https:\/\/noticiasribeiraopreto.com.br\/index.php\/2024\/06\/26\/preso-homem-que-tentou-matar-ex-namorada-na-zona-norte-de-ribeirao-preto\/","url_meta":{"origin":57114,"position":5},"title":"Preso homem que tentou matar ex-namorada na zona Norte de Ribeir\u00e3o Preto","author":"noticiasribeiraopreto.com.br","date":"26 de June de 2024","format":false,"excerpt":"O suspeito de atirar contra a ex-namorada de 21 anos, na avenida Maestro Herv\u00e9 Cordovil, no bairro Marincek, na zona Norte de Ribeir\u00e3o Preto, foi preso preventivamente na tarde desta ter\u00e7a-feira (25). A tentativa de feminic\u00eddio aconteceu no \u00faltimo dia 12. Segundo a delegada da DDM (Delegacia de Defesa da\u2026","rel":"","context":"In &quot;Not\u00edcias de Ribeir\u00e3o Preto-SP e Regi\u00e3o&quot;","block_context":{"text":"Not\u00edcias de Ribeir\u00e3o Preto-SP e Regi\u00e3o","link":"https:\/\/noticiasribeiraopreto.com.br\/index.php\/category\/noticias-de-ribeirao-preto-sp-e-regiao-ismael-colosi\/"},"img":{"alt_text":"","src":"https:\/\/i0.wp.com\/noticiasribeiraopreto.com.br\/wp-content\/uploads\/2024\/06\/Copia-de-Copia-de-TAMANHO-EXATO-PARA-FOTOS-NO-SISTEMA-NOVO-18_2024-06-25_21-18-38_jpg_2024-06-25_21-18-38.webp.webp?fit=1200%2C675&ssl=1&resize=350%2C200","width":350,"height":200,"srcset":"https:\/\/i0.wp.com\/noticiasribeiraopreto.com.br\/wp-content\/uploads\/2024\/06\/Copia-de-Copia-de-TAMANHO-EXATO-PARA-FOTOS-NO-SISTEMA-NOVO-18_2024-06-25_21-18-38_jpg_2024-06-25_21-18-38.webp.webp?fit=1200%2C675&ssl=1&resize=350%2C200 1x, https:\/\/i0.wp.com\/noticiasribeiraopreto.com.br\/wp-content\/uploads\/2024\/06\/Copia-de-Copia-de-TAMANHO-EXATO-PARA-FOTOS-NO-SISTEMA-NOVO-18_2024-06-25_21-18-38_jpg_2024-06-25_21-18-38.webp.webp?fit=1200%2C675&ssl=1&resize=525%2C300 1.5x, https:\/\/i0.wp.com\/noticiasribeiraopreto.com.br\/wp-content\/uploads\/2024\/06\/Copia-de-Copia-de-TAMANHO-EXATO-PARA-FOTOS-NO-SISTEMA-NOVO-18_2024-06-25_21-18-38_jpg_2024-06-25_21-18-38.webp.webp?fit=1200%2C675&ssl=1&resize=700%2C400 2x, https:\/\/i0.wp.com\/noticiasribeiraopreto.com.br\/wp-content\/uploads\/2024\/06\/Copia-de-Copia-de-TAMANHO-EXATO-PARA-FOTOS-NO-SISTEMA-NOVO-18_2024-06-25_21-18-38_jpg_2024-06-25_21-18-38.webp.webp?fit=1200%2C675&ssl=1&resize=1050%2C600 3x"},"classes":[]}],"jetpack_sharing_enabled":true,"jetpack_shortlink":"https:\/\/wp.me\/peQAOb-eRc","_links":{"self":[{"href":"https:\/\/noticiasribeiraopreto.com.br\/index.php\/wp-json\/wp\/v2\/posts\/57114","targetHints":{"allow":["GET"]}}],"collection":[{"href":"https:\/\/noticiasribeiraopreto.com.br\/index.php\/wp-json\/wp\/v2\/posts"}],"about":[{"href":"https:\/\/noticiasribeiraopreto.com.br\/index.php\/wp-json\/wp\/v2\/types\/post"}],"author":[{"embeddable":true,"href":"https:\/\/noticiasribeiraopreto.com.br\/index.php\/wp-json\/wp\/v2\/users\/1"}],"replies":[{"embeddable":true,"href":"https:\/\/noticiasribeiraopreto.com.br\/index.php\/wp-json\/wp\/v2\/comments?post=57114"}],"version-history":[{"count":0,"href":"https:\/\/noticiasribeiraopreto.com.br\/index.php\/wp-json\/wp\/v2\/posts\/57114\/revisions"}],"wp:featuredmedia":[{"embeddable":true,"href":"https:\/\/noticiasribeiraopreto.com.br\/index.php\/wp-json\/wp\/v2\/media\/57115"}],"wp:attachment":[{"href":"https:\/\/noticiasribeiraopreto.com.br\/index.php\/wp-json\/wp\/v2\/media?parent=57114"}],"wp:term":[{"taxonomy":"category","embeddable":true,"href":"https:\/\/noticiasribeiraopreto.com.br\/index.php\/wp-json\/wp\/v2\/categories?post=57114"},{"taxonomy":"post_tag","embeddable":true,"href":"https:\/\/noticiasribeiraopreto.com.br\/index.php\/wp-json\/wp\/v2\/tags?post=57114"}],"curies":[{"name":"wp","href":"https:\/\/api.w.org\/{rel}","templated":true}]}}