{"id":57116,"date":"2024-08-23T12:53:04","date_gmt":"2024-08-23T15:53:04","guid":{"rendered":"https:\/\/noticiasribeiraopreto.com.br\/index.php\/2024\/08\/23\/veja-o-que-fazer-se-voce-encontrar-animais-vitimas-de-queimadas-em-ribeirao-preto\/"},"modified":"2024-08-23T12:53:04","modified_gmt":"2024-08-23T15:53:04","slug":"veja-o-que-fazer-se-voce-encontrar-animais-vitimas-de-queimadas-em-ribeirao-preto","status":"publish","type":"post","link":"https:\/\/noticiasribeiraopreto.com.br\/index.php\/2024\/08\/23\/veja-o-que-fazer-se-voce-encontrar-animais-vitimas-de-queimadas-em-ribeirao-preto\/","title":{"rendered":"Veja o que fazer se voc\u00ea encontrar animais v\u00edtimas de queimadas em Ribeir\u00e3o Preto"},"content":{"rendered":"<div class='code-block code-block-1' style='margin: 8px 0 8px auto; text-align: right; display: block; clear: both;'>\n<p><a href=\"https:\/\/wa.link\/vpicfd\"><img data-recalc-dims=\"1\" class=\"wp-image-4922\" style=\"aspect-ratio: 2.0253164556962027; width: 561px; height: auto;\" src=\"https:\/\/i0.wp.com\/ismaelcolosi.com.br\/wp-content\/uploads\/2023\/11\/grupo-de-empregos-whatsapp-e-facebook-ismael-colosi-vagas.jpg?ssl=1\" alt=\"\" \/><\/a><\/p>\n<!-- \/wp:image -->\n<\/div>\n<p> <br \/>\n<\/p>\n<div>\n                O Grupo EP usa cookies e outras tecnologias semelhantes para melhorar a sua experi\u00eancia, analisar o tr\u00e1fego do site e personalizar o conte\u00fado. Conhe\u00e7a a nossa <a href=\"https:\/\/www.empresaspioneiras.com.br\/privacidade\/\" class=\"cookie-link\" target=\"_blank\" rel=\"noopener\">pol\u00edtica de privacidade<\/a> e, ao continuar navegando, voc\u00ea concorda com estas condi\u00e7\u00f5es.\n            <\/div>\n<p><br \/>\n<br \/><a href=\"https:\/\/www.acidadeon.com\/ribeiraopreto\/cotidiano\/veja-o-que-fazer-se-encontrar-animais-vitimas-de-queimadas-em-ribeirao-preto\/\">Source link <\/a><\/p>\n<!-- CONTENT END 1 -->\n","protected":false},"excerpt":{"rendered":"<p>O Grupo EP usa cookies e outras tecnologias semelhantes para melhorar a sua experi\u00eancia, analisar o tr\u00e1fego do site e personalizar o conte\u00fado. Conhe\u00e7a a&#8230;<\/p>\n","protected":false},"author":1,"featured_media":57117,"comment_status":"open","ping_status":"open","sticky":false,"template":"","format":"standard","meta":{"advanced_seo_description":"","jetpack_seo_html_title":"","jetpack_seo_noindex":false,"jetpack_post_was_ever_published":false,"_jetpack_newsletter_access":"","_jetpack_dont_email_post_to_subs":false,"_jetpack_newsletter_tier_id":0,"_jetpack_memberships_contains_paywalled_content":false,"_jetpack_memberships_contains_paid_content":false,"footnotes":"","jetpack_publicize_message":"","jetpack_publicize_feature_enabled":true,"jetpack_social_post_already_shared":true,"jetpack_social_options":{"image_generator_settings":{"template":"highway","default_image_id":0,"font":"","enabled":false},"version":2}},"categories":[11],"tags":[],"class_list":["post-57116","post","type-post","status-publish","format-standard","has-post-thumbnail","hentry","category-noticias-de-ribeirao-preto-sp-e-regiao-ismael-colosi"],"jetpack_publicize_connections":[],"jetpack_featured_media_url":"https:\/\/i0.wp.com\/noticiasribeiraopreto.com.br\/wp-content\/uploads\/2024\/08\/ANIMAL-RESGATADO_2024-08-23_15-36-58_jpg_2024-08-23_15-36-58.webp.webp?fit=862%2C481&ssl=1","jetpack-related-posts":[{"id":42043,"url":"https:\/\/noticiasribeiraopreto.com.br\/index.php\/2024\/03\/12\/tudo-o-que-voce-precisa-saber-sobre-o-churrasquinho-do-menos-e-mais-na-regiao-de-ribeirao-preto\/","url_meta":{"origin":57116,"position":0},"title":"Tudo o que voc\u00ea precisa saber sobre o \u2018Churrasquinho do Menos \u00e9 Mais\u2019 na regi\u00e3o de Ribeir\u00e3o Preto","author":"noticiasribeiraopreto.com.br","date":"12 de March de 2024","format":false,"excerpt":"O grupo Menos \u00e9 Mais desembarca na regi\u00e3o de Ribeir\u00e3o Preto, neste final de semana, a partir das 14h. Os ingressos para o show da turn\u00ea \u201cChurrasquinho 2024\u201d ainda est\u00e3o dispon\u00edveis e podem ser adquiridos de forma on-line (clique aqui). A apresenta\u00e7\u00e3o do conjunto formado pelos integrantes Duz\u00e3o, Gustavo Goes,\u2026","rel":"","context":"In &quot;Not\u00edcias de Ribeir\u00e3o Preto-SP e Regi\u00e3o&quot;","block_context":{"text":"Not\u00edcias de Ribeir\u00e3o Preto-SP e Regi\u00e3o","link":"https:\/\/noticiasribeiraopreto.com.br\/index.php\/category\/noticias-de-ribeirao-preto-sp-e-regiao-ismael-colosi\/"},"img":{"alt_text":"","src":"https:\/\/i0.wp.com\/noticiasribeiraopreto.com.br\/wp-content\/uploads\/2024\/03\/286185279_167933978979443_1343718831456766453_n.jpg?fit=1080%2C916&ssl=1&resize=350%2C200","width":350,"height":200,"srcset":"https:\/\/i0.wp.com\/noticiasribeiraopreto.com.br\/wp-content\/uploads\/2024\/03\/286185279_167933978979443_1343718831456766453_n.jpg?fit=1080%2C916&ssl=1&resize=350%2C200 1x, https:\/\/i0.wp.com\/noticiasribeiraopreto.com.br\/wp-content\/uploads\/2024\/03\/286185279_167933978979443_1343718831456766453_n.jpg?fit=1080%2C916&ssl=1&resize=525%2C300 1.5x, https:\/\/i0.wp.com\/noticiasribeiraopreto.com.br\/wp-content\/uploads\/2024\/03\/286185279_167933978979443_1343718831456766453_n.jpg?fit=1080%2C916&ssl=1&resize=700%2C400 2x, https:\/\/i0.wp.com\/noticiasribeiraopreto.com.br\/wp-content\/uploads\/2024\/03\/286185279_167933978979443_1343718831456766453_n.jpg?fit=1080%2C916&ssl=1&resize=1050%2C600 3x"},"classes":[]},{"id":55629,"url":"https:\/\/noticiasribeiraopreto.com.br\/index.php\/2024\/08\/04\/ribeirao-preto-tem-duas-vocacoes-segundo-secretario-de-tarcisio-veja-quais-sao\/","url_meta":{"origin":57116,"position":1},"title":"Ribeir\u00e3o Preto tem duas voca\u00e7\u00f5es, segundo secret\u00e1rio de Tarc\u00edsio; Veja quais s\u00e3o","author":"noticiasribeiraopreto.com.br","date":"4 de August de 2024","format":false,"excerpt":"O secret\u00e1rio de Desenvolvimento Econ\u00f4mico de S\u00e3o Paulo, Jorge Lima, afirmou que Ribeir\u00e3o Preto n\u00e3o pode depender de apenas uma voca\u00e7\u00e3o na economia. Em entrevista ao acidade on Ribeir\u00e3o, o secret\u00e1rio afirma que o t\u00edtulo de Capital do Chope e das Cervejas Artesanais pode facilitar o desenvolvimento dessa ind\u00fastria na\u2026","rel":"","context":"In &quot;Not\u00edcias de Ribeir\u00e3o Preto-SP e Regi\u00e3o&quot;","block_context":{"text":"Not\u00edcias de Ribeir\u00e3o Preto-SP e Regi\u00e3o","link":"https:\/\/noticiasribeiraopreto.com.br\/index.php\/category\/noticias-de-ribeirao-preto-sp-e-regiao-ismael-colosi\/"},"img":{"alt_text":"","src":"https:\/\/i0.wp.com\/noticiasribeiraopreto.com.br\/wp-content\/uploads\/2024\/08\/WhatsApp-Image-2024-08-04-at-09.05.30_2024-08-04_12-37-47_jpeg_2024-08-04_12-37-47.webp.webp?fit=1200%2C900&ssl=1&resize=350%2C200","width":350,"height":200,"srcset":"https:\/\/i0.wp.com\/noticiasribeiraopreto.com.br\/wp-content\/uploads\/2024\/08\/WhatsApp-Image-2024-08-04-at-09.05.30_2024-08-04_12-37-47_jpeg_2024-08-04_12-37-47.webp.webp?fit=1200%2C900&ssl=1&resize=350%2C200 1x, https:\/\/i0.wp.com\/noticiasribeiraopreto.com.br\/wp-content\/uploads\/2024\/08\/WhatsApp-Image-2024-08-04-at-09.05.30_2024-08-04_12-37-47_jpeg_2024-08-04_12-37-47.webp.webp?fit=1200%2C900&ssl=1&resize=525%2C300 1.5x, https:\/\/i0.wp.com\/noticiasribeiraopreto.com.br\/wp-content\/uploads\/2024\/08\/WhatsApp-Image-2024-08-04-at-09.05.30_2024-08-04_12-37-47_jpeg_2024-08-04_12-37-47.webp.webp?fit=1200%2C900&ssl=1&resize=700%2C400 2x, https:\/\/i0.wp.com\/noticiasribeiraopreto.com.br\/wp-content\/uploads\/2024\/08\/WhatsApp-Image-2024-08-04-at-09.05.30_2024-08-04_12-37-47_jpeg_2024-08-04_12-37-47.webp.webp?fit=1200%2C900&ssl=1&resize=1050%2C600 3x"},"classes":[]},{"id":60996,"url":"https:\/\/noticiasribeiraopreto.com.br\/index.php\/2024\/12\/01\/brasileira-vence-o-campeonato-internacional-de-tenis-de-ribeirao-preto\/","url_meta":{"origin":57116,"position":2},"title":"Brasileira vence o Campeonato Internacional de T\u00eanis de Ribeir\u00e3o Preto","author":"noticiasribeiraopreto.com.br","date":"1 de December de 2024","format":false,"excerpt":"A brasileira Luiza Fullana conquistou, neste domingo (1\u00ba), seu segundo t\u00edtulo na carreira ao vencer a australiana e cabe\u00e7a de chave 1, Kaylah McPhee, na final do Campeonato Internacional de T\u00eanis de Ribeir\u00e3o Preto. Luiza iniciou a partida quebrando o servi\u00e7o de McPhee no quinto game e abrindo uma boa\u2026","rel":"","context":"In &quot;Not\u00edcias de Ribeir\u00e3o Preto-SP e Regi\u00e3o&quot;","block_context":{"text":"Not\u00edcias de Ribeir\u00e3o Preto-SP e Regi\u00e3o","link":"https:\/\/noticiasribeiraopreto.com.br\/index.php\/category\/noticias-de-ribeirao-preto-sp-e-regiao-ismael-colosi\/"},"img":{"alt_text":"","src":"https:\/\/i0.wp.com\/noticiasribeiraopreto.com.br\/wp-content\/uploads\/2024\/12\/446355_1135733_54176602734_9a24dde6b3_k_web__2024-12-01_19-17-57_jpg_2024-12-01_19-17-57.webp.webp?fit=1024%2C683&ssl=1&resize=350%2C200","width":350,"height":200,"srcset":"https:\/\/i0.wp.com\/noticiasribeiraopreto.com.br\/wp-content\/uploads\/2024\/12\/446355_1135733_54176602734_9a24dde6b3_k_web__2024-12-01_19-17-57_jpg_2024-12-01_19-17-57.webp.webp?fit=1024%2C683&ssl=1&resize=350%2C200 1x, https:\/\/i0.wp.com\/noticiasribeiraopreto.com.br\/wp-content\/uploads\/2024\/12\/446355_1135733_54176602734_9a24dde6b3_k_web__2024-12-01_19-17-57_jpg_2024-12-01_19-17-57.webp.webp?fit=1024%2C683&ssl=1&resize=525%2C300 1.5x, https:\/\/i0.wp.com\/noticiasribeiraopreto.com.br\/wp-content\/uploads\/2024\/12\/446355_1135733_54176602734_9a24dde6b3_k_web__2024-12-01_19-17-57_jpg_2024-12-01_19-17-57.webp.webp?fit=1024%2C683&ssl=1&resize=700%2C400 2x"},"classes":[]},{"id":57471,"url":"https:\/\/noticiasribeiraopreto.com.br\/index.php\/2024\/09\/02\/vereador-de-ribeirao-preto-e-atropelado-ele-foi-socorrido-para-o-hc-ue\/","url_meta":{"origin":57116,"position":3},"title":"Vereador de Ribeir\u00e3o Preto \u00e9 atropelado; ele foi socorrido para o HC-UE","author":"noticiasribeiraopreto.com.br","date":"2 de September de 2024","format":false,"excerpt":"O Grupo EP usa cookies e outras tecnologias semelhantes para melhorar a sua experi\u00eancia, analisar o tr\u00e1fego do site e personalizar o conte\u00fado. Conhe\u00e7a a nossa pol\u00edtica de privacidade e, ao continuar navegando, voc\u00ea concorda com estas condi\u00e7\u00f5es. Source link","rel":"","context":"In &quot;Not\u00edcias de Ribeir\u00e3o Preto-SP e Regi\u00e3o&quot;","block_context":{"text":"Not\u00edcias de Ribeir\u00e3o Preto-SP e Regi\u00e3o","link":"https:\/\/noticiasribeiraopreto.com.br\/index.php\/category\/noticias-de-ribeirao-preto-sp-e-regiao-ismael-colosi\/"},"img":{"alt_text":"","src":"https:\/\/i0.wp.com\/noticiasribeiraopreto.com.br\/wp-content\/uploads\/2024\/09\/paulo-modas_2024-09-02_15-15-17_jpg_2024-09-02_15-15-17.webp.webp?fit=1200%2C901&ssl=1&resize=350%2C200","width":350,"height":200,"srcset":"https:\/\/i0.wp.com\/noticiasribeiraopreto.com.br\/wp-content\/uploads\/2024\/09\/paulo-modas_2024-09-02_15-15-17_jpg_2024-09-02_15-15-17.webp.webp?fit=1200%2C901&ssl=1&resize=350%2C200 1x, https:\/\/i0.wp.com\/noticiasribeiraopreto.com.br\/wp-content\/uploads\/2024\/09\/paulo-modas_2024-09-02_15-15-17_jpg_2024-09-02_15-15-17.webp.webp?fit=1200%2C901&ssl=1&resize=525%2C300 1.5x, https:\/\/i0.wp.com\/noticiasribeiraopreto.com.br\/wp-content\/uploads\/2024\/09\/paulo-modas_2024-09-02_15-15-17_jpg_2024-09-02_15-15-17.webp.webp?fit=1200%2C901&ssl=1&resize=700%2C400 2x, https:\/\/i0.wp.com\/noticiasribeiraopreto.com.br\/wp-content\/uploads\/2024\/09\/paulo-modas_2024-09-02_15-15-17_jpg_2024-09-02_15-15-17.webp.webp?fit=1200%2C901&ssl=1&resize=1050%2C600 3x"},"classes":[]},{"id":33659,"url":"https:\/\/noticiasribeiraopreto.com.br\/index.php\/2024\/01\/30\/confira-se-voce-esta-na-lista-de-aprovados-do-sisu\/","url_meta":{"origin":57116,"position":4},"title":"Confira se voc\u00ea est\u00e1 na lista de aprovados do Sisu","author":"noticiasribeiraopreto.com.br","date":"30 de January de 2024","format":false,"excerpt":"O MEC divulga nesta ter\u00e7a-feira (30), o resultado do Sisu (Sistema de Sele\u00e7\u00e3o Unificada). Para conferir se voc\u00ea est\u00e1 na lista de aprovados e garantiu uma vaga em uma das universidades \u00e9 preciso acessar o site do Portal \u00danico de Acesso ao Ensino Superior. Este ano, o Sisu ter\u00e1 edi\u00e7\u00e3o\u2026","rel":"","context":"In &quot;Not\u00edcias de Ribeir\u00e3o Preto-SP e Regi\u00e3o&quot;","block_context":{"text":"Not\u00edcias de Ribeir\u00e3o Preto-SP e Regi\u00e3o","link":"https:\/\/noticiasribeiraopreto.com.br\/index.php\/category\/noticias-de-ribeirao-preto-sp-e-regiao-ismael-colosi\/"},"img":{"alt_text":"","src":"https:\/\/i0.wp.com\/noticiasribeiraopreto.com.br\/wp-content\/uploads\/2024\/01\/sisu-1.jpg?fit=1151%2C644&ssl=1&resize=350%2C200","width":350,"height":200,"srcset":"https:\/\/i0.wp.com\/noticiasribeiraopreto.com.br\/wp-content\/uploads\/2024\/01\/sisu-1.jpg?fit=1151%2C644&ssl=1&resize=350%2C200 1x, https:\/\/i0.wp.com\/noticiasribeiraopreto.com.br\/wp-content\/uploads\/2024\/01\/sisu-1.jpg?fit=1151%2C644&ssl=1&resize=525%2C300 1.5x, https:\/\/i0.wp.com\/noticiasribeiraopreto.com.br\/wp-content\/uploads\/2024\/01\/sisu-1.jpg?fit=1151%2C644&ssl=1&resize=700%2C400 2x, https:\/\/i0.wp.com\/noticiasribeiraopreto.com.br\/wp-content\/uploads\/2024\/01\/sisu-1.jpg?fit=1151%2C644&ssl=1&resize=1050%2C600 3x"},"classes":[]},{"id":48057,"url":"https:\/\/noticiasribeiraopreto.com.br\/index.php\/2024\/04\/30\/hc-de-ribeirao-inaugura-pintura-gigante-para-homenagear-os-trabalhadores-da-saude\/","url_meta":{"origin":57116,"position":5},"title":"HC de Ribeir\u00e3o inaugura pintura gigante para homenagear os trabalhadores da sa\u00fade","author":"noticiasribeiraopreto.com.br","date":"30 de April de 2024","format":false,"excerpt":"O Hospital das Cl\u00ednicas de Ribeir\u00e3o Preto inaugurou nesta ter\u00e7a-feira (30) uma pintura com mais de mil metros quadrados para homenagear os trabalhadores da sa\u00fade. A obra \u201cTributo aos her\u00f3is da sa\u00fade\u201d foi pintada por quatro artistas locais de Ribeir\u00e3o Preto. \u00a0\u201cN\u00f3s queremos trazer uma humaniza\u00e7\u00e3o para o hospital. Queremos\u2026","rel":"","context":"In &quot;Not\u00edcias de Ribeir\u00e3o Preto-SP e Regi\u00e3o&quot;","block_context":{"text":"Not\u00edcias de Ribeir\u00e3o Preto-SP e Regi\u00e3o","link":"https:\/\/noticiasribeiraopreto.com.br\/index.php\/category\/noticias-de-ribeirao-preto-sp-e-regiao-ismael-colosi\/"},"img":{"alt_text":"","src":"https:\/\/i0.wp.com\/noticiasribeiraopreto.com.br\/wp-content\/uploads\/2024\/04\/AnyConv.com__pintura-hc-ribeirao-preto.webp.webp?fit=1200%2C675&ssl=1&resize=350%2C200","width":350,"height":200,"srcset":"https:\/\/i0.wp.com\/noticiasribeiraopreto.com.br\/wp-content\/uploads\/2024\/04\/AnyConv.com__pintura-hc-ribeirao-preto.webp.webp?fit=1200%2C675&ssl=1&resize=350%2C200 1x, https:\/\/i0.wp.com\/noticiasribeiraopreto.com.br\/wp-content\/uploads\/2024\/04\/AnyConv.com__pintura-hc-ribeirao-preto.webp.webp?fit=1200%2C675&ssl=1&resize=525%2C300 1.5x, https:\/\/i0.wp.com\/noticiasribeiraopreto.com.br\/wp-content\/uploads\/2024\/04\/AnyConv.com__pintura-hc-ribeirao-preto.webp.webp?fit=1200%2C675&ssl=1&resize=700%2C400 2x, https:\/\/i0.wp.com\/noticiasribeiraopreto.com.br\/wp-content\/uploads\/2024\/04\/AnyConv.com__pintura-hc-ribeirao-preto.webp.webp?fit=1200%2C675&ssl=1&resize=1050%2C600 3x"},"classes":[]}],"jetpack_sharing_enabled":true,"jetpack_shortlink":"https:\/\/wp.me\/peQAOb-eRe","_links":{"self":[{"href":"https:\/\/noticiasribeiraopreto.com.br\/index.php\/wp-json\/wp\/v2\/posts\/57116","targetHints":{"allow":["GET"]}}],"collection":[{"href":"https:\/\/noticiasribeiraopreto.com.br\/index.php\/wp-json\/wp\/v2\/posts"}],"about":[{"href":"https:\/\/noticiasribeiraopreto.com.br\/index.php\/wp-json\/wp\/v2\/types\/post"}],"author":[{"embeddable":true,"href":"https:\/\/noticiasribeiraopreto.com.br\/index.php\/wp-json\/wp\/v2\/users\/1"}],"replies":[{"embeddable":true,"href":"https:\/\/noticiasribeiraopreto.com.br\/index.php\/wp-json\/wp\/v2\/comments?post=57116"}],"version-history":[{"count":0,"href":"https:\/\/noticiasribeiraopreto.com.br\/index.php\/wp-json\/wp\/v2\/posts\/57116\/revisions"}],"wp:featuredmedia":[{"embeddable":true,"href":"https:\/\/noticiasribeiraopreto.com.br\/index.php\/wp-json\/wp\/v2\/media\/57117"}],"wp:attachment":[{"href":"https:\/\/noticiasribeiraopreto.com.br\/index.php\/wp-json\/wp\/v2\/media?parent=57116"}],"wp:term":[{"taxonomy":"category","embeddable":true,"href":"https:\/\/noticiasribeiraopreto.com.br\/index.php\/wp-json\/wp\/v2\/categories?post=57116"},{"taxonomy":"post_tag","embeddable":true,"href":"https:\/\/noticiasribeiraopreto.com.br\/index.php\/wp-json\/wp\/v2\/tags?post=57116"}],"curies":[{"name":"wp","href":"https:\/\/api.w.org\/{rel}","templated":true}]}}