{"id":57118,"date":"2024-08-23T12:57:21","date_gmt":"2024-08-23T15:57:21","guid":{"rendered":"https:\/\/noticiasribeiraopreto.com.br\/index.php\/2024\/08\/23\/comerciante-morre-apos-sofrer-acidente-com-moto-e-permanecer-internado-em-ribeirao\/"},"modified":"2024-08-23T12:57:21","modified_gmt":"2024-08-23T15:57:21","slug":"comerciante-morre-apos-sofrer-acidente-com-moto-e-permanecer-internado-em-ribeirao","status":"publish","type":"post","link":"https:\/\/noticiasribeiraopreto.com.br\/index.php\/2024\/08\/23\/comerciante-morre-apos-sofrer-acidente-com-moto-e-permanecer-internado-em-ribeirao\/","title":{"rendered":"Comerciante morre ap\u00f3s sofrer acidente com moto e permanecer internado em Ribeir\u00e3o"},"content":{"rendered":"<p> <br \/>\n<\/p>\n<div data-td-block-uid=\"tdi_106\">\n<div class=\"tdb-block-inner td-fix-index\">\n<p><strong>Um comerciante de 46 anos morreu nesta quinta-feira (22), depois de sofrer um acidente com moto na \u00faltima ter\u00e7a-feira (20) e permanecer internado em um hospital particular de Ribeir\u00e3o Preto.<\/strong><\/p>\n<p>Segundo o <strong>boletim de ocorr\u00eancia (BO)<\/strong>, a <strong>v\u00edtima<\/strong>, identificada como <strong>Rodrigo Chiari<\/strong>, estava em uma <strong>moto Honda CG 150<\/strong>, que havia sido <strong>emprestada<\/strong>. N\u00e3o h\u00e1, por\u00e9m, informa\u00e7\u00f5es sobre o local nem as circunst\u00e2ncias do acidente.<\/p>\n<p>Ainda consta que <strong>comerciante <\/strong>sofreu <strong>m\u00faltiplas<\/strong> <strong>fraturas <\/strong>pelo <strong>corpo<\/strong>.<\/p>\n<p>As <strong>causas<\/strong>, por\u00e9m, dever\u00e3o ser <strong>apuradas<\/strong>.<\/p>\n<p>SAIBA MAIS<\/p>\n<p>Acidente com viatura deixa policial do Baep gravemente ferido em Ribeir\u00e3o<\/p>\n<h4 class=\"wp-block-heading\"><strong>FIQUE ON<\/strong><\/h4>\n<p>Fique ligado em tudo que acontece em Ribeir\u00e3o Preto e regi\u00e3o. Siga os perfis do\u00a0<strong>acidade on<\/strong>\u00a0no<a href=\"https:\/\/www.instagram.com\/acidadeonribeirao\" target=\"_blank\" rel=\"noreferrer noopener\">\u00a0Instagram<\/a>\u00a0e no\u00a0<a href=\"https:\/\/www.facebook.com\/acidadeonribeirao\/\" target=\"_blank\" rel=\"noreferrer noopener\">Facebook<\/a>.<\/p>\n<p>Receba not\u00edcias do<strong>\u00a0acidade on\u00a0<\/strong>no WhatsApp.\u00a0<a href=\"https:\/\/chat.whatsapp.com\/Dtv9mxhy6V5BJBotM2OQ5k\" target=\"_blank\" rel=\"noreferrer noopener\">Para entrar no grupo, basta clicar aqui.<\/a><\/p>\n<p>Fa\u00e7a uma den\u00fancia ou sugira uma reportagem sobre Ribeir\u00e3o Preto e regi\u00e3o pelo WhatsApp: 16 99117 7802.<\/p>\n<p>VEJA TAMB\u00c9M<\/p>\n<p>Como acessar os documentos sobre OVNI no Brasil?<\/p>\n<p><!-- CONTENT END 1 -->\n<\/div>\n<\/div>\n<p><script async src=\"\/\/www.instagram.com\/embed.js\"><\/script><br \/>\n<br \/><br \/>\n<br \/><a href=\"https:\/\/www.acidadeon.com\/ribeiraopreto\/cotidiano\/comerciante-morre-apos-sofrer-acidente-com-moto-e-permanecer-internado-em-ribeirao\/\">Source link <\/a><\/p>\n","protected":false},"excerpt":{"rendered":"<p>Um comerciante de 46 anos morreu nesta quinta-feira (22), depois de sofrer um acidente com moto na \u00faltima ter\u00e7a-feira (20) e permanecer internado em um&#8230;<\/p>\n","protected":false},"author":1,"featured_media":57119,"comment_status":"open","ping_status":"open","sticky":false,"template":"","format":"standard","meta":{"advanced_seo_description":"","jetpack_seo_html_title":"","jetpack_seo_noindex":false,"jetpack_post_was_ever_published":false,"_jetpack_newsletter_access":"","_jetpack_dont_email_post_to_subs":false,"_jetpack_newsletter_tier_id":0,"_jetpack_memberships_contains_paywalled_content":false,"_jetpack_memberships_contains_paid_content":false,"footnotes":"","jetpack_publicize_message":"","jetpack_publicize_feature_enabled":true,"jetpack_social_post_already_shared":true,"jetpack_social_options":{"image_generator_settings":{"template":"highway","default_image_id":0,"font":"","enabled":false},"version":2}},"categories":[11],"tags":[],"class_list":["post-57118","post","type-post","status-publish","format-standard","has-post-thumbnail","hentry","category-noticias-de-ribeirao-preto-sp-e-regiao-ismael-colosi"],"jetpack_publicize_connections":[],"jetpack_featured_media_url":"https:\/\/i0.wp.com\/noticiasribeiraopreto.com.br\/wp-content\/uploads\/2024\/08\/cpj_policia_1024x576_21012021082231.jpg?fit=1024%2C576&ssl=1","jetpack-related-posts":[{"id":72948,"url":"https:\/\/noticiasribeiraopreto.com.br\/index.php\/2025\/06\/23\/motociclista-morre-apos-sofrer-acidente-e-ficar-10-dias-internado-em-ribeirao-preto\/","url_meta":{"origin":57118,"position":0},"title":"Motociclista morre ap\u00f3s sofrer acidente e ficar 10 dias internado em Ribeir\u00e3o Preto","author":"noticiasribeiraopreto.com.br","date":"23 de June de 2025","format":false,"excerpt":"Um motociclista de 59 anos morreu na \u00faltima sexta-feira (20), depois de sofrer um acidente na \u00faltima dia 10 de junho e permanecer internado em Ribeir\u00e3o Preto. Segundo o boletim de ocorr\u00eancia (BO), Douglas de Toledo foi socorrido ap\u00f3s se envolver em uma colis\u00e3o lateral entre a sua moto e\u2026","rel":"","context":"In &quot;Not\u00edcias de Ribeir\u00e3o Preto-SP e Regi\u00e3o&quot;","block_context":{"text":"Not\u00edcias de Ribeir\u00e3o Preto-SP e Regi\u00e3o","link":"https:\/\/noticiasribeiraopreto.com.br\/index.php\/category\/noticias-de-ribeirao-preto-sp-e-regiao-ismael-colosi\/"},"img":{"alt_text":"","src":"https:\/\/i0.wp.com\/noticiasribeiraopreto.com.br\/wp-content\/uploads\/2025\/06\/1750691639_cpj_policia_1024x576_21012021082231.jpg?fit=1024%2C576&ssl=1&resize=350%2C200","width":350,"height":200,"srcset":"https:\/\/i0.wp.com\/noticiasribeiraopreto.com.br\/wp-content\/uploads\/2025\/06\/1750691639_cpj_policia_1024x576_21012021082231.jpg?fit=1024%2C576&ssl=1&resize=350%2C200 1x, https:\/\/i0.wp.com\/noticiasribeiraopreto.com.br\/wp-content\/uploads\/2025\/06\/1750691639_cpj_policia_1024x576_21012021082231.jpg?fit=1024%2C576&ssl=1&resize=525%2C300 1.5x, https:\/\/i0.wp.com\/noticiasribeiraopreto.com.br\/wp-content\/uploads\/2025\/06\/1750691639_cpj_policia_1024x576_21012021082231.jpg?fit=1024%2C576&ssl=1&resize=700%2C400 2x"},"classes":[]},{"id":58333,"url":"https:\/\/noticiasribeiraopreto.com.br\/index.php\/2024\/09\/25\/homem-de-46-anos-morre-em-ribeirao-apos-sofrer-acidente-de-moto\/","url_meta":{"origin":57118,"position":1},"title":"Homem de 46 anos morre em Ribeir\u00e3o ap\u00f3s sofrer acidente de moto","author":"noticiasribeiraopreto.com.br","date":"25 de September de 2024","format":false,"excerpt":"Um homem de 46 anos morreu nesta ter\u00e7a-feira (24), em Ribeir\u00e3o Preto, depois de sofrer um acidente de moto. Segundo o boletim de ocorr\u00eancia (BO), a v\u00edtima, identificada como Marco Junio Leoncini, estava internada no Hospital das Cl\u00ednicas \u2013 Unidade de Emerg\u00eancia (HC-UE), onde passou por cirurgias, mas n\u00e3o resistiu.\u2026","rel":"","context":"In &quot;Not\u00edcias de Ribeir\u00e3o Preto-SP e Regi\u00e3o&quot;","block_context":{"text":"Not\u00edcias de Ribeir\u00e3o Preto-SP e Regi\u00e3o","link":"https:\/\/noticiasribeiraopreto.com.br\/index.php\/category\/noticias-de-ribeirao-preto-sp-e-regiao-ismael-colosi\/"},"img":{"alt_text":"","src":"https:\/\/i0.wp.com\/noticiasribeiraopreto.com.br\/wp-content\/uploads\/2024\/09\/1727267101_cpj_policia_1200x675_30012022162443.jpg?fit=1200%2C675&ssl=1&resize=350%2C200","width":350,"height":200,"srcset":"https:\/\/i0.wp.com\/noticiasribeiraopreto.com.br\/wp-content\/uploads\/2024\/09\/1727267101_cpj_policia_1200x675_30012022162443.jpg?fit=1200%2C675&ssl=1&resize=350%2C200 1x, https:\/\/i0.wp.com\/noticiasribeiraopreto.com.br\/wp-content\/uploads\/2024\/09\/1727267101_cpj_policia_1200x675_30012022162443.jpg?fit=1200%2C675&ssl=1&resize=525%2C300 1.5x, https:\/\/i0.wp.com\/noticiasribeiraopreto.com.br\/wp-content\/uploads\/2024\/09\/1727267101_cpj_policia_1200x675_30012022162443.jpg?fit=1200%2C675&ssl=1&resize=700%2C400 2x, https:\/\/i0.wp.com\/noticiasribeiraopreto.com.br\/wp-content\/uploads\/2024\/09\/1727267101_cpj_policia_1200x675_30012022162443.jpg?fit=1200%2C675&ssl=1&resize=1050%2C600 3x"},"classes":[]},{"id":74411,"url":"https:\/\/noticiasribeiraopreto.com.br\/index.php\/2025\/07\/22\/motociclista-de-64-anos-morre-tres-dias-apos-sofrer-acidente\/","url_meta":{"origin":57118,"position":2},"title":"Motociclista de 64 anos morre tr\u00eas dias ap\u00f3s sofrer acidente","author":"noticiasribeiraopreto.com.br","date":"22 de July de 2025","format":false,"excerpt":"Um motociclista de 64 anos morreu nesta segunda-feira (21), em Ribeir\u00e3o Preto, tr\u00eas dias ap\u00f3s sofrer um acidente de moto. Segundo o boletim de ocorr\u00eancia (BO), a v\u00edtima, identificada como Sergio Antonio Gon\u00e7alves, teria atropelado um cachorro na \u00faltima sexta-feira (18), quando caiu da moto e sofreu ferimentos pelo corpo,\u2026","rel":"","context":"In &quot;Not\u00edcias de Ribeir\u00e3o Preto-SP e Regi\u00e3o&quot;","block_context":{"text":"Not\u00edcias de Ribeir\u00e3o Preto-SP e Regi\u00e3o","link":"https:\/\/noticiasribeiraopreto.com.br\/index.php\/category\/noticias-de-ribeirao-preto-sp-e-regiao-ismael-colosi\/"},"img":{"alt_text":"","src":"https:\/\/i0.wp.com\/noticiasribeiraopreto.com.br\/wp-content\/uploads\/2025\/07\/1753198606_cpj_policia_1024x576_21012021082231.jpg?fit=1024%2C576&ssl=1&resize=350%2C200","width":350,"height":200,"srcset":"https:\/\/i0.wp.com\/noticiasribeiraopreto.com.br\/wp-content\/uploads\/2025\/07\/1753198606_cpj_policia_1024x576_21012021082231.jpg?fit=1024%2C576&ssl=1&resize=350%2C200 1x, https:\/\/i0.wp.com\/noticiasribeiraopreto.com.br\/wp-content\/uploads\/2025\/07\/1753198606_cpj_policia_1024x576_21012021082231.jpg?fit=1024%2C576&ssl=1&resize=525%2C300 1.5x, https:\/\/i0.wp.com\/noticiasribeiraopreto.com.br\/wp-content\/uploads\/2025\/07\/1753198606_cpj_policia_1024x576_21012021082231.jpg?fit=1024%2C576&ssl=1&resize=700%2C400 2x"},"classes":[]},{"id":73422,"url":"https:\/\/noticiasribeiraopreto.com.br\/index.php\/2025\/07\/02\/acidente-entre-carro-e-moto-deixa-vitima-na-francisco-junqueira-em-ribeirao-preto\/","url_meta":{"origin":57118,"position":3},"title":"Acidente entre carro e moto deixa v\u00edtima na Francisco Junqueira em Ribeir\u00e3o Preto","author":"noticiasribeiraopreto.com.br","date":"2 de July de 2025","format":false,"excerpt":"Um acidente entre um carro e uma moto deixou uma v\u00edtima na manh\u00e3 desta quarta-feira (2), no cruzamento das avenidas Francisco Junqueira e Jer\u00f4nimo Gon\u00e7alves, em Ribeir\u00e3o Preto. Segundo o Corpo de Bombeiros, a v\u00edtima foi encontrada ca\u00edda no ch\u00e3o, recebeu os primeiros socorros e foi encaminhada \u00e0 UPA da\u2026","rel":"","context":"In &quot;Not\u00edcias de Ribeir\u00e3o Preto-SP e Regi\u00e3o&quot;","block_context":{"text":"Not\u00edcias de Ribeir\u00e3o Preto-SP e Regi\u00e3o","link":"https:\/\/noticiasribeiraopreto.com.br\/index.php\/category\/noticias-de-ribeirao-preto-sp-e-regiao-ismael-colosi\/"},"img":{"alt_text":"","src":"https:\/\/i0.wp.com\/noticiasribeiraopreto.com.br\/wp-content\/uploads\/2025\/07\/BOMBEIROS-1024x575-1_2024-05-31_13-44-44_jpg_2024-05-31_13-44-44.webp.webp?fit=1024%2C575&ssl=1&resize=350%2C200","width":350,"height":200,"srcset":"https:\/\/i0.wp.com\/noticiasribeiraopreto.com.br\/wp-content\/uploads\/2025\/07\/BOMBEIROS-1024x575-1_2024-05-31_13-44-44_jpg_2024-05-31_13-44-44.webp.webp?fit=1024%2C575&ssl=1&resize=350%2C200 1x, https:\/\/i0.wp.com\/noticiasribeiraopreto.com.br\/wp-content\/uploads\/2025\/07\/BOMBEIROS-1024x575-1_2024-05-31_13-44-44_jpg_2024-05-31_13-44-44.webp.webp?fit=1024%2C575&ssl=1&resize=525%2C300 1.5x, https:\/\/i0.wp.com\/noticiasribeiraopreto.com.br\/wp-content\/uploads\/2025\/07\/BOMBEIROS-1024x575-1_2024-05-31_13-44-44_jpg_2024-05-31_13-44-44.webp.webp?fit=1024%2C575&ssl=1&resize=700%2C400 2x"},"classes":[]},{"id":74407,"url":"https:\/\/noticiasribeiraopreto.com.br\/index.php\/2025\/07\/22\/moto-vai-parar-embaixo-de-onibus-escolar-em-acidente-assista-ao-video\/","url_meta":{"origin":57118,"position":4},"title":"Moto vai parar embaixo de \u00f4nibus escolar em acidente; Assista ao v\u00eddeo","author":"noticiasribeiraopreto.com.br","date":"22 de July de 2025","format":false,"excerpt":"Uma moto foi parar embaixo de um \u00f4nibus escolar em um acidente na manh\u00e3 desta ter\u00e7a-feira (22), na avenida Vereador Jos\u00e9 Granzotti, em Franca, a 80 quil\u00f4metros de Ribeir\u00e3o Preto. Assista ao v\u00eddeo abaixo. Segundo as informa\u00e7\u00f5es, o motociclista, de 28 anos, sofreu ferimentos leves. O \u00f4nibus, de Patroc\u00ednio Paulista,\u2026","rel":"","context":"In &quot;Not\u00edcias de Ribeir\u00e3o Preto-SP e Regi\u00e3o&quot;","block_context":{"text":"Not\u00edcias de Ribeir\u00e3o Preto-SP e Regi\u00e3o","link":"https:\/\/noticiasribeiraopreto.com.br\/index.php\/category\/noticias-de-ribeirao-preto-sp-e-regiao-ismael-colosi\/"},"img":{"alt_text":"","src":"https:\/\/i0.wp.com\/noticiasribeiraopreto.com.br\/wp-content\/uploads\/2025\/07\/ONIBUS_2025-07-22_14-12-45.webp.webp?fit=1200%2C655&ssl=1&resize=350%2C200","width":350,"height":200,"srcset":"https:\/\/i0.wp.com\/noticiasribeiraopreto.com.br\/wp-content\/uploads\/2025\/07\/ONIBUS_2025-07-22_14-12-45.webp.webp?fit=1200%2C655&ssl=1&resize=350%2C200 1x, https:\/\/i0.wp.com\/noticiasribeiraopreto.com.br\/wp-content\/uploads\/2025\/07\/ONIBUS_2025-07-22_14-12-45.webp.webp?fit=1200%2C655&ssl=1&resize=525%2C300 1.5x, https:\/\/i0.wp.com\/noticiasribeiraopreto.com.br\/wp-content\/uploads\/2025\/07\/ONIBUS_2025-07-22_14-12-45.webp.webp?fit=1200%2C655&ssl=1&resize=700%2C400 2x, https:\/\/i0.wp.com\/noticiasribeiraopreto.com.br\/wp-content\/uploads\/2025\/07\/ONIBUS_2025-07-22_14-12-45.webp.webp?fit=1200%2C655&ssl=1&resize=1050%2C600 3x"},"classes":[]},{"id":68982,"url":"https:\/\/noticiasribeiraopreto.com.br\/index.php\/2025\/05\/01\/entregador-esta-em-estado-grave-apos-ser-atropelado-em-ribeirao-preto\/","url_meta":{"origin":57118,"position":5},"title":"Entregador est\u00e1 em estado grave ap\u00f3s ser atropelado em Ribeir\u00e3o Preto","author":"noticiasribeiraopreto.com.br","date":"1 de May de 2025","format":false,"excerpt":"Um entregador est\u00e1 em estado grave desde o \u00faltimo s\u00e1bado (26) ap\u00f3s ser atropelado por um carro, em Ribeir\u00e3o Preto. O motorista fugiu sem prestar socorro. A v\u00edtima, Andrey Cesar Zaparoli, estava em uma moto quando foi atingido por um ve\u00edculo. O acidente aconteceu por volta das 17h, na avenida\u2026","rel":"","context":"In &quot;Not\u00edcias de Ribeir\u00e3o Preto-SP e Regi\u00e3o&quot;","block_context":{"text":"Not\u00edcias de Ribeir\u00e3o Preto-SP e Regi\u00e3o","link":"https:\/\/noticiasribeiraopreto.com.br\/index.php\/category\/noticias-de-ribeirao-preto-sp-e-regiao-ismael-colosi\/"},"img":{"alt_text":"","src":"https:\/\/i0.wp.com\/noticiasribeiraopreto.com.br\/wp-content\/uploads\/2025\/05\/Copia-de-Copia-de-Copia-de-TAMANHO-EXATO-PARA-FOTOS-NO-SISTEMA-NOVO-32_2025-05-01_00-26-32.webp.webp?fit=1200%2C675&ssl=1&resize=350%2C200","width":350,"height":200,"srcset":"https:\/\/i0.wp.com\/noticiasribeiraopreto.com.br\/wp-content\/uploads\/2025\/05\/Copia-de-Copia-de-Copia-de-TAMANHO-EXATO-PARA-FOTOS-NO-SISTEMA-NOVO-32_2025-05-01_00-26-32.webp.webp?fit=1200%2C675&ssl=1&resize=350%2C200 1x, https:\/\/i0.wp.com\/noticiasribeiraopreto.com.br\/wp-content\/uploads\/2025\/05\/Copia-de-Copia-de-Copia-de-TAMANHO-EXATO-PARA-FOTOS-NO-SISTEMA-NOVO-32_2025-05-01_00-26-32.webp.webp?fit=1200%2C675&ssl=1&resize=525%2C300 1.5x, https:\/\/i0.wp.com\/noticiasribeiraopreto.com.br\/wp-content\/uploads\/2025\/05\/Copia-de-Copia-de-Copia-de-TAMANHO-EXATO-PARA-FOTOS-NO-SISTEMA-NOVO-32_2025-05-01_00-26-32.webp.webp?fit=1200%2C675&ssl=1&resize=700%2C400 2x, https:\/\/i0.wp.com\/noticiasribeiraopreto.com.br\/wp-content\/uploads\/2025\/05\/Copia-de-Copia-de-Copia-de-TAMANHO-EXATO-PARA-FOTOS-NO-SISTEMA-NOVO-32_2025-05-01_00-26-32.webp.webp?fit=1200%2C675&ssl=1&resize=1050%2C600 3x"},"classes":[]}],"jetpack_sharing_enabled":true,"jetpack_shortlink":"https:\/\/wp.me\/peQAOb-eRg","_links":{"self":[{"href":"https:\/\/noticiasribeiraopreto.com.br\/index.php\/wp-json\/wp\/v2\/posts\/57118","targetHints":{"allow":["GET"]}}],"collection":[{"href":"https:\/\/noticiasribeiraopreto.com.br\/index.php\/wp-json\/wp\/v2\/posts"}],"about":[{"href":"https:\/\/noticiasribeiraopreto.com.br\/index.php\/wp-json\/wp\/v2\/types\/post"}],"author":[{"embeddable":true,"href":"https:\/\/noticiasribeiraopreto.com.br\/index.php\/wp-json\/wp\/v2\/users\/1"}],"replies":[{"embeddable":true,"href":"https:\/\/noticiasribeiraopreto.com.br\/index.php\/wp-json\/wp\/v2\/comments?post=57118"}],"version-history":[{"count":0,"href":"https:\/\/noticiasribeiraopreto.com.br\/index.php\/wp-json\/wp\/v2\/posts\/57118\/revisions"}],"wp:featuredmedia":[{"embeddable":true,"href":"https:\/\/noticiasribeiraopreto.com.br\/index.php\/wp-json\/wp\/v2\/media\/57119"}],"wp:attachment":[{"href":"https:\/\/noticiasribeiraopreto.com.br\/index.php\/wp-json\/wp\/v2\/media?parent=57118"}],"wp:term":[{"taxonomy":"category","embeddable":true,"href":"https:\/\/noticiasribeiraopreto.com.br\/index.php\/wp-json\/wp\/v2\/categories?post=57118"},{"taxonomy":"post_tag","embeddable":true,"href":"https:\/\/noticiasribeiraopreto.com.br\/index.php\/wp-json\/wp\/v2\/tags?post=57118"}],"curies":[{"name":"wp","href":"https:\/\/api.w.org\/{rel}","templated":true}]}}