{"id":57120,"date":"2024-08-23T13:13:40","date_gmt":"2024-08-23T16:13:40","guid":{"rendered":"https:\/\/noticiasribeiraopreto.com.br\/index.php\/2024\/08\/23\/incendios-voltam-a-interditar-rodovias-na-regiao-de-ribeirao-preto-veja-video\/"},"modified":"2024-08-23T13:13:40","modified_gmt":"2024-08-23T16:13:40","slug":"incendios-voltam-a-interditar-rodovias-na-regiao-de-ribeirao-preto-veja-video","status":"publish","type":"post","link":"https:\/\/noticiasribeiraopreto.com.br\/index.php\/2024\/08\/23\/incendios-voltam-a-interditar-rodovias-na-regiao-de-ribeirao-preto-veja-video\/","title":{"rendered":"Inc\u00eandios voltam a interditar rodovias na regi\u00e3o de Ribeir\u00e3o Preto; Veja v\u00eddeo"},"content":{"rendered":"<p> <br \/>\n<\/p>\n<div data-td-block-uid=\"tdi_106\">\n<div class=\"tdb-block-inner td-fix-index\">\n<p><strong>Ao menos tr\u00eas rodovias foram interditadas nesta sexta-feira (23) por causa de inc\u00eandios na regi\u00e3o de Ribeir\u00e3o Preto.<\/strong> <strong>Assista <\/strong>ao <strong>v\u00eddeo <\/strong>abaixo.<\/p>\n<p>Segundo a concession\u00e1ria <strong>Entrevias<\/strong>, h\u00e1 <strong>bloqueio <\/strong>no<strong> km 340 da Att\u00edlio Balbo (SP-322)<\/strong>, sentido Oeste, em <strong>Sert\u00e3ozinho<\/strong>. Tamb\u00e9m h\u00e1 <strong>interdi\u00e7\u00e3o <\/strong>na <strong>pra\u00e7a de Ped\u00e1gio de Pitangueiras<\/strong>, no sentido Leste, pela <strong>Armando de Salles Oliveira (SP-322)<\/strong>.<\/p>\n<p>J\u00e1 a concession\u00e1ria <strong>EcoNoroeste <\/strong>informou que h\u00e1 bloqueio na <strong>Carlos Tonanni (SP-333)<\/strong>, em <strong>Barrinha<\/strong>, no <strong>km 98<\/strong> pela pista Oeste e no <strong>km 83<\/strong> no sentido Leste.<\/p>\n<h4 class=\"wp-block-heading\"><strong>Acidente<\/strong><\/h4>\n<p>Um engavetamento ocorreu no in\u00edcio da tarde desta quinta-feira (22), na rodovia Brigadeiro Faria Lima (SP-326), em Bebedouro, na <strong>regi\u00e3o <\/strong>de <strong>Ribeir\u00e3o Preto<\/strong>.<\/p>\n<p>O acidente envolveu oito ve\u00edculos, dos quais cinco carros e tr\u00eas caminh\u00f5es, e a via chegou a ser interditada.<\/p>\n<blockquote class=\"instagram-media\" data-instgrm-permalink=\"https:\/\/www.instagram.com\/reel\/C_BImDxuV-h\/?utm_source=ig_embed&amp;utm_campaign=loading\" data-instgrm-version=\"14\" style=\" background:#FFF; border:0; border-radius:3px; box-shadow:0 0 1px 0 rgba(0,0,0,0.5),0 1px 10px 0 rgba(0,0,0,0.15); margin: 1px; max-width:540px; min-width:326px; padding:0; width:99.375%; width:-webkit-calc(100% - 2px); width:calc(100% - 2px);\"\/>\n<p>SAIBA MAIS<\/p>\n<p>Acidente com viatura deixa policial do Baep gravemente ferido em Ribeir\u00e3o<\/p>\n<h4 class=\"wp-block-heading\"><strong>FIQUE ON<\/strong><\/h4>\n<p>Fique ligado em tudo que acontece em Ribeir\u00e3o Preto e regi\u00e3o. Siga os perfis do\u00a0<strong>acidade on<\/strong>\u00a0no<a href=\"https:\/\/www.instagram.com\/acidadeonribeirao\" target=\"_blank\" rel=\"noreferrer noopener\">\u00a0Instagram<\/a>\u00a0e no\u00a0<a href=\"https:\/\/www.facebook.com\/acidadeonribeirao\/\" target=\"_blank\" rel=\"noreferrer noopener\">Facebook<\/a>.<\/p>\n<p>Receba not\u00edcias do<strong>\u00a0acidade on\u00a0<\/strong>no WhatsApp.\u00a0<a href=\"https:\/\/chat.whatsapp.com\/Dtv9mxhy6V5BJBotM2OQ5k\" target=\"_blank\" rel=\"noreferrer noopener\">Para entrar no grupo, basta clicar aqui.<\/a><\/p>\n<p>Fa\u00e7a uma den\u00fancia ou sugira uma reportagem sobre Ribeir\u00e3o Preto e regi\u00e3o pelo WhatsApp: 16 99117 7802.<\/p>\n<p>VEJA TAMB\u00c9M<\/p>\n<p>Como acessar os documentos sobre OVNI no Brasil?<\/p>\n<p><!-- CONTENT END 3 -->\n<\/div>\n<\/div>\n<p><script async src=\"\/\/www.instagram.com\/embed.js\"><\/script><br \/>\n<br \/><br \/>\n<br \/><a href=\"https:\/\/www.acidadeon.com\/ribeiraopreto\/cotidiano\/incendios-voltam-a-interditar-rodovias-na-regiao-de-ribeirao-preto-veja-video\/\">Source link <\/a><\/p>\n","protected":false},"excerpt":{"rendered":"<p>Ao menos tr\u00eas rodovias foram interditadas nesta sexta-feira (23) por causa de inc\u00eandios na regi\u00e3o de Ribeir\u00e3o Preto. Assista ao v\u00eddeo abaixo. Segundo a concession\u00e1ria&#8230;<\/p>\n","protected":false},"author":1,"featured_media":57121,"comment_status":"open","ping_status":"open","sticky":false,"template":"","format":"standard","meta":{"advanced_seo_description":"","jetpack_seo_html_title":"","jetpack_seo_noindex":false,"jetpack_post_was_ever_published":false,"_jetpack_newsletter_access":"","_jetpack_dont_email_post_to_subs":false,"_jetpack_newsletter_tier_id":0,"_jetpack_memberships_contains_paywalled_content":false,"_jetpack_memberships_contains_paid_content":false,"footnotes":"","jetpack_publicize_message":"","jetpack_publicize_feature_enabled":true,"jetpack_social_post_already_shared":true,"jetpack_social_options":{"image_generator_settings":{"template":"highway","default_image_id":0,"font":"","enabled":false},"version":2}},"categories":[11],"tags":[],"class_list":["post-57120","post","type-post","status-publish","format-standard","has-post-thumbnail","hentry","category-noticias-de-ribeirao-preto-sp-e-regiao-ismael-colosi"],"jetpack_publicize_connections":[],"jetpack_featured_media_url":"https:\/\/i0.wp.com\/noticiasribeiraopreto.com.br\/wp-content\/uploads\/2024\/08\/FOGO_2024-08-23_15-53-56_jpg_2024-08-23_15-53-56.webp.webp?fit=2000%2C1106&ssl=1","jetpack-related-posts":[{"id":76988,"url":"https:\/\/noticiasribeiraopreto.com.br\/index.php\/2025\/09\/09\/incendio-interdita-anhanguera-na-regiao-de-ribeirao-preto\/","url_meta":{"origin":57120,"position":0},"title":"Inc\u00eandio interdita Anhanguera na regi\u00e3o de Ribeir\u00e3o Preto","author":"noticiasribeiraopreto.com.br","date":"9 de September de 2025","format":false,"excerpt":"Um inc\u00eandio causou interdi\u00e7\u00e3o total no km 435,800 da rodovia Anhanguera (SP-330), na tarde desta ter\u00e7a-feira (9), em Aramina, a 120 quil\u00f4metros de Ribeir\u00e3o Preto. Segundo informa\u00e7\u00f5es do Artesp, um foco de inc\u00eandio de grandes propor\u00e7\u00f5es, se iniciou na \u00e1rea lindeira do sentido sul e formou uma cortina de fuma\u00e7a\u2026","rel":"","context":"In &quot;Not\u00edcias de Ribeir\u00e3o Preto-SP e Regi\u00e3o&quot;","block_context":{"text":"Not\u00edcias de Ribeir\u00e3o Preto-SP e Regi\u00e3o","link":"https:\/\/noticiasribeiraopreto.com.br\/index.php\/category\/noticias-de-ribeirao-preto-sp-e-regiao-ismael-colosi\/"},"img":{"alt_text":"","src":"https:\/\/i0.wp.com\/noticiasribeiraopreto.com.br\/wp-content\/uploads\/2025\/09\/ANHANGUERA_2025-09-09_21-20-33.webp.webp?fit=1200%2C697&ssl=1&resize=350%2C200","width":350,"height":200,"srcset":"https:\/\/i0.wp.com\/noticiasribeiraopreto.com.br\/wp-content\/uploads\/2025\/09\/ANHANGUERA_2025-09-09_21-20-33.webp.webp?fit=1200%2C697&ssl=1&resize=350%2C200 1x, https:\/\/i0.wp.com\/noticiasribeiraopreto.com.br\/wp-content\/uploads\/2025\/09\/ANHANGUERA_2025-09-09_21-20-33.webp.webp?fit=1200%2C697&ssl=1&resize=525%2C300 1.5x, https:\/\/i0.wp.com\/noticiasribeiraopreto.com.br\/wp-content\/uploads\/2025\/09\/ANHANGUERA_2025-09-09_21-20-33.webp.webp?fit=1200%2C697&ssl=1&resize=700%2C400 2x, https:\/\/i0.wp.com\/noticiasribeiraopreto.com.br\/wp-content\/uploads\/2025\/09\/ANHANGUERA_2025-09-09_21-20-33.webp.webp?fit=1200%2C697&ssl=1&resize=1050%2C600 3x"},"classes":[]},{"id":55455,"url":"https:\/\/noticiasribeiraopreto.com.br\/index.php\/2024\/08\/02\/incendio-provoca-engavetamento-em-rodovia-da-regiao-de-ribeirao-preto-veja-o-video\/","url_meta":{"origin":57120,"position":1},"title":"Inc\u00eandio provoca engavetamento em rodovia da regi\u00e3o de Ribeir\u00e3o Preto; Veja o v\u00eddeo","author":"noticiasribeiraopreto.com.br","date":"2 de August de 2024","format":false,"excerpt":"Um inc\u00eandio no in\u00edcio da tarde desta quinta-feira (1), no quil\u00f4metro um da rodovia Maur\u00edlio Biagi (SPA 343\/322) em Pontal, na regi\u00e3o de Ribeir\u00e3o Preto, provocou um acidente envolvendo tr\u00eas carros. Informa\u00e7\u00f5es apuradas no local pela EPTV apontam que n\u00e3o houve v\u00edtimas. Segundo a Entrevias, equipes da concession\u00e1ria, Corpo de\u2026","rel":"","context":"In &quot;Not\u00edcias de Ribeir\u00e3o Preto-SP e Regi\u00e3o&quot;","block_context":{"text":"Not\u00edcias de Ribeir\u00e3o Preto-SP e Regi\u00e3o","link":"https:\/\/noticiasribeiraopreto.com.br\/index.php\/category\/noticias-de-ribeirao-preto-sp-e-regiao-ismael-colosi\/"},"img":{"alt_text":"","src":"https:\/\/i0.wp.com\/noticiasribeiraopreto.com.br\/wp-content\/uploads\/2024\/08\/Copia-de-Copia-de-TAMANHO-EXATO-PARA-FOTOS-NO-SISTEMA-NOVO-21_2024-08-01_18-57-26_jpg_2024-08-01_18-57-26.webp.webp?fit=1200%2C675&ssl=1&resize=350%2C200","width":350,"height":200,"srcset":"https:\/\/i0.wp.com\/noticiasribeiraopreto.com.br\/wp-content\/uploads\/2024\/08\/Copia-de-Copia-de-TAMANHO-EXATO-PARA-FOTOS-NO-SISTEMA-NOVO-21_2024-08-01_18-57-26_jpg_2024-08-01_18-57-26.webp.webp?fit=1200%2C675&ssl=1&resize=350%2C200 1x, https:\/\/i0.wp.com\/noticiasribeiraopreto.com.br\/wp-content\/uploads\/2024\/08\/Copia-de-Copia-de-TAMANHO-EXATO-PARA-FOTOS-NO-SISTEMA-NOVO-21_2024-08-01_18-57-26_jpg_2024-08-01_18-57-26.webp.webp?fit=1200%2C675&ssl=1&resize=525%2C300 1.5x, https:\/\/i0.wp.com\/noticiasribeiraopreto.com.br\/wp-content\/uploads\/2024\/08\/Copia-de-Copia-de-TAMANHO-EXATO-PARA-FOTOS-NO-SISTEMA-NOVO-21_2024-08-01_18-57-26_jpg_2024-08-01_18-57-26.webp.webp?fit=1200%2C675&ssl=1&resize=700%2C400 2x, https:\/\/i0.wp.com\/noticiasribeiraopreto.com.br\/wp-content\/uploads\/2024\/08\/Copia-de-Copia-de-TAMANHO-EXATO-PARA-FOTOS-NO-SISTEMA-NOVO-21_2024-08-01_18-57-26_jpg_2024-08-01_18-57-26.webp.webp?fit=1200%2C675&ssl=1&resize=1050%2C600 3x"},"classes":[]},{"id":68685,"url":"https:\/\/noticiasribeiraopreto.com.br\/index.php\/2025\/04\/28\/transito-comeca-a-ficar-intenso-no-acesso-para-agrishow-em-ribeirao-preto-veja-bloqueios\/","url_meta":{"origin":57120,"position":2},"title":"Tr\u00e2nsito come\u00e7a a ficar intenso no acesso para Agrishow em Ribeir\u00e3o Preto; Veja bloqueios","author":"noticiasribeiraopreto.com.br","date":"28 de April de 2025","format":false,"excerpt":"O acesso \u00e0 Agrishow pela rodovia Ant\u00f4nio Duarte Nogueira (Anel Vi\u00e1rio Sul, SP-322) come\u00e7a a se intensificar na manh\u00e3 desta segunda-feira (28), primeiro dia oficial do evento. Os port\u00f5es da maior feira de tecnologia agr\u00edcola da Am\u00e9rica Latina abrem \u00e0s 8h. A previs\u00e3o da concession\u00e1ria que administra a rodovia \u00e9\u2026","rel":"","context":"In &quot;Not\u00edcias de Ribeir\u00e3o Preto-SP e Regi\u00e3o&quot;","block_context":{"text":"Not\u00edcias de Ribeir\u00e3o Preto-SP e Regi\u00e3o","link":"https:\/\/noticiasribeiraopreto.com.br\/index.php\/category\/noticias-de-ribeirao-preto-sp-e-regiao-ismael-colosi\/"},"img":{"alt_text":"","src":"https:\/\/i0.wp.com\/noticiasribeiraopreto.com.br\/wp-content\/uploads\/2025\/04\/WhatsApp-Image-2025-04-28-at-07.17.05_2025-04-28_10-22-30.webp.webp?fit=1200%2C900&ssl=1&resize=350%2C200","width":350,"height":200,"srcset":"https:\/\/i0.wp.com\/noticiasribeiraopreto.com.br\/wp-content\/uploads\/2025\/04\/WhatsApp-Image-2025-04-28-at-07.17.05_2025-04-28_10-22-30.webp.webp?fit=1200%2C900&ssl=1&resize=350%2C200 1x, https:\/\/i0.wp.com\/noticiasribeiraopreto.com.br\/wp-content\/uploads\/2025\/04\/WhatsApp-Image-2025-04-28-at-07.17.05_2025-04-28_10-22-30.webp.webp?fit=1200%2C900&ssl=1&resize=525%2C300 1.5x, https:\/\/i0.wp.com\/noticiasribeiraopreto.com.br\/wp-content\/uploads\/2025\/04\/WhatsApp-Image-2025-04-28-at-07.17.05_2025-04-28_10-22-30.webp.webp?fit=1200%2C900&ssl=1&resize=700%2C400 2x, https:\/\/i0.wp.com\/noticiasribeiraopreto.com.br\/wp-content\/uploads\/2025\/04\/WhatsApp-Image-2025-04-28-at-07.17.05_2025-04-28_10-22-30.webp.webp?fit=1200%2C900&ssl=1&resize=1050%2C600 3x"},"classes":[]},{"id":57085,"url":"https:\/\/noticiasribeiraopreto.com.br\/index.php\/2024\/08\/22\/video-mostra-engavetamento-causado-por-conta-de-incendio-na-regiao-de-ribeirao-preto\/","url_meta":{"origin":57120,"position":3},"title":"V\u00eddeo mostra engavetamento causado por conta de inc\u00eandio na regi\u00e3o de Ribeir\u00e3o Preto","author":"noticiasribeiraopreto.com.br","date":"22 de August de 2024","format":false,"excerpt":"Um engavetamento foi registrado no in\u00edcio da tarde desta quinta-feira (22), na rodovia Brigadeiro Faria Lima, em Bebedouro, na regi\u00e3o de Ribeir\u00e3o Preto. Por conta do acidente, a rodovia precisou ser interditada. O acidente envolveu oito ve\u00edculos, sendo cinco carros e tr\u00eas caminh\u00f5es. Ainda n\u00e3o se sabe sobre v\u00edtimas e\u2026","rel":"","context":"In &quot;Not\u00edcias de Ribeir\u00e3o Preto-SP e Regi\u00e3o&quot;","block_context":{"text":"Not\u00edcias de Ribeir\u00e3o Preto-SP e Regi\u00e3o","link":"https:\/\/noticiasribeiraopreto.com.br\/index.php\/category\/noticias-de-ribeirao-preto-sp-e-regiao-ismael-colosi\/"},"img":{"alt_text":"","src":"https:\/\/i0.wp.com\/noticiasribeiraopreto.com.br\/wp-content\/uploads\/2024\/08\/engavetamento_2024-08-22_19-31-52_jpg_2024-08-22_19-31-52.webp.webp?fit=1200%2C849&ssl=1&resize=350%2C200","width":350,"height":200,"srcset":"https:\/\/i0.wp.com\/noticiasribeiraopreto.com.br\/wp-content\/uploads\/2024\/08\/engavetamento_2024-08-22_19-31-52_jpg_2024-08-22_19-31-52.webp.webp?fit=1200%2C849&ssl=1&resize=350%2C200 1x, https:\/\/i0.wp.com\/noticiasribeiraopreto.com.br\/wp-content\/uploads\/2024\/08\/engavetamento_2024-08-22_19-31-52_jpg_2024-08-22_19-31-52.webp.webp?fit=1200%2C849&ssl=1&resize=525%2C300 1.5x, https:\/\/i0.wp.com\/noticiasribeiraopreto.com.br\/wp-content\/uploads\/2024\/08\/engavetamento_2024-08-22_19-31-52_jpg_2024-08-22_19-31-52.webp.webp?fit=1200%2C849&ssl=1&resize=700%2C400 2x, https:\/\/i0.wp.com\/noticiasribeiraopreto.com.br\/wp-content\/uploads\/2024\/08\/engavetamento_2024-08-22_19-31-52_jpg_2024-08-22_19-31-52.webp.webp?fit=1200%2C849&ssl=1&resize=1050%2C600 3x"},"classes":[]},{"id":57158,"url":"https:\/\/noticiasribeiraopreto.com.br\/index.php\/2024\/08\/24\/incendios-voltam-a-fechar-rodovias-na-regiao-de-ribeirao-preto\/","url_meta":{"origin":57120,"position":4},"title":"Inc\u00eandios voltam a fechar rodovias na regi\u00e3o de Ribeir\u00e3o Preto","author":"noticiasribeiraopreto.com.br","date":"24 de August de 2024","format":false,"excerpt":"Ao menos duas rodovias da regi\u00e3o de Ribeir\u00e3o Preto foram interdiadas por causa de queimadas neste s\u00e1bado (24). Assista ao v\u00eddeo abaixo. Segundo a concession\u00e1ria ViaPaulista, os dois sentidos da C\u00e2ndido Portinari (SP-334) foram bloqueados no km 341, em Brodowski. O tr\u00e2nsito, por\u00e9m, j\u00e1 est\u00e1 liberado no trecho. J\u00e1 a\u2026","rel":"","context":"In &quot;Not\u00edcias de Ribeir\u00e3o Preto-SP e Regi\u00e3o&quot;","block_context":{"text":"Not\u00edcias de Ribeir\u00e3o Preto-SP e Regi\u00e3o","link":"https:\/\/noticiasribeiraopreto.com.br\/index.php\/category\/noticias-de-ribeirao-preto-sp-e-regiao-ismael-colosi\/"},"img":{"alt_text":"","src":"https:\/\/i0.wp.com\/noticiasribeiraopreto.com.br\/wp-content\/uploads\/2024\/08\/WhatsApp-Image-2024-08-24-at-13.30.57_2024-08-24_16-31-21_jpeg_2024-08-24_16-31-21.webp.webp?fit=1200%2C838&ssl=1&resize=350%2C200","width":350,"height":200,"srcset":"https:\/\/i0.wp.com\/noticiasribeiraopreto.com.br\/wp-content\/uploads\/2024\/08\/WhatsApp-Image-2024-08-24-at-13.30.57_2024-08-24_16-31-21_jpeg_2024-08-24_16-31-21.webp.webp?fit=1200%2C838&ssl=1&resize=350%2C200 1x, https:\/\/i0.wp.com\/noticiasribeiraopreto.com.br\/wp-content\/uploads\/2024\/08\/WhatsApp-Image-2024-08-24-at-13.30.57_2024-08-24_16-31-21_jpeg_2024-08-24_16-31-21.webp.webp?fit=1200%2C838&ssl=1&resize=525%2C300 1.5x, https:\/\/i0.wp.com\/noticiasribeiraopreto.com.br\/wp-content\/uploads\/2024\/08\/WhatsApp-Image-2024-08-24-at-13.30.57_2024-08-24_16-31-21_jpeg_2024-08-24_16-31-21.webp.webp?fit=1200%2C838&ssl=1&resize=700%2C400 2x, https:\/\/i0.wp.com\/noticiasribeiraopreto.com.br\/wp-content\/uploads\/2024\/08\/WhatsApp-Image-2024-08-24-at-13.30.57_2024-08-24_16-31-21_jpeg_2024-08-24_16-31-21.webp.webp?fit=1200%2C838&ssl=1&resize=1050%2C600 3x"},"classes":[]},{"id":84833,"url":"https:\/\/noticiasribeiraopreto.com.br\/index.php\/2026\/04\/16\/agrishow-transito-sera-monitorado-por-cameras-com-ia-no-anel-viario-sul-veja-bloqueios-e-desvios\/","url_meta":{"origin":57120,"position":5},"title":"Agrishow: Tr\u00e2nsito ser\u00e1 monitorado por c\u00e2meras com IA no Anel Vi\u00e1rio Sul; Veja bloqueios e desvios","author":"noticiasribeiraopreto.com.br","date":"16 de April de 2026","format":false,"excerpt":"Ler o resumo da not\u00edcia \r Mat\u00e9ria sem conte\u00fado informacional dispon\u00edvel.\r N\u00e3o foram encontradas informa\u00e7\u00f5es sobre o tema \"Tr\u00e2nsito Agrishow\".\r Dados ausentes impossibilitam a elabora\u00e7\u00e3o de resumo jornal\u00edstico.\r Recomenda-se verificar a fonte ou disponibilizar o texto completo da mat\u00e9ria.\r A concession\u00e1ria Entrevias divulgou nesta quinta-feira (16) o plano operacional para\u2026","rel":"","context":"In &quot;Not\u00edcias de Ribeir\u00e3o Preto-SP e Regi\u00e3o&quot;","block_context":{"text":"Not\u00edcias de Ribeir\u00e3o Preto-SP e Regi\u00e3o","link":"https:\/\/noticiasribeiraopreto.com.br\/index.php\/category\/noticias-de-ribeirao-preto-sp-e-regiao-ismael-colosi\/"},"img":{"alt_text":"","src":"https:\/\/i0.wp.com\/noticiasribeiraopreto.com.br\/wp-content\/uploads\/2024\/04\/Copia-de-Copia-de-TAMANHO-EXATO-PARA-FOTOS-NO-SISTEMA-NOVO-11_2024-04-26_12-49-43_jpg.webp.webp?fit=1200%2C675&ssl=1&resize=350%2C200","width":350,"height":200,"srcset":"https:\/\/i0.wp.com\/noticiasribeiraopreto.com.br\/wp-content\/uploads\/2024\/04\/Copia-de-Copia-de-TAMANHO-EXATO-PARA-FOTOS-NO-SISTEMA-NOVO-11_2024-04-26_12-49-43_jpg.webp.webp?fit=1200%2C675&ssl=1&resize=350%2C200 1x, https:\/\/i0.wp.com\/noticiasribeiraopreto.com.br\/wp-content\/uploads\/2024\/04\/Copia-de-Copia-de-TAMANHO-EXATO-PARA-FOTOS-NO-SISTEMA-NOVO-11_2024-04-26_12-49-43_jpg.webp.webp?fit=1200%2C675&ssl=1&resize=525%2C300 1.5x, https:\/\/i0.wp.com\/noticiasribeiraopreto.com.br\/wp-content\/uploads\/2024\/04\/Copia-de-Copia-de-TAMANHO-EXATO-PARA-FOTOS-NO-SISTEMA-NOVO-11_2024-04-26_12-49-43_jpg.webp.webp?fit=1200%2C675&ssl=1&resize=700%2C400 2x, https:\/\/i0.wp.com\/noticiasribeiraopreto.com.br\/wp-content\/uploads\/2024\/04\/Copia-de-Copia-de-TAMANHO-EXATO-PARA-FOTOS-NO-SISTEMA-NOVO-11_2024-04-26_12-49-43_jpg.webp.webp?fit=1200%2C675&ssl=1&resize=1050%2C600 3x"},"classes":[]}],"jetpack_sharing_enabled":true,"jetpack_shortlink":"https:\/\/wp.me\/peQAOb-eRi","_links":{"self":[{"href":"https:\/\/noticiasribeiraopreto.com.br\/index.php\/wp-json\/wp\/v2\/posts\/57120","targetHints":{"allow":["GET"]}}],"collection":[{"href":"https:\/\/noticiasribeiraopreto.com.br\/index.php\/wp-json\/wp\/v2\/posts"}],"about":[{"href":"https:\/\/noticiasribeiraopreto.com.br\/index.php\/wp-json\/wp\/v2\/types\/post"}],"author":[{"embeddable":true,"href":"https:\/\/noticiasribeiraopreto.com.br\/index.php\/wp-json\/wp\/v2\/users\/1"}],"replies":[{"embeddable":true,"href":"https:\/\/noticiasribeiraopreto.com.br\/index.php\/wp-json\/wp\/v2\/comments?post=57120"}],"version-history":[{"count":0,"href":"https:\/\/noticiasribeiraopreto.com.br\/index.php\/wp-json\/wp\/v2\/posts\/57120\/revisions"}],"wp:featuredmedia":[{"embeddable":true,"href":"https:\/\/noticiasribeiraopreto.com.br\/index.php\/wp-json\/wp\/v2\/media\/57121"}],"wp:attachment":[{"href":"https:\/\/noticiasribeiraopreto.com.br\/index.php\/wp-json\/wp\/v2\/media?parent=57120"}],"wp:term":[{"taxonomy":"category","embeddable":true,"href":"https:\/\/noticiasribeiraopreto.com.br\/index.php\/wp-json\/wp\/v2\/categories?post=57120"},{"taxonomy":"post_tag","embeddable":true,"href":"https:\/\/noticiasribeiraopreto.com.br\/index.php\/wp-json\/wp\/v2\/tags?post=57120"}],"curies":[{"name":"wp","href":"https:\/\/api.w.org\/{rel}","templated":true}]}}