{"id":57124,"date":"2024-08-23T13:44:09","date_gmt":"2024-08-23T16:44:09","guid":{"rendered":"https:\/\/noticiasribeiraopreto.com.br\/index.php\/2024\/08\/23\/atacante-estevao-natural-de-franca-e-convocado-para-selecao-brasileira\/"},"modified":"2024-08-23T13:44:09","modified_gmt":"2024-08-23T16:44:09","slug":"atacante-estevao-natural-de-franca-e-convocado-para-selecao-brasileira","status":"publish","type":"post","link":"https:\/\/noticiasribeiraopreto.com.br\/index.php\/2024\/08\/23\/atacante-estevao-natural-de-franca-e-convocado-para-selecao-brasileira\/","title":{"rendered":"Atacante Est\u00eav\u00e3o, natural de Franca, \u00e9 convocado para Sele\u00e7\u00e3o Brasileira"},"content":{"rendered":"<p> <br \/>\n<\/p>\n<div data-td-block-uid=\"tdi_106\">\n<div class=\"tdb-block-inner td-fix-index\">\n<p>O treinador <strong>Dorival J\u00fanior <\/strong>anunciou nesta sexta-feira (23) a lista de convocados da <strong>Sele\u00e7\u00e3o Brasileira<\/strong> para as pr\u00f3ximas duas rodadas das Eliminat\u00f3rias para a<strong> Copa do Mundo de 2026<\/strong>. Entre as novidades, <mark style=\"background-color:#fcb900\" class=\"has-inline-color has-black-color\">est\u00e1 o atacante <strong>Est\u00eav\u00e3o<\/strong>, do <strong>Palmeiras<\/strong>, que natural de<strong> Franca<\/strong>, na regi\u00e3o de <strong>Ribeir\u00e3o Preto<\/strong>.<\/mark><\/p>\n<p>A lista ainda tem o zagueiro <strong>\u00c9der Milit\u00e3o<\/strong>, do <strong>Real Madrid<\/strong>, natural de <strong>Sert\u00e3ozinho<\/strong>. O Brasil enfrentar\u00e1 o Equador no dia 6 de setembro, no est\u00e1dio Couto Pereira, em Curitiba, e o Paraguai, no dia 10, no est\u00e1dio Defensores del Chaco, em Assun\u00e7\u00e3o.<\/p>\n<p>A sele\u00e7\u00e3o ocupa a sexta coloca\u00e7\u00e3o da tabela, com sete pontos. Os compromissos contra Equador e Paraguai ser\u00e3o os primeiros de Dorival pelas Eliminat\u00f3rias desde que assumiu a Sele\u00e7\u00e3o em janeiro deste ano. De l\u00e1 para c\u00e1, esteve \u00e0 frente da equipe nos amistosos com Inglaterra e Espanha, em mar\u00e7o, e durante a Copa Am\u00e9rica, nos meses de junho e julho.<\/p>\n<h4 class=\"wp-block-heading\"><strong>Veja os convocados:<\/strong><\/h4>\n<p><strong>GOLEIROS<\/strong><\/p>\n<ul>\n<li>Ederson \u2013 Manchester City<\/li>\n<\/ul>\n<p><strong>LATERAIS<\/strong><\/p>\n<ul>\n<li>Yan Couto \u2013 Borussia Dortmund<\/li>\n<\/ul>\n<ul>\n<li>Guilherme Arana \u2013 Atl\u00e9tico-MG<\/li>\n<\/ul>\n<p><strong>ZAGUEIROS<\/strong><\/p>\n<ul>\n<li>Beraldo \u2013 Paris Saint-Germain<\/li>\n<\/ul>\n<ul>\n<li>\u00c9der Milit\u00e3o \u2013 Real Madrid<\/li>\n<\/ul>\n<ul>\n<li>Gabriel Magalh\u00e3es \u2013 Arsenal<\/li>\n<\/ul>\n<ul>\n<li>Marquinhos \u2013 Paris Saint-Germain<\/li>\n<\/ul>\n<p><strong>MEIO-CAMPISTAS<\/strong><\/p>\n<ul>\n<li>Bruno Guimar\u00e3es \u2013 Newcastle<\/li>\n<\/ul>\n<ul>\n<li>Jo\u00e3o Gomes \u2013 Wolverhampton City<\/li>\n<\/ul>\n<ul>\n<li>Lucas Paquet\u00e1 \u2013 West Ham<\/li>\n<\/ul>\n<p><strong>ATACANTES<\/strong><\/p>\n<ul>\n<li>Luiz Henrique \u2013 Botafogo<\/li>\n<\/ul>\n<ul>\n<li>Savinho \u2013 Manchester City<\/li>\n<\/ul>\n<ul>\n<li>Vinicius J\u00fanior \u2013 Real Madrid<\/li>\n<\/ul>\n<p>SAIBA MAIS<br \/>Inc\u00eandios voltam a interditar rodovias na regi\u00e3o de Ribeir\u00e3o Preto; Veja v\u00eddeo<\/p>\n<h4 class=\"wp-block-heading\"><strong>FIQUE ON<\/strong><\/h4>\n<p>Fique ligado em tudo que acontece em Ribeir\u00e3o Preto e regi\u00e3o. Siga os perfis do <strong>acidade on <\/strong>no<a href=\"https:\/\/www.instagram.com\/acidadeonribeirao\" target=\"_blank\" rel=\"noreferrer noopener nofollow\"> Instagram<\/a> e no <a href=\"https:\/\/www.facebook.com\/acidadeonribeirao\/\" target=\"_blank\" rel=\"noreferrer noopener nofollow\">Facebook<\/a>.<\/p>\n<p>Receba not\u00edcias do<strong> acidade on <\/strong>no WhatsApp.<a href=\"https:\/\/chat.whatsapp.com\/Dtv9mxhy6V5BJBotM2OQ5k\" target=\"_blank\" rel=\"noreferrer noopener nofollow\"> Para entrar no grupo, basta clicar aqui.<\/a><\/p>\n<p>Fa\u00e7a uma den\u00fancia ou sugira uma reportagem sobre Ribeir\u00e3o Preto e regi\u00e3o pelo WhatsApp: 16 99117 7802.<\/p>\n<p>VEJA TAMB\u00c9M<br \/>Quem \u00e9 Juan Izquierdo, jogador que desmaiou em campo?<\/p>\n<p><!-- CONTENT END 1 -->\n<\/div>\n<\/div>\n<p><script async src=\"\/\/www.instagram.com\/embed.js\"><\/script><br \/>\n<br \/><br \/>\n<br \/><a href=\"https:\/\/www.acidadeon.com\/ribeiraopreto\/esportes\/atacante-estevao-natural-de-franca-e-convocado-para-selecao-brasileira\/\">Source link <\/a><\/p>\n","protected":false},"excerpt":{"rendered":"<p>O treinador Dorival J\u00fanior anunciou nesta sexta-feira (23) a lista de convocados da Sele\u00e7\u00e3o Brasileira para as pr\u00f3ximas duas rodadas das Eliminat\u00f3rias para a Copa&#8230;<\/p>\n","protected":false},"author":1,"featured_media":57125,"comment_status":"open","ping_status":"open","sticky":false,"template":"","format":"standard","meta":{"advanced_seo_description":"","jetpack_seo_html_title":"","jetpack_seo_noindex":false,"jetpack_post_was_ever_published":false,"_jetpack_newsletter_access":"","_jetpack_dont_email_post_to_subs":false,"_jetpack_newsletter_tier_id":0,"_jetpack_memberships_contains_paywalled_content":false,"_jetpack_memberships_contains_paid_content":false,"footnotes":"","jetpack_publicize_message":"","jetpack_publicize_feature_enabled":true,"jetpack_social_post_already_shared":true,"jetpack_social_options":{"image_generator_settings":{"template":"highway","default_image_id":0,"font":"","enabled":false},"version":2}},"categories":[11],"tags":[],"class_list":["post-57124","post","type-post","status-publish","format-standard","has-post-thumbnail","hentry","category-noticias-de-ribeirao-preto-sp-e-regiao-ismael-colosi"],"jetpack_publicize_connections":[],"jetpack_featured_media_url":"https:\/\/i0.wp.com\/noticiasribeiraopreto.com.br\/wp-content\/uploads\/2024\/08\/estevao_2024-08-23_16-30-12_jpeg_2024-08-23_16-30-13-scaled.webp.webp?fit=2560%2C1707&ssl=1","jetpack-related-posts":[{"id":57608,"url":"https:\/\/noticiasribeiraopreto.com.br\/index.php\/2024\/09\/05\/veja-quem-e-o-jogador-de-ribeirao-preto-convocado-pelo-dorival-jr\/","url_meta":{"origin":57124,"position":0},"title":"Veja quem \u00e9 o jogador de Ribeir\u00e3o Preto convocado pelo Dorival Jr","author":"noticiasribeiraopreto.com.br","date":"5 de September de 2024","format":false,"excerpt":"O atacante Jo\u00e3o Pedro, do Brighton, da Inglaterra, foi convocado pelo t\u00e9cnico Dorival Jr. para defender a\u00a0sele\u00e7\u00e3o brasileira\u00a0nas partidas contra Equador e Paraguai, pelas Eliminat\u00f3rias da Copa do Mundo de 2026. Ele vai substituir o tamb\u00e9m atacante Pedro que sofreu uma ruptura no ligamento do joelho na quarta-feira (4). Jo\u00e3o\u2026","rel":"","context":"In &quot;Not\u00edcias de Ribeir\u00e3o Preto-SP e Regi\u00e3o&quot;","block_context":{"text":"Not\u00edcias de Ribeir\u00e3o Preto-SP e Regi\u00e3o","link":"https:\/\/noticiasribeiraopreto.com.br\/index.php\/category\/noticias-de-ribeirao-preto-sp-e-regiao-ismael-colosi\/"},"img":{"alt_text":"","src":"https:\/\/i0.wp.com\/noticiasribeiraopreto.com.br\/wp-content\/uploads\/2024\/09\/Joao-Pedro-1068x601-1_2024-09-05_14-39-17_jpeg_2024-09-05_14-39-18.webp.webp?fit=1068%2C601&ssl=1&resize=350%2C200","width":350,"height":200,"srcset":"https:\/\/i0.wp.com\/noticiasribeiraopreto.com.br\/wp-content\/uploads\/2024\/09\/Joao-Pedro-1068x601-1_2024-09-05_14-39-17_jpeg_2024-09-05_14-39-18.webp.webp?fit=1068%2C601&ssl=1&resize=350%2C200 1x, https:\/\/i0.wp.com\/noticiasribeiraopreto.com.br\/wp-content\/uploads\/2024\/09\/Joao-Pedro-1068x601-1_2024-09-05_14-39-17_jpeg_2024-09-05_14-39-18.webp.webp?fit=1068%2C601&ssl=1&resize=525%2C300 1.5x, https:\/\/i0.wp.com\/noticiasribeiraopreto.com.br\/wp-content\/uploads\/2024\/09\/Joao-Pedro-1068x601-1_2024-09-05_14-39-17_jpeg_2024-09-05_14-39-18.webp.webp?fit=1068%2C601&ssl=1&resize=700%2C400 2x, https:\/\/i0.wp.com\/noticiasribeiraopreto.com.br\/wp-content\/uploads\/2024\/09\/Joao-Pedro-1068x601-1_2024-09-05_14-39-17_jpeg_2024-09-05_14-39-18.webp.webp?fit=1068%2C601&ssl=1&resize=1050%2C600 3x"},"classes":[]},{"id":64262,"url":"https:\/\/noticiasribeiraopreto.com.br\/index.php\/2025\/03\/06\/com-neymar-e-jogador-de-ribeirao-veja-a-lista-de-convocados-da-selecao\/","url_meta":{"origin":57124,"position":1},"title":"Com Neymar e jogador de Ribeir\u00e3o, veja a lista de convocados da Sele\u00e7\u00e3o","author":"noticiasribeiraopreto.com.br","date":"6 de March de 2025","format":false,"excerpt":"O treinador da sele\u00e7\u00e3o brasileira, Dorival J\u00fanior, anunciou nesta quinta-feira (6), os nomes dos 23 jogadores convocados para defender a Sele\u00e7\u00e3o Brasileira nas pr\u00f3ximas duas partidas das Eliminat\u00f3rias da Copa do Mundo de 2026. Al\u00e9m de Neymar, que estava fora da sele\u00e7\u00e3o desde outubro de 2023 por causa de les\u00f5es,\u2026","rel":"","context":"In &quot;Not\u00edcias de Ribeir\u00e3o Preto-SP e Regi\u00e3o&quot;","block_context":{"text":"Not\u00edcias de Ribeir\u00e3o Preto-SP e Regi\u00e3o","link":"https:\/\/noticiasribeiraopreto.com.br\/index.php\/category\/noticias-de-ribeirao-preto-sp-e-regiao-ismael-colosi\/"},"img":{"alt_text":"","src":"https:\/\/i0.wp.com\/noticiasribeiraopreto.com.br\/wp-content\/uploads\/2025\/03\/copa_20140508202945-scaled.jpg?fit=1200%2C800&ssl=1&resize=350%2C200","width":350,"height":200,"srcset":"https:\/\/i0.wp.com\/noticiasribeiraopreto.com.br\/wp-content\/uploads\/2025\/03\/copa_20140508202945-scaled.jpg?fit=1200%2C800&ssl=1&resize=350%2C200 1x, https:\/\/i0.wp.com\/noticiasribeiraopreto.com.br\/wp-content\/uploads\/2025\/03\/copa_20140508202945-scaled.jpg?fit=1200%2C800&ssl=1&resize=525%2C300 1.5x, https:\/\/i0.wp.com\/noticiasribeiraopreto.com.br\/wp-content\/uploads\/2025\/03\/copa_20140508202945-scaled.jpg?fit=1200%2C800&ssl=1&resize=700%2C400 2x, https:\/\/i0.wp.com\/noticiasribeiraopreto.com.br\/wp-content\/uploads\/2025\/03\/copa_20140508202945-scaled.jpg?fit=1200%2C800&ssl=1&resize=1050%2C600 3x"},"classes":[]},{"id":71490,"url":"https:\/\/noticiasribeiraopreto.com.br\/index.php\/2025\/06\/06\/jornal-da-franca-atacante-estevao-o-jovem-talento-de-franca-e-o-5-mais-jovem-a-jogar-na-selecao\/","url_meta":{"origin":57124,"position":2},"title":"Jornal da Franca &#8211; Atacante Estev\u00e3o, o jovem talento de Franca, \u00e9 o 5\u00b0 mais jovem a jogar\u00a0na Sele\u00e7\u00e3o","author":"noticiasribeiraopreto.com.br","date":"6 de June de 2025","format":false,"excerpt":"compartilhar no whatsapp compartilhar no telegram compartilhar no facebook compartilhar no linkedin Estreia do craque ser\u00e1 hoje contra o Equador pelas Eliminat\u00f3rias da Copa do Mundo Nesta noite, o atacante francano Estev\u00e3o far\u00e1 sua estreia na Sele\u00e7\u00e3o Brasileira em um jogo pelas eliminat\u00f3rias da Copa do Mundo contra o Equador,\u2026","rel":"","context":"In &quot;Not\u00edcias de Franca-SP&quot;","block_context":{"text":"Not\u00edcias de Franca-SP","link":"https:\/\/noticiasribeiraopreto.com.br\/index.php\/category\/noticias-de-ribeirao-preto-sp-e-regiao-ismael-colosi\/noticias-franca-sp\/"},"img":{"alt_text":"","src":"https:\/\/i0.wp.com\/noticiasribeiraopreto.com.br\/wp-content\/uploads\/2025\/06\/53774397010_17e86f7218_k.jpg?fit=950%2C644&ssl=1&resize=350%2C200","width":350,"height":200,"srcset":"https:\/\/i0.wp.com\/noticiasribeiraopreto.com.br\/wp-content\/uploads\/2025\/06\/53774397010_17e86f7218_k.jpg?fit=950%2C644&ssl=1&resize=350%2C200 1x, https:\/\/i0.wp.com\/noticiasribeiraopreto.com.br\/wp-content\/uploads\/2025\/06\/53774397010_17e86f7218_k.jpg?fit=950%2C644&ssl=1&resize=525%2C300 1.5x, https:\/\/i0.wp.com\/noticiasribeiraopreto.com.br\/wp-content\/uploads\/2025\/06\/53774397010_17e86f7218_k.jpg?fit=950%2C644&ssl=1&resize=700%2C400 2x"},"classes":[]},{"id":70458,"url":"https:\/\/noticiasribeiraopreto.com.br\/index.php\/2025\/05\/26\/natural-de-franca-estevao-aparece-na-primeira-convocacao-de-ancelotti\/","url_meta":{"origin":57124,"position":3},"title":"Natural de Franca, Est\u00eav\u00e3o aparece na primeira convoca\u00e7\u00e3o de Ancelotti","author":"noticiasribeiraopreto.com.br","date":"26 de May de 2025","format":false,"excerpt":"O atacante Est\u00eav\u00e3o, natural de Franca, apareceu na primeira convoca\u00e7\u00e3o de Carlo Ancelotti na sele\u00e7\u00e3o brasileira. O italiano fez a primeira convoca\u00e7\u00e3o ap\u00f3s ser apresentado em um hotel no Rio de Janeiro, na tarde desta segunda-feira (26) \u2013 veja abaixo. A sele\u00e7\u00e3o brasileira se apresenta no dia 2 de junho.\u2026","rel":"","context":"In &quot;Not\u00edcias de Ribeir\u00e3o Preto-SP e Regi\u00e3o&quot;","block_context":{"text":"Not\u00edcias de Ribeir\u00e3o Preto-SP e Regi\u00e3o","link":"https:\/\/noticiasribeiraopreto.com.br\/index.php\/category\/noticias-de-ribeirao-preto-sp-e-regiao-ismael-colosi\/"},"img":{"alt_text":"","src":"https:\/\/i0.wp.com\/noticiasribeiraopreto.com.br\/wp-content\/uploads\/2024\/09\/estevao_2024-09-07_14-37-10_jpg_2024-09-07_14-37-10.webp.webp?fit=1080%2C792&ssl=1&resize=350%2C200","width":350,"height":200,"srcset":"https:\/\/i0.wp.com\/noticiasribeiraopreto.com.br\/wp-content\/uploads\/2024\/09\/estevao_2024-09-07_14-37-10_jpg_2024-09-07_14-37-10.webp.webp?fit=1080%2C792&ssl=1&resize=350%2C200 1x, https:\/\/i0.wp.com\/noticiasribeiraopreto.com.br\/wp-content\/uploads\/2024\/09\/estevao_2024-09-07_14-37-10_jpg_2024-09-07_14-37-10.webp.webp?fit=1080%2C792&ssl=1&resize=525%2C300 1.5x, https:\/\/i0.wp.com\/noticiasribeiraopreto.com.br\/wp-content\/uploads\/2024\/09\/estevao_2024-09-07_14-37-10_jpg_2024-09-07_14-37-10.webp.webp?fit=1080%2C792&ssl=1&resize=700%2C400 2x, https:\/\/i0.wp.com\/noticiasribeiraopreto.com.br\/wp-content\/uploads\/2024\/09\/estevao_2024-09-07_14-37-10_jpg_2024-09-07_14-37-10.webp.webp?fit=1080%2C792&ssl=1&resize=1050%2C600 3x"},"classes":[]},{"id":57687,"url":"https:\/\/noticiasribeiraopreto.com.br\/index.php\/2024\/09\/07\/um-dia-marcado-para-o-resto-da-minha-vida-diz-estevao-apos-estreia-pela-selecao\/","url_meta":{"origin":57124,"position":4},"title":"\u2018Um dia marcado para o resto da minha vida\u2019, diz Est\u00eav\u00e3o ap\u00f3s estreia pela sele\u00e7\u00e3o","author":"noticiasribeiraopreto.com.br","date":"7 de September de 2024","format":false,"excerpt":"O atacante Est\u00eav\u00e3o, que \u00e9 natural de Franca, fez a estreia pela sele\u00e7\u00e3o brasileira na noite da \u00faltima sexta-feira (6). O jogador do Palmeiras entrou em campo no segundo tempo da vit\u00f3ria do Brasil contra o Equador, por 1 a 0, no est\u00e1dio Couto Pereira, em Curitiba-PR. \u201cUm dia marcado\u2026","rel":"","context":"In &quot;Not\u00edcias de Ribeir\u00e3o Preto-SP e Regi\u00e3o&quot;","block_context":{"text":"Not\u00edcias de Ribeir\u00e3o Preto-SP e Regi\u00e3o","link":"https:\/\/noticiasribeiraopreto.com.br\/index.php\/category\/noticias-de-ribeirao-preto-sp-e-regiao-ismael-colosi\/"},"img":{"alt_text":"","src":"https:\/\/i0.wp.com\/noticiasribeiraopreto.com.br\/wp-content\/uploads\/2024\/09\/estevao_2024-09-07_14-37-10_jpg_2024-09-07_14-37-10.webp.webp?fit=1080%2C792&ssl=1&resize=350%2C200","width":350,"height":200,"srcset":"https:\/\/i0.wp.com\/noticiasribeiraopreto.com.br\/wp-content\/uploads\/2024\/09\/estevao_2024-09-07_14-37-10_jpg_2024-09-07_14-37-10.webp.webp?fit=1080%2C792&ssl=1&resize=350%2C200 1x, https:\/\/i0.wp.com\/noticiasribeiraopreto.com.br\/wp-content\/uploads\/2024\/09\/estevao_2024-09-07_14-37-10_jpg_2024-09-07_14-37-10.webp.webp?fit=1080%2C792&ssl=1&resize=525%2C300 1.5x, https:\/\/i0.wp.com\/noticiasribeiraopreto.com.br\/wp-content\/uploads\/2024\/09\/estevao_2024-09-07_14-37-10_jpg_2024-09-07_14-37-10.webp.webp?fit=1080%2C792&ssl=1&resize=700%2C400 2x, https:\/\/i0.wp.com\/noticiasribeiraopreto.com.br\/wp-content\/uploads\/2024\/09\/estevao_2024-09-07_14-37-10_jpg_2024-09-07_14-37-10.webp.webp?fit=1080%2C792&ssl=1&resize=1050%2C600 3x"},"classes":[]},{"id":66344,"url":"https:\/\/noticiasribeiraopreto.com.br\/index.php\/2025\/03\/31\/cbf-demite-dorival-junior-apos-derrota-para-a-argentina-nas-eliminatorias\/","url_meta":{"origin":57124,"position":5},"title":"CBF Demite Dorival J\u00fanior Ap\u00f3s Derrota para a Argentina nas Eliminat\u00f3rias","author":"noticiasribeiraopreto.com.br","date":"31 de March de 2025","format":false,"excerpt":"A Confedera\u00e7\u00e3o Brasileira de Futebol (CBF) anunciou nesta sexta-feira (28) a demiss\u00e3o de Dorival J\u00fanior do cargo de t\u00e9cnico da sele\u00e7\u00e3o brasileira. A decis\u00e3o ocorre ap\u00f3s a goleada sofrida para a Argentina por 4 a 1, em Buenos Aires, pela 14\u00aa rodada das Eliminat\u00f3rias para a Copa do Mundo de\u2026","rel":"","context":"In &quot;Not\u00edcias de Ribeir\u00e3o Preto-SP e Regi\u00e3o&quot;","block_context":{"text":"Not\u00edcias de Ribeir\u00e3o Preto-SP e Regi\u00e3o","link":"https:\/\/noticiasribeiraopreto.com.br\/index.php\/category\/noticias-de-ribeirao-preto-sp-e-regiao-ismael-colosi\/"},"img":{"alt_text":"","src":"https:\/\/i0.wp.com\/noticiasribeiraopreto.com.br\/wp-content\/uploads\/2025\/03\/whatsapp_image_2025-03-19_at_16.46.51_1.webp.webp?fit=1170%2C700&ssl=1&resize=350%2C200","width":350,"height":200,"srcset":"https:\/\/i0.wp.com\/noticiasribeiraopreto.com.br\/wp-content\/uploads\/2025\/03\/whatsapp_image_2025-03-19_at_16.46.51_1.webp.webp?fit=1170%2C700&ssl=1&resize=350%2C200 1x, https:\/\/i0.wp.com\/noticiasribeiraopreto.com.br\/wp-content\/uploads\/2025\/03\/whatsapp_image_2025-03-19_at_16.46.51_1.webp.webp?fit=1170%2C700&ssl=1&resize=525%2C300 1.5x, https:\/\/i0.wp.com\/noticiasribeiraopreto.com.br\/wp-content\/uploads\/2025\/03\/whatsapp_image_2025-03-19_at_16.46.51_1.webp.webp?fit=1170%2C700&ssl=1&resize=700%2C400 2x, https:\/\/i0.wp.com\/noticiasribeiraopreto.com.br\/wp-content\/uploads\/2025\/03\/whatsapp_image_2025-03-19_at_16.46.51_1.webp.webp?fit=1170%2C700&ssl=1&resize=1050%2C600 3x"},"classes":[]}],"jetpack_sharing_enabled":true,"jetpack_shortlink":"https:\/\/wp.me\/peQAOb-eRm","_links":{"self":[{"href":"https:\/\/noticiasribeiraopreto.com.br\/index.php\/wp-json\/wp\/v2\/posts\/57124","targetHints":{"allow":["GET"]}}],"collection":[{"href":"https:\/\/noticiasribeiraopreto.com.br\/index.php\/wp-json\/wp\/v2\/posts"}],"about":[{"href":"https:\/\/noticiasribeiraopreto.com.br\/index.php\/wp-json\/wp\/v2\/types\/post"}],"author":[{"embeddable":true,"href":"https:\/\/noticiasribeiraopreto.com.br\/index.php\/wp-json\/wp\/v2\/users\/1"}],"replies":[{"embeddable":true,"href":"https:\/\/noticiasribeiraopreto.com.br\/index.php\/wp-json\/wp\/v2\/comments?post=57124"}],"version-history":[{"count":0,"href":"https:\/\/noticiasribeiraopreto.com.br\/index.php\/wp-json\/wp\/v2\/posts\/57124\/revisions"}],"wp:featuredmedia":[{"embeddable":true,"href":"https:\/\/noticiasribeiraopreto.com.br\/index.php\/wp-json\/wp\/v2\/media\/57125"}],"wp:attachment":[{"href":"https:\/\/noticiasribeiraopreto.com.br\/index.php\/wp-json\/wp\/v2\/media?parent=57124"}],"wp:term":[{"taxonomy":"category","embeddable":true,"href":"https:\/\/noticiasribeiraopreto.com.br\/index.php\/wp-json\/wp\/v2\/categories?post=57124"},{"taxonomy":"post_tag","embeddable":true,"href":"https:\/\/noticiasribeiraopreto.com.br\/index.php\/wp-json\/wp\/v2\/tags?post=57124"}],"curies":[{"name":"wp","href":"https:\/\/api.w.org\/{rel}","templated":true}]}}