{"id":57127,"date":"2024-08-23T15:21:29","date_gmt":"2024-08-23T18:21:29","guid":{"rendered":"https:\/\/noticiasribeiraopreto.com.br\/index.php\/2024\/08\/23\/usina-da-regiao-de-ribeirao-oferece-r-30-mil-para-denuncias-sobre-incendios\/"},"modified":"2024-08-23T15:21:29","modified_gmt":"2024-08-23T18:21:29","slug":"usina-da-regiao-de-ribeirao-oferece-r-30-mil-para-denuncias-sobre-incendios","status":"publish","type":"post","link":"https:\/\/noticiasribeiraopreto.com.br\/index.php\/2024\/08\/23\/usina-da-regiao-de-ribeirao-oferece-r-30-mil-para-denuncias-sobre-incendios\/","title":{"rendered":"Usina da regi\u00e3o de Ribeir\u00e3o oferece R$ 30 mil para den\u00fancias sobre inc\u00eandios"},"content":{"rendered":"<p> <br \/>\n<\/p>\n<div data-td-block-uid=\"tdi_106\">\n<div class=\"tdb-block-inner td-fix-index\">\n<p>Uma usina de <strong>Luiz Ant\u00f4nio<\/strong>, na regi\u00e3o de <strong>Ribeir\u00e3o Preto<\/strong>, est\u00e1 oferecendo uma recompensa de\u00a0<strong>R$ 30 mil<\/strong>\u00a0para quem <strong><mark style=\"background-color:#fcb900\" class=\"has-inline-color\">fornecer informa\u00e7\u00f5es sobre os inc\u00eandios supostamente criminosos<\/mark><\/strong> pr\u00f3ximos ao local. <\/p>\n<p>As <strong>den\u00fancias <\/strong>devem ser feitas por telefone: <strong><mark style=\"background-color:#fcb900\" class=\"has-inline-color\">0800 740 4783<\/mark><\/strong> ou por <strong>e-mail <mark style=\"background-color:#fcb900\" class=\"has-inline-color\">canalconfidencial.grupomoreno@iaudit.com.br<\/mark><\/strong>. A empresa <strong>garante o anonimato<\/strong>.<\/p>\n<p>O <strong>Grupo Moreno <\/strong>enviou uma nota e pontuou os <strong>preju\u00edzos <\/strong>e <strong>transtornos <\/strong>causados pelos <strong>inc\u00eandios<\/strong>.<\/p>\n<blockquote class=\"wp-block-quote\">\n<p><strong>\u201cOferece a recompensa de at\u00e9 R$ 30 mil por informa\u00e7\u00f5es relativas \u00e0 autoria de inc\u00eandios criminosos ou n\u00e3o autorizados que estejam ocorrendo em \u00e1reas de cultivo de cana-de-a\u00e7\u00facar ou de vegeta\u00e7\u00e3o nativa sob responsabilidade do grupo. Tais inc\u00eandios causam transtornos e preju\u00edzos \u00e0s empresas, colaboradores, meio ambiente e sociedade em geral\u201d<\/strong><\/p>\n<\/blockquote>\n<h4 class=\"wp-block-heading\"><strong>Inc\u00eandios<\/strong><\/h4>\n<p>Moradores das cidades da <strong>regi\u00e3o <\/strong>de <strong>Ribeir\u00e3o Preto<\/strong>, como <strong>Pitangueiras<\/strong>, <strong>Pontal<\/strong>, <strong>Sert\u00e3ozinho <\/strong>e <strong>Bebedouro<\/strong>, ficaram assustados com a s\u00e9rie de inc\u00eandios que ganhou for\u00e7a na \u00faltima quinta-feira (22). <\/p>\n<p>O fogo de grandes propor\u00e7\u00f5es atingiu as margens da <strong>rodovia Armando de Sales Oliveira <\/strong>(<strong>SP-322<\/strong>), por exemplo, e obrigou\u00a0funcion\u00e1rios de uma usina que fica pr\u00f3xima ao local a deixar as instala\u00e7\u00f5es, em <strong>Sert\u00e3ozinho<\/strong>.<\/p>\n<p>SAIBA MAIS<br \/>Receita abre consulta ao 4\u00ba lote de restitui\u00e7\u00f5es nesta sexta; Saiba como fazer<\/p>\n<h4 class=\"wp-block-heading\"><strong>FIQUE ON<\/strong><\/h4>\n<p>Fique ligado em tudo que acontece em Ribeir\u00e3o Preto e regi\u00e3o. Siga os perfis do <strong>acidade on <\/strong>no <a href=\"https:\/\/www.instagram.com\/acidadeonribeirao\" target=\"_blank\" rel=\"noreferrer noopener\">Instagram<\/a> e no <a href=\"https:\/\/www.facebook.com\/acidadeonribeirao\" target=\"_blank\" rel=\"noreferrer noopener\">Facebook<\/a>.<\/p>\n<p>Receba not\u00edcias do <strong>acidade on<\/strong> no WhatsApp. Para entrar no grupo, basta <a href=\"https:\/\/chat.whatsapp.com\/Dtv9mxhy6V5BJBotM2OQ5k\" target=\"_blank\" rel=\"noreferrer noopener\">clicar aqui<\/a>.<\/p>\n<p>Fa\u00e7a uma den\u00fancia ou sugira uma reportagem sobre Ribeir\u00e3o Preto e regi\u00e3o pelo WhatsApp: 16 99117 7802.<\/p>\n<p>VEJA TAMB\u00c9M<br \/>Quem \u00e9 Hannah Lynch?<\/p>\n<p><!-- CONTENT END 1 -->\n<\/div>\n<\/div>\n<p><script async src=\"\/\/www.instagram.com\/embed.js\"><\/script><br \/>\n<br \/><br \/>\n<br \/><a href=\"https:\/\/www.acidadeon.com\/ribeiraopreto\/cotidiano\/usina-da-regiao-de-ribeirao-oferece-r-30-mil-para-denuncias-sobre-incendios\/\">Source link <\/a><\/p>\n","protected":false},"excerpt":{"rendered":"<p>Uma usina de Luiz Ant\u00f4nio, na regi\u00e3o de Ribeir\u00e3o Preto, est\u00e1 oferecendo uma recompensa de\u00a0R$ 30 mil\u00a0para quem fornecer informa\u00e7\u00f5es sobre os inc\u00eandios supostamente criminosos&#8230;<\/p>\n","protected":false},"author":1,"featured_media":57128,"comment_status":"open","ping_status":"open","sticky":false,"template":"","format":"standard","meta":{"advanced_seo_description":"","jetpack_seo_html_title":"","jetpack_seo_noindex":false,"jetpack_post_was_ever_published":false,"_jetpack_newsletter_access":"","_jetpack_dont_email_post_to_subs":false,"_jetpack_newsletter_tier_id":0,"_jetpack_memberships_contains_paywalled_content":false,"_jetpack_memberships_contains_paid_content":false,"footnotes":"","jetpack_publicize_message":"","jetpack_publicize_feature_enabled":true,"jetpack_social_post_already_shared":true,"jetpack_social_options":{"image_generator_settings":{"template":"highway","default_image_id":0,"font":"","enabled":false},"version":2}},"categories":[11],"tags":[],"class_list":["post-57127","post","type-post","status-publish","format-standard","has-post-thumbnail","hentry","category-noticias-de-ribeirao-preto-sp-e-regiao-ismael-colosi"],"jetpack_publicize_connections":[],"jetpack_featured_media_url":"https:\/\/i0.wp.com\/noticiasribeiraopreto.com.br\/wp-content\/uploads\/2024\/08\/incendio-usina_2024-08-23_17-38-45_png_2024-08-23_17-38-45.webp.webp?fit=547%2C549&ssl=1","jetpack-related-posts":[{"id":57221,"url":"https:\/\/noticiasribeiraopreto.com.br\/index.php\/2024\/08\/26\/usina-na-regiao-de-ribeirao-oferece-recompensa-de-ate-r-20-mil-por-denuncias-sobre-incendios\/","url_meta":{"origin":57127,"position":0},"title":"Usina na regi\u00e3o de Ribeir\u00e3o oferece recompensa de at\u00e9 R$ 20 mil por den\u00fancias sobre inc\u00eandios","author":"noticiasribeiraopreto.com.br","date":"26 de August de 2024","format":false,"excerpt":"A Usina Santa Ad\u00e9lia, com matriz em Jaboticabal, na regi\u00e3o de Ribeir\u00e3o Preto, anunciou por meio de uma nota publicada em suas redes sociais, uma recompensa de at\u00e9 R$ 20 mil por den\u00fancias sobre inc\u00eandios supostamente criminosos no interior de S\u00e3o Paulo. As den\u00fancias ser\u00e3o avaliadas por um comit\u00ea interno\u2026","rel":"","context":"In &quot;Not\u00edcias de Ribeir\u00e3o Preto-SP e Regi\u00e3o&quot;","block_context":{"text":"Not\u00edcias de Ribeir\u00e3o Preto-SP e Regi\u00e3o","link":"https:\/\/noticiasribeiraopreto.com.br\/index.php\/category\/noticias-de-ribeirao-preto-sp-e-regiao-ismael-colosi\/"},"img":{"alt_text":"","src":"https:\/\/i0.wp.com\/noticiasribeiraopreto.com.br\/wp-content\/uploads\/2024\/08\/Copia-de-Copia-de-Copia-de-TAMANHO-EXATO-PARA-FOTOS-NO-SISTEMA-NOVO-6_2024-08-26_13-39-59_jpg_2024-08-26_13-39-59.webp.webp?fit=1200%2C675&ssl=1&resize=350%2C200","width":350,"height":200,"srcset":"https:\/\/i0.wp.com\/noticiasribeiraopreto.com.br\/wp-content\/uploads\/2024\/08\/Copia-de-Copia-de-Copia-de-TAMANHO-EXATO-PARA-FOTOS-NO-SISTEMA-NOVO-6_2024-08-26_13-39-59_jpg_2024-08-26_13-39-59.webp.webp?fit=1200%2C675&ssl=1&resize=350%2C200 1x, https:\/\/i0.wp.com\/noticiasribeiraopreto.com.br\/wp-content\/uploads\/2024\/08\/Copia-de-Copia-de-Copia-de-TAMANHO-EXATO-PARA-FOTOS-NO-SISTEMA-NOVO-6_2024-08-26_13-39-59_jpg_2024-08-26_13-39-59.webp.webp?fit=1200%2C675&ssl=1&resize=525%2C300 1.5x, https:\/\/i0.wp.com\/noticiasribeiraopreto.com.br\/wp-content\/uploads\/2024\/08\/Copia-de-Copia-de-Copia-de-TAMANHO-EXATO-PARA-FOTOS-NO-SISTEMA-NOVO-6_2024-08-26_13-39-59_jpg_2024-08-26_13-39-59.webp.webp?fit=1200%2C675&ssl=1&resize=700%2C400 2x, https:\/\/i0.wp.com\/noticiasribeiraopreto.com.br\/wp-content\/uploads\/2024\/08\/Copia-de-Copia-de-Copia-de-TAMANHO-EXATO-PARA-FOTOS-NO-SISTEMA-NOVO-6_2024-08-26_13-39-59_jpg_2024-08-26_13-39-59.webp.webp?fit=1200%2C675&ssl=1&resize=1050%2C600 3x"},"classes":[]},{"id":60600,"url":"https:\/\/noticiasribeiraopreto.com.br\/index.php\/2024\/11\/19\/sp-oferece-recompensa-de-r-50-mil-por-informacoes-sobre-suspeito-de-execucao-no-aeroporto\/","url_meta":{"origin":57127,"position":1},"title":"SP oferece recompensa de R$ 50 mil por informa\u00e7\u00f5es sobre suspeito de execu\u00e7\u00e3o no aeroporto","author":"noticiasribeiraopreto.com.br","date":"19 de November de 2024","format":false,"excerpt":"A SSP-SP (Secretaria da Seguran\u00e7a P\u00fablica de S\u00e3o Paulo) oferece uma recompensa de R$ 50 mil para quem tiver informa\u00e7\u00f5es sobre o paradeiro de Kau\u00ea do Amaral Coelho, de 29 anos, um dos criminosos envolvidos no assassinato de um homem no aeroporto internacional de Guarulhos, no dia 8 de novembro.\u2026","rel":"","context":"In &quot;Not\u00edcias de Ribeir\u00e3o Preto-SP e Regi\u00e3o&quot;","block_context":{"text":"Not\u00edcias de Ribeir\u00e3o Preto-SP e Regi\u00e3o","link":"https:\/\/noticiasribeiraopreto.com.br\/index.php\/category\/noticias-de-ribeirao-preto-sp-e-regiao-ismael-colosi\/"},"img":{"alt_text":"","src":"https:\/\/i0.wp.com\/noticiasribeiraopreto.com.br\/wp-content\/uploads\/2024\/11\/kaue_2024-11-19_15-02-20_jpeg_2024-11-19_15-02-20.webp.webp?fit=1064%2C810&ssl=1&resize=350%2C200","width":350,"height":200,"srcset":"https:\/\/i0.wp.com\/noticiasribeiraopreto.com.br\/wp-content\/uploads\/2024\/11\/kaue_2024-11-19_15-02-20_jpeg_2024-11-19_15-02-20.webp.webp?fit=1064%2C810&ssl=1&resize=350%2C200 1x, https:\/\/i0.wp.com\/noticiasribeiraopreto.com.br\/wp-content\/uploads\/2024\/11\/kaue_2024-11-19_15-02-20_jpeg_2024-11-19_15-02-20.webp.webp?fit=1064%2C810&ssl=1&resize=525%2C300 1.5x, https:\/\/i0.wp.com\/noticiasribeiraopreto.com.br\/wp-content\/uploads\/2024\/11\/kaue_2024-11-19_15-02-20_jpeg_2024-11-19_15-02-20.webp.webp?fit=1064%2C810&ssl=1&resize=700%2C400 2x, https:\/\/i0.wp.com\/noticiasribeiraopreto.com.br\/wp-content\/uploads\/2024\/11\/kaue_2024-11-19_15-02-20_jpeg_2024-11-19_15-02-20.webp.webp?fit=1064%2C810&ssl=1&resize=1050%2C600 3x"},"classes":[]},{"id":58554,"url":"https:\/\/noticiasribeiraopreto.com.br\/index.php\/2024\/09\/30\/incendio-de-grandes-proporcoes-interdita-rodovia-na-regiao-de-ribeirao\/","url_meta":{"origin":57127,"position":2},"title":"Inc\u00eandio de grandes propor\u00e7\u00f5es interdita rodovia na regi\u00e3o de Ribeir\u00e3o","author":"noticiasribeiraopreto.com.br","date":"30 de September de 2024","format":false,"excerpt":"Um inc\u00eandio de grandes propor\u00e7\u00f5es foi registrado \u00e0s margens da rodovia C\u00e2ndido Portinari, em Pedregulho, regi\u00e3o de Ribeir\u00e3o Preto, na tarde desta segunda-feira (30) \u2013 veja o v\u00eddeo abaixo. Devido \u00e0 quantidade de fuma\u00e7a no local, foi necess\u00e1rio interditar um trecho da rodovia por alguns minutos. Neste momento o local\u2026","rel":"","context":"In &quot;Not\u00edcias de Ribeir\u00e3o Preto-SP e Regi\u00e3o&quot;","block_context":{"text":"Not\u00edcias de Ribeir\u00e3o Preto-SP e Regi\u00e3o","link":"https:\/\/noticiasribeiraopreto.com.br\/index.php\/category\/noticias-de-ribeirao-preto-sp-e-regiao-ismael-colosi\/"},"img":{"alt_text":"","src":"https:\/\/i0.wp.com\/noticiasribeiraopreto.com.br\/wp-content\/uploads\/2024\/09\/WhatsApp-Image-2024-09-30-at-13.08.46_2024-09-30_20-27-38_jpeg_2024-09-30_20-27-38.webp.webp?fit=1200%2C900&ssl=1&resize=350%2C200","width":350,"height":200,"srcset":"https:\/\/i0.wp.com\/noticiasribeiraopreto.com.br\/wp-content\/uploads\/2024\/09\/WhatsApp-Image-2024-09-30-at-13.08.46_2024-09-30_20-27-38_jpeg_2024-09-30_20-27-38.webp.webp?fit=1200%2C900&ssl=1&resize=350%2C200 1x, https:\/\/i0.wp.com\/noticiasribeiraopreto.com.br\/wp-content\/uploads\/2024\/09\/WhatsApp-Image-2024-09-30-at-13.08.46_2024-09-30_20-27-38_jpeg_2024-09-30_20-27-38.webp.webp?fit=1200%2C900&ssl=1&resize=525%2C300 1.5x, https:\/\/i0.wp.com\/noticiasribeiraopreto.com.br\/wp-content\/uploads\/2024\/09\/WhatsApp-Image-2024-09-30-at-13.08.46_2024-09-30_20-27-38_jpeg_2024-09-30_20-27-38.webp.webp?fit=1200%2C900&ssl=1&resize=700%2C400 2x, https:\/\/i0.wp.com\/noticiasribeiraopreto.com.br\/wp-content\/uploads\/2024\/09\/WhatsApp-Image-2024-09-30-at-13.08.46_2024-09-30_20-27-38_jpeg_2024-09-30_20-27-38.webp.webp?fit=1200%2C900&ssl=1&resize=1050%2C600 3x"},"classes":[]},{"id":75693,"url":"https:\/\/noticiasribeiraopreto.com.br\/index.php\/2025\/08\/13\/incendio-de-grandes-proporcoes-atinge-canavial-em-ribeirao-preto-veja-video\/","url_meta":{"origin":57127,"position":3},"title":"Inc\u00eandio de grandes propor\u00e7\u00f5es atinge canavial em Ribeir\u00e3o Preto; veja v\u00eddeo","author":"noticiasribeiraopreto.com.br","date":"13 de August de 2025","format":false,"excerpt":"Um inc\u00eandio de grandes propor\u00e7\u00f5es atinge, nesta quarta-feira (13), um canavial pr\u00f3ximo ao Portal dos Ip\u00eas, em Ribeir\u00e3o Preto. Moradores relataram que as chamas come\u00e7aram por volta das 15h. Segundo relatos, o Corpo de Bombeiros n\u00e3o p\u00f4de intervir diretamente, j\u00e1 que o inc\u00eandio ocorre dentro da \u00e1rea da usina. Veja\u2026","rel":"","context":"In &quot;Not\u00edcias de Ribeir\u00e3o Preto-SP e Regi\u00e3o&quot;","block_context":{"text":"Not\u00edcias de Ribeir\u00e3o Preto-SP e Regi\u00e3o","link":"https:\/\/noticiasribeiraopreto.com.br\/index.php\/category\/noticias-de-ribeirao-preto-sp-e-regiao-ismael-colosi\/"},"img":{"alt_text":"","src":"https:\/\/i0.wp.com\/noticiasribeiraopreto.com.br\/wp-content\/uploads\/2025\/08\/Copia-de-Copia-de-Copia-de-TAMANHO-EXATO-PARA-FOTOS-NO-SISTEMA-NOVO-2025-08-13T212434.767_2025-08-14_00-24-41.webp.webp?fit=1200%2C675&ssl=1&resize=350%2C200","width":350,"height":200,"srcset":"https:\/\/i0.wp.com\/noticiasribeiraopreto.com.br\/wp-content\/uploads\/2025\/08\/Copia-de-Copia-de-Copia-de-TAMANHO-EXATO-PARA-FOTOS-NO-SISTEMA-NOVO-2025-08-13T212434.767_2025-08-14_00-24-41.webp.webp?fit=1200%2C675&ssl=1&resize=350%2C200 1x, https:\/\/i0.wp.com\/noticiasribeiraopreto.com.br\/wp-content\/uploads\/2025\/08\/Copia-de-Copia-de-Copia-de-TAMANHO-EXATO-PARA-FOTOS-NO-SISTEMA-NOVO-2025-08-13T212434.767_2025-08-14_00-24-41.webp.webp?fit=1200%2C675&ssl=1&resize=525%2C300 1.5x, https:\/\/i0.wp.com\/noticiasribeiraopreto.com.br\/wp-content\/uploads\/2025\/08\/Copia-de-Copia-de-Copia-de-TAMANHO-EXATO-PARA-FOTOS-NO-SISTEMA-NOVO-2025-08-13T212434.767_2025-08-14_00-24-41.webp.webp?fit=1200%2C675&ssl=1&resize=700%2C400 2x, https:\/\/i0.wp.com\/noticiasribeiraopreto.com.br\/wp-content\/uploads\/2025\/08\/Copia-de-Copia-de-Copia-de-TAMANHO-EXATO-PARA-FOTOS-NO-SISTEMA-NOVO-2025-08-13T212434.767_2025-08-14_00-24-41.webp.webp?fit=1200%2C675&ssl=1&resize=1050%2C600 3x"},"classes":[]},{"id":57135,"url":"https:\/\/noticiasribeiraopreto.com.br\/index.php\/2024\/08\/23\/ribeirao-preto-registra-dois-grandes-incendios-na-tarde-desta-sexta-feira-video\/","url_meta":{"origin":57127,"position":4},"title":"Ribeir\u00e3o Preto registra dois grandes inc\u00eandios na tarde desta sexta-feira; V\u00eddeo","author":"noticiasribeiraopreto.com.br","date":"23 de August de 2024","format":false,"excerpt":"A Defesa Civil e a Guarda Civil Metropolitana informaram que est\u00e3o realizando o combate de dois grandes inc\u00eandios em Ribeir\u00e3o Preto, na tarde desta sexta-feira (23). Os focos foram registrados em uma \u00e1rea de mata pr\u00f3xima ao campus Moura Lacerda, na zona Norte, e outra pr\u00f3xima ao Residencial L\u00e9o Gomes\u2026","rel":"","context":"In &quot;Not\u00edcias de Ribeir\u00e3o Preto-SP e Regi\u00e3o&quot;","block_context":{"text":"Not\u00edcias de Ribeir\u00e3o Preto-SP e Regi\u00e3o","link":"https:\/\/noticiasribeiraopreto.com.br\/index.php\/category\/noticias-de-ribeirao-preto-sp-e-regiao-ismael-colosi\/"},"img":{"alt_text":"","src":"https:\/\/i0.wp.com\/noticiasribeiraopreto.com.br\/wp-content\/uploads\/2024\/08\/incendio-leo-gomes_2024-08-23_20-31-31_jpg_2024-08-23_20-31-31.webp.webp?fit=861%2C586&ssl=1&resize=350%2C200","width":350,"height":200,"srcset":"https:\/\/i0.wp.com\/noticiasribeiraopreto.com.br\/wp-content\/uploads\/2024\/08\/incendio-leo-gomes_2024-08-23_20-31-31_jpg_2024-08-23_20-31-31.webp.webp?fit=861%2C586&ssl=1&resize=350%2C200 1x, https:\/\/i0.wp.com\/noticiasribeiraopreto.com.br\/wp-content\/uploads\/2024\/08\/incendio-leo-gomes_2024-08-23_20-31-31_jpg_2024-08-23_20-31-31.webp.webp?fit=861%2C586&ssl=1&resize=525%2C300 1.5x, https:\/\/i0.wp.com\/noticiasribeiraopreto.com.br\/wp-content\/uploads\/2024\/08\/incendio-leo-gomes_2024-08-23_20-31-31_jpg_2024-08-23_20-31-31.webp.webp?fit=861%2C586&ssl=1&resize=700%2C400 2x"},"classes":[]},{"id":57093,"url":"https:\/\/noticiasribeiraopreto.com.br\/index.php\/2024\/08\/22\/incendio-atinge-canavial-e-funcionarios-de-usina-na-regiao-de-ribeirao-preto-evacuam-o-local\/","url_meta":{"origin":57127,"position":5},"title":"Inc\u00eandio atinge canavial e funcion\u00e1rios de usina na regi\u00e3o de Ribeir\u00e3o Preto evacuam o local","author":"noticiasribeiraopreto.com.br","date":"22 de August de 2024","format":false,"excerpt":"Um inc\u00eandio de grandes propor\u00e7\u00f5es atingiu uma regi\u00e3o de canavial pr\u00f3ximo \u00e0 rodovia Armando de Sales Oliveira (SP-322), em Sert\u00e3ozinho, cidade na regi\u00e3o de Ribeir\u00e3o Preto, e fez com que funcion\u00e1rios de uma usina deixassem o local na tarde desta quinta-feira (22). De acordo com a Ra\u00edzen, as chamas se\u2026","rel":"","context":"In &quot;Not\u00edcias de Ribeir\u00e3o Preto-SP e Regi\u00e3o&quot;","block_context":{"text":"Not\u00edcias de Ribeir\u00e3o Preto-SP e Regi\u00e3o","link":"https:\/\/noticiasribeiraopreto.com.br\/index.php\/category\/noticias-de-ribeirao-preto-sp-e-regiao-ismael-colosi\/"},"img":{"alt_text":"","src":"https:\/\/i0.wp.com\/noticiasribeiraopreto.com.br\/wp-content\/uploads\/2024\/08\/WhatsApp-Image-2024-08-22-at-19.11.40_2024-08-22_22-27-18_jpeg_2024-08-22_22-27-18.webp.webp?fit=750%2C427&ssl=1&resize=350%2C200","width":350,"height":200,"srcset":"https:\/\/i0.wp.com\/noticiasribeiraopreto.com.br\/wp-content\/uploads\/2024\/08\/WhatsApp-Image-2024-08-22-at-19.11.40_2024-08-22_22-27-18_jpeg_2024-08-22_22-27-18.webp.webp?fit=750%2C427&ssl=1&resize=350%2C200 1x, https:\/\/i0.wp.com\/noticiasribeiraopreto.com.br\/wp-content\/uploads\/2024\/08\/WhatsApp-Image-2024-08-22-at-19.11.40_2024-08-22_22-27-18_jpeg_2024-08-22_22-27-18.webp.webp?fit=750%2C427&ssl=1&resize=525%2C300 1.5x, https:\/\/i0.wp.com\/noticiasribeiraopreto.com.br\/wp-content\/uploads\/2024\/08\/WhatsApp-Image-2024-08-22-at-19.11.40_2024-08-22_22-27-18_jpeg_2024-08-22_22-27-18.webp.webp?fit=750%2C427&ssl=1&resize=700%2C400 2x"},"classes":[]}],"jetpack_sharing_enabled":true,"jetpack_shortlink":"https:\/\/wp.me\/peQAOb-eRp","_links":{"self":[{"href":"https:\/\/noticiasribeiraopreto.com.br\/index.php\/wp-json\/wp\/v2\/posts\/57127","targetHints":{"allow":["GET"]}}],"collection":[{"href":"https:\/\/noticiasribeiraopreto.com.br\/index.php\/wp-json\/wp\/v2\/posts"}],"about":[{"href":"https:\/\/noticiasribeiraopreto.com.br\/index.php\/wp-json\/wp\/v2\/types\/post"}],"author":[{"embeddable":true,"href":"https:\/\/noticiasribeiraopreto.com.br\/index.php\/wp-json\/wp\/v2\/users\/1"}],"replies":[{"embeddable":true,"href":"https:\/\/noticiasribeiraopreto.com.br\/index.php\/wp-json\/wp\/v2\/comments?post=57127"}],"version-history":[{"count":0,"href":"https:\/\/noticiasribeiraopreto.com.br\/index.php\/wp-json\/wp\/v2\/posts\/57127\/revisions"}],"wp:featuredmedia":[{"embeddable":true,"href":"https:\/\/noticiasribeiraopreto.com.br\/index.php\/wp-json\/wp\/v2\/media\/57128"}],"wp:attachment":[{"href":"https:\/\/noticiasribeiraopreto.com.br\/index.php\/wp-json\/wp\/v2\/media?parent=57127"}],"wp:term":[{"taxonomy":"category","embeddable":true,"href":"https:\/\/noticiasribeiraopreto.com.br\/index.php\/wp-json\/wp\/v2\/categories?post=57127"},{"taxonomy":"post_tag","embeddable":true,"href":"https:\/\/noticiasribeiraopreto.com.br\/index.php\/wp-json\/wp\/v2\/tags?post=57127"}],"curies":[{"name":"wp","href":"https:\/\/api.w.org\/{rel}","templated":true}]}}