{"id":57131,"date":"2024-08-23T16:28:26","date_gmt":"2024-08-23T19:28:26","guid":{"rendered":"https:\/\/noticiasribeiraopreto.com.br\/index.php\/2024\/08\/23\/veja-a-situacao-das-rodovias-da-regiao-de-ribeirao-preto-durante-incendios\/"},"modified":"2024-08-23T16:28:26","modified_gmt":"2024-08-23T19:28:26","slug":"veja-a-situacao-das-rodovias-da-regiao-de-ribeirao-preto-durante-incendios","status":"publish","type":"post","link":"https:\/\/noticiasribeiraopreto.com.br\/index.php\/2024\/08\/23\/veja-a-situacao-das-rodovias-da-regiao-de-ribeirao-preto-durante-incendios\/","title":{"rendered":"Veja a situa\u00e7\u00e3o das rodovias da regi\u00e3o de Ribeir\u00e3o Preto durante inc\u00eandios"},"content":{"rendered":"<p> <br \/>\n<\/p>\n<div data-td-block-uid=\"tdi_106\">\n<div class=\"tdb-block-inner td-fix-index\">\n<p>Inc\u00eandios voltam a atingir a regi\u00e3o de <strong>Ribeir\u00e3o Preto<\/strong> nesta sexta-feira (23). Por conta disso, rodovias precisaram ser interditadas em raz\u00e3o da fuma\u00e7a, por\u00e9m nenhum acidente foi registrado at\u00e9 o momento. <\/p>\n<h4 class=\"wp-block-heading\"><strong>Confira as interdi\u00e7\u00f5es<\/strong><\/h4>\n<p><strong>SP255 \u2013 Rodovia Ant\u00f4nio Machado Sant\u2019Anna \u2013 Cravinhos<\/strong> <\/p>\n<ul>\n<li>Pista dupla e ambos os sentidos interditados<\/li>\n<\/ul>\n<p><strong>SP334 \u2013 C\u00e2ndido Portinari\u00a0 em Jardin\u00f3polis<\/strong><\/p>\n<ul>\n<li>Pista dupla e liberada \u00e0s 15:30h, com comboio da Pol\u00edcia guiando o fluxo<\/li>\n<\/ul>\n<p><strong>SP333 \u2013 Rodovia Carlos Tonanni, em Barrinha<\/strong><\/p>\n<ul>\n<li>Pista dupla e interdi\u00e7\u00e3o total sem previs\u00e3o de libera\u00e7\u00e3o<\/li>\n<\/ul>\n<p><strong>SP322 \u2013 Rodovia Armando de Salles Oliveira, entre Pitangueiras e Sert\u00e3ozinho<\/strong><\/p>\n<ul>\n<li>Pista dupla e interdi\u00e7\u00e3o total sem previs\u00e3o de libera\u00e7\u00e3o<\/li>\n<\/ul>\n<p><strong>SP291 \u2013 Rodovia Mario Doneg\u00e1, em Dumont<\/strong><\/p>\n<ul>\n<li>Pista dupla com interdi\u00e7\u00e3o no sentido norte. Tr\u00e1fego fluindo no esquema de pare e siga sentido sul <\/li>\n<\/ul>\n<p>SAIBA MAIS<br \/>Receita abre consulta ao 4\u00ba lote de restitui\u00e7\u00f5es nesta sexta; Saiba como fazer<\/p>\n<h4 class=\"wp-block-heading\"><strong>FIQUE ON<\/strong><\/h4>\n<p>Fique ligado em tudo que acontece em Ribeir\u00e3o Preto e regi\u00e3o. Siga os perfis do <strong>acidade on <\/strong>no <a href=\"https:\/\/www.instagram.com\/acidadeonribeirao\" target=\"_blank\" rel=\"noreferrer noopener\">Instagram<\/a> e no <a href=\"https:\/\/www.facebook.com\/acidadeonribeirao\" target=\"_blank\" rel=\"noreferrer noopener\">Facebook<\/a>.<\/p>\n<p>Receba not\u00edcias do<strong> acidade on <\/strong>no WhatsApp. Para entrar no grupo, basta <a href=\"https:\/\/chat.whatsapp.com\/Dtv9mxhy6V5BJBotM2OQ5k\" target=\"_blank\" rel=\"noreferrer noopener\">clicar aqui<\/a>.<\/p>\n<p>Fa\u00e7a uma den\u00fancia ou sugira uma reportagem sobre Ribeir\u00e3o Preto e regi\u00e3o pelo WhatsApp: 16 99117 7802.<\/p>\n<p>VEJA TAMB\u00c9M<br \/><a href=\"https:\/\/acidadeon.com\/tudoep\/tudo-noticias\/quando-tera-chuva-em-sp-frente-fria-traz-ventania-de-70-km-h\/\" target=\"_blank\" rel=\"noreferrer noopener nofollow\">Quando ter\u00e1 chuva em SP? Frente fria traz ventania de 70 km\/h.<\/a><\/p>\n<p><!-- CONTENT END 1 -->\n<\/div>\n<\/div>\n<p><script async src=\"\/\/www.instagram.com\/embed.js\"><\/script><br \/>\n<br \/><br \/>\n<br \/><a href=\"https:\/\/www.acidadeon.com\/ribeiraopreto\/cotidiano\/veja-a-situacao-das-rodovias-da-regiao-de-ribeirao-preto-durante-incendios\/\">Source link <\/a><\/p>\n","protected":false},"excerpt":{"rendered":"<p>Inc\u00eandios voltam a atingir a regi\u00e3o de Ribeir\u00e3o Preto nesta sexta-feira (23). Por conta disso, rodovias precisaram ser interditadas em raz\u00e3o da fuma\u00e7a, por\u00e9m nenhum&#8230;<\/p>\n","protected":false},"author":1,"featured_media":57132,"comment_status":"open","ping_status":"open","sticky":false,"template":"","format":"standard","meta":{"advanced_seo_description":"","jetpack_seo_html_title":"","jetpack_seo_noindex":false,"jetpack_post_was_ever_published":false,"_jetpack_newsletter_access":"","_jetpack_dont_email_post_to_subs":false,"_jetpack_newsletter_tier_id":0,"_jetpack_memberships_contains_paywalled_content":false,"_jetpack_memberships_contains_paid_content":false,"footnotes":"","jetpack_publicize_message":"","jetpack_publicize_feature_enabled":true,"jetpack_social_post_already_shared":true,"jetpack_social_options":{"image_generator_settings":{"template":"highway","default_image_id":0,"font":"","enabled":false},"version":2}},"categories":[11],"tags":[],"class_list":["post-57131","post","type-post","status-publish","format-standard","has-post-thumbnail","hentry","category-noticias-de-ribeirao-preto-sp-e-regiao-ismael-colosi"],"jetpack_publicize_connections":[],"jetpack_featured_media_url":"https:\/\/i0.wp.com\/noticiasribeiraopreto.com.br\/wp-content\/uploads\/2024\/08\/INCENDIO_2024-08-23_18-57-32_jpg_2024-08-23_18-57-32.webp.webp?fit=1200%2C784&ssl=1","jetpack-related-posts":[{"id":57162,"url":"https:\/\/noticiasribeiraopreto.com.br\/index.php\/2024\/08\/24\/mais-uma-rodovia-da-regiao-de-ribeirao-e-interditada-veja-qual\/","url_meta":{"origin":57131,"position":0},"title":"Mais uma rodovia da regi\u00e3o de Ribeir\u00e3o \u00e9 interditada; veja qual","author":"noticiasribeiraopreto.com.br","date":"24 de August de 2024","format":false,"excerpt":"Inc\u00eandio e fuma\u00e7a causaram a interdi\u00e7\u00e3o de mais uma rodovia da regi\u00e3o de Ribeir\u00e3o Preto, na tarde deste s\u00e1bado (24). A rodovia Maur\u00edlio Biagi, em Pontal, est\u00e1 interditada nos dois sentidos. Ainda n\u00e3o h\u00e1 previs\u00e3o de libera\u00e7\u00e3o da via de acordo com a concession\u00e1ria. Mais cedo, ao menos duas rodovias\u2026","rel":"","context":"In &quot;Not\u00edcias de Ribeir\u00e3o Preto-SP e Regi\u00e3o&quot;","block_context":{"text":"Not\u00edcias de Ribeir\u00e3o Preto-SP e Regi\u00e3o","link":"https:\/\/noticiasribeiraopreto.com.br\/index.php\/category\/noticias-de-ribeirao-preto-sp-e-regiao-ismael-colosi\/"},"img":{"alt_text":"","src":"https:\/\/i0.wp.com\/noticiasribeiraopreto.com.br\/wp-content\/uploads\/2024\/08\/pontal_2024-08-24_17-55-00_png_2024-08-24_17-55-00.webp.webp?fit=366%2C454&ssl=1&resize=350%2C200","width":350,"height":200},"classes":[]},{"id":58889,"url":"https:\/\/noticiasribeiraopreto.com.br\/index.php\/2024\/10\/08\/rodovia-anhanguera-sofre-interdicao-por-conta-de-incendio\/","url_meta":{"origin":57131,"position":1},"title":"Rodovia Anhanguera sofre interdi\u00e7\u00e3o por conta de inc\u00eandio","author":"noticiasribeiraopreto.com.br","date":"8 de October de 2024","format":false,"excerpt":"No in\u00edcio da tarde desta ter\u00e7a-feira (8), um inc\u00eandio foi registrado na rodovia Anhanguera, pr\u00f3ximo ao quil\u00f4metro 415, em Ituverava, na regi\u00e3o de Ribeir\u00e3o Preto. O local precisou ser interditado duas vezes. De acordo com a Entrevias, equipes da concession\u00e1ria estiveram no local e, com apoio de usinas da regi\u00e3o,\u2026","rel":"","context":"In &quot;Not\u00edcias de Ribeir\u00e3o Preto-SP e Regi\u00e3o&quot;","block_context":{"text":"Not\u00edcias de Ribeir\u00e3o Preto-SP e Regi\u00e3o","link":"https:\/\/noticiasribeiraopreto.com.br\/index.php\/category\/noticias-de-ribeirao-preto-sp-e-regiao-ismael-colosi\/"},"img":{"alt_text":"","src":"https:\/\/i0.wp.com\/noticiasribeiraopreto.com.br\/wp-content\/uploads\/2024\/10\/iofh_2024-10-08_19-16-34_png_2024-10-08_19-16-34.webp.webp?fit=1200%2C628&ssl=1&resize=350%2C200","width":350,"height":200,"srcset":"https:\/\/i0.wp.com\/noticiasribeiraopreto.com.br\/wp-content\/uploads\/2024\/10\/iofh_2024-10-08_19-16-34_png_2024-10-08_19-16-34.webp.webp?fit=1200%2C628&ssl=1&resize=350%2C200 1x, https:\/\/i0.wp.com\/noticiasribeiraopreto.com.br\/wp-content\/uploads\/2024\/10\/iofh_2024-10-08_19-16-34_png_2024-10-08_19-16-34.webp.webp?fit=1200%2C628&ssl=1&resize=525%2C300 1.5x, https:\/\/i0.wp.com\/noticiasribeiraopreto.com.br\/wp-content\/uploads\/2024\/10\/iofh_2024-10-08_19-16-34_png_2024-10-08_19-16-34.webp.webp?fit=1200%2C628&ssl=1&resize=700%2C400 2x, https:\/\/i0.wp.com\/noticiasribeiraopreto.com.br\/wp-content\/uploads\/2024\/10\/iofh_2024-10-08_19-16-34_png_2024-10-08_19-16-34.webp.webp?fit=1200%2C628&ssl=1&resize=1050%2C600 3x"},"classes":[]},{"id":80194,"url":"https:\/\/noticiasribeiraopreto.com.br\/index.php\/2025\/11\/17\/apos-6-horas-rodovia-antonio-machado-santanna-segue-com-interdicao-por-causa-de-acidente\/","url_meta":{"origin":57131,"position":2},"title":"Ap\u00f3s 6 horas, rodovia Ant\u00f4nio Machado Sant\u2019Anna segue com interdi\u00e7\u00e3o por causa de acidente","author":"noticiasribeiraopreto.com.br","date":"17 de November de 2025","format":false,"excerpt":"A pista sul da rodovia Ant\u00f4nio Machado Sant\u2019Anna (SP-255) segue interditada nesta segunda-feira (17), depois que um caminh\u00e3o atingiu a prote\u00e7\u00e3o de concreto no km 4,5, em Ribeir\u00e3o Preto. O bloqueio teve in\u00edcio \u00e0s 4h. Segundo a Artesp (Ag\u00eancia de Transporte do Estado de S\u00e3o Paulo), o motorista do caminh\u00e3o\u2026","rel":"","context":"In &quot;Not\u00edcias de Ribeir\u00e3o Preto-SP e Regi\u00e3o&quot;","block_context":{"text":"Not\u00edcias de Ribeir\u00e3o Preto-SP e Regi\u00e3o","link":"https:\/\/noticiasribeiraopreto.com.br\/index.php\/category\/noticias-de-ribeirao-preto-sp-e-regiao-ismael-colosi\/"},"img":{"alt_text":"","src":"https:\/\/i0.wp.com\/noticiasribeiraopreto.com.br\/wp-content\/uploads\/2025\/11\/rodovia_2025-11-17_13-05-13.webp.webp?fit=1200%2C730&ssl=1&resize=350%2C200","width":350,"height":200,"srcset":"https:\/\/i0.wp.com\/noticiasribeiraopreto.com.br\/wp-content\/uploads\/2025\/11\/rodovia_2025-11-17_13-05-13.webp.webp?fit=1200%2C730&ssl=1&resize=350%2C200 1x, https:\/\/i0.wp.com\/noticiasribeiraopreto.com.br\/wp-content\/uploads\/2025\/11\/rodovia_2025-11-17_13-05-13.webp.webp?fit=1200%2C730&ssl=1&resize=525%2C300 1.5x, https:\/\/i0.wp.com\/noticiasribeiraopreto.com.br\/wp-content\/uploads\/2025\/11\/rodovia_2025-11-17_13-05-13.webp.webp?fit=1200%2C730&ssl=1&resize=700%2C400 2x, https:\/\/i0.wp.com\/noticiasribeiraopreto.com.br\/wp-content\/uploads\/2025\/11\/rodovia_2025-11-17_13-05-13.webp.webp?fit=1200%2C730&ssl=1&resize=1050%2C600 3x"},"classes":[]},{"id":66154,"url":"https:\/\/noticiasribeiraopreto.com.br\/index.php\/2025\/03\/28\/incendio-em-caminhao-interdita-rodovia-anhanguera-em-cravinhos\/","url_meta":{"origin":57131,"position":3},"title":"Inc\u00eandio em Caminh\u00e3o Interdita Rodovia Anhanguera em Cravinhos","author":"noticiasribeiraopreto.com.br","date":"28 de March de 2025","format":false,"excerpt":"Na madrugada desta sexta-feira, 28 de mar\u00e7o de 2025, um caminh\u00e3o carregado de gesso pegou fogo no quil\u00f4metro 300 da Rodovia Anhanguera (SP-330), no munic\u00edpio de Cravinhos, regi\u00e3o de Ribeir\u00e3o Preto. O incidente ocorreu por volta das 6h e resultou na interdi\u00e7\u00e3o da pista no sentido sul (capital), causando um\u2026","rel":"","context":"In &quot;Not\u00edcias de Ribeir\u00e3o Preto-SP e Regi\u00e3o&quot;","block_context":{"text":"Not\u00edcias de Ribeir\u00e3o Preto-SP e Regi\u00e3o","link":"https:\/\/noticiasribeiraopreto.com.br\/index.php\/category\/noticias-de-ribeirao-preto-sp-e-regiao-ismael-colosi\/"},"img":{"alt_text":"","src":"https:\/\/i0.wp.com\/noticiasribeiraopreto.com.br\/wp-content\/uploads\/2025\/03\/folder_soldado_do_fogo_3.webp.webp?fit=1170%2C700&ssl=1&resize=350%2C200","width":350,"height":200,"srcset":"https:\/\/i0.wp.com\/noticiasribeiraopreto.com.br\/wp-content\/uploads\/2025\/03\/folder_soldado_do_fogo_3.webp.webp?fit=1170%2C700&ssl=1&resize=350%2C200 1x, https:\/\/i0.wp.com\/noticiasribeiraopreto.com.br\/wp-content\/uploads\/2025\/03\/folder_soldado_do_fogo_3.webp.webp?fit=1170%2C700&ssl=1&resize=525%2C300 1.5x, https:\/\/i0.wp.com\/noticiasribeiraopreto.com.br\/wp-content\/uploads\/2025\/03\/folder_soldado_do_fogo_3.webp.webp?fit=1170%2C700&ssl=1&resize=700%2C400 2x, https:\/\/i0.wp.com\/noticiasribeiraopreto.com.br\/wp-content\/uploads\/2025\/03\/folder_soldado_do_fogo_3.webp.webp?fit=1170%2C700&ssl=1&resize=1050%2C600 3x"},"classes":[]},{"id":80166,"url":"https:\/\/noticiasribeiraopreto.com.br\/index.php\/2025\/11\/17\/rodovia-tem-interdicao-total-de-pista-apos-acidente-em-ribeirao-preto\/","url_meta":{"origin":57131,"position":4},"title":"Rodovia tem interdi\u00e7\u00e3o total de pista ap\u00f3s acidente em Ribeir\u00e3o Preto","author":"noticiasribeiraopreto.com.br","date":"17 de November de 2025","format":false,"excerpt":"Um caminh\u00e3o atingiu a prote\u00e7\u00e3o de concreto no canteiro central da rodovia Ant\u00f4nio Machado Sant\u2019Anna (SP-255), na madrugada desta segunda-feira (17), no km 4,5, em Ribeir\u00e3o Preto. Segundo o Artesp (Ag\u00eancia de Transporte do Estado de S\u00e3o Paulo), a pista sentido sul (Ribeir\u00e3o-Araraquara) est\u00e1 totalmente bloqueada. Um carro tamb\u00e9m foi\u2026","rel":"","context":"In &quot;Not\u00edcias de Ribeir\u00e3o Preto-SP e Regi\u00e3o&quot;","block_context":{"text":"Not\u00edcias de Ribeir\u00e3o Preto-SP e Regi\u00e3o","link":"https:\/\/noticiasribeiraopreto.com.br\/index.php\/category\/noticias-de-ribeirao-preto-sp-e-regiao-ismael-colosi\/"},"img":{"alt_text":"","src":"https:\/\/i0.wp.com\/noticiasribeiraopreto.com.br\/wp-content\/uploads\/2025\/11\/caminhao_2025-11-17_09-47-09.webp.webp?fit=1200%2C651&ssl=1&resize=350%2C200","width":350,"height":200,"srcset":"https:\/\/i0.wp.com\/noticiasribeiraopreto.com.br\/wp-content\/uploads\/2025\/11\/caminhao_2025-11-17_09-47-09.webp.webp?fit=1200%2C651&ssl=1&resize=350%2C200 1x, https:\/\/i0.wp.com\/noticiasribeiraopreto.com.br\/wp-content\/uploads\/2025\/11\/caminhao_2025-11-17_09-47-09.webp.webp?fit=1200%2C651&ssl=1&resize=525%2C300 1.5x, https:\/\/i0.wp.com\/noticiasribeiraopreto.com.br\/wp-content\/uploads\/2025\/11\/caminhao_2025-11-17_09-47-09.webp.webp?fit=1200%2C651&ssl=1&resize=700%2C400 2x, https:\/\/i0.wp.com\/noticiasribeiraopreto.com.br\/wp-content\/uploads\/2025\/11\/caminhao_2025-11-17_09-47-09.webp.webp?fit=1200%2C651&ssl=1&resize=1050%2C600 3x"},"classes":[]},{"id":57158,"url":"https:\/\/noticiasribeiraopreto.com.br\/index.php\/2024\/08\/24\/incendios-voltam-a-fechar-rodovias-na-regiao-de-ribeirao-preto\/","url_meta":{"origin":57131,"position":5},"title":"Inc\u00eandios voltam a fechar rodovias na regi\u00e3o de Ribeir\u00e3o Preto","author":"noticiasribeiraopreto.com.br","date":"24 de August de 2024","format":false,"excerpt":"Ao menos duas rodovias da regi\u00e3o de Ribeir\u00e3o Preto foram interdiadas por causa de queimadas neste s\u00e1bado (24). Assista ao v\u00eddeo abaixo. Segundo a concession\u00e1ria ViaPaulista, os dois sentidos da C\u00e2ndido Portinari (SP-334) foram bloqueados no km 341, em Brodowski. O tr\u00e2nsito, por\u00e9m, j\u00e1 est\u00e1 liberado no trecho. J\u00e1 a\u2026","rel":"","context":"In &quot;Not\u00edcias de Ribeir\u00e3o Preto-SP e Regi\u00e3o&quot;","block_context":{"text":"Not\u00edcias de Ribeir\u00e3o Preto-SP e Regi\u00e3o","link":"https:\/\/noticiasribeiraopreto.com.br\/index.php\/category\/noticias-de-ribeirao-preto-sp-e-regiao-ismael-colosi\/"},"img":{"alt_text":"","src":"https:\/\/i0.wp.com\/noticiasribeiraopreto.com.br\/wp-content\/uploads\/2024\/08\/WhatsApp-Image-2024-08-24-at-13.30.57_2024-08-24_16-31-21_jpeg_2024-08-24_16-31-21.webp.webp?fit=1200%2C838&ssl=1&resize=350%2C200","width":350,"height":200,"srcset":"https:\/\/i0.wp.com\/noticiasribeiraopreto.com.br\/wp-content\/uploads\/2024\/08\/WhatsApp-Image-2024-08-24-at-13.30.57_2024-08-24_16-31-21_jpeg_2024-08-24_16-31-21.webp.webp?fit=1200%2C838&ssl=1&resize=350%2C200 1x, https:\/\/i0.wp.com\/noticiasribeiraopreto.com.br\/wp-content\/uploads\/2024\/08\/WhatsApp-Image-2024-08-24-at-13.30.57_2024-08-24_16-31-21_jpeg_2024-08-24_16-31-21.webp.webp?fit=1200%2C838&ssl=1&resize=525%2C300 1.5x, https:\/\/i0.wp.com\/noticiasribeiraopreto.com.br\/wp-content\/uploads\/2024\/08\/WhatsApp-Image-2024-08-24-at-13.30.57_2024-08-24_16-31-21_jpeg_2024-08-24_16-31-21.webp.webp?fit=1200%2C838&ssl=1&resize=700%2C400 2x, https:\/\/i0.wp.com\/noticiasribeiraopreto.com.br\/wp-content\/uploads\/2024\/08\/WhatsApp-Image-2024-08-24-at-13.30.57_2024-08-24_16-31-21_jpeg_2024-08-24_16-31-21.webp.webp?fit=1200%2C838&ssl=1&resize=1050%2C600 3x"},"classes":[]}],"jetpack_sharing_enabled":true,"jetpack_shortlink":"https:\/\/wp.me\/peQAOb-eRt","_links":{"self":[{"href":"https:\/\/noticiasribeiraopreto.com.br\/index.php\/wp-json\/wp\/v2\/posts\/57131","targetHints":{"allow":["GET"]}}],"collection":[{"href":"https:\/\/noticiasribeiraopreto.com.br\/index.php\/wp-json\/wp\/v2\/posts"}],"about":[{"href":"https:\/\/noticiasribeiraopreto.com.br\/index.php\/wp-json\/wp\/v2\/types\/post"}],"author":[{"embeddable":true,"href":"https:\/\/noticiasribeiraopreto.com.br\/index.php\/wp-json\/wp\/v2\/users\/1"}],"replies":[{"embeddable":true,"href":"https:\/\/noticiasribeiraopreto.com.br\/index.php\/wp-json\/wp\/v2\/comments?post=57131"}],"version-history":[{"count":0,"href":"https:\/\/noticiasribeiraopreto.com.br\/index.php\/wp-json\/wp\/v2\/posts\/57131\/revisions"}],"wp:featuredmedia":[{"embeddable":true,"href":"https:\/\/noticiasribeiraopreto.com.br\/index.php\/wp-json\/wp\/v2\/media\/57132"}],"wp:attachment":[{"href":"https:\/\/noticiasribeiraopreto.com.br\/index.php\/wp-json\/wp\/v2\/media?parent=57131"}],"wp:term":[{"taxonomy":"category","embeddable":true,"href":"https:\/\/noticiasribeiraopreto.com.br\/index.php\/wp-json\/wp\/v2\/categories?post=57131"},{"taxonomy":"post_tag","embeddable":true,"href":"https:\/\/noticiasribeiraopreto.com.br\/index.php\/wp-json\/wp\/v2\/tags?post=57131"}],"curies":[{"name":"wp","href":"https:\/\/api.w.org\/{rel}","templated":true}]}}