{"id":57134,"date":"2024-08-23T16:59:47","date_gmt":"2024-08-23T19:59:47","guid":{"rendered":"https:\/\/noticiasribeiraopreto.com.br\/index.php\/2024\/08\/23\/queimada-suspende-coleta-de-sangue-em-cidade-na-regiao-de-ribeirao-veja-como-doar\/"},"modified":"2024-08-23T16:59:47","modified_gmt":"2024-08-23T19:59:47","slug":"queimada-suspende-coleta-de-sangue-em-cidade-na-regiao-de-ribeirao-veja-como-doar","status":"publish","type":"post","link":"https:\/\/noticiasribeiraopreto.com.br\/index.php\/2024\/08\/23\/queimada-suspende-coleta-de-sangue-em-cidade-na-regiao-de-ribeirao-veja-como-doar\/","title":{"rendered":"Queimada suspende coleta de sangue em cidade na regi\u00e3o de Ribeir\u00e3o; veja como doar"},"content":{"rendered":"<p> <br \/>\n<\/p>\n<div data-td-block-uid=\"tdi_106\">\n<div class=\"tdb-block-inner td-fix-index\">\n<p>O <strong><mark style=\"background-color:#fcb900\" class=\"has-inline-color\">Hemocentro de Ribeir\u00e3o Preto<\/mark> <\/strong>suspendeu a coleta de bolsas de sangue que seria realizada em Jaboticabal, neste <strong>s\u00e1bado <\/strong>(24), por causa das<strong> queimadas <\/strong>na <strong>regi\u00e3o <\/strong>que resultaram na <strong>interdi\u00e7\u00e3o das rodovias<\/strong>.<\/p>\n<p><strong><mark style=\"background-color:#fcb900\" class=\"has-inline-color\">A coleta atenderia 150 doadores. <\/mark><\/strong><\/p>\n<p>Em nota, o Hemocentro pede aos doadores residentes das <strong><mark style=\"background-color:#fcb900\" class=\"has-inline-color\">cidades n\u00e3o afetadas<\/mark><\/strong> pelo fogo que se desloquem para Ribeir\u00e3o Preto para realizar as doa\u00e7\u00f5es.<\/p>\n<h4 class=\"wp-block-heading\"><strong>Onde doar<\/strong><\/h4>\n<p>No <strong>s\u00e1bado<\/strong>, a coleta pode ser realizada em <strong>dois <\/strong>locais:<\/p>\n<ul>\n<li>rua Quintino Bocai\u00fava, 470, centro de Ribeir\u00e3o Preto \u2013 das 7h30 \u00e0s 12h30. <\/li>\n<li>Hemocentro \u2013 campus da USP, das 7h \u00e0s 12h30.<\/li>\n<\/ul>\n<p>No <strong>domingo<\/strong>, a coleta ser\u00e1 em <strong>apenas um <\/strong>local:<\/p>\n<ul>\n<li><strong>Hemocentro <\/strong>\u2013<strong> campus da USP<\/strong>, das 7h \u00e0s 12h30.<\/li>\n<\/ul>\n<p>SAIBA MAIS<br \/>Veja a situa\u00e7\u00e3o das rodovias da regi\u00e3o de Ribeir\u00e3o Preto durante inc\u00eandios<\/p>\n<p><strong>FIQUE ON<\/strong><\/p>\n<p>Fique ligado em tudo que acontece em Ribeir\u00e3o Preto e regi\u00e3o. Siga os perfis do <strong>acidade on <\/strong>no <a href=\"https:\/\/www.instagram.com\/acidadeonribeirao\" target=\"_blank\" rel=\"noreferrer noopener\">Instagram<\/a> e no <a href=\"https:\/\/www.facebook.com\/acidadeonribeirao\" target=\"_blank\" rel=\"noreferrer noopener\">Facebook<\/a>.<\/p>\n<p>Receba not\u00edcias do<strong> acidade on <\/strong>no WhatsApp. Para entrar no grupo, basta <a href=\"https:\/\/chat.whatsapp.com\/Dtv9mxhy6V5BJBotM2OQ5k\" target=\"_blank\" rel=\"noreferrer noopener\">clicar aqui<\/a>.<\/p>\n<p>Fa\u00e7a uma den\u00fancia ou sugira uma reportagem sobre Ribeir\u00e3o Preto e regi\u00e3o pelo WhatsApp: 16 99117 7802.<\/p>\n<p>VEJA TAMB\u00c9M<br \/>Quem \u00e9 Hannah Lynch?<\/p>\n<p><!-- CONTENT END 1 -->\n<\/div>\n<\/div>\n<p><script async src=\"\/\/www.instagram.com\/embed.js\"><\/script><br \/>\n<br \/><br \/>\n<br \/><a href=\"https:\/\/www.acidadeon.com\/ribeiraopreto\/cotidiano\/queimada-suspende-coleta-sangue-na-regiao-de-ribeirao-veja-como-doar\/\">Source link <\/a><\/p>\n","protected":false},"excerpt":{"rendered":"<p>O Hemocentro de Ribeir\u00e3o Preto suspendeu a coleta de bolsas de sangue que seria realizada em Jaboticabal, neste s\u00e1bado (24), por causa das queimadas na&#8230;<\/p>\n","protected":false},"author":1,"featured_media":51712,"comment_status":"open","ping_status":"open","sticky":false,"template":"","format":"standard","meta":{"advanced_seo_description":"","jetpack_seo_html_title":"","jetpack_seo_noindex":false,"jetpack_post_was_ever_published":false,"_jetpack_newsletter_access":"","_jetpack_dont_email_post_to_subs":false,"_jetpack_newsletter_tier_id":0,"_jetpack_memberships_contains_paywalled_content":false,"_jetpack_memberships_contains_paid_content":false,"footnotes":"","jetpack_publicize_message":"","jetpack_publicize_feature_enabled":true,"jetpack_social_post_already_shared":true,"jetpack_social_options":{"image_generator_settings":{"template":"highway","default_image_id":0,"font":"","enabled":false},"version":2}},"categories":[11],"tags":[],"class_list":["post-57134","post","type-post","status-publish","format-standard","has-post-thumbnail","hentry","category-noticias-de-ribeirao-preto-sp-e-regiao-ismael-colosi"],"jetpack_publicize_connections":[],"jetpack_featured_media_url":"https:\/\/i0.wp.com\/noticiasribeiraopreto.com.br\/wp-content\/uploads\/2024\/05\/blood-4951009_1280_2024-05-29_16-50-53_jpg_2024-05-29_16-50-54.webp.webp?fit=1280%2C853&ssl=1","jetpack-related-posts":[{"id":81193,"url":"https:\/\/noticiasribeiraopreto.com.br\/index.php\/2025\/12\/27\/doacoes-de-sangue-tem-queda-no-fim-de-ano-veja-como-e-onde-doar-em-ribeirao-preto\/","url_meta":{"origin":57134,"position":0},"title":"Doa\u00e7\u00f5es de sangue t\u00eam queda no fim de ano; Veja como e onde doar em Ribeir\u00e3o Preto","author":"noticiasribeiraopreto.com.br","date":"27 de December de 2025","format":false,"excerpt":"O fim de ano \u00e9 tempo de festas e viagens, mas tamb\u00e9m \u00e9 um per\u00edodo cr\u00edtico para os bancos de sangue. Nessa \u00e9poca, as doa\u00e7\u00f5es costumam cair de forma significativa, enquanto a demanda nos hospitais continua alta. Em Ribeir\u00e3o Preto, as doa\u00e7\u00f5es s\u00e3o feitas regularmente no Hemocentro e no GSH\u2026","rel":"","context":"In &quot;Not\u00edcias de Ribeir\u00e3o Preto-SP e Regi\u00e3o&quot;","block_context":{"text":"Not\u00edcias de Ribeir\u00e3o Preto-SP e Regi\u00e3o","link":"https:\/\/noticiasribeiraopreto.com.br\/index.php\/category\/noticias-de-ribeirao-preto-sp-e-regiao-ismael-colosi\/"},"img":{"alt_text":"","src":"https:\/\/i0.wp.com\/noticiasribeiraopreto.com.br\/wp-content\/uploads\/2025\/12\/hepatite_exame_de_sangue_2025-12-26_19-29-31.webp.webp?fit=1170%2C700&ssl=1&resize=350%2C200","width":350,"height":200,"srcset":"https:\/\/i0.wp.com\/noticiasribeiraopreto.com.br\/wp-content\/uploads\/2025\/12\/hepatite_exame_de_sangue_2025-12-26_19-29-31.webp.webp?fit=1170%2C700&ssl=1&resize=350%2C200 1x, https:\/\/i0.wp.com\/noticiasribeiraopreto.com.br\/wp-content\/uploads\/2025\/12\/hepatite_exame_de_sangue_2025-12-26_19-29-31.webp.webp?fit=1170%2C700&ssl=1&resize=525%2C300 1.5x, https:\/\/i0.wp.com\/noticiasribeiraopreto.com.br\/wp-content\/uploads\/2025\/12\/hepatite_exame_de_sangue_2025-12-26_19-29-31.webp.webp?fit=1170%2C700&ssl=1&resize=700%2C400 2x, https:\/\/i0.wp.com\/noticiasribeiraopreto.com.br\/wp-content\/uploads\/2025\/12\/hepatite_exame_de_sangue_2025-12-26_19-29-31.webp.webp?fit=1170%2C700&ssl=1&resize=1050%2C600 3x"},"classes":[]},{"id":82075,"url":"https:\/\/noticiasribeiraopreto.com.br\/index.php\/2026\/02\/03\/estoque-de-sangue-ameaca-cirurgias\/","url_meta":{"origin":57134,"position":1},"title":"Estoque de sangue amea\u00e7a cirurgias","author":"noticiasribeiraopreto.com.br","date":"3 de February de 2026","format":false,"excerpt":"\r \r \r 3 de fevereiro de 2026 08:213 de fevereiro de 2026 08:23 \r Compartilhar0 Rede Hemocentro atende 131 hospitais em 249 munic\u00edpios e faz 95 mil transfus\u00f5es por ano O Hemocentro de Ribeir\u00e3o Preto vem a p\u00fablico manifestar preocupa\u00e7\u00e3o com os n\u00edveis atuais de seus estoques de sangue.\u2026","rel":"","context":"In &quot;Not\u00edcias de Ribeir\u00e3o Preto-SP e Regi\u00e3o&quot;","block_context":{"text":"Not\u00edcias de Ribeir\u00e3o Preto-SP e Regi\u00e3o","link":"https:\/\/noticiasribeiraopreto.com.br\/index.php\/category\/noticias-de-ribeirao-preto-sp-e-regiao-ismael-colosi\/"},"img":{"alt_text":"","src":"https:\/\/i0.wp.com\/noticiasribeiraopreto.com.br\/wp-content\/uploads\/2026\/02\/SangueRP-Divulgacao-Hemocentro-scaled.jpg?fit=1200%2C676&ssl=1&resize=350%2C200","width":350,"height":200,"srcset":"https:\/\/i0.wp.com\/noticiasribeiraopreto.com.br\/wp-content\/uploads\/2026\/02\/SangueRP-Divulgacao-Hemocentro-scaled.jpg?fit=1200%2C676&ssl=1&resize=350%2C200 1x, https:\/\/i0.wp.com\/noticiasribeiraopreto.com.br\/wp-content\/uploads\/2026\/02\/SangueRP-Divulgacao-Hemocentro-scaled.jpg?fit=1200%2C676&ssl=1&resize=525%2C300 1.5x, https:\/\/i0.wp.com\/noticiasribeiraopreto.com.br\/wp-content\/uploads\/2026\/02\/SangueRP-Divulgacao-Hemocentro-scaled.jpg?fit=1200%2C676&ssl=1&resize=700%2C400 2x, https:\/\/i0.wp.com\/noticiasribeiraopreto.com.br\/wp-content\/uploads\/2026\/02\/SangueRP-Divulgacao-Hemocentro-scaled.jpg?fit=1200%2C676&ssl=1&resize=1050%2C600 3x"},"classes":[]},{"id":82073,"url":"https:\/\/noticiasribeiraopreto.com.br\/index.php\/2026\/02\/03\/hemocentro-alerta-para-risco-de-suspensao-de-cirurgias-por-baixo-estoque-de-sangue-saiba-como-doar\/","url_meta":{"origin":57134,"position":2},"title":"Hemocentro alerta para risco de suspens\u00e3o de cirurgias por baixo estoque de sangue; Saiba como doar","author":"noticiasribeiraopreto.com.br","date":"3 de February de 2026","format":false,"excerpt":"O Hemocentro de Ribeir\u00e3o Preto alertou para o risco de suspens\u00e3o de cirurgias em hospitais atendidos pela institui\u00e7\u00e3o devido aos baixos estoques de sangue nessa segunda-feira (2) \u2013 veja como doar logo abaixo. Os estoques de praticamente todos os tipos sangu\u00edneos est\u00e3o abaixo do n\u00edvel m\u00ednimo, com situa\u00e7\u00e3o mais cr\u00edtica\u2026","rel":"","context":"In &quot;Not\u00edcias de Ribeir\u00e3o Preto-SP e Regi\u00e3o&quot;","block_context":{"text":"Not\u00edcias de Ribeir\u00e3o Preto-SP e Regi\u00e3o","link":"https:\/\/noticiasribeiraopreto.com.br\/index.php\/category\/noticias-de-ribeirao-preto-sp-e-regiao-ismael-colosi\/"},"img":{"alt_text":"","src":"https:\/\/i0.wp.com\/noticiasribeiraopreto.com.br\/wp-content\/uploads\/2026\/02\/50622_2025-12-26_19-18-19.webp.webp?fit=680%2C453&ssl=1&resize=350%2C200","width":350,"height":200,"srcset":"https:\/\/i0.wp.com\/noticiasribeiraopreto.com.br\/wp-content\/uploads\/2026\/02\/50622_2025-12-26_19-18-19.webp.webp?fit=680%2C453&ssl=1&resize=350%2C200 1x, https:\/\/i0.wp.com\/noticiasribeiraopreto.com.br\/wp-content\/uploads\/2026\/02\/50622_2025-12-26_19-18-19.webp.webp?fit=680%2C453&ssl=1&resize=525%2C300 1.5x"},"classes":[]},{"id":65547,"url":"https:\/\/noticiasribeiraopreto.com.br\/index.php\/2025\/03\/21\/doadores-de-sangue-tem-direito-a-meia-entrada-no-festival-joao-rock\/","url_meta":{"origin":57134,"position":3},"title":"Doadores de sangue t\u00eam direito a meia-entrada no Festival Jo\u00e3o Rock","author":"noticiasribeiraopreto.com.br","date":"21 de March de 2025","format":false,"excerpt":"Doadores de sangue t\u00eam direito a desconto de meia-entrada no Festival Jo\u00e3o Rock, que acontece no dia 14 junho, no Parque Permanente de Exposi\u00e7\u00f5es, em Ribeir\u00e3o Preto. O participante deve apresentar comprovante de doa\u00e7\u00e3o na entrada do evento. O desconto \u00e9 v\u00e1lido para todos os lotes e setores do festival\u2026","rel":"","context":"In &quot;Not\u00edcias de Ribeir\u00e3o Preto-SP e Regi\u00e3o&quot;","block_context":{"text":"Not\u00edcias de Ribeir\u00e3o Preto-SP e Regi\u00e3o","link":"https:\/\/noticiasribeiraopreto.com.br\/index.php\/category\/noticias-de-ribeirao-preto-sp-e-regiao-ismael-colosi\/"},"img":{"alt_text":"","src":"https:\/\/i0.wp.com\/noticiasribeiraopreto.com.br\/wp-content\/uploads\/2025\/03\/Copia-de-Copia-de-Copia-de-TAMANHO-EXATO-PARA-FOTOS-NO-SISTEMA-NOVO-29_2025-03-20_15-25-58_jpg_2025-03-20_15-25-58.webp.webp?fit=1200%2C675&ssl=1&resize=350%2C200","width":350,"height":200,"srcset":"https:\/\/i0.wp.com\/noticiasribeiraopreto.com.br\/wp-content\/uploads\/2025\/03\/Copia-de-Copia-de-Copia-de-TAMANHO-EXATO-PARA-FOTOS-NO-SISTEMA-NOVO-29_2025-03-20_15-25-58_jpg_2025-03-20_15-25-58.webp.webp?fit=1200%2C675&ssl=1&resize=350%2C200 1x, https:\/\/i0.wp.com\/noticiasribeiraopreto.com.br\/wp-content\/uploads\/2025\/03\/Copia-de-Copia-de-Copia-de-TAMANHO-EXATO-PARA-FOTOS-NO-SISTEMA-NOVO-29_2025-03-20_15-25-58_jpg_2025-03-20_15-25-58.webp.webp?fit=1200%2C675&ssl=1&resize=525%2C300 1.5x, https:\/\/i0.wp.com\/noticiasribeiraopreto.com.br\/wp-content\/uploads\/2025\/03\/Copia-de-Copia-de-Copia-de-TAMANHO-EXATO-PARA-FOTOS-NO-SISTEMA-NOVO-29_2025-03-20_15-25-58_jpg_2025-03-20_15-25-58.webp.webp?fit=1200%2C675&ssl=1&resize=700%2C400 2x, https:\/\/i0.wp.com\/noticiasribeiraopreto.com.br\/wp-content\/uploads\/2025\/03\/Copia-de-Copia-de-Copia-de-TAMANHO-EXATO-PARA-FOTOS-NO-SISTEMA-NOVO-29_2025-03-20_15-25-58_jpg_2025-03-20_15-25-58.webp.webp?fit=1200%2C675&ssl=1&resize=1050%2C600 3x"},"classes":[]},{"id":32386,"url":"https:\/\/noticiasribeiraopreto.com.br\/index.php\/2024\/01\/25\/banco-de-sangue-convoca-doadores-11\/","url_meta":{"origin":57134,"position":4},"title":"Banco de Sangue\u00a0convoca doadores\u00a0 &#8211; Jornal Tribuna Ribeir\u00e3o","author":"noticiasribeiraopreto.com.br","date":"25 de January de 2024","format":false,"excerpt":"O GSH Banco de Sangue de Ribeir\u00e3o Preto segue em sua campanha de convoca\u00e7\u00e3o de doadores, em car\u00e1ter de urg\u00eancia. Todos os tipos sangu\u00edneos s\u00e3o necess\u00e1rios neste momento, e mesmo quem n\u00e3o sabe qual o seu fator RH pode doar, pois no procedimento de doa\u00e7\u00e3o \u00e9 realizado o teste de\u2026","rel":"","context":"In &quot;Not\u00edcias de Ribeir\u00e3o Preto-SP e Regi\u00e3o&quot;","block_context":{"text":"Not\u00edcias de Ribeir\u00e3o Preto-SP e Regi\u00e3o","link":"https:\/\/noticiasribeiraopreto.com.br\/index.php\/category\/noticias-de-ribeirao-preto-sp-e-regiao-ismael-colosi\/"},"img":{"alt_text":"","src":"https:\/\/i0.wp.com\/noticiasribeiraopreto.com.br\/wp-content\/uploads\/2024\/01\/SangueRP-Tomaz-Silva-Ag.Br_-scaled.jpg?fit=1000%2C598&ssl=1&resize=350%2C200","width":350,"height":200,"srcset":"https:\/\/i0.wp.com\/noticiasribeiraopreto.com.br\/wp-content\/uploads\/2024\/01\/SangueRP-Tomaz-Silva-Ag.Br_-scaled.jpg?fit=1000%2C598&ssl=1&resize=350%2C200 1x, https:\/\/i0.wp.com\/noticiasribeiraopreto.com.br\/wp-content\/uploads\/2024\/01\/SangueRP-Tomaz-Silva-Ag.Br_-scaled.jpg?fit=1000%2C598&ssl=1&resize=525%2C300 1.5x, https:\/\/i0.wp.com\/noticiasribeiraopreto.com.br\/wp-content\/uploads\/2024\/01\/SangueRP-Tomaz-Silva-Ag.Br_-scaled.jpg?fit=1000%2C598&ssl=1&resize=700%2C400 2x"},"classes":[]},{"id":85033,"url":"https:\/\/noticiasribeiraopreto.com.br\/index.php\/2026\/04\/20\/campanha-do-agasalho-2026-da-eptv-reune-cidades-da-regiao-de-ribeirao-preto-veja-onde-doar\/","url_meta":{"origin":57134,"position":5},"title":"Campanha do Agasalho 2026 da EPTV re\u00fane cidades da regi\u00e3o de Ribeir\u00e3o Preto; veja onde doar","author":"noticiasribeiraopreto.com.br","date":"20 de April de 2026","format":false,"excerpt":"Ler o resumo da not\u00edcia A Campanha do Agasalho 2026 da EPTV foi lan\u00e7ada em 20 de maio e re\u00fane prefeituras da regi\u00e3o de Ribeir\u00e3o Preto. O objetivo \u00e9 arrecadar roupas de inverno e cobertores para pessoas vulner\u00e1veis, com pontos fixos de coleta at\u00e9 31 de julho. Volunt\u00e1rios dos Fundos\u2026","rel":"","context":"In &quot;Not\u00edcias de Ribeir\u00e3o Preto-SP e Regi\u00e3o&quot;","block_context":{"text":"Not\u00edcias de Ribeir\u00e3o Preto-SP e Regi\u00e3o","link":"https:\/\/noticiasribeiraopreto.com.br\/index.php\/category\/noticias-de-ribeirao-preto-sp-e-regiao-ismael-colosi\/"},"img":{"alt_text":"","src":"https:\/\/i0.wp.com\/noticiasribeiraopreto.com.br\/wp-content\/uploads\/2026\/04\/campanha-do-agasalho_2026-04-20_15-44-08.webp.webp?fit=1200%2C801&ssl=1&resize=350%2C200","width":350,"height":200,"srcset":"https:\/\/i0.wp.com\/noticiasribeiraopreto.com.br\/wp-content\/uploads\/2026\/04\/campanha-do-agasalho_2026-04-20_15-44-08.webp.webp?fit=1200%2C801&ssl=1&resize=350%2C200 1x, https:\/\/i0.wp.com\/noticiasribeiraopreto.com.br\/wp-content\/uploads\/2026\/04\/campanha-do-agasalho_2026-04-20_15-44-08.webp.webp?fit=1200%2C801&ssl=1&resize=525%2C300 1.5x, https:\/\/i0.wp.com\/noticiasribeiraopreto.com.br\/wp-content\/uploads\/2026\/04\/campanha-do-agasalho_2026-04-20_15-44-08.webp.webp?fit=1200%2C801&ssl=1&resize=700%2C400 2x, https:\/\/i0.wp.com\/noticiasribeiraopreto.com.br\/wp-content\/uploads\/2026\/04\/campanha-do-agasalho_2026-04-20_15-44-08.webp.webp?fit=1200%2C801&ssl=1&resize=1050%2C600 3x"},"classes":[]}],"jetpack_sharing_enabled":true,"jetpack_shortlink":"https:\/\/wp.me\/peQAOb-eRw","_links":{"self":[{"href":"https:\/\/noticiasribeiraopreto.com.br\/index.php\/wp-json\/wp\/v2\/posts\/57134","targetHints":{"allow":["GET"]}}],"collection":[{"href":"https:\/\/noticiasribeiraopreto.com.br\/index.php\/wp-json\/wp\/v2\/posts"}],"about":[{"href":"https:\/\/noticiasribeiraopreto.com.br\/index.php\/wp-json\/wp\/v2\/types\/post"}],"author":[{"embeddable":true,"href":"https:\/\/noticiasribeiraopreto.com.br\/index.php\/wp-json\/wp\/v2\/users\/1"}],"replies":[{"embeddable":true,"href":"https:\/\/noticiasribeiraopreto.com.br\/index.php\/wp-json\/wp\/v2\/comments?post=57134"}],"version-history":[{"count":0,"href":"https:\/\/noticiasribeiraopreto.com.br\/index.php\/wp-json\/wp\/v2\/posts\/57134\/revisions"}],"wp:featuredmedia":[{"embeddable":true,"href":"https:\/\/noticiasribeiraopreto.com.br\/index.php\/wp-json\/wp\/v2\/media\/51712"}],"wp:attachment":[{"href":"https:\/\/noticiasribeiraopreto.com.br\/index.php\/wp-json\/wp\/v2\/media?parent=57134"}],"wp:term":[{"taxonomy":"category","embeddable":true,"href":"https:\/\/noticiasribeiraopreto.com.br\/index.php\/wp-json\/wp\/v2\/categories?post=57134"},{"taxonomy":"post_tag","embeddable":true,"href":"https:\/\/noticiasribeiraopreto.com.br\/index.php\/wp-json\/wp\/v2\/tags?post=57134"}],"curies":[{"name":"wp","href":"https:\/\/api.w.org\/{rel}","templated":true}]}}