{"id":57135,"date":"2024-08-23T18:05:50","date_gmt":"2024-08-23T21:05:50","guid":{"rendered":"https:\/\/noticiasribeiraopreto.com.br\/index.php\/2024\/08\/23\/ribeirao-preto-registra-dois-grandes-incendios-na-tarde-desta-sexta-feira-video\/"},"modified":"2024-08-23T18:05:50","modified_gmt":"2024-08-23T21:05:50","slug":"ribeirao-preto-registra-dois-grandes-incendios-na-tarde-desta-sexta-feira-video","status":"publish","type":"post","link":"https:\/\/noticiasribeiraopreto.com.br\/index.php\/2024\/08\/23\/ribeirao-preto-registra-dois-grandes-incendios-na-tarde-desta-sexta-feira-video\/","title":{"rendered":"Ribeir\u00e3o Preto registra dois grandes inc\u00eandios na tarde desta sexta-feira; V\u00eddeo"},"content":{"rendered":"<p> <br \/>\n<\/p>\n<div data-td-block-uid=\"tdi_106\">\n<div class=\"tdb-block-inner td-fix-index\">\n<p>A <strong>Defesa Civil<\/strong> e a <strong>Guarda Civil Metropolitana<\/strong> informaram que est\u00e3o realizando o combate de dois grandes inc\u00eandios em<strong> Ribeir\u00e3o Preto<\/strong>, na tarde desta sexta-feira (23).<\/p>\n<p><mark style=\"background-color:#fcb900\" class=\"has-inline-color has-black-color\">Os focos foram registrados em uma \u00e1rea de mata pr\u00f3xima ao campus Moura Lacerda, na zona Norte, e outra pr\u00f3xima ao Residencial L\u00e9o Gomes de Moraes, na zona Leste.<\/mark><\/p>\n<h4 class=\"wp-block-heading\"><strong>VEJA O V\u00cdDEO<\/strong><\/h4>\n<blockquote class=\"instagram-media\" data-instgrm-permalink=\"https:\/\/www.instagram.com\/reel\/C_Bpm-thowW\/?utm_source=ig_embed&amp;utm_campaign=loading\" data-instgrm-version=\"14\" style=\" background:#FFF; border:0; border-radius:3px; box-shadow:0 0 1px 0 rgba(0,0,0,0.5),0 1px 10px 0 rgba(0,0,0,0.15); margin: 1px; max-width:540px; min-width:326px; padding:0; width:99.375%; width:-webkit-calc(100% - 2px); width:calc(100% - 2px);\"\/>\n<p>Os \u00f3rg\u00e3os refor\u00e7aram que no per\u00edodo de 23 a 27 de agosto a cidade de Ribeir\u00e3o Preto est\u00e1 classificada em \u201cestado de emerg\u00eancia\u201d para risco de inc\u00eandio devido \u00e0 baixa umidade relativa do ar e uma forte onda de calor que atinge o Estado de S\u00e3o Paulo.<\/p>\n<h4 class=\"wp-block-heading\"><strong>Interdi\u00e7\u00f5es em rodovias<\/strong><\/h4>\n<p>Durante a tarde desta sexta-feira (23), diversas rodovias da regi\u00e3o de Ribeir\u00e3o Preto foram interditadas por conta das queimadas. A situa\u00e7\u00e3o de cada rodovia voc\u00ea pode conferir clicando aqui.<\/p>\n<p>SAIBA MAIS<br \/>Usina da regi\u00e3o de Ribeir\u00e3o oferece R$ 30 mil para den\u00fancias sobre inc\u00eandios<\/p>\n<h4 class=\"wp-block-heading\"><strong>FIQUE ON<\/strong><\/h4>\n<p>Fique ligado em tudo que acontece em Ribeir\u00e3o Preto e regi\u00e3o. Siga os perfis do <strong>acidade on<\/strong> no<a href=\"https:\/\/www.instagram.com\/acidadeonribeirao\" target=\"_blank\" rel=\"noreferrer noopener nofollow\"> Instagram <\/a>e no <a href=\"https:\/\/www.facebook.com\/acidadeonribeirao\/\" target=\"_blank\" rel=\"noreferrer noopener nofollow\">Facebook<\/a>.<\/p>\n<p>Receba not\u00edcias do <strong>acidade on <\/strong>no WhatsApp. <a href=\"https:\/\/chat.whatsapp.com\/Dtv9mxhy6V5BJBotM2OQ5k\" target=\"_blank\" rel=\"noreferrer noopener nofollow\">Para entrar no grupo, basta clicar aqui.<\/a><\/p>\n<p>Fa\u00e7a uma den\u00fancia ou sugira uma reportagem sobre Ribeir\u00e3o Preto e regi\u00e3o pelo WhatsApp: 16 99117 7802.<\/p>\n<p>VEJA TAMB\u00c9M<br \/>Vai ter tempestade de poeira em SP? Estado sofre virada no tempo<\/p>\n<p><!-- CONTENT END 1 -->\n<\/div>\n<\/div>\n<p><script async src=\"\/\/www.instagram.com\/embed.js\"><\/script><br \/>\n<br \/><br \/>\n<br \/><a href=\"https:\/\/www.acidadeon.com\/ribeiraopreto\/cotidiano\/ribeirao-preto-registra-dois-grandes-incendios-na-tarde-desta-sexta-feira-video\/\">Source link <\/a><\/p>\n","protected":false},"excerpt":{"rendered":"<p>A Defesa Civil e a Guarda Civil Metropolitana informaram que est\u00e3o realizando o combate de dois grandes inc\u00eandios em Ribeir\u00e3o Preto, na tarde desta sexta-feira&#8230;<\/p>\n","protected":false},"author":1,"featured_media":57136,"comment_status":"open","ping_status":"open","sticky":false,"template":"","format":"standard","meta":{"advanced_seo_description":"","jetpack_seo_html_title":"","jetpack_seo_noindex":false,"jetpack_post_was_ever_published":false,"_jetpack_newsletter_access":"","_jetpack_dont_email_post_to_subs":false,"_jetpack_newsletter_tier_id":0,"_jetpack_memberships_contains_paywalled_content":false,"_jetpack_memberships_contains_paid_content":false,"footnotes":"","jetpack_publicize_message":"","jetpack_publicize_feature_enabled":true,"jetpack_social_post_already_shared":true,"jetpack_social_options":{"image_generator_settings":{"template":"highway","default_image_id":0,"font":"","enabled":false},"version":2}},"categories":[11],"tags":[],"class_list":["post-57135","post","type-post","status-publish","format-standard","has-post-thumbnail","hentry","category-noticias-de-ribeirao-preto-sp-e-regiao-ismael-colosi"],"jetpack_publicize_connections":[],"jetpack_featured_media_url":"https:\/\/i0.wp.com\/noticiasribeiraopreto.com.br\/wp-content\/uploads\/2024\/08\/incendio-leo-gomes_2024-08-23_20-31-31_jpg_2024-08-23_20-31-31.webp.webp?fit=861%2C586&ssl=1","jetpack-related-posts":[{"id":58196,"url":"https:\/\/noticiasribeiraopreto.com.br\/index.php\/2024\/09\/20\/incendio-atinge-mata-proxima-a-condominio-em-ribeirao-preto\/","url_meta":{"origin":57135,"position":0},"title":"Inc\u00eandio atinge mata pr\u00f3xima a condom\u00ednio em Ribeir\u00e3o Preto","author":"noticiasribeiraopreto.com.br","date":"20 de September de 2024","format":false,"excerpt":"Um inc\u00eandio atinge mata pr\u00f3xima ao condom\u00ednio Royal Park, no distrito de Bonfim Paulista, na tarde desta sexta-feira (20). Segundo informa\u00e7\u00f5es da Guarda Civil Municipal, o Corpo de Bombeiros e equipes da GCM est\u00e3o no local e trabalham para controlar as chamas. Importante lembrar que a regi\u00e3o est\u00e1 em alerta\u2026","rel":"","context":"In &quot;Not\u00edcias de Ribeir\u00e3o Preto-SP e Regi\u00e3o&quot;","block_context":{"text":"Not\u00edcias de Ribeir\u00e3o Preto-SP e Regi\u00e3o","link":"https:\/\/noticiasribeiraopreto.com.br\/index.php\/category\/noticias-de-ribeirao-preto-sp-e-regiao-ismael-colosi\/"},"img":{"alt_text":"","src":"https:\/\/i0.wp.com\/noticiasribeiraopreto.com.br\/wp-content\/uploads\/2024\/09\/Copia-de-Copia-de-Copia-de-TAMANHO-EXATO-PARA-FOTOS-NO-SISTEMA-NOVO-36_2024-09-20_19-32-56_png_2024-09-20_19-32-56.webp.webp?fit=1200%2C675&ssl=1&resize=350%2C200","width":350,"height":200,"srcset":"https:\/\/i0.wp.com\/noticiasribeiraopreto.com.br\/wp-content\/uploads\/2024\/09\/Copia-de-Copia-de-Copia-de-TAMANHO-EXATO-PARA-FOTOS-NO-SISTEMA-NOVO-36_2024-09-20_19-32-56_png_2024-09-20_19-32-56.webp.webp?fit=1200%2C675&ssl=1&resize=350%2C200 1x, https:\/\/i0.wp.com\/noticiasribeiraopreto.com.br\/wp-content\/uploads\/2024\/09\/Copia-de-Copia-de-Copia-de-TAMANHO-EXATO-PARA-FOTOS-NO-SISTEMA-NOVO-36_2024-09-20_19-32-56_png_2024-09-20_19-32-56.webp.webp?fit=1200%2C675&ssl=1&resize=525%2C300 1.5x, https:\/\/i0.wp.com\/noticiasribeiraopreto.com.br\/wp-content\/uploads\/2024\/09\/Copia-de-Copia-de-Copia-de-TAMANHO-EXATO-PARA-FOTOS-NO-SISTEMA-NOVO-36_2024-09-20_19-32-56_png_2024-09-20_19-32-56.webp.webp?fit=1200%2C675&ssl=1&resize=700%2C400 2x, https:\/\/i0.wp.com\/noticiasribeiraopreto.com.br\/wp-content\/uploads\/2024\/09\/Copia-de-Copia-de-Copia-de-TAMANHO-EXATO-PARA-FOTOS-NO-SISTEMA-NOVO-36_2024-09-20_19-32-56_png_2024-09-20_19-32-56.webp.webp?fit=1200%2C675&ssl=1&resize=1050%2C600 3x"},"classes":[]},{"id":58202,"url":"https:\/\/noticiasribeiraopreto.com.br\/index.php\/2024\/09\/20\/incendio-atinge-mata-proxima-a-condominio-em-ribeirao-preto-video\/","url_meta":{"origin":57135,"position":1},"title":"Inc\u00eandio atinge mata pr\u00f3xima a condom\u00ednio em Ribeir\u00e3o Preto; V\u00eddeo","author":"noticiasribeiraopreto.com.br","date":"20 de September de 2024","format":false,"excerpt":"Um inc\u00eandio atinge mata pr\u00f3xima ao condom\u00ednio Royal Park, no distrito de Bonfim Paulista, na tarde desta sexta-feira (20). Segundo informa\u00e7\u00f5es da Guarda Civil Municipal, o Corpo de Bombeiros e equipes da GCM est\u00e3o no local e trabalham para controlar as chamas. Por conta das chamas, a rodovia Jos\u00e9 Fregonezi\u2026","rel":"","context":"In &quot;Not\u00edcias de Ribeir\u00e3o Preto-SP e Regi\u00e3o&quot;","block_context":{"text":"Not\u00edcias de Ribeir\u00e3o Preto-SP e Regi\u00e3o","link":"https:\/\/noticiasribeiraopreto.com.br\/index.php\/category\/noticias-de-ribeirao-preto-sp-e-regiao-ismael-colosi\/"},"img":{"alt_text":"","src":"https:\/\/i0.wp.com\/noticiasribeiraopreto.com.br\/wp-content\/uploads\/2024\/09\/Copia-de-Copia-de-Copia-de-TAMANHO-EXATO-PARA-FOTOS-NO-SISTEMA-NOVO-36_2024-09-20_19-32-56_png_2024-09-20_19-32-56.webp.webp?fit=1200%2C675&ssl=1&resize=350%2C200","width":350,"height":200,"srcset":"https:\/\/i0.wp.com\/noticiasribeiraopreto.com.br\/wp-content\/uploads\/2024\/09\/Copia-de-Copia-de-Copia-de-TAMANHO-EXATO-PARA-FOTOS-NO-SISTEMA-NOVO-36_2024-09-20_19-32-56_png_2024-09-20_19-32-56.webp.webp?fit=1200%2C675&ssl=1&resize=350%2C200 1x, https:\/\/i0.wp.com\/noticiasribeiraopreto.com.br\/wp-content\/uploads\/2024\/09\/Copia-de-Copia-de-Copia-de-TAMANHO-EXATO-PARA-FOTOS-NO-SISTEMA-NOVO-36_2024-09-20_19-32-56_png_2024-09-20_19-32-56.webp.webp?fit=1200%2C675&ssl=1&resize=525%2C300 1.5x, https:\/\/i0.wp.com\/noticiasribeiraopreto.com.br\/wp-content\/uploads\/2024\/09\/Copia-de-Copia-de-Copia-de-TAMANHO-EXATO-PARA-FOTOS-NO-SISTEMA-NOVO-36_2024-09-20_19-32-56_png_2024-09-20_19-32-56.webp.webp?fit=1200%2C675&ssl=1&resize=700%2C400 2x, https:\/\/i0.wp.com\/noticiasribeiraopreto.com.br\/wp-content\/uploads\/2024\/09\/Copia-de-Copia-de-Copia-de-TAMANHO-EXATO-PARA-FOTOS-NO-SISTEMA-NOVO-36_2024-09-20_19-32-56_png_2024-09-20_19-32-56.webp.webp?fit=1200%2C675&ssl=1&resize=1050%2C600 3x"},"classes":[]},{"id":57405,"url":"https:\/\/noticiasribeiraopreto.com.br\/index.php\/2024\/08\/30\/incendio-destroi-parte-de-mata-na-zona-leste-de-ribeirao-veja-imagens-aereas\/","url_meta":{"origin":57135,"position":2},"title":"Inc\u00eandio destr\u00f3i parte de mata na zona Leste de Ribeir\u00e3o; Veja imagens a\u00e9reas","author":"noticiasribeiraopreto.com.br","date":"30 de August de 2024","format":false,"excerpt":"Um inc\u00eandio de grandes propor\u00e7\u00f5es destruiu parte de uma reserva florestal localizada no Parque dos Flamboyans, na zona Leste de Ribeir\u00e3o Preto, no come\u00e7o da tarde desta sexta-feira (30) \u2013 veja as imagens a\u00e9reas logo abaixo. De acordo com a Guarda Civil Metropolitana (GCM) de Ribeir\u00e3o Preto, o inc\u00eandio foi\u2026","rel":"","context":"In &quot;Not\u00edcias de Ribeir\u00e3o Preto-SP e Regi\u00e3o&quot;","block_context":{"text":"Not\u00edcias de Ribeir\u00e3o Preto-SP e Regi\u00e3o","link":"https:\/\/noticiasribeiraopreto.com.br\/index.php\/category\/noticias-de-ribeirao-preto-sp-e-regiao-ismael-colosi\/"},"img":{"alt_text":"","src":"https:\/\/i0.wp.com\/noticiasribeiraopreto.com.br\/wp-content\/uploads\/2024\/08\/WhatsApp-Image-2024-08-30-at-18.18.00_2024-08-30_21-42-45_jpeg_2024-08-30_21-42-46.webp.webp?fit=1200%2C675&ssl=1&resize=350%2C200","width":350,"height":200,"srcset":"https:\/\/i0.wp.com\/noticiasribeiraopreto.com.br\/wp-content\/uploads\/2024\/08\/WhatsApp-Image-2024-08-30-at-18.18.00_2024-08-30_21-42-45_jpeg_2024-08-30_21-42-46.webp.webp?fit=1200%2C675&ssl=1&resize=350%2C200 1x, https:\/\/i0.wp.com\/noticiasribeiraopreto.com.br\/wp-content\/uploads\/2024\/08\/WhatsApp-Image-2024-08-30-at-18.18.00_2024-08-30_21-42-45_jpeg_2024-08-30_21-42-46.webp.webp?fit=1200%2C675&ssl=1&resize=525%2C300 1.5x, https:\/\/i0.wp.com\/noticiasribeiraopreto.com.br\/wp-content\/uploads\/2024\/08\/WhatsApp-Image-2024-08-30-at-18.18.00_2024-08-30_21-42-45_jpeg_2024-08-30_21-42-46.webp.webp?fit=1200%2C675&ssl=1&resize=700%2C400 2x, https:\/\/i0.wp.com\/noticiasribeiraopreto.com.br\/wp-content\/uploads\/2024\/08\/WhatsApp-Image-2024-08-30-at-18.18.00_2024-08-30_21-42-45_jpeg_2024-08-30_21-42-46.webp.webp?fit=1200%2C675&ssl=1&resize=1050%2C600 3x"},"classes":[]},{"id":57396,"url":"https:\/\/noticiasribeiraopreto.com.br\/index.php\/2024\/08\/30\/incendio-e-registrado-na-zona-leste-de-ribeirao-veja-o-video\/","url_meta":{"origin":57135,"position":3},"title":"Inc\u00eandio \u00e9 registrado na zona Leste de Ribeir\u00e3o; veja o v\u00eddeo","author":"noticiasribeiraopreto.com.br","date":"30 de August de 2024","format":false,"excerpt":"Um inc\u00eandio foi registrado no come\u00e7o da tarde desta sexta-feira (30), na zona Leste de Ribeir\u00e3o Preto. De acordo com moradores, duas pessoas estavam fazendo um conserto no port\u00e3o e soldaram em frente a mata , foi quando o fogo se alastrou. Bombeiros e Defesa Civil j\u00e1 est\u00e3o no local\u2026","rel":"","context":"In &quot;Not\u00edcias de Ribeir\u00e3o Preto-SP e Regi\u00e3o&quot;","block_context":{"text":"Not\u00edcias de Ribeir\u00e3o Preto-SP e Regi\u00e3o","link":"https:\/\/noticiasribeiraopreto.com.br\/index.php\/category\/noticias-de-ribeirao-preto-sp-e-regiao-ismael-colosi\/"},"img":{"alt_text":"","src":"https:\/\/i0.wp.com\/noticiasribeiraopreto.com.br\/wp-content\/uploads\/2024\/08\/Imagem-do-WhatsApp-de-2024-08-30-as-14.56.42_d7eaf5f5_2024-08-30_17-57-57_jpg_2024-08-30_17-57-57-e1725040894149.webp.webp?fit=899%2C1151&ssl=1&resize=350%2C200","width":350,"height":200,"srcset":"https:\/\/i0.wp.com\/noticiasribeiraopreto.com.br\/wp-content\/uploads\/2024\/08\/Imagem-do-WhatsApp-de-2024-08-30-as-14.56.42_d7eaf5f5_2024-08-30_17-57-57_jpg_2024-08-30_17-57-57-e1725040894149.webp.webp?fit=899%2C1151&ssl=1&resize=350%2C200 1x, https:\/\/i0.wp.com\/noticiasribeiraopreto.com.br\/wp-content\/uploads\/2024\/08\/Imagem-do-WhatsApp-de-2024-08-30-as-14.56.42_d7eaf5f5_2024-08-30_17-57-57_jpg_2024-08-30_17-57-57-e1725040894149.webp.webp?fit=899%2C1151&ssl=1&resize=525%2C300 1.5x, https:\/\/i0.wp.com\/noticiasribeiraopreto.com.br\/wp-content\/uploads\/2024\/08\/Imagem-do-WhatsApp-de-2024-08-30-as-14.56.42_d7eaf5f5_2024-08-30_17-57-57_jpg_2024-08-30_17-57-57-e1725040894149.webp.webp?fit=899%2C1151&ssl=1&resize=700%2C400 2x"},"classes":[]},{"id":57427,"url":"https:\/\/noticiasribeiraopreto.com.br\/index.php\/2024\/08\/31\/incendio-e-novamente-registrado-na-zona-leste-de-ribeirao-veja-video\/","url_meta":{"origin":57135,"position":4},"title":"Inc\u00eandio \u00e9 novamente registrado na zona Leste de Ribeir\u00e3o; veja v\u00eddeo","author":"noticiasribeiraopreto.com.br","date":"31 de August de 2024","format":false,"excerpt":"Um inc\u00eandio foi registrado novamente, no in\u00edcio da tarde deste s\u00e1bado (31), na zona Leste de Ribeir\u00e3o Preto. O Corpo de Bombeiros e a Defesa Civil est\u00e3o no local. Na tarde de sexta-feira (30), o fogo atingiu uma vegeta\u00e7\u00e3o no Pq dos Flamboyans. De acordo com moradores, duas pessoas estavam\u2026","rel":"","context":"In &quot;Not\u00edcias de Ribeir\u00e3o Preto-SP e Regi\u00e3o&quot;","block_context":{"text":"Not\u00edcias de Ribeir\u00e3o Preto-SP e Regi\u00e3o","link":"https:\/\/noticiasribeiraopreto.com.br\/index.php\/category\/noticias-de-ribeirao-preto-sp-e-regiao-ismael-colosi\/"},"img":{"alt_text":"","src":"https:\/\/i0.wp.com\/noticiasribeiraopreto.com.br\/wp-content\/uploads\/2024\/08\/Imagem-do-WhatsApp-de-2024-08-31-as-14.52.55_306fc408_2024-08-31_17-53-52_jpg_2024-08-31_17-53-52.webp.webp?fit=1200%2C675&ssl=1&resize=350%2C200","width":350,"height":200,"srcset":"https:\/\/i0.wp.com\/noticiasribeiraopreto.com.br\/wp-content\/uploads\/2024\/08\/Imagem-do-WhatsApp-de-2024-08-31-as-14.52.55_306fc408_2024-08-31_17-53-52_jpg_2024-08-31_17-53-52.webp.webp?fit=1200%2C675&ssl=1&resize=350%2C200 1x, https:\/\/i0.wp.com\/noticiasribeiraopreto.com.br\/wp-content\/uploads\/2024\/08\/Imagem-do-WhatsApp-de-2024-08-31-as-14.52.55_306fc408_2024-08-31_17-53-52_jpg_2024-08-31_17-53-52.webp.webp?fit=1200%2C675&ssl=1&resize=525%2C300 1.5x, https:\/\/i0.wp.com\/noticiasribeiraopreto.com.br\/wp-content\/uploads\/2024\/08\/Imagem-do-WhatsApp-de-2024-08-31-as-14.52.55_306fc408_2024-08-31_17-53-52_jpg_2024-08-31_17-53-52.webp.webp?fit=1200%2C675&ssl=1&resize=700%2C400 2x, https:\/\/i0.wp.com\/noticiasribeiraopreto.com.br\/wp-content\/uploads\/2024\/08\/Imagem-do-WhatsApp-de-2024-08-31-as-14.52.55_306fc408_2024-08-31_17-53-52_jpg_2024-08-31_17-53-52.webp.webp?fit=1200%2C675&ssl=1&resize=1050%2C600 3x"},"classes":[]},{"id":58896,"url":"https:\/\/noticiasribeiraopreto.com.br\/index.php\/2024\/10\/08\/incendio-atinge-mata-na-zona-leste-de-ribeirao-veja-video\/","url_meta":{"origin":57135,"position":5},"title":"Inc\u00eandio atinge mata na zona Leste de Ribeir\u00e3o; veja v\u00eddeo","author":"noticiasribeiraopreto.com.br","date":"8 de October de 2024","format":false,"excerpt":"Um inc\u00eandio foi registrado, na tarde desta ter\u00e7a-feira (8), pr\u00f3ximo a Funda\u00e7\u00e3o Educand\u00e1rio, na zona Leste de Ribeir\u00e3o Preto. De acordo com a Guarda Civil Municipal (GCM), equipes da Defesa Civil e da Patrulha Rural est\u00e3o no local. O Corpo de Bombeiros tamb\u00e9m est\u00e1 na \u00e1rea auxiliando no combate as\u2026","rel":"","context":"In &quot;Not\u00edcias de Ribeir\u00e3o Preto-SP e Regi\u00e3o&quot;","block_context":{"text":"Not\u00edcias de Ribeir\u00e3o Preto-SP e Regi\u00e3o","link":"https:\/\/noticiasribeiraopreto.com.br\/index.php\/category\/noticias-de-ribeirao-preto-sp-e-regiao-ismael-colosi\/"},"img":{"alt_text":"","src":"https:\/\/i0.wp.com\/noticiasribeiraopreto.com.br\/wp-content\/uploads\/2024\/10\/Sem-titulo_2024-10-08_22-18-31_png_2024-10-08_22-18-31.webp.webp?fit=1200%2C634&ssl=1&resize=350%2C200","width":350,"height":200,"srcset":"https:\/\/i0.wp.com\/noticiasribeiraopreto.com.br\/wp-content\/uploads\/2024\/10\/Sem-titulo_2024-10-08_22-18-31_png_2024-10-08_22-18-31.webp.webp?fit=1200%2C634&ssl=1&resize=350%2C200 1x, https:\/\/i0.wp.com\/noticiasribeiraopreto.com.br\/wp-content\/uploads\/2024\/10\/Sem-titulo_2024-10-08_22-18-31_png_2024-10-08_22-18-31.webp.webp?fit=1200%2C634&ssl=1&resize=525%2C300 1.5x, https:\/\/i0.wp.com\/noticiasribeiraopreto.com.br\/wp-content\/uploads\/2024\/10\/Sem-titulo_2024-10-08_22-18-31_png_2024-10-08_22-18-31.webp.webp?fit=1200%2C634&ssl=1&resize=700%2C400 2x, https:\/\/i0.wp.com\/noticiasribeiraopreto.com.br\/wp-content\/uploads\/2024\/10\/Sem-titulo_2024-10-08_22-18-31_png_2024-10-08_22-18-31.webp.webp?fit=1200%2C634&ssl=1&resize=1050%2C600 3x"},"classes":[]}],"jetpack_sharing_enabled":true,"jetpack_shortlink":"https:\/\/wp.me\/peQAOb-eRx","_links":{"self":[{"href":"https:\/\/noticiasribeiraopreto.com.br\/index.php\/wp-json\/wp\/v2\/posts\/57135","targetHints":{"allow":["GET"]}}],"collection":[{"href":"https:\/\/noticiasribeiraopreto.com.br\/index.php\/wp-json\/wp\/v2\/posts"}],"about":[{"href":"https:\/\/noticiasribeiraopreto.com.br\/index.php\/wp-json\/wp\/v2\/types\/post"}],"author":[{"embeddable":true,"href":"https:\/\/noticiasribeiraopreto.com.br\/index.php\/wp-json\/wp\/v2\/users\/1"}],"replies":[{"embeddable":true,"href":"https:\/\/noticiasribeiraopreto.com.br\/index.php\/wp-json\/wp\/v2\/comments?post=57135"}],"version-history":[{"count":0,"href":"https:\/\/noticiasribeiraopreto.com.br\/index.php\/wp-json\/wp\/v2\/posts\/57135\/revisions"}],"wp:featuredmedia":[{"embeddable":true,"href":"https:\/\/noticiasribeiraopreto.com.br\/index.php\/wp-json\/wp\/v2\/media\/57136"}],"wp:attachment":[{"href":"https:\/\/noticiasribeiraopreto.com.br\/index.php\/wp-json\/wp\/v2\/media?parent=57135"}],"wp:term":[{"taxonomy":"category","embeddable":true,"href":"https:\/\/noticiasribeiraopreto.com.br\/index.php\/wp-json\/wp\/v2\/categories?post=57135"},{"taxonomy":"post_tag","embeddable":true,"href":"https:\/\/noticiasribeiraopreto.com.br\/index.php\/wp-json\/wp\/v2\/tags?post=57135"}],"curies":[{"name":"wp","href":"https:\/\/api.w.org\/{rel}","templated":true}]}}