{"id":57137,"date":"2024-08-23T18:43:25","date_gmt":"2024-08-23T21:43:25","guid":{"rendered":"https:\/\/noticiasribeiraopreto.com.br\/index.php\/2024\/08\/23\/terminal-de-ribeirao-preto-tem-viagens-suspensas-por-conta-de-incendios-nas-rodovias\/"},"modified":"2024-08-23T18:43:25","modified_gmt":"2024-08-23T21:43:25","slug":"terminal-de-ribeirao-preto-tem-viagens-suspensas-por-conta-de-incendios-nas-rodovias","status":"publish","type":"post","link":"https:\/\/noticiasribeiraopreto.com.br\/index.php\/2024\/08\/23\/terminal-de-ribeirao-preto-tem-viagens-suspensas-por-conta-de-incendios-nas-rodovias\/","title":{"rendered":"Terminal de Ribeir\u00e3o Preto tem viagens suspensas por conta de inc\u00eandios nas rodovias"},"content":{"rendered":"<p> <br \/>\n<\/p>\n<div data-td-block-uid=\"tdi_106\">\n<div class=\"tdb-block-inner td-fix-index\">\n<p>O <strong>Terminal Rodovi\u00e1rio de Ribeir\u00e3o Preto <\/strong>registrou atrasos e<mark style=\"background-color:#fcb900\" class=\"has-inline-color has-black-color\"> suspens\u00e3o de viagens por conta dos inc\u00eandios \u00e0s margens das rodovias do interior de S\u00e3o Paulo na tarde desta sexta-feira (23).<\/mark><\/p>\n<p>Diversas rodovias precisaram ser bloqueadas (clique aqui), por quest\u00e3o de seguran\u00e7a, em raz\u00e3o da baixa visibilidade para os motoristas, j\u00e1 que as estradas foram tomadas pela fuma\u00e7a das chamas.<\/p>\n<p>A Socicam, empresa que administra o Terminal Rodovi\u00e1rio de Ribeir\u00e3o Preto orienta que os os passageiros entrem em contato com a empresa respons\u00e1vel pela viagem para confirma\u00e7\u00e3o do trajeto.<\/p>\n<p>\u201cA coordena\u00e7\u00e3o do terminal, junto \u00e0s empresas de \u00f4nibus, est\u00e1 monitorando a situa\u00e7\u00e3o e atuando para manter o servi\u00e7o funcionando dentro da normalidade vi\u00e1vel nessa situa\u00e7\u00e3o para que os passageiros sofram o menor impacto poss\u00edvel\u201d, informa.<\/p>\n<p>SAIBA MAIS<br \/>Queimada suspende coleta de sangue em cidade na regi\u00e3o de Ribeir\u00e3o; veja como doar<\/p>\n<h4 class=\"wp-block-heading\"><strong>FIQUE ON<\/strong><\/h4>\n<p>Fique ligado em tudo que acontece em Ribeir\u00e3o Preto e regi\u00e3o. Siga os perfis do<strong> acidade on <\/strong>no <a href=\"https:\/\/www.instagram.com\/acidadeonribeirao\" target=\"_blank\" rel=\"noreferrer noopener nofollow\">Instagram <\/a>e no <a href=\"https:\/\/www.facebook.com\/acidadeonribeirao\/\" target=\"_blank\" rel=\"noreferrer noopener nofollow\">Facebook.<\/a><\/p>\n<p>Receba not\u00edcias do <strong>acidade on<\/strong> no WhatsApp. <a href=\"https:\/\/chat.whatsapp.com\/Dtv9mxhy6V5BJBotM2OQ5k\" target=\"_blank\" rel=\"noreferrer noopener nofollow\">Para entrar no grupo, basta clicar aqui.<\/a><\/p>\n<p>Fa\u00e7a uma den\u00fancia ou sugira uma reportagem sobre Ribeir\u00e3o Preto e regi\u00e3o pelo WhatsApp: 16 99117 7802.<\/p>\n<p>VEJA TAMB\u00c9M<br \/>Quando ter\u00e1 chuva em SP? Frente fria traz ventania de 70 km\/h<\/p>\n<p><!-- CONTENT END 1 -->\n<\/div>\n<\/div>\n<p><script async src=\"\/\/www.instagram.com\/embed.js\"><\/script><br \/>\n<br \/><br \/>\n<br \/><a href=\"https:\/\/www.acidadeon.com\/ribeiraopreto\/cotidiano\/terminal-ribeirao-preto-tem-viagens-suspensas-por-conta-de-incendios-nas-rodovias\/\">Source link <\/a><\/p>\n","protected":false},"excerpt":{"rendered":"<p>O Terminal Rodovi\u00e1rio de Ribeir\u00e3o Preto registrou atrasos e suspens\u00e3o de viagens por conta dos inc\u00eandios \u00e0s margens das rodovias do interior de S\u00e3o Paulo&#8230;<\/p>\n","protected":false},"author":1,"featured_media":57138,"comment_status":"open","ping_status":"open","sticky":false,"template":"","format":"standard","meta":{"advanced_seo_description":"","jetpack_seo_html_title":"","jetpack_seo_noindex":false,"jetpack_post_was_ever_published":false,"_jetpack_newsletter_access":"","_jetpack_dont_email_post_to_subs":false,"_jetpack_newsletter_tier_id":0,"_jetpack_memberships_contains_paywalled_content":false,"_jetpack_memberships_contains_paid_content":false,"footnotes":"","jetpack_publicize_message":"","jetpack_publicize_feature_enabled":true,"jetpack_social_post_already_shared":true,"jetpack_social_options":{"image_generator_settings":{"template":"highway","default_image_id":0,"font":"","enabled":false},"version":2}},"categories":[11],"tags":[],"class_list":["post-57137","post","type-post","status-publish","format-standard","has-post-thumbnail","hentry","category-noticias-de-ribeirao-preto-sp-e-regiao-ismael-colosi"],"jetpack_publicize_connections":[],"jetpack_featured_media_url":"https:\/\/i0.wp.com\/noticiasribeiraopreto.com.br\/wp-content\/uploads\/2024\/08\/interdicao-antonio-machado-santana_2024-08-23_21-32-23_jpg_2024-08-23_21-32-23.webp.webp?fit=1200%2C921&ssl=1","jetpack-related-posts":[{"id":81020,"url":"https:\/\/noticiasribeiraopreto.com.br\/index.php\/2025\/12\/21\/fim-de-ano-aumenta-o-fluxo-de-passageiros-na-rodoviaria-de-ribeirao-saiba-destinos-mais-procurados\/","url_meta":{"origin":57137,"position":0},"title":"Fim de ano aumenta o fluxo de passageiros na Rodovi\u00e1ria de Ribeir\u00e3o; Saiba destinos mais procurados","author":"noticiasribeiraopreto.com.br","date":"21 de December de 2025","format":false,"excerpt":"A movimenta\u00e7\u00e3o na Rodovi\u00e1ria de Ribeir\u00e3o Preto deve se intensificar nos pr\u00f3ximos dias. A previs\u00e3o \u00e9 de cerca de 90 mil passageiros, entre embarques e desembarques, em quase quatro mil \u00f4nibus. O n\u00famero representa um aumento aproximado de 1,1% no fluxo de passageiros em rela\u00e7\u00e3o ao mesmo per\u00edodo de 2024,\u2026","rel":"","context":"In &quot;Not\u00edcias de Ribeir\u00e3o Preto-SP e Regi\u00e3o&quot;","block_context":{"text":"Not\u00edcias de Ribeir\u00e3o Preto-SP e Regi\u00e3o","link":"https:\/\/noticiasribeiraopreto.com.br\/index.php\/category\/noticias-de-ribeirao-preto-sp-e-regiao-ismael-colosi\/"},"img":{"alt_text":"","src":"https:\/\/i0.wp.com\/noticiasribeiraopreto.com.br\/wp-content\/uploads\/2025\/12\/WhatsApp-Image-2023-12-21-at-16.11.23.jpeg?fit=1200%2C800&ssl=1&resize=350%2C200","width":350,"height":200,"srcset":"https:\/\/i0.wp.com\/noticiasribeiraopreto.com.br\/wp-content\/uploads\/2025\/12\/WhatsApp-Image-2023-12-21-at-16.11.23.jpeg?fit=1200%2C800&ssl=1&resize=350%2C200 1x, https:\/\/i0.wp.com\/noticiasribeiraopreto.com.br\/wp-content\/uploads\/2025\/12\/WhatsApp-Image-2023-12-21-at-16.11.23.jpeg?fit=1200%2C800&ssl=1&resize=525%2C300 1.5x, https:\/\/i0.wp.com\/noticiasribeiraopreto.com.br\/wp-content\/uploads\/2025\/12\/WhatsApp-Image-2023-12-21-at-16.11.23.jpeg?fit=1200%2C800&ssl=1&resize=700%2C400 2x, https:\/\/i0.wp.com\/noticiasribeiraopreto.com.br\/wp-content\/uploads\/2025\/12\/WhatsApp-Image-2023-12-21-at-16.11.23.jpeg?fit=1200%2C800&ssl=1&resize=1050%2C600 3x"},"classes":[]},{"id":57139,"url":"https:\/\/noticiasribeiraopreto.com.br\/index.php\/2024\/08\/23\/interior-de-sao-paulo-em-chamas-veja-videos-impressionantes\/","url_meta":{"origin":57137,"position":1},"title":"Interior de S\u00e3o Paulo em chamas; Veja v\u00eddeos impressionantes","author":"noticiasribeiraopreto.com.br","date":"23 de August de 2024","format":false,"excerpt":"O governador de S\u00e3o Paulo, Tarc\u00edsio de Freitas (REP), determinou a cria\u00e7\u00e3o de um gabinete de crise por conta dos inc\u00eandios no interior do estado \u2013 veja o v\u00eddeo. Diversas rodovias precisaram ser interditadas por conta da fuma\u00e7a que invadiu as rodovias. VEJA O V\u00cdDEO O interior de S\u00e3o Paulo\u2026","rel":"","context":"In &quot;Not\u00edcias de Ribeir\u00e3o Preto-SP e Regi\u00e3o&quot;","block_context":{"text":"Not\u00edcias de Ribeir\u00e3o Preto-SP e Regi\u00e3o","link":"https:\/\/noticiasribeiraopreto.com.br\/index.php\/category\/noticias-de-ribeirao-preto-sp-e-regiao-ismael-colosi\/"},"img":{"alt_text":"","src":"https:\/\/i0.wp.com\/noticiasribeiraopreto.com.br\/wp-content\/uploads\/2024\/08\/gabinete-de-crise_2024-08-23_22-03-52_jpg_2024-08-23_22-03-52.webp.webp?fit=902%2C599&ssl=1&resize=350%2C200","width":350,"height":200,"srcset":"https:\/\/i0.wp.com\/noticiasribeiraopreto.com.br\/wp-content\/uploads\/2024\/08\/gabinete-de-crise_2024-08-23_22-03-52_jpg_2024-08-23_22-03-52.webp.webp?fit=902%2C599&ssl=1&resize=350%2C200 1x, https:\/\/i0.wp.com\/noticiasribeiraopreto.com.br\/wp-content\/uploads\/2024\/08\/gabinete-de-crise_2024-08-23_22-03-52_jpg_2024-08-23_22-03-52.webp.webp?fit=902%2C599&ssl=1&resize=525%2C300 1.5x, https:\/\/i0.wp.com\/noticiasribeiraopreto.com.br\/wp-content\/uploads\/2024\/08\/gabinete-de-crise_2024-08-23_22-03-52_jpg_2024-08-23_22-03-52.webp.webp?fit=902%2C599&ssl=1&resize=700%2C400 2x"},"classes":[]},{"id":85365,"url":"https:\/\/noticiasribeiraopreto.com.br\/index.php\/2026\/05\/01\/terminal-rodoviario-ganhara-20-cameras\/","url_meta":{"origin":57137,"position":2},"title":"Terminal Rodovi\u00e1rio\u2028 ganhar\u00e1 20 c\u00e2meras","author":"noticiasribeiraopreto.com.br","date":"1 de May de 2026","format":false,"excerpt":"\r \r \r 1 de maio de 2026 07:201 de maio de 2026 00:49 \r Compartilhar0 Instala\u00e7\u00e3o de novos equipamentos foi comunicada ao presidente da C\u00e2mara de Ribeir\u00e3o Preto, Daniel Gobbi (PP) O presidente da C\u00e2mara de Vereadores, Daniel Gobbi (PP), esteve reunido com o coordenador de opera\u00e7\u00f5es do Terminal\u2026","rel":"","context":"In &quot;Not\u00edcias de Ribeir\u00e3o Preto-SP e Regi\u00e3o&quot;","block_context":{"text":"Not\u00edcias de Ribeir\u00e3o Preto-SP e Regi\u00e3o","link":"https:\/\/noticiasribeiraopreto.com.br\/index.php\/category\/noticias-de-ribeirao-preto-sp-e-regiao-ismael-colosi\/"},"img":{"alt_text":"","src":"https:\/\/i0.wp.com\/noticiasribeiraopreto.com.br\/wp-content\/uploads\/2026\/05\/Rodoviaria-Alfredo-Risk-scaled.jpg?fit=1200%2C800&ssl=1&resize=350%2C200","width":350,"height":200,"srcset":"https:\/\/i0.wp.com\/noticiasribeiraopreto.com.br\/wp-content\/uploads\/2026\/05\/Rodoviaria-Alfredo-Risk-scaled.jpg?fit=1200%2C800&ssl=1&resize=350%2C200 1x, https:\/\/i0.wp.com\/noticiasribeiraopreto.com.br\/wp-content\/uploads\/2026\/05\/Rodoviaria-Alfredo-Risk-scaled.jpg?fit=1200%2C800&ssl=1&resize=525%2C300 1.5x, https:\/\/i0.wp.com\/noticiasribeiraopreto.com.br\/wp-content\/uploads\/2026\/05\/Rodoviaria-Alfredo-Risk-scaled.jpg?fit=1200%2C800&ssl=1&resize=700%2C400 2x, https:\/\/i0.wp.com\/noticiasribeiraopreto.com.br\/wp-content\/uploads\/2026\/05\/Rodoviaria-Alfredo-Risk-scaled.jpg?fit=1200%2C800&ssl=1&resize=1050%2C600 3x"},"classes":[]},{"id":68941,"url":"https:\/\/noticiasribeiraopreto.com.br\/index.php\/2025\/04\/30\/rodoviaria-espera-por-27-mil-viajantes-neste-feriado\/","url_meta":{"origin":57137,"position":3},"title":"Rodovi\u00e1ria espera por 27 mil viajantes neste feriado","author":"noticiasribeiraopreto.com.br","date":"30 de April de 2025","format":false,"excerpt":"30 de abril de 2025 15:3030 de abril de 2025 10:265 Compartilhar0 A Rodovi\u00e1ria Central de Ribeir\u00e3o Preto espera por grande movimento neste feriado de Primeiro de Maio, Dia Internacional do Trabalho, celebrado nesta quinta-feira. Em per\u00edodos de folga prolongada, a procura por passagens aumenta bastante e exige alguns cuidados\u2026","rel":"","context":"In &quot;Not\u00edcias de Ribeir\u00e3o Preto-SP e Regi\u00e3o&quot;","block_context":{"text":"Not\u00edcias de Ribeir\u00e3o Preto-SP e Regi\u00e3o","link":"https:\/\/noticiasribeiraopreto.com.br\/index.php\/category\/noticias-de-ribeirao-preto-sp-e-regiao-ismael-colosi\/"},"img":{"alt_text":"","src":"https:\/\/i0.wp.com\/noticiasribeiraopreto.com.br\/wp-content\/uploads\/2025\/04\/22mai2024rodoviariarpfotprisk-scaled.jpg?fit=750%2C500&ssl=1&resize=350%2C200","width":350,"height":200,"srcset":"https:\/\/i0.wp.com\/noticiasribeiraopreto.com.br\/wp-content\/uploads\/2025\/04\/22mai2024rodoviariarpfotprisk-scaled.jpg?fit=750%2C500&ssl=1&resize=350%2C200 1x, https:\/\/i0.wp.com\/noticiasribeiraopreto.com.br\/wp-content\/uploads\/2025\/04\/22mai2024rodoviariarpfotprisk-scaled.jpg?fit=750%2C500&ssl=1&resize=525%2C300 1.5x, https:\/\/i0.wp.com\/noticiasribeiraopreto.com.br\/wp-content\/uploads\/2025\/04\/22mai2024rodoviariarpfotprisk-scaled.jpg?fit=750%2C500&ssl=1&resize=700%2C400 2x"},"classes":[]},{"id":84209,"url":"https:\/\/noticiasribeiraopreto.com.br\/index.php\/2026\/04\/04\/passageiros-enfrentam-falta-de-energia-no-aeroporto-de-ribeirao-preto\/","url_meta":{"origin":57137,"position":4},"title":"Passageiros enfrentam falta de energia no aeroporto de Ribeir\u00e3o Preto","author":"noticiasribeiraopreto.com.br","date":"4 de April de 2026","format":false,"excerpt":"00:00 A+ A- Ler o resumo da not\u00edcia Passageiros enfrentam falta de energia no aeroporto de Ribeir\u00e3o Preto Ver essa foto no Instagram Um post compartilhado por acidade on Ribeir\u00e3o (@acidadeonribeirao) Os passageiros que aguardam o embarque no aeroporto Leite Lopes, em Ribeir\u00e3o Preto, neste s\u00e1bado (4), enfrentaram a falta\u2026","rel":"","context":"In &quot;Not\u00edcias de Ribeir\u00e3o Preto-SP e Regi\u00e3o&quot;","block_context":{"text":"Not\u00edcias de Ribeir\u00e3o Preto-SP e Regi\u00e3o","link":"https:\/\/noticiasribeiraopreto.com.br\/index.php\/category\/noticias-de-ribeirao-preto-sp-e-regiao-ismael-colosi\/"},"img":{"alt_text":"","src":"https:\/\/i0.wp.com\/noticiasribeiraopreto.com.br\/wp-content\/uploads\/2026\/04\/queda-energia-aeroporto_2026-04-04_19-43-33.webp.webp?fit=1200%2C674&ssl=1&resize=350%2C200","width":350,"height":200,"srcset":"https:\/\/i0.wp.com\/noticiasribeiraopreto.com.br\/wp-content\/uploads\/2026\/04\/queda-energia-aeroporto_2026-04-04_19-43-33.webp.webp?fit=1200%2C674&ssl=1&resize=350%2C200 1x, https:\/\/i0.wp.com\/noticiasribeiraopreto.com.br\/wp-content\/uploads\/2026\/04\/queda-energia-aeroporto_2026-04-04_19-43-33.webp.webp?fit=1200%2C674&ssl=1&resize=525%2C300 1.5x, https:\/\/i0.wp.com\/noticiasribeiraopreto.com.br\/wp-content\/uploads\/2026\/04\/queda-energia-aeroporto_2026-04-04_19-43-33.webp.webp?fit=1200%2C674&ssl=1&resize=700%2C400 2x, https:\/\/i0.wp.com\/noticiasribeiraopreto.com.br\/wp-content\/uploads\/2026\/04\/queda-energia-aeroporto_2026-04-04_19-43-33.webp.webp?fit=1200%2C674&ssl=1&resize=1050%2C600 3x"},"classes":[]},{"id":25128,"url":"https:\/\/noticiasribeiraopreto.com.br\/index.php\/2024\/01\/05\/utm_sourcerssutm_mediumrssutm_campaignsafado-e-preso-apos-mostrar-orgao-genital-para-mulher-dentro-de-onibus-rodoviario\/","url_meta":{"origin":57137,"position":5},"title":"Safado \u00e9 preso ap\u00f3s mostrar \u00f3rg\u00e3o genital para mulher dentro de \u00f4nibus rodovi\u00e1rio \u2013 X Tudo Ribeir\u00e3o","author":"noticiasribeiraopreto.com.br","date":"5 de January de 2024","format":false,"excerpt":"Um safado foi preso pela (PMR) Pol\u00edcia Militar Rodovi\u00e1ria ap\u00f3s mostrar seu \u00f3rg\u00e3o genital para uma mulher dentro de um \u00f4nibus de viagem na rodovia Anhanguera, em Cravinhos. Segundo informa\u00e7\u00f5es da PM, por volta das 18h o ve\u00edculo de viagem teria parado na base da PMR na rodovia Anhanguera, e\u2026","rel":"","context":"In &quot;Not\u00edcias de Ribeir\u00e3o Preto-SP e Regi\u00e3o&quot;","block_context":{"text":"Not\u00edcias de Ribeir\u00e3o Preto-SP e Regi\u00e3o","link":"https:\/\/noticiasribeiraopreto.com.br\/index.php\/category\/noticias-de-ribeirao-preto-sp-e-regiao-ismael-colosi\/"},"img":{"alt_text":"","src":"https:\/\/i0.wp.com\/noticiasribeiraopreto.com.br\/wp-content\/uploads\/2024\/01\/WhatsApp-Image-2024-01-05-at-22.46.25.jpeg?fit=1155%2C623&ssl=1&resize=350%2C200","width":350,"height":200,"srcset":"https:\/\/i0.wp.com\/noticiasribeiraopreto.com.br\/wp-content\/uploads\/2024\/01\/WhatsApp-Image-2024-01-05-at-22.46.25.jpeg?fit=1155%2C623&ssl=1&resize=350%2C200 1x, https:\/\/i0.wp.com\/noticiasribeiraopreto.com.br\/wp-content\/uploads\/2024\/01\/WhatsApp-Image-2024-01-05-at-22.46.25.jpeg?fit=1155%2C623&ssl=1&resize=525%2C300 1.5x, https:\/\/i0.wp.com\/noticiasribeiraopreto.com.br\/wp-content\/uploads\/2024\/01\/WhatsApp-Image-2024-01-05-at-22.46.25.jpeg?fit=1155%2C623&ssl=1&resize=700%2C400 2x, https:\/\/i0.wp.com\/noticiasribeiraopreto.com.br\/wp-content\/uploads\/2024\/01\/WhatsApp-Image-2024-01-05-at-22.46.25.jpeg?fit=1155%2C623&ssl=1&resize=1050%2C600 3x"},"classes":[]}],"jetpack_sharing_enabled":true,"jetpack_shortlink":"https:\/\/wp.me\/peQAOb-eRz","_links":{"self":[{"href":"https:\/\/noticiasribeiraopreto.com.br\/index.php\/wp-json\/wp\/v2\/posts\/57137","targetHints":{"allow":["GET"]}}],"collection":[{"href":"https:\/\/noticiasribeiraopreto.com.br\/index.php\/wp-json\/wp\/v2\/posts"}],"about":[{"href":"https:\/\/noticiasribeiraopreto.com.br\/index.php\/wp-json\/wp\/v2\/types\/post"}],"author":[{"embeddable":true,"href":"https:\/\/noticiasribeiraopreto.com.br\/index.php\/wp-json\/wp\/v2\/users\/1"}],"replies":[{"embeddable":true,"href":"https:\/\/noticiasribeiraopreto.com.br\/index.php\/wp-json\/wp\/v2\/comments?post=57137"}],"version-history":[{"count":0,"href":"https:\/\/noticiasribeiraopreto.com.br\/index.php\/wp-json\/wp\/v2\/posts\/57137\/revisions"}],"wp:featuredmedia":[{"embeddable":true,"href":"https:\/\/noticiasribeiraopreto.com.br\/index.php\/wp-json\/wp\/v2\/media\/57138"}],"wp:attachment":[{"href":"https:\/\/noticiasribeiraopreto.com.br\/index.php\/wp-json\/wp\/v2\/media?parent=57137"}],"wp:term":[{"taxonomy":"category","embeddable":true,"href":"https:\/\/noticiasribeiraopreto.com.br\/index.php\/wp-json\/wp\/v2\/categories?post=57137"},{"taxonomy":"post_tag","embeddable":true,"href":"https:\/\/noticiasribeiraopreto.com.br\/index.php\/wp-json\/wp\/v2\/tags?post=57137"}],"curies":[{"name":"wp","href":"https:\/\/api.w.org\/{rel}","templated":true}]}}