{"id":57141,"date":"2024-08-23T20:17:48","date_gmt":"2024-08-23T23:17:48","guid":{"rendered":"https:\/\/noticiasribeiraopreto.com.br\/index.php\/2024\/08\/23\/interior-de-sp-tem-duas-mortes-por-conta-de-incendios-governo-cria-gabinete-de-crise\/"},"modified":"2024-08-23T20:17:48","modified_gmt":"2024-08-23T23:17:48","slug":"interior-de-sp-tem-duas-mortes-por-conta-de-incendios-governo-cria-gabinete-de-crise","status":"publish","type":"post","link":"https:\/\/noticiasribeiraopreto.com.br\/index.php\/2024\/08\/23\/interior-de-sp-tem-duas-mortes-por-conta-de-incendios-governo-cria-gabinete-de-crise\/","title":{"rendered":"Interior de SP tem duas mortes por conta de inc\u00eandios; Governo cria gabinete de crise"},"content":{"rendered":"<p> <br \/>\n<\/p>\n<div>\n<p>O <strong><a href=\"https:\/\/www.saopaulo.sp.gov.br\/\" target=\"_blank\" rel=\"noreferrer noopener nofollow\">Governo de S\u00e3o Paulo <\/a><\/strong>anunciou nesta sexta-feira (23) a cria\u00e7\u00e3o de um <mark style=\"background-color:#fcb900\" class=\"has-inline-color has-black-color\">gabinete de crise para a\u00e7\u00f5es contra os grandes inc\u00eandios no interior.<\/mark> Dois funcion\u00e1rios de uma usina em Urup\u00eas, no interior paulista, morreram nesta sexta-feira (23) tentando combater um inc\u00eandio.<\/p>\n<p>De acordo com o monitoramento do Centro de Gerenciamento de Emerg\u00eancia da Defesa Civil, <mark style=\"background-color:#fcb900\" class=\"has-inline-color has-black-color\">30 cidades est\u00e3o com alerta m\u00e1ximo para grandes queimadas.<\/mark><\/p>\n<p>A a\u00e7\u00e3o de monitoramento e controle, que ocorre durante todo o final de semana, faz parte da Opera\u00e7\u00e3o SP Sem Fogo e conta com t\u00e9cnicos da Defesa Civil do Estado e das secretarias da Seguran\u00e7a P\u00fablica, Agricultura e Abastecimento e de Meio Ambiente, Infraestrutura e Log\u00edstica.<\/p>\n<blockquote class=\"instagram-media\" data-instgrm-permalink=\"https:\/\/www.instagram.com\/reel\/C_B4pE1ujIJ\/?utm_source=ig_embed&amp;utm_campaign=loading\" data-instgrm-version=\"14\" style=\" background:#FFF; border:0; border-radius:3px; box-shadow:0 0 1px 0 rgba(0,0,0,0.5),0 1px 10px 0 rgba(0,0,0,0.15); margin: 1px; max-width:540px; min-width:326px; padding:0; width:99.375%; width:-webkit-calc(100% - 2px); width:calc(100% - 2px);\"\/>\n<h4 class=\"wp-block-heading\"><strong>Interdi\u00e7\u00f5es nas rodovias \u2013 at\u00e9 18h<\/strong><\/h4>\n<p>Diversas rodovias no interior de S\u00e3o Paulo foram interditadas por conta dos inc\u00eandios. O estado refor\u00e7a o alerta para que motoristas redobrem a aten\u00e7\u00e3o em todas as rodovias.<\/p>\n<p>A principal recomenda\u00e7\u00e3o \u00e9 evitar atravessar \u00e1reas com cortinas de fuma\u00e7a e fogo. Caso n\u00e3o haja essa possibilidade, reduza a velocidade, mantenha os far\u00f3is baixos acesos e uma dist\u00e2ncia segura do ve\u00edculo \u00e0 frente.<\/p>\n<h4 class=\"wp-block-heading\"><strong>Rodovias concedidas:<\/strong><\/h4>\n<ul>\n<li>Rodovia Comandante Jo\u00e3o Ribeiro de Barros (SP-255), Araraquara:<\/li>\n<\/ul>\n<p>Interditada no km 117 devido a uma ocorr\u00eancia em atendimento. Interdi\u00e7\u00e3o ativa no sentido sul.<\/p>\n<ul>\n<li> Rodovia Carlos Tonanni\/Nem\u00e9sio Cadetti (SP-333), Ribeir\u00e3o Preto\/Borborema:<\/li>\n<\/ul>\n<p>Interditada no km 98 devido a um foco de inc\u00eandio, com interdi\u00e7\u00e3o nos dois sentidos (leste e oeste).<\/p>\n<ul>\n<li>Rodovia C\u00e2ndido Portinari (SP-334), Brodowski:<\/li>\n<\/ul>\n<p>Interditada no km 342 devido a uma ocorr\u00eancia em atendimento, com interdi\u00e7\u00e3o nos dois sentidos (norte e sul).<\/p>\n<ul>\n<li>Interliga\u00e7\u00e3o Planalto (SPI-040\/150), S\u00e3o Bernardo do Campo:<\/li>\n<\/ul>\n<p>Interditada no km 7 devido a uma ocorr\u00eancia em atendimento. Interdi\u00e7\u00e3o ativa no sentido capital.<\/p>\n<h4 class=\"wp-block-heading\"><strong>Rodovias estaduais<\/strong><\/h4>\n<p><strong>Interdi\u00e7\u00f5es totais<\/strong><\/p>\n<p><strong>Interdi\u00e7\u00f5es parciais<\/strong><\/p>\n<h4 class=\"wp-block-heading\"><strong>Munic\u00edpios em alerta m\u00e1ximo para inc\u00eandios:<\/strong><\/h4>\n<ul>\n<li>Santo Ant\u00f4nio da Alegria<\/li>\n<\/ul>\n<ul>\n<li> Santo Ant\u00f4nio do Arancangu\u00e1<\/li>\n<\/ul>\n<h4 class=\"wp-block-heading\"><strong>Transfer\u00eancias na Funda\u00e7\u00e3o Casa em Sert\u00e3ozinho<\/strong><\/h4>\n<p>A Funda\u00e7\u00e3o Casa transferiu temporariamente adolescentes e funcion\u00e1rios da unidade Sert\u00e3ozinho para o pr\u00e9dio em que funcionava a antiga unidade Ouro Verde, em Ribeir\u00e3o Preto.<\/p>\n<p>A medida foi adotada porque o pr\u00e9dio de Sert\u00e3ozinho foi tomado por uma densa camada de fuma\u00e7a. N\u00e3o h\u00e1 feridos. Os adolescentes ficam em Ribeir\u00e3o Preto at\u00e9 que a situa\u00e7\u00e3o seja normalizada.<\/p>\n<p>SAIBA MAIS<br \/>Interior de S\u00e3o Paulo em chamas; Veja v\u00eddeos impressionantes<\/p>\n<h4 class=\"wp-block-heading\"><strong>FIQUE ON<\/strong><\/h4>\n<p>Fique ligado em tudo que acontece em Ribeir\u00e3o Preto e regi\u00e3o. Siga os perfis do <strong>acidade on<\/strong> no <a href=\"https:\/\/www.instagram.com\/acidadeonribeirao\" target=\"_blank\" rel=\"noreferrer noopener nofollow\">Instagram<\/a> e no <a href=\"https:\/\/www.facebook.com\/acidadeonribeirao\/\" target=\"_blank\" rel=\"noreferrer noopener nofollow\">Facebook<\/a>.<\/p>\n<p>Receba not\u00edcias do<strong> acidade on <\/strong>no WhatsApp. <a href=\"https:\/\/chat.whatsapp.com\/Dtv9mxhy6V5BJBotM2OQ5k\" target=\"_blank\" rel=\"noreferrer noopener nofollow\">Para entrar no grupo, basta clicar aqui.<\/a><\/p>\n<p>Fa\u00e7a uma den\u00fancia ou sugira uma reportagem sobre Ribeir\u00e3o Preto e regi\u00e3o pelo WhatsApp: 16 99117 7802.<\/p>\n<p>VEJA TAMB\u00c9M<br \/>Vai ter tempestade de poeira em SP? Estado sofre virada no tempo<\/p>\n<p><!-- CONTENT END 1 -->\n<\/div>\n<p><script async src=\"\/\/www.instagram.com\/embed.js\"><\/script><br \/>\n<br \/><br \/>\n<br \/><a href=\"https:\/\/www.acidadeon.com\/ribeiraopreto\/cotidiano\/interior-de-sp-tem-duas-mortes-por-conta-de-incendios-governo-cria-gabinete-de-crise\/\">Source link <\/a><\/p>\n","protected":false},"excerpt":{"rendered":"<p>O Governo de S\u00e3o Paulo anunciou nesta sexta-feira (23) a cria\u00e7\u00e3o de um gabinete de crise para a\u00e7\u00f5es contra os grandes inc\u00eandios no interior. Dois&#8230;<\/p>\n","protected":false},"author":1,"featured_media":57142,"comment_status":"open","ping_status":"open","sticky":false,"template":"","format":"standard","meta":{"advanced_seo_description":"","jetpack_seo_html_title":"","jetpack_seo_noindex":false,"jetpack_post_was_ever_published":false,"_jetpack_newsletter_access":"","_jetpack_dont_email_post_to_subs":false,"_jetpack_newsletter_tier_id":0,"_jetpack_memberships_contains_paywalled_content":false,"_jetpack_memberships_contains_paid_content":false,"footnotes":"","jetpack_publicize_message":"","jetpack_publicize_feature_enabled":true,"jetpack_social_post_already_shared":true,"jetpack_social_options":{"image_generator_settings":{"template":"highway","default_image_id":0,"font":"","enabled":false},"version":2}},"categories":[11],"tags":[],"class_list":["post-57141","post","type-post","status-publish","format-standard","has-post-thumbnail","hentry","category-noticias-de-ribeirao-preto-sp-e-regiao-ismael-colosi"],"jetpack_publicize_connections":[],"jetpack_featured_media_url":"https:\/\/i0.wp.com\/noticiasribeiraopreto.com.br\/wp-content\/uploads\/2024\/08\/incendio-interior-de-sp_2024-08-23_22-59-14_jpg_2024-08-23_22-59-15.webp.webp?fit=1200%2C671&ssl=1","jetpack-related-posts":[{"id":58514,"url":"https:\/\/noticiasribeiraopreto.com.br\/index.php\/2024\/09\/29\/governo-de-sp-mobiliza-contingente-para-combater-incendio-na-regiao-de-ribeirao\/","url_meta":{"origin":57141,"position":0},"title":"Governo de SP mobiliza contingente para combater inc\u00eandio na regi\u00e3o de Ribeir\u00e3o","author":"noticiasribeiraopreto.com.br","date":"29 de September de 2024","format":false,"excerpt":"O Governo de S\u00e3o Paulo informou, neste domingo (29), que mobiliza um contingente duas vezes maior que o de 2020 e 2021 para combater um inc\u00eandio na Esta\u00e7\u00e3o Ecol\u00f3gica do Jata\u00ed, em Luiz Ant\u00f4nio, na regi\u00e3o de Ribeir\u00e3o Preto. Na manh\u00e3 deste s\u00e1bado (28), o fogo atingiu uma \u00e1rea da\u2026","rel":"","context":"In &quot;Not\u00edcias de Ribeir\u00e3o Preto-SP e Regi\u00e3o&quot;","block_context":{"text":"Not\u00edcias de Ribeir\u00e3o Preto-SP e Regi\u00e3o","link":"https:\/\/noticiasribeiraopreto.com.br\/index.php\/category\/noticias-de-ribeirao-preto-sp-e-regiao-ismael-colosi\/"},"img":{"alt_text":"","src":"https:\/\/i0.wp.com\/noticiasribeiraopreto.com.br\/wp-content\/uploads\/2024\/09\/WhatsApp-Image-2024-09-29-at-11.49.00_2024-09-29_15-59-32_jpeg_2024-09-29_15-59-33.webp.webp?fit=1200%2C800&ssl=1&resize=350%2C200","width":350,"height":200,"srcset":"https:\/\/i0.wp.com\/noticiasribeiraopreto.com.br\/wp-content\/uploads\/2024\/09\/WhatsApp-Image-2024-09-29-at-11.49.00_2024-09-29_15-59-32_jpeg_2024-09-29_15-59-33.webp.webp?fit=1200%2C800&ssl=1&resize=350%2C200 1x, https:\/\/i0.wp.com\/noticiasribeiraopreto.com.br\/wp-content\/uploads\/2024\/09\/WhatsApp-Image-2024-09-29-at-11.49.00_2024-09-29_15-59-32_jpeg_2024-09-29_15-59-33.webp.webp?fit=1200%2C800&ssl=1&resize=525%2C300 1.5x, https:\/\/i0.wp.com\/noticiasribeiraopreto.com.br\/wp-content\/uploads\/2024\/09\/WhatsApp-Image-2024-09-29-at-11.49.00_2024-09-29_15-59-32_jpeg_2024-09-29_15-59-33.webp.webp?fit=1200%2C800&ssl=1&resize=700%2C400 2x, https:\/\/i0.wp.com\/noticiasribeiraopreto.com.br\/wp-content\/uploads\/2024\/09\/WhatsApp-Image-2024-09-29-at-11.49.00_2024-09-29_15-59-32_jpeg_2024-09-29_15-59-33.webp.webp?fit=1200%2C800&ssl=1&resize=1050%2C600 3x"},"classes":[]},{"id":57225,"url":"https:\/\/noticiasribeiraopreto.com.br\/index.php\/2024\/08\/26\/veja-se-as-condicoes-do-tempo-ajudam-a-evitar-novos-incendios-no-interior-de-sp\/","url_meta":{"origin":57141,"position":1},"title":"Veja se as condi\u00e7\u00f5es do tempo ajudam a evitar novos inc\u00eandios no interior de SP","author":"noticiasribeiraopreto.com.br","date":"26 de August de 2024","format":false,"excerpt":"O sol retornou a partir desta segunda-feira (26), ap\u00f3s a chuva neste domingo (25), e deve prodominar entre nuvens na maior parte do estado de S\u00e3o Paulo. Segundo a Defesa Civil, o aumento gradual da temperatura e a baixa umidade criam um cen\u00e1rio elevado para risco de inc\u00eandios florestais, especialmente\u2026","rel":"","context":"In &quot;Not\u00edcias de Ribeir\u00e3o Preto-SP e Regi\u00e3o&quot;","block_context":{"text":"Not\u00edcias de Ribeir\u00e3o Preto-SP e Regi\u00e3o","link":"https:\/\/noticiasribeiraopreto.com.br\/index.php\/category\/noticias-de-ribeirao-preto-sp-e-regiao-ismael-colosi\/"},"img":{"alt_text":"","src":"https:\/\/i0.wp.com\/noticiasribeiraopreto.com.br\/wp-content\/uploads\/2024\/08\/INCENDIO_2024-08-23_18-57-32_jpg_2024-08-23_18-57-32.webp.webp?fit=1200%2C784&ssl=1&resize=350%2C200","width":350,"height":200,"srcset":"https:\/\/i0.wp.com\/noticiasribeiraopreto.com.br\/wp-content\/uploads\/2024\/08\/INCENDIO_2024-08-23_18-57-32_jpg_2024-08-23_18-57-32.webp.webp?fit=1200%2C784&ssl=1&resize=350%2C200 1x, https:\/\/i0.wp.com\/noticiasribeiraopreto.com.br\/wp-content\/uploads\/2024\/08\/INCENDIO_2024-08-23_18-57-32_jpg_2024-08-23_18-57-32.webp.webp?fit=1200%2C784&ssl=1&resize=525%2C300 1.5x, https:\/\/i0.wp.com\/noticiasribeiraopreto.com.br\/wp-content\/uploads\/2024\/08\/INCENDIO_2024-08-23_18-57-32_jpg_2024-08-23_18-57-32.webp.webp?fit=1200%2C784&ssl=1&resize=700%2C400 2x, https:\/\/i0.wp.com\/noticiasribeiraopreto.com.br\/wp-content\/uploads\/2024\/08\/INCENDIO_2024-08-23_18-57-32_jpg_2024-08-23_18-57-32.webp.webp?fit=1200%2C784&ssl=1&resize=1050%2C600 3x"},"classes":[]},{"id":57164,"url":"https:\/\/noticiasribeiraopreto.com.br\/index.php\/2024\/08\/24\/ribeirao-preto-tera-base-do-gabinete-de-crise-e-aeronaves-das-forcas-armadas-contra-incendios\/","url_meta":{"origin":57141,"position":2},"title":"Ribeir\u00e3o Preto ter\u00e1 base do gabinete de crise e aeronaves das For\u00e7as Armadas contra inc\u00eandios","author":"noticiasribeiraopreto.com.br","date":"24 de August de 2024","format":false,"excerpt":"O governador de S\u00e3o Paulo, Tarc\u00edsio de Freitas, disse que Ribeir\u00e3o Preto ter\u00e1 uma base do gabinete de crise, criado nesta sexta-feira (23) e sediado no Pal\u00e1cio dos Bandeirantes, em S\u00e3o Paulo, para a\u00e7\u00f5es contra os grandes inc\u00eandios no interior paulista. O Chefe do Executivo visista neste s\u00e1bado (24) a\u2026","rel":"","context":"In &quot;Not\u00edcias de Ribeir\u00e3o Preto-SP e Regi\u00e3o&quot;","block_context":{"text":"Not\u00edcias de Ribeir\u00e3o Preto-SP e Regi\u00e3o","link":"https:\/\/noticiasribeiraopreto.com.br\/index.php\/category\/noticias-de-ribeirao-preto-sp-e-regiao-ismael-colosi\/"},"img":{"alt_text":"","src":"https:\/\/i0.wp.com\/noticiasribeiraopreto.com.br\/wp-content\/uploads\/2024\/08\/INCENDIO_2024-08-23_18-57-32_jpg_2024-08-23_18-57-32.webp.webp?fit=1200%2C784&ssl=1&resize=350%2C200","width":350,"height":200,"srcset":"https:\/\/i0.wp.com\/noticiasribeiraopreto.com.br\/wp-content\/uploads\/2024\/08\/INCENDIO_2024-08-23_18-57-32_jpg_2024-08-23_18-57-32.webp.webp?fit=1200%2C784&ssl=1&resize=350%2C200 1x, https:\/\/i0.wp.com\/noticiasribeiraopreto.com.br\/wp-content\/uploads\/2024\/08\/INCENDIO_2024-08-23_18-57-32_jpg_2024-08-23_18-57-32.webp.webp?fit=1200%2C784&ssl=1&resize=525%2C300 1.5x, https:\/\/i0.wp.com\/noticiasribeiraopreto.com.br\/wp-content\/uploads\/2024\/08\/INCENDIO_2024-08-23_18-57-32_jpg_2024-08-23_18-57-32.webp.webp?fit=1200%2C784&ssl=1&resize=700%2C400 2x, https:\/\/i0.wp.com\/noticiasribeiraopreto.com.br\/wp-content\/uploads\/2024\/08\/INCENDIO_2024-08-23_18-57-32_jpg_2024-08-23_18-57-32.webp.webp?fit=1200%2C784&ssl=1&resize=1050%2C600 3x"},"classes":[]},{"id":57434,"url":"https:\/\/noticiasribeiraopreto.com.br\/index.php\/2024\/08\/31\/regiao-de-ribeirao-preto-esta-com-novos-focos-ativos-de-incendio\/","url_meta":{"origin":57141,"position":3},"title":"Regi\u00e3o de Ribeir\u00e3o Preto est\u00e1 com novos focos ativos de inc\u00eandio","author":"noticiasribeiraopreto.com.br","date":"31 de August de 2024","format":false,"excerpt":"A Defesa Civil do Estado de S\u00e3o Paulo informou que sete munic\u00edpios do interior paulista est\u00e3o com focos de inc\u00eandio ativos neste s\u00e1bado (31). Conforme o \u00f3rg\u00e3o, a maior parte dos focos est\u00e1 na regi\u00e3o de Ribeir\u00e3o Preto e Franca. Al\u00e9m disso, tamb\u00e9m h\u00e1 registros de inc\u00eandio na \u00e1rea de\u2026","rel":"","context":"In &quot;Not\u00edcias de Ribeir\u00e3o Preto-SP e Regi\u00e3o&quot;","block_context":{"text":"Not\u00edcias de Ribeir\u00e3o Preto-SP e Regi\u00e3o","link":"https:\/\/noticiasribeiraopreto.com.br\/index.php\/category\/noticias-de-ribeirao-preto-sp-e-regiao-ismael-colosi\/"},"img":{"alt_text":"","src":"https:\/\/i0.wp.com\/noticiasribeiraopreto.com.br\/wp-content\/uploads\/2024\/08\/Copia-de-Copia-de-Copia-de-TAMANHO-EXATO-PARA-FOTOS-NO-SISTEMA-NOVO-23_2024-08-31_21-14-53_png_2024-08-31_21-14-54.webp.webp?fit=1200%2C675&ssl=1&resize=350%2C200","width":350,"height":200,"srcset":"https:\/\/i0.wp.com\/noticiasribeiraopreto.com.br\/wp-content\/uploads\/2024\/08\/Copia-de-Copia-de-Copia-de-TAMANHO-EXATO-PARA-FOTOS-NO-SISTEMA-NOVO-23_2024-08-31_21-14-53_png_2024-08-31_21-14-54.webp.webp?fit=1200%2C675&ssl=1&resize=350%2C200 1x, https:\/\/i0.wp.com\/noticiasribeiraopreto.com.br\/wp-content\/uploads\/2024\/08\/Copia-de-Copia-de-Copia-de-TAMANHO-EXATO-PARA-FOTOS-NO-SISTEMA-NOVO-23_2024-08-31_21-14-53_png_2024-08-31_21-14-54.webp.webp?fit=1200%2C675&ssl=1&resize=525%2C300 1.5x, https:\/\/i0.wp.com\/noticiasribeiraopreto.com.br\/wp-content\/uploads\/2024\/08\/Copia-de-Copia-de-Copia-de-TAMANHO-EXATO-PARA-FOTOS-NO-SISTEMA-NOVO-23_2024-08-31_21-14-53_png_2024-08-31_21-14-54.webp.webp?fit=1200%2C675&ssl=1&resize=700%2C400 2x, https:\/\/i0.wp.com\/noticiasribeiraopreto.com.br\/wp-content\/uploads\/2024\/08\/Copia-de-Copia-de-Copia-de-TAMANHO-EXATO-PARA-FOTOS-NO-SISTEMA-NOVO-23_2024-08-31_21-14-53_png_2024-08-31_21-14-54.webp.webp?fit=1200%2C675&ssl=1&resize=1050%2C600 3x"},"classes":[]},{"id":76194,"url":"https:\/\/noticiasribeiraopreto.com.br\/index.php\/2025\/08\/24\/um-ano-apos-incendios-no-interior-de-sp-veja-medidas-de-protecao-e-fiscalizacao-para-2025\/","url_meta":{"origin":57141,"position":4},"title":"Um ano ap\u00f3s inc\u00eandios no interior de SP: veja medidas de prote\u00e7\u00e3o e fiscaliza\u00e7\u00e3o para 2025","author":"noticiasribeiraopreto.com.br","date":"24 de August de 2025","format":false,"excerpt":"H\u00e1 um ano, o interior paulista enfrentava um per\u00edodo de grandes inc\u00eandios, com recorde de focos e muitos preju\u00edzos ambientais. A regi\u00e3o de Ribeir\u00e3o Preto foi altamente afetada pelas chamas. Segundo o Inpe (Instituto Nacional de Pesquisas Espaciais), entre os dias 22 e 23 de agosto de 2024 foram registrados\u2026","rel":"","context":"In &quot;Not\u00edcias de Ribeir\u00e3o Preto-SP e Regi\u00e3o&quot;","block_context":{"text":"Not\u00edcias de Ribeir\u00e3o Preto-SP e Regi\u00e3o","link":"https:\/\/noticiasribeiraopreto.com.br\/index.php\/category\/noticias-de-ribeirao-preto-sp-e-regiao-ismael-colosi\/"},"img":{"alt_text":"","src":"https:\/\/i0.wp.com\/noticiasribeiraopreto.com.br\/wp-content\/uploads\/2025\/08\/a.ok_.monitoraincendios_2025-08-24_12-57-49.webp.webp?fit=1200%2C799&ssl=1&resize=350%2C200","width":350,"height":200,"srcset":"https:\/\/i0.wp.com\/noticiasribeiraopreto.com.br\/wp-content\/uploads\/2025\/08\/a.ok_.monitoraincendios_2025-08-24_12-57-49.webp.webp?fit=1200%2C799&ssl=1&resize=350%2C200 1x, https:\/\/i0.wp.com\/noticiasribeiraopreto.com.br\/wp-content\/uploads\/2025\/08\/a.ok_.monitoraincendios_2025-08-24_12-57-49.webp.webp?fit=1200%2C799&ssl=1&resize=525%2C300 1.5x, https:\/\/i0.wp.com\/noticiasribeiraopreto.com.br\/wp-content\/uploads\/2025\/08\/a.ok_.monitoraincendios_2025-08-24_12-57-49.webp.webp?fit=1200%2C799&ssl=1&resize=700%2C400 2x, https:\/\/i0.wp.com\/noticiasribeiraopreto.com.br\/wp-content\/uploads\/2025\/08\/a.ok_.monitoraincendios_2025-08-24_12-57-49.webp.webp?fit=1200%2C799&ssl=1&resize=1050%2C600 3x"},"classes":[]},{"id":57139,"url":"https:\/\/noticiasribeiraopreto.com.br\/index.php\/2024\/08\/23\/interior-de-sao-paulo-em-chamas-veja-videos-impressionantes\/","url_meta":{"origin":57141,"position":5},"title":"Interior de S\u00e3o Paulo em chamas; Veja v\u00eddeos impressionantes","author":"noticiasribeiraopreto.com.br","date":"23 de August de 2024","format":false,"excerpt":"O governador de S\u00e3o Paulo, Tarc\u00edsio de Freitas (REP), determinou a cria\u00e7\u00e3o de um gabinete de crise por conta dos inc\u00eandios no interior do estado \u2013 veja o v\u00eddeo. Diversas rodovias precisaram ser interditadas por conta da fuma\u00e7a que invadiu as rodovias. VEJA O V\u00cdDEO O interior de S\u00e3o Paulo\u2026","rel":"","context":"In &quot;Not\u00edcias de Ribeir\u00e3o Preto-SP e Regi\u00e3o&quot;","block_context":{"text":"Not\u00edcias de Ribeir\u00e3o Preto-SP e Regi\u00e3o","link":"https:\/\/noticiasribeiraopreto.com.br\/index.php\/category\/noticias-de-ribeirao-preto-sp-e-regiao-ismael-colosi\/"},"img":{"alt_text":"","src":"https:\/\/i0.wp.com\/noticiasribeiraopreto.com.br\/wp-content\/uploads\/2024\/08\/gabinete-de-crise_2024-08-23_22-03-52_jpg_2024-08-23_22-03-52.webp.webp?fit=902%2C599&ssl=1&resize=350%2C200","width":350,"height":200,"srcset":"https:\/\/i0.wp.com\/noticiasribeiraopreto.com.br\/wp-content\/uploads\/2024\/08\/gabinete-de-crise_2024-08-23_22-03-52_jpg_2024-08-23_22-03-52.webp.webp?fit=902%2C599&ssl=1&resize=350%2C200 1x, https:\/\/i0.wp.com\/noticiasribeiraopreto.com.br\/wp-content\/uploads\/2024\/08\/gabinete-de-crise_2024-08-23_22-03-52_jpg_2024-08-23_22-03-52.webp.webp?fit=902%2C599&ssl=1&resize=525%2C300 1.5x, https:\/\/i0.wp.com\/noticiasribeiraopreto.com.br\/wp-content\/uploads\/2024\/08\/gabinete-de-crise_2024-08-23_22-03-52_jpg_2024-08-23_22-03-52.webp.webp?fit=902%2C599&ssl=1&resize=700%2C400 2x"},"classes":[]}],"jetpack_sharing_enabled":true,"jetpack_shortlink":"https:\/\/wp.me\/peQAOb-eRD","_links":{"self":[{"href":"https:\/\/noticiasribeiraopreto.com.br\/index.php\/wp-json\/wp\/v2\/posts\/57141","targetHints":{"allow":["GET"]}}],"collection":[{"href":"https:\/\/noticiasribeiraopreto.com.br\/index.php\/wp-json\/wp\/v2\/posts"}],"about":[{"href":"https:\/\/noticiasribeiraopreto.com.br\/index.php\/wp-json\/wp\/v2\/types\/post"}],"author":[{"embeddable":true,"href":"https:\/\/noticiasribeiraopreto.com.br\/index.php\/wp-json\/wp\/v2\/users\/1"}],"replies":[{"embeddable":true,"href":"https:\/\/noticiasribeiraopreto.com.br\/index.php\/wp-json\/wp\/v2\/comments?post=57141"}],"version-history":[{"count":0,"href":"https:\/\/noticiasribeiraopreto.com.br\/index.php\/wp-json\/wp\/v2\/posts\/57141\/revisions"}],"wp:featuredmedia":[{"embeddable":true,"href":"https:\/\/noticiasribeiraopreto.com.br\/index.php\/wp-json\/wp\/v2\/media\/57142"}],"wp:attachment":[{"href":"https:\/\/noticiasribeiraopreto.com.br\/index.php\/wp-json\/wp\/v2\/media?parent=57141"}],"wp:term":[{"taxonomy":"category","embeddable":true,"href":"https:\/\/noticiasribeiraopreto.com.br\/index.php\/wp-json\/wp\/v2\/categories?post=57141"},{"taxonomy":"post_tag","embeddable":true,"href":"https:\/\/noticiasribeiraopreto.com.br\/index.php\/wp-json\/wp\/v2\/tags?post=57141"}],"curies":[{"name":"wp","href":"https:\/\/api.w.org\/{rel}","templated":true}]}}