{"id":57146,"date":"2024-08-24T10:19:27","date_gmt":"2024-08-24T13:19:27","guid":{"rendered":"https:\/\/noticiasribeiraopreto.com.br\/index.php\/2024\/08\/24\/saiba-como-estao-as-rodovias-da-regiao-de-ribeirao-na-manha-deste-sabado\/"},"modified":"2024-08-24T10:19:27","modified_gmt":"2024-08-24T13:19:27","slug":"saiba-como-estao-as-rodovias-da-regiao-de-ribeirao-na-manha-deste-sabado","status":"publish","type":"post","link":"https:\/\/noticiasribeiraopreto.com.br\/index.php\/2024\/08\/24\/saiba-como-estao-as-rodovias-da-regiao-de-ribeirao-na-manha-deste-sabado\/","title":{"rendered":"Saiba como est\u00e3o as rodovias da regi\u00e3o de Ribeir\u00e3o na manh\u00e3 deste s\u00e1bado"},"content":{"rendered":"<div class='code-block code-block-1' style='margin: 8px 0 8px auto; text-align: right; display: block; clear: both;'>\n<p><a href=\"https:\/\/wa.link\/vpicfd\"><img data-recalc-dims=\"1\" class=\"wp-image-4922\" style=\"aspect-ratio: 2.0253164556962027; width: 561px; height: auto;\" src=\"https:\/\/i0.wp.com\/ismaelcolosi.com.br\/wp-content\/uploads\/2023\/11\/grupo-de-empregos-whatsapp-e-facebook-ismael-colosi-vagas.jpg?ssl=1\" alt=\"\" \/><\/a><\/p>\n<!-- \/wp:image -->\n<\/div>\n<p> <br \/>\n<\/p>\n<p>A regi\u00e3o de <strong>Ribeir\u00e3o Preto<\/strong> sofre com uma&nbsp;<strong>s\u00e9rie de inc\u00eandios em vegeta\u00e7\u00e3o<\/strong>, desde a <strong>\u00faltima quinta-feira (22)<\/strong>, causando <strong>transtorno <\/strong>para popula\u00e7\u00e3o. Diversas rodovias ficaram sem visibilidade e foram fechadas para evitar acidentes. <\/p>\n<p>Na manh\u00e3 deste <strong>s\u00e1bado<\/strong> (24), <strong><mark style=\"background-color:#fcb900\" class=\"has-inline-color\">todas as rodovias da regi\u00e3o est\u00e3o liberadas.<\/mark> <\/strong><\/p>\n<p>No entanto, a situa\u00e7\u00e3o pode mudar durante o dia visto que ainda existe um alerta e risco de inc\u00eandios. <\/p>\n<p>SAIBA MAIS<br \/>Interior de SP tem duas mortes por conta de inc\u00eandios; Governo cria gabinete de crise<\/p>\n<h4 class=\"wp-block-heading\"><strong>FIQUE ON<\/strong><\/h4>\n<p>Fique ligado em tudo que acontece em Ribeir\u00e3o Preto e regi\u00e3o. Siga os perfis do&nbsp;<strong>acidade on<\/strong>&nbsp;no&nbsp;<a href=\"https:\/\/www.instagram.com\/acidadeonribeirao\" target=\"_blank\" rel=\"noreferrer noopener\">Instagram<\/a>&nbsp;e no&nbsp;<a href=\"https:\/\/www.facebook.com\/acidadeonribeirao\/\" target=\"_blank\" rel=\"noreferrer noopener\">Facebook<\/a>.<\/p>\n<p>Receba not\u00edcias do&nbsp;<strong>acidade on&nbsp;<\/strong>no WhatsApp.&nbsp;<a href=\"https:\/\/chat.whatsapp.com\/Dtv9mxhy6V5BJBotM2OQ5k\" target=\"_blank\" rel=\"noreferrer noopener\">Para entrar no grupo, basta clicar aqui.<\/a><\/p>\n<p>Fa\u00e7a uma den\u00fancia ou sugira uma reportagem sobre Ribeir\u00e3o Preto e regi\u00e3o pelo WhatsApp: 16 99117 7802.<\/p>\n<p>VEJA TAMB\u00c9M<br \/>Quando ter\u00e1 chuva em SP? Frente fria traz ventania de 70 km\/h<\/p>\n<p>O post Saiba como est\u00e3o as rodovias da regi\u00e3o de Ribeir\u00e3o na manh\u00e3 deste s\u00e1bado apareceu primeiro em ACidade ON Ribeir\u00e3o Preto.<\/p>\n<p><script async src=\"\/\/www.instagram.com\/embed.js\"><\/script><br \/>\n<br \/><br \/>\n<br \/><a href=\"https:\/\/www.acidadeon.com\/ribeiraopreto\/cotidiano\/saiba-como-estao-as-rodovias-da-regiao-de-ribeirao-na-manha-de-hoje\/\">Source link <\/a><\/p>\n<!-- CONTENT END 1 -->\n","protected":false},"excerpt":{"rendered":"<p>A regi\u00e3o de Ribeir\u00e3o Preto sofre com uma&nbsp;s\u00e9rie de inc\u00eandios em vegeta\u00e7\u00e3o, desde a \u00faltima quinta-feira (22), causando transtorno para popula\u00e7\u00e3o. Diversas rodovias ficaram sem&#8230;<\/p>\n","protected":false},"author":1,"featured_media":57147,"comment_status":"open","ping_status":"open","sticky":false,"template":"","format":"standard","meta":{"advanced_seo_description":"","jetpack_seo_html_title":"","jetpack_seo_noindex":false,"jetpack_post_was_ever_published":false,"_jetpack_newsletter_access":"","_jetpack_dont_email_post_to_subs":false,"_jetpack_newsletter_tier_id":0,"_jetpack_memberships_contains_paywalled_content":false,"_jetpack_memberships_contains_paid_content":false,"footnotes":"","jetpack_publicize_message":"","jetpack_publicize_feature_enabled":true,"jetpack_social_post_already_shared":true,"jetpack_social_options":{"image_generator_settings":{"template":"highway","default_image_id":0,"font":"","enabled":false},"version":2}},"categories":[11],"tags":[],"class_list":["post-57146","post","type-post","status-publish","format-standard","has-post-thumbnail","hentry","category-noticias-de-ribeirao-preto-sp-e-regiao-ismael-colosi"],"jetpack_publicize_connections":[],"jetpack_featured_media_url":"https:\/\/i0.wp.com\/noticiasribeiraopreto.com.br\/wp-content\/uploads\/2024\/08\/interdicao-mario-donega_2024-08-24_12-46-40_jpg_2024-08-24_12-46-40.webp.webp?fit=829%2C595&ssl=1","jetpack-related-posts":[{"id":55584,"url":"https:\/\/noticiasribeiraopreto.com.br\/index.php\/2024\/08\/03\/fumaca-de-incendio-invade-rodovia-na-regiao-de-ribeirao-preto-veja-video\/","url_meta":{"origin":57146,"position":0},"title":"Fuma\u00e7a de inc\u00eandio invade rodovia na regi\u00e3o de Ribeir\u00e3o Preto; Veja v\u00eddeo","author":"noticiasribeiraopreto.com.br","date":"3 de August de 2024","format":false,"excerpt":"A fuma\u00e7a de um inc\u00eandio tomou um trecho da rodovia At\u00edlio Balbo (SP-322) na manh\u00e3 deste s\u00e1bado (3), em Sert\u00e3ozinho. Segundo informa\u00e7\u00f5es, um caminh\u00e3o-pipa j\u00e1 atua no combate ao fogo em \u00e1rea de vegeta\u00e7\u00e3o \u00e0s margens da via, nas proximidades do km 334. N\u00e3o h\u00e1, contudo, informa\u00e7\u00f5es sobre problemas no\u2026","rel":"","context":"In &quot;Not\u00edcias de Ribeir\u00e3o Preto-SP e Regi\u00e3o&quot;","block_context":{"text":"Not\u00edcias de Ribeir\u00e3o Preto-SP e Regi\u00e3o","link":"https:\/\/noticiasribeiraopreto.com.br\/index.php\/category\/noticias-de-ribeirao-preto-sp-e-regiao-ismael-colosi\/"},"img":{"alt_text":"","src":"https:\/\/i0.wp.com\/noticiasribeiraopreto.com.br\/wp-content\/uploads\/2024\/08\/WhatsApp-Image-2024-08-03-at-11.04.44_2024-08-03_14-06-11_jpeg_2024-08-03_14-06-11.webp.webp?fit=1200%2C998&ssl=1&resize=350%2C200","width":350,"height":200,"srcset":"https:\/\/i0.wp.com\/noticiasribeiraopreto.com.br\/wp-content\/uploads\/2024\/08\/WhatsApp-Image-2024-08-03-at-11.04.44_2024-08-03_14-06-11_jpeg_2024-08-03_14-06-11.webp.webp?fit=1200%2C998&ssl=1&resize=350%2C200 1x, https:\/\/i0.wp.com\/noticiasribeiraopreto.com.br\/wp-content\/uploads\/2024\/08\/WhatsApp-Image-2024-08-03-at-11.04.44_2024-08-03_14-06-11_jpeg_2024-08-03_14-06-11.webp.webp?fit=1200%2C998&ssl=1&resize=525%2C300 1.5x, https:\/\/i0.wp.com\/noticiasribeiraopreto.com.br\/wp-content\/uploads\/2024\/08\/WhatsApp-Image-2024-08-03-at-11.04.44_2024-08-03_14-06-11_jpeg_2024-08-03_14-06-11.webp.webp?fit=1200%2C998&ssl=1&resize=700%2C400 2x, https:\/\/i0.wp.com\/noticiasribeiraopreto.com.br\/wp-content\/uploads\/2024\/08\/WhatsApp-Image-2024-08-03-at-11.04.44_2024-08-03_14-06-11_jpeg_2024-08-03_14-06-11.webp.webp?fit=1200%2C998&ssl=1&resize=1050%2C600 3x"},"classes":[]},{"id":55006,"url":"https:\/\/noticiasribeiraopreto.com.br\/index.php\/2024\/07\/27\/incendio-e-registrado-as-margens-de-rodovia-na-regiao-de-ribeirao-preto-veja-o-video\/","url_meta":{"origin":57146,"position":1},"title":"Inc\u00eandio \u00e9 registrado \u00e0s margens de rodovia na regi\u00e3o de Ribeir\u00e3o Preto; Veja o v\u00eddeo","author":"noticiasribeiraopreto.com.br","date":"27 de July de 2024","format":false,"excerpt":"Um inc\u00eandio em planta\u00e7\u00e3o \u00e0s margens da rodovia Carlos Tonani (SP-333) em Jaboticabal, na regi\u00e3o de Ribeir\u00e3o Preto, assustou motoristas que passavam pelo local, no in\u00edcio da tarde deste s\u00e1bado (27). Pelas imagens \u00e9 poss\u00edvel ver uma cortina de fuma\u00e7a sobre a vegeta\u00e7\u00e3o e, em outro trecho, o fogo j\u00e1\u2026","rel":"","context":"In &quot;Not\u00edcias de Ribeir\u00e3o Preto-SP e Regi\u00e3o&quot;","block_context":{"text":"Not\u00edcias de Ribeir\u00e3o Preto-SP e Regi\u00e3o","link":"https:\/\/noticiasribeiraopreto.com.br\/index.php\/category\/noticias-de-ribeirao-preto-sp-e-regiao-ismael-colosi\/"},"img":{"alt_text":"","src":"https:\/\/i0.wp.com\/noticiasribeiraopreto.com.br\/wp-content\/uploads\/2024\/07\/Copia-de-Copia-de-TAMANHO-EXATO-PARA-FOTOS-NO-SISTEMA-NOVO-3_2024-07-27_15-51-04_jpg_2024-07-27_15-51-05.webp.webp?fit=1200%2C675&ssl=1&resize=350%2C200","width":350,"height":200,"srcset":"https:\/\/i0.wp.com\/noticiasribeiraopreto.com.br\/wp-content\/uploads\/2024\/07\/Copia-de-Copia-de-TAMANHO-EXATO-PARA-FOTOS-NO-SISTEMA-NOVO-3_2024-07-27_15-51-04_jpg_2024-07-27_15-51-05.webp.webp?fit=1200%2C675&ssl=1&resize=350%2C200 1x, https:\/\/i0.wp.com\/noticiasribeiraopreto.com.br\/wp-content\/uploads\/2024\/07\/Copia-de-Copia-de-TAMANHO-EXATO-PARA-FOTOS-NO-SISTEMA-NOVO-3_2024-07-27_15-51-04_jpg_2024-07-27_15-51-05.webp.webp?fit=1200%2C675&ssl=1&resize=525%2C300 1.5x, https:\/\/i0.wp.com\/noticiasribeiraopreto.com.br\/wp-content\/uploads\/2024\/07\/Copia-de-Copia-de-TAMANHO-EXATO-PARA-FOTOS-NO-SISTEMA-NOVO-3_2024-07-27_15-51-04_jpg_2024-07-27_15-51-05.webp.webp?fit=1200%2C675&ssl=1&resize=700%2C400 2x, https:\/\/i0.wp.com\/noticiasribeiraopreto.com.br\/wp-content\/uploads\/2024\/07\/Copia-de-Copia-de-TAMANHO-EXATO-PARA-FOTOS-NO-SISTEMA-NOVO-3_2024-07-27_15-51-04_jpg_2024-07-27_15-51-05.webp.webp?fit=1200%2C675&ssl=1&resize=1050%2C600 3x"},"classes":[]},{"id":78206,"url":"https:\/\/noticiasribeiraopreto.com.br\/index.php\/2025\/10\/04\/incendio-em-vegetacao-atinge-area-proxima-a-rodovia-em-ribeirao-preto\/","url_meta":{"origin":57146,"position":2},"title":"Inc\u00eandio em vegeta\u00e7\u00e3o atinge \u00e1rea pr\u00f3xima \u00e0 rodovia em Ribeir\u00e3o Preto","author":"noticiasribeiraopreto.com.br","date":"4 de October de 2025","format":false,"excerpt":"Um inc\u00eandio atingiu uma \u00e1rea de vegeta\u00e7\u00e3o pr\u00f3xima \u00e0 rodovia Abr\u00e3o Assed (SP-333), em Ribeir\u00e3o Preto, na tarde deste s\u00e1bado (4). De acordo com o Corpo de Bombeiros, o inc\u00eandio teve in\u00edcio por volta das 12h30. Equipes da corpora\u00e7\u00e3o e de usinas da regi\u00e3o trabalham no combate \u00e0s chamas. Nas\u2026","rel":"","context":"In &quot;Not\u00edcias de Ribeir\u00e3o Preto-SP e Regi\u00e3o&quot;","block_context":{"text":"Not\u00edcias de Ribeir\u00e3o Preto-SP e Regi\u00e3o","link":"https:\/\/noticiasribeiraopreto.com.br\/index.php\/category\/noticias-de-ribeirao-preto-sp-e-regiao-ismael-colosi\/"},"img":{"alt_text":"","src":"https:\/\/i0.wp.com\/noticiasribeiraopreto.com.br\/wp-content\/uploads\/2025\/10\/Copia-de-Copia-de-Copia-de-TAMANHO-EXATO-PARA-FOTOS-NO-SISTEMA-NOVO-2025-10-04T133617.479_2025-10-04_16-36-24.webp.webp?fit=1200%2C675&ssl=1&resize=350%2C200","width":350,"height":200,"srcset":"https:\/\/i0.wp.com\/noticiasribeiraopreto.com.br\/wp-content\/uploads\/2025\/10\/Copia-de-Copia-de-Copia-de-TAMANHO-EXATO-PARA-FOTOS-NO-SISTEMA-NOVO-2025-10-04T133617.479_2025-10-04_16-36-24.webp.webp?fit=1200%2C675&ssl=1&resize=350%2C200 1x, https:\/\/i0.wp.com\/noticiasribeiraopreto.com.br\/wp-content\/uploads\/2025\/10\/Copia-de-Copia-de-Copia-de-TAMANHO-EXATO-PARA-FOTOS-NO-SISTEMA-NOVO-2025-10-04T133617.479_2025-10-04_16-36-24.webp.webp?fit=1200%2C675&ssl=1&resize=525%2C300 1.5x, https:\/\/i0.wp.com\/noticiasribeiraopreto.com.br\/wp-content\/uploads\/2025\/10\/Copia-de-Copia-de-Copia-de-TAMANHO-EXATO-PARA-FOTOS-NO-SISTEMA-NOVO-2025-10-04T133617.479_2025-10-04_16-36-24.webp.webp?fit=1200%2C675&ssl=1&resize=700%2C400 2x, https:\/\/i0.wp.com\/noticiasribeiraopreto.com.br\/wp-content\/uploads\/2025\/10\/Copia-de-Copia-de-Copia-de-TAMANHO-EXATO-PARA-FOTOS-NO-SISTEMA-NOVO-2025-10-04T133617.479_2025-10-04_16-36-24.webp.webp?fit=1200%2C675&ssl=1&resize=1050%2C600 3x"},"classes":[]},{"id":65122,"url":"https:\/\/noticiasribeiraopreto.com.br\/index.php\/2025\/03\/16\/incendio-em-caminhao-provoca-interdicao-na-rodovia-anhanguera\/","url_meta":{"origin":57146,"position":3},"title":"Inc\u00eandio em caminh\u00e3o provoca interdi\u00e7\u00e3o na rodovia Anhanguera","author":"noticiasribeiraopreto.com.br","date":"16 de March de 2025","format":false,"excerpt":"Um caminh\u00e3o pegou fogo e provocou a interdi\u00e7\u00e3o da rodovia Anhanguera, na tarde deste s\u00e1bado (15). O incidente aconteceu na altura do quil\u00f4metro 435, em Aramina, no sentido sul (interior-capital). De acordo com o CCI (Centro de Controle de Informa\u00e7\u00f5es) da Artesp (Ag\u00eancia de Transporte do Estado de S\u00e3o Paulo),\u2026","rel":"","context":"In &quot;Not\u00edcias de Ribeir\u00e3o Preto-SP e Regi\u00e3o&quot;","block_context":{"text":"Not\u00edcias de Ribeir\u00e3o Preto-SP e Regi\u00e3o","link":"https:\/\/noticiasribeiraopreto.com.br\/index.php\/category\/noticias-de-ribeirao-preto-sp-e-regiao-ismael-colosi\/"},"img":{"alt_text":"","src":"https:\/\/i0.wp.com\/noticiasribeiraopreto.com.br\/wp-content\/uploads\/2025\/03\/bloqueio-anhanguera_2025-03-15_20-55-55_jpg_2025-03-15_20-55-55.webp.webp?fit=1200%2C781&ssl=1&resize=350%2C200","width":350,"height":200,"srcset":"https:\/\/i0.wp.com\/noticiasribeiraopreto.com.br\/wp-content\/uploads\/2025\/03\/bloqueio-anhanguera_2025-03-15_20-55-55_jpg_2025-03-15_20-55-55.webp.webp?fit=1200%2C781&ssl=1&resize=350%2C200 1x, https:\/\/i0.wp.com\/noticiasribeiraopreto.com.br\/wp-content\/uploads\/2025\/03\/bloqueio-anhanguera_2025-03-15_20-55-55_jpg_2025-03-15_20-55-55.webp.webp?fit=1200%2C781&ssl=1&resize=525%2C300 1.5x, https:\/\/i0.wp.com\/noticiasribeiraopreto.com.br\/wp-content\/uploads\/2025\/03\/bloqueio-anhanguera_2025-03-15_20-55-55_jpg_2025-03-15_20-55-55.webp.webp?fit=1200%2C781&ssl=1&resize=700%2C400 2x, https:\/\/i0.wp.com\/noticiasribeiraopreto.com.br\/wp-content\/uploads\/2025\/03\/bloqueio-anhanguera_2025-03-15_20-55-55_jpg_2025-03-15_20-55-55.webp.webp?fit=1200%2C781&ssl=1&resize=1050%2C600 3x"},"classes":[]},{"id":57102,"url":"https:\/\/noticiasribeiraopreto.com.br\/index.php\/2024\/08\/23\/rodovia-registra-congestionamento-apos-queimada-na-regiao-de-ribeirao-preto\/","url_meta":{"origin":57146,"position":4},"title":"Rodovia registra congestionamento ap\u00f3s queimada na regi\u00e3o de Ribeir\u00e3o Preto","author":"noticiasribeiraopreto.com.br","date":"23 de August de 2024","format":false,"excerpt":"A rodovia M\u00e1rio Doneg\u00e1 (SP-291) registra congestionamento na manh\u00e3 desta sexta-feira\u00a0(23), no trecho entre Ribeir\u00e3o Preto e Dumont. Segundo o DER (Departamento de Estradas de Rodagem), equipes da base de Ribeir\u00e3o est\u00e3o sinalizando a rodovia, do km 3 ao 10, devido ao risco de queda de \u00e1rvore, ap\u00f3s um inc\u00eandio\u2026","rel":"","context":"In &quot;Not\u00edcias de Ribeir\u00e3o Preto-SP e Regi\u00e3o&quot;","block_context":{"text":"Not\u00edcias de Ribeir\u00e3o Preto-SP e Regi\u00e3o","link":"https:\/\/noticiasribeiraopreto.com.br\/index.php\/category\/noticias-de-ribeirao-preto-sp-e-regiao-ismael-colosi\/"},"img":{"alt_text":"","src":"https:\/\/i0.wp.com\/noticiasribeiraopreto.com.br\/wp-content\/uploads\/2024\/08\/WhatsApp-Image-2024-08-23-at-06.54.38_2024-08-23_10-39-11_jpeg_2024-08-23_10-39-12.webp.webp?fit=1200%2C676&ssl=1&resize=350%2C200","width":350,"height":200,"srcset":"https:\/\/i0.wp.com\/noticiasribeiraopreto.com.br\/wp-content\/uploads\/2024\/08\/WhatsApp-Image-2024-08-23-at-06.54.38_2024-08-23_10-39-11_jpeg_2024-08-23_10-39-12.webp.webp?fit=1200%2C676&ssl=1&resize=350%2C200 1x, https:\/\/i0.wp.com\/noticiasribeiraopreto.com.br\/wp-content\/uploads\/2024\/08\/WhatsApp-Image-2024-08-23-at-06.54.38_2024-08-23_10-39-11_jpeg_2024-08-23_10-39-12.webp.webp?fit=1200%2C676&ssl=1&resize=525%2C300 1.5x, https:\/\/i0.wp.com\/noticiasribeiraopreto.com.br\/wp-content\/uploads\/2024\/08\/WhatsApp-Image-2024-08-23-at-06.54.38_2024-08-23_10-39-11_jpeg_2024-08-23_10-39-12.webp.webp?fit=1200%2C676&ssl=1&resize=700%2C400 2x, https:\/\/i0.wp.com\/noticiasribeiraopreto.com.br\/wp-content\/uploads\/2024\/08\/WhatsApp-Image-2024-08-23-at-06.54.38_2024-08-23_10-39-11_jpeg_2024-08-23_10-39-12.webp.webp?fit=1200%2C676&ssl=1&resize=1050%2C600 3x"},"classes":[]},{"id":75865,"url":"https:\/\/noticiasribeiraopreto.com.br\/index.php\/2025\/08\/16\/brigadista-voluntario-morre-durante-combate-a-incendio-as-margens-de-rodovia\/","url_meta":{"origin":57146,"position":5},"title":"Brigadista volunt\u00e1rio morre durante combate a inc\u00eandio \u00e0s margens de rodovia","author":"noticiasribeiraopreto.com.br","date":"16 de August de 2025","format":false,"excerpt":"Um brigadista volunt\u00e1rio morreu na tarde deste s\u00e1bado (16) durante o combate a um inc\u00eandio em uma \u00e1rea pr\u00f3xima \u00e0 rodovia C\u00e2ndido Portinari, no distrito de Iga\u00e7aba, em Pedregulho. Ver essa foto no Instagram Uma publica\u00e7\u00e3o compartilhada por acidade on Ribeir\u00e3o (@acidadeonribeirao) Segundo a Defesa Civil, o fogo come\u00e7ou pela\u2026","rel":"","context":"In &quot;Not\u00edcias de Ribeir\u00e3o Preto-SP e Regi\u00e3o&quot;","block_context":{"text":"Not\u00edcias de Ribeir\u00e3o Preto-SP e Regi\u00e3o","link":"https:\/\/noticiasribeiraopreto.com.br\/index.php\/category\/noticias-de-ribeirao-preto-sp-e-regiao-ismael-colosi\/"},"img":{"alt_text":"","src":"https:\/\/i0.wp.com\/noticiasribeiraopreto.com.br\/wp-content\/uploads\/2025\/08\/incendio_2025-08-16_21-27-17.webp.webp?fit=1199%2C792&ssl=1&resize=350%2C200","width":350,"height":200,"srcset":"https:\/\/i0.wp.com\/noticiasribeiraopreto.com.br\/wp-content\/uploads\/2025\/08\/incendio_2025-08-16_21-27-17.webp.webp?fit=1199%2C792&ssl=1&resize=350%2C200 1x, https:\/\/i0.wp.com\/noticiasribeiraopreto.com.br\/wp-content\/uploads\/2025\/08\/incendio_2025-08-16_21-27-17.webp.webp?fit=1199%2C792&ssl=1&resize=525%2C300 1.5x, https:\/\/i0.wp.com\/noticiasribeiraopreto.com.br\/wp-content\/uploads\/2025\/08\/incendio_2025-08-16_21-27-17.webp.webp?fit=1199%2C792&ssl=1&resize=700%2C400 2x, https:\/\/i0.wp.com\/noticiasribeiraopreto.com.br\/wp-content\/uploads\/2025\/08\/incendio_2025-08-16_21-27-17.webp.webp?fit=1199%2C792&ssl=1&resize=1050%2C600 3x"},"classes":[]}],"jetpack_sharing_enabled":true,"jetpack_shortlink":"https:\/\/wp.me\/peQAOb-eRI","_links":{"self":[{"href":"https:\/\/noticiasribeiraopreto.com.br\/index.php\/wp-json\/wp\/v2\/posts\/57146","targetHints":{"allow":["GET"]}}],"collection":[{"href":"https:\/\/noticiasribeiraopreto.com.br\/index.php\/wp-json\/wp\/v2\/posts"}],"about":[{"href":"https:\/\/noticiasribeiraopreto.com.br\/index.php\/wp-json\/wp\/v2\/types\/post"}],"author":[{"embeddable":true,"href":"https:\/\/noticiasribeiraopreto.com.br\/index.php\/wp-json\/wp\/v2\/users\/1"}],"replies":[{"embeddable":true,"href":"https:\/\/noticiasribeiraopreto.com.br\/index.php\/wp-json\/wp\/v2\/comments?post=57146"}],"version-history":[{"count":0,"href":"https:\/\/noticiasribeiraopreto.com.br\/index.php\/wp-json\/wp\/v2\/posts\/57146\/revisions"}],"wp:featuredmedia":[{"embeddable":true,"href":"https:\/\/noticiasribeiraopreto.com.br\/index.php\/wp-json\/wp\/v2\/media\/57147"}],"wp:attachment":[{"href":"https:\/\/noticiasribeiraopreto.com.br\/index.php\/wp-json\/wp\/v2\/media?parent=57146"}],"wp:term":[{"taxonomy":"category","embeddable":true,"href":"https:\/\/noticiasribeiraopreto.com.br\/index.php\/wp-json\/wp\/v2\/categories?post=57146"},{"taxonomy":"post_tag","embeddable":true,"href":"https:\/\/noticiasribeiraopreto.com.br\/index.php\/wp-json\/wp\/v2\/tags?post=57146"}],"curies":[{"name":"wp","href":"https:\/\/api.w.org\/{rel}","templated":true}]}}