{"id":57148,"date":"2024-08-24T10:23:08","date_gmt":"2024-08-24T13:23:08","guid":{"rendered":"https:\/\/noticiasribeiraopreto.com.br\/index.php\/2024\/08\/24\/inmet-alerta-para-perigo-potencial-de-queda-de-temperatura-no-estado-de-sp-veja-cidades\/"},"modified":"2024-08-24T10:23:08","modified_gmt":"2024-08-24T13:23:08","slug":"inmet-alerta-para-perigo-potencial-de-queda-de-temperatura-no-estado-de-sp-veja-cidades","status":"publish","type":"post","link":"https:\/\/noticiasribeiraopreto.com.br\/index.php\/2024\/08\/24\/inmet-alerta-para-perigo-potencial-de-queda-de-temperatura-no-estado-de-sp-veja-cidades\/","title":{"rendered":"Inmet alerta para perigo potencial de queda de temperatura no estado de SP; Veja cidades"},"content":{"rendered":"<p> <br \/>\n<\/p>\n<div>\n<p><strong>O <\/strong><a href=\"https:\/\/portal.inmet.gov.br\/\" target=\"_blank\" rel=\"noreferrer noopener\"><strong>Inmet (Instituto Nacional de Meteorologia)<\/strong><\/a><strong> emitiu um alerta de perigo potencial para a decl\u00ednio de temperatura em parte do estado de S\u00e3o Paulo.<\/strong><\/p>\n<p><mark style=\"background-color:#fcb900\" class=\"has-inline-color has-black-color\">O aviso tem in\u00edcio \u00e0s 10h deste s\u00e1bado (24) e segue at\u00e9 as 10h de domingo (25), e inclui algumas cidades da regi\u00e3o de Ribeir\u00e3o Preto. O munic\u00edpio de Ribeir\u00e3o, contudo, n\u00e3o est\u00e1 no alerta. <\/mark><\/p>\n<p>Al\u00e9m da regi\u00e3o, o <strong>aviso <\/strong>tamb\u00e9m inclui a seguintes <strong>regi\u00f5es paulistas<\/strong>: <strong>Presidente Prudente, S\u00e3o Jos\u00e9 do Rio Preto, Campinas, Bauru, Piracicaba, Itapetininga, Ara\u00e7atuba, Macro Metropolitana Paulista, Mar\u00edlia, Araraquara, Vale do Para\u00edba Paulista, Metropolitana de S\u00e3o Paulo, Assis e Litoral Sul Paulista.<\/strong><\/p>\n<p>O <strong>alerta <\/strong>\u00e9 na <strong>cor amarela <\/strong>\u2013 a primeira em uma escala at\u00e9 tr\u00eas n\u00edveis \u2013 e <mark style=\"background-color:#fcb900\" class=\"has-inline-color has-black-color\">queda de temperatura entre 3\u00baC e 5\u00baC. <\/mark><a href=\"https:\/\/alertas2.inmet.gov.br\/48087\" target=\"_blank\" rel=\"noreferrer noopener\">Clique aqui<\/a> e confira os <strong>munic\u00edpios atingidos<\/strong>.<\/p>\n<p>Ainda conforme o <strong>Inmet<\/strong>, \u00e9 considerado <strong>leve <\/strong>o <strong>risco <\/strong>\u00e0 <strong>sa\u00fade<\/strong>.<\/p>\n<h4 class=\"wp-block-heading\"><strong>Vem chuva?<\/strong><\/h4>\n<p><strong>Neste s\u00e1bado, al\u00e9m da grande quantidade de fuma\u00e7a de queimadas sobre Ribeir\u00e3o Preto, h\u00e1 previs\u00e3o da <a href=\"https:\/\/www.climatempo.com.br\/\" target=\"_blank\" rel=\"noreferrer noopener\">Climatempo <\/a>de aumento de nebulosidade, mas sem probabilidade de chuva na regi\u00e3o. <\/strong><\/p>\n<p>Podem ocorrer <strong>rajadas <\/strong>de <strong>vento <\/strong>entre <strong>71 km\/h e 90 km\/h<\/strong>. A <strong>temperatura <\/strong>varia entre <strong>19\u00b0C e 35\u00b0C<\/strong>. J\u00e1 a <strong>umidade <\/strong>do <strong>ar <\/strong>deve ficar entre <strong>17% e 64%<\/strong>. <\/p>\n<p><mark style=\"background-color:#fcb900\" class=\"has-inline-color has-black-color\">Para o domingo h\u00e1 expectativa de chuva em Ribeir\u00e3o.<\/mark> S\u00e3o esperados <strong>5 mil\u00edmetros<\/strong>, de acordo com a <strong>meteorologia<\/strong>. <\/p>\n<p>SAIBA MAIS<\/p>\n<p>Interior de SP tem 30 cidades em alerta m\u00e1ximo para grandes queimadas; Veja os locais<\/p>\n<h4 class=\"wp-block-heading\"><strong>FIQUE ON<\/strong><\/h4>\n<p>Fique ligado em tudo que acontece em Ribeir\u00e3o Preto e regi\u00e3o. Siga os perfis do\u00a0<strong>acidade on<\/strong>\u00a0no\u00a0<a href=\"https:\/\/www.instagram.com\/acidadeonribeirao\" target=\"_blank\" rel=\"noreferrer noopener\">Instagram<\/a>\u00a0e no\u00a0<a href=\"https:\/\/www.facebook.com\/acidadeonribeirao\/\" target=\"_blank\" rel=\"noreferrer noopener\">Facebook<\/a>.<\/p>\n<p>Receba not\u00edcias do\u00a0<strong>acidade on\u00a0<\/strong>no WhatsApp.\u00a0<a href=\"https:\/\/chat.whatsapp.com\/Dtv9mxhy6V5BJBotM2OQ5k\" target=\"_blank\" rel=\"noreferrer noopener\">Para entrar no grupo, basta clicar aqui.<\/a><\/p>\n<p>Fa\u00e7a uma den\u00fancia ou sugira uma reportagem sobre Ribeir\u00e3o Preto e regi\u00e3o pelo WhatsApp: 16 99117 7802.<\/p>\n<p>VEJA TAMB\u00c9M<\/p>\n<p>O que acontece quando o Sol fica rosa? Veja fen\u00f4meno em SP<\/p>\n<p><!-- CONTENT END 3 -->\n<\/div>\n<p><script async src=\"\/\/www.instagram.com\/embed.js\"><\/script><br \/>\n<br \/><br \/>\n<br \/><a href=\"https:\/\/www.acidadeon.com\/ribeiraopreto\/cotidiano\/inmet-alerta-para-perigo-potencial-de-queda-de-temperatura-no-estado-de-sp-veja-cidades\/\">Source link <\/a><\/p>\n","protected":false},"excerpt":{"rendered":"<p>O Inmet (Instituto Nacional de Meteorologia) emitiu um alerta de perigo potencial para a decl\u00ednio de temperatura em parte do estado de S\u00e3o Paulo. O&#8230;<\/p>\n","protected":false},"author":1,"featured_media":57056,"comment_status":"open","ping_status":"open","sticky":false,"template":"","format":"standard","meta":{"advanced_seo_description":"","jetpack_seo_html_title":"","jetpack_seo_noindex":false,"jetpack_post_was_ever_published":false,"_jetpack_newsletter_access":"","_jetpack_dont_email_post_to_subs":false,"_jetpack_newsletter_tier_id":0,"_jetpack_memberships_contains_paywalled_content":false,"_jetpack_memberships_contains_paid_content":false,"footnotes":"","jetpack_publicize_message":"","jetpack_publicize_feature_enabled":true,"jetpack_social_post_already_shared":true,"jetpack_social_options":{"image_generator_settings":{"template":"highway","default_image_id":0,"font":"","enabled":false},"version":2}},"categories":[11],"tags":[],"class_list":["post-57148","post","type-post","status-publish","format-standard","has-post-thumbnail","hentry","category-noticias-de-ribeirao-preto-sp-e-regiao-ismael-colosi"],"jetpack_publicize_connections":[],"jetpack_featured_media_url":"https:\/\/i0.wp.com\/noticiasribeiraopreto.com.br\/wp-content\/uploads\/2024\/08\/WhatsApp-Image-2024-07-13-at-19.42.17_2024-07-13_22-42-51_jpeg_2024-07-13_22-42-51.webp.webp?fit=1600%2C737&ssl=1","jetpack-related-posts":[{"id":57151,"url":"https:\/\/noticiasribeiraopreto.com.br\/index.php\/2024\/08\/24\/inmet-alerta-para-perigo-potencial-no-estado-de-sp-veja-cidades-atingidas\/","url_meta":{"origin":57148,"position":0},"title":"Inmet alerta para perigo potencial no estado de SP; Veja cidades atingidas","author":"noticiasribeiraopreto.com.br","date":"24 de August de 2024","format":false,"excerpt":"O Inmet (Instituto Nacional de Meteorologia) emitiu um alerta de perigo potencial para a decl\u00ednio de temperatura em parte do estado de S\u00e3o Paulo. O aviso tem in\u00edcio \u00e0s 10h deste s\u00e1bado (24) e segue at\u00e9 as 10h de domingo (25), e inclui algumas cidades da regi\u00e3o de Ribeir\u00e3o Preto.\u2026","rel":"","context":"In &quot;Not\u00edcias de Ribeir\u00e3o Preto-SP e Regi\u00e3o&quot;","block_context":{"text":"Not\u00edcias de Ribeir\u00e3o Preto-SP e Regi\u00e3o","link":"https:\/\/noticiasribeiraopreto.com.br\/index.php\/category\/noticias-de-ribeirao-preto-sp-e-regiao-ismael-colosi\/"},"img":{"alt_text":"","src":"https:\/\/i0.wp.com\/noticiasribeiraopreto.com.br\/wp-content\/uploads\/2024\/08\/WhatsApp-Image-2024-07-13-at-19.42.17_2024-07-13_22-42-51_jpeg_2024-07-13_22-42-51.webp.webp?fit=1200%2C553&ssl=1&resize=350%2C200","width":350,"height":200,"srcset":"https:\/\/i0.wp.com\/noticiasribeiraopreto.com.br\/wp-content\/uploads\/2024\/08\/WhatsApp-Image-2024-07-13-at-19.42.17_2024-07-13_22-42-51_jpeg_2024-07-13_22-42-51.webp.webp?fit=1200%2C553&ssl=1&resize=350%2C200 1x, https:\/\/i0.wp.com\/noticiasribeiraopreto.com.br\/wp-content\/uploads\/2024\/08\/WhatsApp-Image-2024-07-13-at-19.42.17_2024-07-13_22-42-51_jpeg_2024-07-13_22-42-51.webp.webp?fit=1200%2C553&ssl=1&resize=525%2C300 1.5x, https:\/\/i0.wp.com\/noticiasribeiraopreto.com.br\/wp-content\/uploads\/2024\/08\/WhatsApp-Image-2024-07-13-at-19.42.17_2024-07-13_22-42-51_jpeg_2024-07-13_22-42-51.webp.webp?fit=1200%2C553&ssl=1&resize=700%2C400 2x, https:\/\/i0.wp.com\/noticiasribeiraopreto.com.br\/wp-content\/uploads\/2024\/08\/WhatsApp-Image-2024-07-13-at-19.42.17_2024-07-13_22-42-51_jpeg_2024-07-13_22-42-51.webp.webp?fit=1200%2C553&ssl=1&resize=1050%2C600 3x"},"classes":[]},{"id":57642,"url":"https:\/\/noticiasribeiraopreto.com.br\/index.php\/2024\/09\/06\/inmet-emite-alerta-de-perigo-para-o-interior-de-sp-veja-previsao-no-fim-de-semana\/","url_meta":{"origin":57148,"position":1},"title":"Inmet emite alerta de perigo para o interior de SP; Veja previs\u00e3o no fim de semana","author":"noticiasribeiraopreto.com.br","date":"6 de September de 2024","format":false,"excerpt":"O Inmet (Instituto Nacional de Meteorologia) emitou um alerta de \u201cperigo\u201d para onda de calor em parte do interior de S\u00e3o Paulo. O aviso, que e inclui a regi\u00e3o de Ribeir\u00e3o Preto, teve in\u00edcio \u00e0 0h e segue at\u00e9 as 23h59 desta sexta-feira (6). Este alerta \u00e9 na cor laranja\u2026","rel":"","context":"In &quot;Not\u00edcias de Ribeir\u00e3o Preto-SP e Regi\u00e3o&quot;","block_context":{"text":"Not\u00edcias de Ribeir\u00e3o Preto-SP e Regi\u00e3o","link":"https:\/\/noticiasribeiraopreto.com.br\/index.php\/category\/noticias-de-ribeirao-preto-sp-e-regiao-ismael-colosi\/"},"img":{"alt_text":"","src":"https:\/\/i0.wp.com\/noticiasribeiraopreto.com.br\/wp-content\/uploads\/2024\/09\/WhatsApp-Image-2023-11-10-at-08.08.42.jpeg?fit=1200%2C540&ssl=1&resize=350%2C200","width":350,"height":200,"srcset":"https:\/\/i0.wp.com\/noticiasribeiraopreto.com.br\/wp-content\/uploads\/2024\/09\/WhatsApp-Image-2023-11-10-at-08.08.42.jpeg?fit=1200%2C540&ssl=1&resize=350%2C200 1x, https:\/\/i0.wp.com\/noticiasribeiraopreto.com.br\/wp-content\/uploads\/2024\/09\/WhatsApp-Image-2023-11-10-at-08.08.42.jpeg?fit=1200%2C540&ssl=1&resize=525%2C300 1.5x, https:\/\/i0.wp.com\/noticiasribeiraopreto.com.br\/wp-content\/uploads\/2024\/09\/WhatsApp-Image-2023-11-10-at-08.08.42.jpeg?fit=1200%2C540&ssl=1&resize=700%2C400 2x, https:\/\/i0.wp.com\/noticiasribeiraopreto.com.br\/wp-content\/uploads\/2024\/09\/WhatsApp-Image-2023-11-10-at-08.08.42.jpeg?fit=1200%2C540&ssl=1&resize=1050%2C600 3x"},"classes":[]},{"id":85086,"url":"https:\/\/noticiasribeiraopreto.com.br\/index.php\/2026\/04\/21\/inmet-emite-alerta-para-o-interior-de-sp-veja-cidades-afetadas\/","url_meta":{"origin":57148,"position":2},"title":"Inmet emite alerta para o interior de SP; Veja cidades afetadas","author":"noticiasribeiraopreto.com.br","date":"21 de April de 2026","format":false,"excerpt":"Ler o resumo da not\u00edcia \r INMET emitiu alerta de calor intenso para o interior de S\u00e3o\u202fPaulo, v\u00e1lido at\u00e9 domingo,\u202f26\u202fde\u202fabril.\r Bloqueio atmosf\u00e9rico mant\u00e9m tempo firme e sem chuva, com umidade relativa entre 20\u202f% e 30\u202f%.\r Cidades afetadas incluem Ribeir\u00e3o\u202fPreto, Presidente\u202fPrudente, Campinas, Bauru, Piracicaba e outras da regi\u00e3o.\r O alerta orienta\u2026","rel":"","context":"In &quot;Not\u00edcias de Ribeir\u00e3o Preto-SP e Regi\u00e3o&quot;","block_context":{"text":"Not\u00edcias de Ribeir\u00e3o Preto-SP e Regi\u00e3o","link":"https:\/\/noticiasribeiraopreto.com.br\/index.php\/category\/noticias-de-ribeirao-preto-sp-e-regiao-ismael-colosi\/"},"img":{"alt_text":"","src":"https:\/\/i0.wp.com\/noticiasribeiraopreto.com.br\/wp-content\/uploads\/2026\/04\/mapa_2026-04-21_14-09-29.webp.webp?fit=1200%2C858&ssl=1&resize=350%2C200","width":350,"height":200,"srcset":"https:\/\/i0.wp.com\/noticiasribeiraopreto.com.br\/wp-content\/uploads\/2026\/04\/mapa_2026-04-21_14-09-29.webp.webp?fit=1200%2C858&ssl=1&resize=350%2C200 1x, https:\/\/i0.wp.com\/noticiasribeiraopreto.com.br\/wp-content\/uploads\/2026\/04\/mapa_2026-04-21_14-09-29.webp.webp?fit=1200%2C858&ssl=1&resize=525%2C300 1.5x, https:\/\/i0.wp.com\/noticiasribeiraopreto.com.br\/wp-content\/uploads\/2026\/04\/mapa_2026-04-21_14-09-29.webp.webp?fit=1200%2C858&ssl=1&resize=700%2C400 2x, https:\/\/i0.wp.com\/noticiasribeiraopreto.com.br\/wp-content\/uploads\/2026\/04\/mapa_2026-04-21_14-09-29.webp.webp?fit=1200%2C858&ssl=1&resize=1050%2C600 3x"},"classes":[]},{"id":78259,"url":"https:\/\/noticiasribeiraopreto.com.br\/index.php\/2025\/10\/07\/inmet-publica-alertas-diferentes-para-o-interior-de-sp-veja-as-cidades-afetadas\/","url_meta":{"origin":57148,"position":3},"title":"Inmet publica alertas diferentes para o interior de SP; Veja as cidades afetadas","author":"noticiasribeiraopreto.com.br","date":"7 de October de 2025","format":false,"excerpt":"O Inmet (Instituto Nacional de Meteorologia) publicou dois alertas para o interior de S\u00e3o Paulo nesta ter\u00e7a-feira (7). Os avisos s\u00e3o de \u201cperigo\u201d para decl\u00ednio de temperatura e \u201cperigo potencial\u201d para tempestade. Confira Tempestade O aviso para tempestade \u00e9 v\u00e1lido at\u00e9 10h de 8 de outubro. Segundo o Inmet, pode\u2026","rel":"","context":"In &quot;Not\u00edcias de Ribeir\u00e3o Preto-SP e Regi\u00e3o&quot;","block_context":{"text":"Not\u00edcias de Ribeir\u00e3o Preto-SP e Regi\u00e3o","link":"https:\/\/noticiasribeiraopreto.com.br\/index.php\/category\/noticias-de-ribeirao-preto-sp-e-regiao-ismael-colosi\/"},"img":{"alt_text":"","src":"https:\/\/i0.wp.com\/noticiasribeiraopreto.com.br\/wp-content\/uploads\/2025\/10\/sp_2025-10-07_15-09-05.webp.webp?fit=1200%2C886&ssl=1&resize=350%2C200","width":350,"height":200,"srcset":"https:\/\/i0.wp.com\/noticiasribeiraopreto.com.br\/wp-content\/uploads\/2025\/10\/sp_2025-10-07_15-09-05.webp.webp?fit=1200%2C886&ssl=1&resize=350%2C200 1x, https:\/\/i0.wp.com\/noticiasribeiraopreto.com.br\/wp-content\/uploads\/2025\/10\/sp_2025-10-07_15-09-05.webp.webp?fit=1200%2C886&ssl=1&resize=525%2C300 1.5x, https:\/\/i0.wp.com\/noticiasribeiraopreto.com.br\/wp-content\/uploads\/2025\/10\/sp_2025-10-07_15-09-05.webp.webp?fit=1200%2C886&ssl=1&resize=700%2C400 2x, https:\/\/i0.wp.com\/noticiasribeiraopreto.com.br\/wp-content\/uploads\/2025\/10\/sp_2025-10-07_15-09-05.webp.webp?fit=1200%2C886&ssl=1&resize=1050%2C600 3x"},"classes":[]},{"id":48107,"url":"https:\/\/noticiasribeiraopreto.com.br\/index.php\/2024\/04\/30\/mais-cidades-sao-incluidas-no-alerta-para-ondas-de-calor-no-interior-de-sp-veja-regioes-afetadas\/","url_meta":{"origin":57148,"position":4},"title":"Mais cidades s\u00e3o inclu\u00eddas no alerta para ondas de calor no interior de SP; Veja regi\u00f5es afetadas","author":"noticiasribeiraopreto.com.br","date":"30 de April de 2024","format":false,"excerpt":"O calor\u00e3o que atinge o estado de S\u00e3o Paulo e outras regi\u00f5es do Brasil n\u00e3o deve ir embora at\u00e9 pelo menos o dia 10 de maio, de acordo com a Climatempo. Essa onda de calor afeta o estado desde o dia 22 de abril. Nesta ter\u00e7a-feira (30), o Instituto Nacional\u2026","rel":"","context":"In &quot;Not\u00edcias de Ribeir\u00e3o Preto-SP e Regi\u00e3o&quot;","block_context":{"text":"Not\u00edcias de Ribeir\u00e3o Preto-SP e Regi\u00e3o","link":"https:\/\/noticiasribeiraopreto.com.br\/index.php\/category\/noticias-de-ribeirao-preto-sp-e-regiao-ismael-colosi\/"},"img":{"alt_text":"","src":"https:\/\/i0.wp.com\/noticiasribeiraopreto.com.br\/wp-content\/uploads\/2024\/04\/20230824_153104-1.jpg?fit=1200%2C823&ssl=1&resize=350%2C200","width":350,"height":200,"srcset":"https:\/\/i0.wp.com\/noticiasribeiraopreto.com.br\/wp-content\/uploads\/2024\/04\/20230824_153104-1.jpg?fit=1200%2C823&ssl=1&resize=350%2C200 1x, https:\/\/i0.wp.com\/noticiasribeiraopreto.com.br\/wp-content\/uploads\/2024\/04\/20230824_153104-1.jpg?fit=1200%2C823&ssl=1&resize=525%2C300 1.5x, https:\/\/i0.wp.com\/noticiasribeiraopreto.com.br\/wp-content\/uploads\/2024\/04\/20230824_153104-1.jpg?fit=1200%2C823&ssl=1&resize=700%2C400 2x, https:\/\/i0.wp.com\/noticiasribeiraopreto.com.br\/wp-content\/uploads\/2024\/04\/20230824_153104-1.jpg?fit=1200%2C823&ssl=1&resize=1050%2C600 3x"},"classes":[]},{"id":57589,"url":"https:\/\/noticiasribeiraopreto.com.br\/index.php\/2024\/09\/04\/interior-de-sp-pode-registrar-ventos-de-ate-50-km-h-veja-quando\/","url_meta":{"origin":57148,"position":5},"title":"Interior de SP pode registrar ventos de at\u00e9 50 km\/h; Veja quando","author":"noticiasribeiraopreto.com.br","date":"4 de September de 2024","format":false,"excerpt":"Uma nova frente fria deve chegar nesta semana e mudar o tempo em algumas cidades do interior de S\u00e3o Paulo, da capital e litoral paulista, de acordo com os meteorologistas. Por conta desse cen\u00e1rio, a Defesa Civil publicou um aviso para ventos fortes em todo o estado de S\u00e3o Paulo.\u2026","rel":"","context":"In &quot;Not\u00edcias de Ribeir\u00e3o Preto-SP e Regi\u00e3o&quot;","block_context":{"text":"Not\u00edcias de Ribeir\u00e3o Preto-SP e Regi\u00e3o","link":"https:\/\/noticiasribeiraopreto.com.br\/index.php\/category\/noticias-de-ribeirao-preto-sp-e-regiao-ismael-colosi\/"},"img":{"alt_text":"","src":"https:\/\/i0.wp.com\/noticiasribeiraopreto.com.br\/wp-content\/uploads\/2024\/06\/WhatsApp-Image-2024-06-05-at-08.22.06_2024-06-05_11-29-47_jpeg_2024-06-05_11-29-48.webp.webp?fit=1200%2C540&ssl=1&resize=350%2C200","width":350,"height":200,"srcset":"https:\/\/i0.wp.com\/noticiasribeiraopreto.com.br\/wp-content\/uploads\/2024\/06\/WhatsApp-Image-2024-06-05-at-08.22.06_2024-06-05_11-29-47_jpeg_2024-06-05_11-29-48.webp.webp?fit=1200%2C540&ssl=1&resize=350%2C200 1x, https:\/\/i0.wp.com\/noticiasribeiraopreto.com.br\/wp-content\/uploads\/2024\/06\/WhatsApp-Image-2024-06-05-at-08.22.06_2024-06-05_11-29-47_jpeg_2024-06-05_11-29-48.webp.webp?fit=1200%2C540&ssl=1&resize=525%2C300 1.5x, https:\/\/i0.wp.com\/noticiasribeiraopreto.com.br\/wp-content\/uploads\/2024\/06\/WhatsApp-Image-2024-06-05-at-08.22.06_2024-06-05_11-29-47_jpeg_2024-06-05_11-29-48.webp.webp?fit=1200%2C540&ssl=1&resize=700%2C400 2x, https:\/\/i0.wp.com\/noticiasribeiraopreto.com.br\/wp-content\/uploads\/2024\/06\/WhatsApp-Image-2024-06-05-at-08.22.06_2024-06-05_11-29-47_jpeg_2024-06-05_11-29-48.webp.webp?fit=1200%2C540&ssl=1&resize=1050%2C600 3x"},"classes":[]}],"jetpack_sharing_enabled":true,"jetpack_shortlink":"https:\/\/wp.me\/peQAOb-eRK","_links":{"self":[{"href":"https:\/\/noticiasribeiraopreto.com.br\/index.php\/wp-json\/wp\/v2\/posts\/57148","targetHints":{"allow":["GET"]}}],"collection":[{"href":"https:\/\/noticiasribeiraopreto.com.br\/index.php\/wp-json\/wp\/v2\/posts"}],"about":[{"href":"https:\/\/noticiasribeiraopreto.com.br\/index.php\/wp-json\/wp\/v2\/types\/post"}],"author":[{"embeddable":true,"href":"https:\/\/noticiasribeiraopreto.com.br\/index.php\/wp-json\/wp\/v2\/users\/1"}],"replies":[{"embeddable":true,"href":"https:\/\/noticiasribeiraopreto.com.br\/index.php\/wp-json\/wp\/v2\/comments?post=57148"}],"version-history":[{"count":0,"href":"https:\/\/noticiasribeiraopreto.com.br\/index.php\/wp-json\/wp\/v2\/posts\/57148\/revisions"}],"wp:featuredmedia":[{"embeddable":true,"href":"https:\/\/noticiasribeiraopreto.com.br\/index.php\/wp-json\/wp\/v2\/media\/57056"}],"wp:attachment":[{"href":"https:\/\/noticiasribeiraopreto.com.br\/index.php\/wp-json\/wp\/v2\/media?parent=57148"}],"wp:term":[{"taxonomy":"category","embeddable":true,"href":"https:\/\/noticiasribeiraopreto.com.br\/index.php\/wp-json\/wp\/v2\/categories?post=57148"},{"taxonomy":"post_tag","embeddable":true,"href":"https:\/\/noticiasribeiraopreto.com.br\/index.php\/wp-json\/wp\/v2\/tags?post=57148"}],"curies":[{"name":"wp","href":"https:\/\/api.w.org\/{rel}","templated":true}]}}