{"id":57510,"date":"2024-09-03T10:33:18","date_gmt":"2024-09-03T13:33:18","guid":{"rendered":"https:\/\/noticiasribeiraopreto.com.br\/index.php\/2024\/09\/03\/educacao-inclusiva-uma-parceria-transformadora-em-pradopoilis-sp\/"},"modified":"2024-09-03T10:33:18","modified_gmt":"2024-09-03T13:33:18","slug":"educacao-inclusiva-uma-parceria-transformadora-em-pradopoilis-sp","status":"publish","type":"post","link":"https:\/\/noticiasribeiraopreto.com.br\/index.php\/2024\/09\/03\/educacao-inclusiva-uma-parceria-transformadora-em-pradopoilis-sp\/","title":{"rendered":"Educa\u00e7\u00e3o Inclusiva: Uma Parceria Transformadora em Prad\u00f3poilis\/SP"},"content":{"rendered":"<div class='code-block code-block-1' style='margin: 8px 0 8px auto; text-align: right; display: block; clear: both;'>\n<p><a href=\"https:\/\/wa.link\/vpicfd\"><img data-recalc-dims=\"1\" class=\"wp-image-4922\" style=\"aspect-ratio: 2.0253164556962027; width: 561px; height: auto;\" src=\"https:\/\/i0.wp.com\/ismaelcolosi.com.br\/wp-content\/uploads\/2023\/11\/grupo-de-empregos-whatsapp-e-facebook-ismael-colosi-vagas.jpg?ssl=1\" alt=\"\" \/><\/a><\/p>\n<!-- \/wp:image -->\n<\/div>\n<p> <br \/>\n<\/p>\n<p>A cidade de Prad\u00f3poilis, localizada no interior de S\u00e3o Paulo, est\u00e1 se destacando no cen\u00e1rio educacional brasileiro gra\u00e7as a uma iniciativa inovadora de educa\u00e7\u00e3o inclusiva. Este projeto \u00e9 fruto de uma parceria entre o Instituto Evolu\u00e7\u00e3o e o Departamento Municipal de Educa\u00e7\u00e3o, e tem como objetivo principal garantir que todos os alunos, independentemente de suas necessidades especiais, tenham acesso a uma educa\u00e7\u00e3o de qualidade.<\/p>\n<h4>Idealizadores e Respons\u00e1veis<\/h4>\n<p>O programa de inclus\u00e3o na educa\u00e7\u00e3o foi idealizado pelo professor Fabio Renato Manzoli, que atua como supervisor da educa\u00e7\u00e3o na rede municipal. Com uma vasta experi\u00eancia na \u00e1rea, Manzoli tem sido um defensor incans\u00e1vel da inclus\u00e3o escolar, acreditando que a educa\u00e7\u00e3o deve ser acess\u00edvel a todos.<\/p>\n<p>Outro nome de destaque no projeto \u00e9 Sebasti\u00e3o Baptista, um dos respons\u00e1veis pela implanta\u00e7\u00e3o do programa em parceria com a Organiza\u00e7\u00e3o da Sociedade Civil (OSC) e a Prefeitura. Baptista tem trabalhado arduamente para garantir que as pol\u00edticas de inclus\u00e3o sejam efetivamente implementadas nas escolas municipais. Ele \u00e9 conhecido por sua dedica\u00e7\u00e3o e compromisso com a causa, sempre buscando novas formas de melhorar a acessibilidade e a qualidade do ensino para todos os alunos.<\/p>\n<h4>Apoio Institucional<\/h4>\n<p>O diretor do Departamento de Educa\u00e7\u00e3o, Anselmo Aparecido Salmazo Junior, tamb\u00e9m desempenha um papel crucial na execu\u00e7\u00e3o do projeto. Ele tem coordenado as a\u00e7\u00f5es necess\u00e1rias para que as escolas estejam preparadas para receber todos os alunos, oferecendo suporte pedag\u00f3gico e recursos adequados.<\/p>\n<h4>Depoimentos e Impacto<\/h4>\n<p>O prefeito municipal, Silvio Martins, destacou a import\u00e2ncia desse projeto em um depoimento recente.<\/p>\n<blockquote>\n<p>\u201cA educa\u00e7\u00e3o inclusiva \u00e9 fundamental para o desenvolvimento de uma sociedade mais justa e igualit\u00e1ria. Estamos muito orgulhosos dos resultados que j\u00e1 alcan\u00e7amos e continuaremos a investir para que todos os nossos alunos tenham as mesmas oportunidades de aprendizado\u201d, afirmou o prefeito.<\/p>\n<\/blockquote>\n<p>Sebasti\u00e3o Baptista tamb\u00e9m comentou sobre a parceria e os desafios enfrentados.<\/p>\n<blockquote>\n<p>\u201cA implementa\u00e7\u00e3o de um programa de inclus\u00e3o n\u00e3o \u00e9 uma tarefa f\u00e1cil, mas com o apoio da Prefeitura e do Instituto Evolu\u00e7\u00e3o, estamos conseguindo transformar a realidade de muitas crian\u00e7as e jovens em nossa cidade\u201d, disse Baptista.<\/p>\n<\/blockquote>\n<figure id=\"attachment_22558\" aria-describedby=\"caption-attachment-22558\" style=\"width: 1600px\" class=\"wp-caption alignnone\"><img data-recalc-dims=\"1\" loading=\"lazy\" decoding=\"async\" class=\"wp-image-22558 size-full\" src=\"https:\/\/i0.wp.com\/folhaderibeirao.com.br\/wp-content\/uploads\/2024\/09\/MG_1072.jpg?resize=1600%2C1067&#038;ssl=1\" alt=\"\" width=\"1600\" height=\"1067\" \/><figcaption id=\"caption-attachment-22558\" class=\"wp-caption-text\">Foto: Fabio Bebedicto\/Folha de Ribeir\u00e3o<\/figcaption><\/figure>\n<h4>Depoimentos dos Pais<\/h4>\n<p>A inclus\u00e3o escolar n\u00e3o seria poss\u00edvel sem o apoio e a participa\u00e7\u00e3o ativa dos pais. Sara da Silva Ign\u00e1cio, m\u00e3e de Diego Henrique, de 6 anos, que tem Transtorno de D\u00e9ficit de Aten\u00e7\u00e3o com Hiperatividade (TDAH), compartilhou sua experi\u00eancia:<\/p>\n<blockquote>\n<p>\u201cO apoio educacional que meu filho recebe na sala de aula tem sido essencial para o seu desenvolvimento. Ele se sente mais confiante e integrado com os colegas.\u201d<\/p>\n<\/blockquote>\n<p>Amilton Aparecido Chaves, pai de Vinicius Gabriel, tamb\u00e9m de 6 anos, diagnosticado com autismo, expressou sua gratid\u00e3o pelo projeto:<\/p>\n<blockquote>\n<p>\u201cVer meu filho progredir e se sentir parte da turma \u00e9 algo que eu n\u00e3o imaginava ser poss\u00edvel. A presen\u00e7a dos apoiadores educacionais faz toda a diferen\u00e7a.\u201d<\/p>\n<\/blockquote>\n<figure id=\"attachment_22559\" aria-describedby=\"caption-attachment-22559\" style=\"width: 1600px\" class=\"wp-caption alignnone\"><img data-recalc-dims=\"1\" loading=\"lazy\" decoding=\"async\" class=\"wp-image-22559 size-full\" src=\"https:\/\/i0.wp.com\/folhaderibeirao.com.br\/wp-content\/uploads\/2024\/09\/MG_1318.jpg?resize=1600%2C1067&#038;ssl=1\" alt=\"\" width=\"1600\" height=\"1067\" \/><figcaption id=\"caption-attachment-22559\" class=\"wp-caption-text\">Foto: Fabio Bebedicto\/Folha de Ribeir\u00e3o<\/figcaption><\/figure>\n<h4>Outras Parcerias e Projetos<\/h4>\n<p>Sebasti\u00e3o Baptista tamb\u00e9m \u00e9 uma figura central no Instituto Acolher, uma organiza\u00e7\u00e3o dedicada \u00e0 assist\u00eancia social e ao desenvolvimento comunit\u00e1rio. Sob sua lideran\u00e7a, o Instituto Acolher tem estabelecido diversas parcerias estrat\u00e9gicas para ampliar seu impacto.\u00a0Recentemente, o Instituto retomou suas atividades com uma vis\u00e3o renovada e novas parcerias, focando em promover a autonomia e dignidade para pessoas em situa\u00e7\u00e3o de vulnerabilidade.<\/p>\n<p>O Instituto Acolher j\u00e1 concluiu 690 projetos e estabeleceu 20 parcerias significativas, incluindo colabora\u00e7\u00f5es com entidades governamentais e organiza\u00e7\u00f5es n\u00e3o governamentais.\u00a0Essas parcerias t\u00eam sido fundamentais para fortalecer os servi\u00e7os oferecidos e criar uma plataforma robusta para a defesa e garantia de direitos, especialmente para crian\u00e7as e adolescentes em situa\u00e7\u00e3o de risco.<\/p>\n<figure id=\"attachment_22556\" aria-describedby=\"caption-attachment-22556\" style=\"width: 1600px\" class=\"wp-caption alignnone\"><img data-recalc-dims=\"1\" loading=\"lazy\" decoding=\"async\" class=\"wp-image-22556 size-full\" src=\"https:\/\/i0.wp.com\/folhaderibeirao.com.br\/wp-content\/uploads\/2024\/09\/MG_1018.jpg?resize=1600%2C1067&#038;ssl=1\" alt=\"\" width=\"1600\" height=\"1067\" \/><figcaption id=\"caption-attachment-22556\" class=\"wp-caption-text\">Foto: Fabio Bebedicto\/Folha de Ribeir\u00e3o<\/figcaption><\/figure>\n<h4>Resultados Alcan\u00e7ados<\/h4>\n<p>Desde o in\u00edcio do projeto, diversas a\u00e7\u00f5es foram realizadas para promover a inclus\u00e3o nas escolas municipais de Prad\u00f3poilis. Entre elas, destacam-se a forma\u00e7\u00e3o continuada de professores, a adapta\u00e7\u00e3o de materiais did\u00e1ticos e a cria\u00e7\u00e3o de espa\u00e7os acess\u00edveis para todos os alunos. Essas medidas t\u00eam contribu\u00eddo para um ambiente escolar mais inclusivo e acolhedor.<\/p>\n<p>O sucesso do programa \u00e9 evidente nos depoimentos de pais e alunos, que relatam uma melhoria significativa na qualidade do ensino e na integra\u00e7\u00e3o dos estudantes com necessidades especiais. A iniciativa tem servido de modelo para outras cidades da regi\u00e3o, que buscam implementar pol\u00edticas semelhantes em suas redes de ensino.<\/p>\n<figure id=\"attachment_22557\" aria-describedby=\"caption-attachment-22557\" style=\"width: 1600px\" class=\"wp-caption alignnone\"><img data-recalc-dims=\"1\" decoding=\"async\" loading=\"lazy\" class=\"wp-image-22557 size-full\" src=\"https:\/\/i0.wp.com\/folhaderibeirao.com.br\/wp-content\/uploads\/2024\/09\/MG_1038.jpg?resize=1600%2C1067&#038;ssl=1\" alt=\"\" width=\"1600\" height=\"1067\" \/><figcaption id=\"caption-attachment-22557\" class=\"wp-caption-text\">Foto: Fabio Bebedicto\/Folha de Ribeir\u00e3o<\/figcaption><\/figure>\n<h3>Conclus\u00e3o<\/h3>\n<p>A parceria entre o Instituto Evolu\u00e7\u00e3o e o Departamento Municipal de Educa\u00e7\u00e3o de Prad\u00f3poilis \u00e9 um exemplo inspirador de como a colabora\u00e7\u00e3o entre diferentes setores pode resultar em avan\u00e7os significativos na educa\u00e7\u00e3o inclusiva. Com o apoio de l\u00edderes comprometidos como o professor Fabio Renato Manzoli, Sebasti\u00e3o Baptista, Anselmo Aparecido Salmazo Junior e o prefeito Silvio Martins, a cidade est\u00e1 construindo um futuro mais inclusivo e promissor para todos os seus cidad\u00e3os.<\/p>\n<p>The post Educa\u00e7\u00e3o Inclusiva: Uma Parceria Transformadora em Prad\u00f3poilis\/SP appeared first on Folha de Ribeir\u00e3o.<\/p>\n<p><br \/>\n<br \/><a href=\"https:\/\/folhaderibeirao.com.br\/2024\/09\/03\/educacao-inclusiva-uma-parceria-transformadora-em-pradopoilis-sp\/\">Source link <\/a><\/p>\n<!-- CONTENT END 1 -->\n","protected":false},"excerpt":{"rendered":"<p>A cidade de Prad\u00f3poilis, localizada no interior de S\u00e3o Paulo, est\u00e1 se destacando no cen\u00e1rio educacional brasileiro gra\u00e7as a uma iniciativa inovadora de educa\u00e7\u00e3o inclusiva&#8230;.<\/p>\n","protected":false},"author":1,"featured_media":0,"comment_status":"open","ping_status":"open","sticky":false,"template":"","format":"standard","meta":{"advanced_seo_description":"","jetpack_seo_html_title":"","jetpack_seo_noindex":false,"jetpack_post_was_ever_published":false,"_jetpack_newsletter_access":"","_jetpack_dont_email_post_to_subs":false,"_jetpack_newsletter_tier_id":0,"_jetpack_memberships_contains_paywalled_content":false,"_jetpack_memberships_contains_paid_content":false,"footnotes":"","jetpack_publicize_message":"","jetpack_publicize_feature_enabled":true,"jetpack_social_post_already_shared":true,"jetpack_social_options":{"image_generator_settings":{"template":"highway","default_image_id":0,"font":"","enabled":false},"version":2}},"categories":[11],"tags":[1033,4417,3816,5914,5913,85],"class_list":["post-57510","post","type-post","status-publish","format-standard","hentry","category-noticias-de-ribeirao-preto-sp-e-regiao-ismael-colosi","tag-educacao","tag-inclusiva","tag-parceria","tag-pradopoilissp","tag-transformadora","tag-uma"],"jetpack_publicize_connections":[],"jetpack_featured_media_url":"","jetpack-related-posts":[{"id":65752,"url":"https:\/\/noticiasribeiraopreto.com.br\/index.php\/2025\/03\/24\/jornal-da-franca-educacao-infantil-ganha-forca-com-1o-encontro-formativo-em-franca\/","url_meta":{"origin":57510,"position":0},"title":"Jornal da Franca &#8211; Educa\u00e7\u00e3o Infantil ganha for\u00e7a com 1\u00ba Encontro Formativo em Franca","author":"noticiasribeiraopreto.com.br","date":"24 de March de 2025","format":false,"excerpt":"compartilhar no whatsapp compartilhar no telegram compartilhar no facebook compartilhar no linkedin Evento reuniu quase mil educadores para aprimorar o ensino em creches Mais de mil educadores participaram do 1\u00ba Encontro formativo para profissionais da Educa\u00e7\u00e3o Infantil Na \u00faltima sexta-feira, 21 de mar\u00e7o, aconteceu o 1\u00ba \u2018Encontro Formativo\u2019, um evento\u2026","rel":"","context":"In &quot;Not\u00edcias de Franca-SP&quot;","block_context":{"text":"Not\u00edcias de Franca-SP","link":"https:\/\/noticiasribeiraopreto.com.br\/index.php\/category\/noticias-de-ribeirao-preto-sp-e-regiao-ismael-colosi\/noticias-franca-sp\/"},"img":{"alt_text":"","src":"https:\/\/i0.wp.com\/noticiasribeiraopreto.com.br\/wp-content\/uploads\/2025\/03\/formacao-creches.jpeg?fit=1200%2C794&ssl=1&resize=350%2C200","width":350,"height":200,"srcset":"https:\/\/i0.wp.com\/noticiasribeiraopreto.com.br\/wp-content\/uploads\/2025\/03\/formacao-creches.jpeg?fit=1200%2C794&ssl=1&resize=350%2C200 1x, https:\/\/i0.wp.com\/noticiasribeiraopreto.com.br\/wp-content\/uploads\/2025\/03\/formacao-creches.jpeg?fit=1200%2C794&ssl=1&resize=525%2C300 1.5x, https:\/\/i0.wp.com\/noticiasribeiraopreto.com.br\/wp-content\/uploads\/2025\/03\/formacao-creches.jpeg?fit=1200%2C794&ssl=1&resize=700%2C400 2x, https:\/\/i0.wp.com\/noticiasribeiraopreto.com.br\/wp-content\/uploads\/2025\/03\/formacao-creches.jpeg?fit=1200%2C794&ssl=1&resize=1050%2C600 3x"},"classes":[]},{"id":59516,"url":"https:\/\/noticiasribeiraopreto.com.br\/index.php\/2024\/10\/25\/mulheres-representam-60-dos-inscritos-no-enem-2024-e-refletem-maior-presenca-feminina-na-educacao\/","url_meta":{"origin":57510,"position":1},"title":"Mulheres Representam 60% dos Inscritos no ENEM 2024 e Refletem Maior Presen\u00e7a Feminina na Educa\u00e7\u00e3o","author":"noticiasribeiraopreto.com.br","date":"25 de October de 2024","format":false,"excerpt":"No Exame Nacional do Ensino M\u00e9dio (Enem) de 2024, as mulheres representam 60% dos inscritos, segundo dados divulgados pelo Minist\u00e9rio da Educa\u00e7\u00e3o (MEC). Esse percentual reafirma uma tend\u00eancia observada nos \u00faltimos anos, que aponta para a crescente busca feminina por oportunidades no ensino superior e por uma melhor qualifica\u00e7\u00e3o para\u2026","rel":"","context":"In &quot;Not\u00edcias de Ribeir\u00e3o Preto-SP e Regi\u00e3o&quot;","block_context":{"text":"Not\u00edcias de Ribeir\u00e3o Preto-SP e Regi\u00e3o","link":"https:\/\/noticiasribeiraopreto.com.br\/index.php\/category\/noticias-de-ribeirao-preto-sp-e-regiao-ismael-colosi\/"},"img":{"alt_text":"","src":"https:\/\/i0.wp.com\/noticiasribeiraopreto.com.br\/wp-content\/uploads\/2024\/10\/0d9a2961.webp.webp?fit=1170%2C700&ssl=1&resize=350%2C200","width":350,"height":200,"srcset":"https:\/\/i0.wp.com\/noticiasribeiraopreto.com.br\/wp-content\/uploads\/2024\/10\/0d9a2961.webp.webp?fit=1170%2C700&ssl=1&resize=350%2C200 1x, https:\/\/i0.wp.com\/noticiasribeiraopreto.com.br\/wp-content\/uploads\/2024\/10\/0d9a2961.webp.webp?fit=1170%2C700&ssl=1&resize=525%2C300 1.5x, https:\/\/i0.wp.com\/noticiasribeiraopreto.com.br\/wp-content\/uploads\/2024\/10\/0d9a2961.webp.webp?fit=1170%2C700&ssl=1&resize=700%2C400 2x, https:\/\/i0.wp.com\/noticiasribeiraopreto.com.br\/wp-content\/uploads\/2024\/10\/0d9a2961.webp.webp?fit=1170%2C700&ssl=1&resize=1050%2C600 3x"},"classes":[]},{"id":12058,"url":"https:\/\/noticiasribeiraopreto.com.br\/index.php\/2023\/12\/07\/plano-municipal-de-educacao-chega-ao-legislativo\/","url_meta":{"origin":57510,"position":2},"title":"Plano Municipal de Educa\u00e7\u00e3o chega ao Legislativo","author":"noticiasribeiraopreto.com.br","date":"7 de December de 2023","format":false,"excerpt":"Ap\u00f3s discuss\u00e3o com a sociedade, a Secretaria Municipal da Educa\u00e7\u00e3o encaminhou \u00e0 C\u00e2mara de Vereadores, na ter\u00e7a-feira, 5 de dezembro, o projeto de lei do Plano Municipal de Educa\u00e7\u00e3o de Ribeir\u00e3o Preto. Ap\u00f3s revis\u00e3o e an\u00e1lise do texto por parte dos membros do Conselho Municipal de Educa\u00e7\u00e3o, o anteprojeto de\u2026","rel":"","context":"In &quot;Not\u00edcias de Ribeir\u00e3o Preto-SP e Regi\u00e3o&quot;","block_context":{"text":"Not\u00edcias de Ribeir\u00e3o Preto-SP e Regi\u00e3o","link":"https:\/\/noticiasribeiraopreto.com.br\/index.php\/category\/noticias-de-ribeirao-preto-sp-e-regiao-ismael-colosi\/"},"img":{"alt_text":"","src":"https:\/\/i0.wp.com\/noticiasribeiraopreto.com.br\/wp-content\/uploads\/2023\/12\/educa.jpeg?fit=950%2C645&ssl=1&resize=350%2C200","width":350,"height":200,"srcset":"https:\/\/i0.wp.com\/noticiasribeiraopreto.com.br\/wp-content\/uploads\/2023\/12\/educa.jpeg?fit=950%2C645&ssl=1&resize=350%2C200 1x, https:\/\/i0.wp.com\/noticiasribeiraopreto.com.br\/wp-content\/uploads\/2023\/12\/educa.jpeg?fit=950%2C645&ssl=1&resize=525%2C300 1.5x, https:\/\/i0.wp.com\/noticiasribeiraopreto.com.br\/wp-content\/uploads\/2023\/12\/educa.jpeg?fit=950%2C645&ssl=1&resize=700%2C400 2x"},"classes":[]},{"id":67013,"url":"https:\/\/noticiasribeiraopreto.com.br\/index.php\/2025\/04\/08\/jornal-da-franca-programa-cidade-empreendedora-chega-a-pedregulho-parceria-ja-foi-assinada\/","url_meta":{"origin":57510,"position":3},"title":"Jornal da Franca &#8211; Programa Cidade Empreendedora chega a Pedregulho: parceria j\u00e1 foi assinada","author":"noticiasribeiraopreto.com.br","date":"8 de April de 2025","format":false,"excerpt":"compartilhar no whatsapp compartilhar no telegram compartilhar no facebook compartilhar no linkedin Sebrae-SP e Prefeitura Municipal de Pedregulho formalizam parceria para o programa Cidade Empreendedora na cidade O Sebrae-SP e a Prefeitura de Pedregulho oficializaram uma parceria para desenvolver o programa Cidade Empreendedora. O programa contempla os dez eixos de\u2026","rel":"","context":"In &quot;Not\u00edcias de Franca-SP&quot;","block_context":{"text":"Not\u00edcias de Franca-SP","link":"https:\/\/noticiasribeiraopreto.com.br\/index.php\/category\/noticias-de-ribeirao-preto-sp-e-regiao-ismael-colosi\/noticias-franca-sp\/"},"img":{"alt_text":"","src":"https:\/\/i0.wp.com\/noticiasribeiraopreto.com.br\/wp-content\/uploads\/2025\/04\/Essa.jpg?fit=1079%2C604&ssl=1&resize=350%2C200","width":350,"height":200,"srcset":"https:\/\/i0.wp.com\/noticiasribeiraopreto.com.br\/wp-content\/uploads\/2025\/04\/Essa.jpg?fit=1079%2C604&ssl=1&resize=350%2C200 1x, https:\/\/i0.wp.com\/noticiasribeiraopreto.com.br\/wp-content\/uploads\/2025\/04\/Essa.jpg?fit=1079%2C604&ssl=1&resize=525%2C300 1.5x, https:\/\/i0.wp.com\/noticiasribeiraopreto.com.br\/wp-content\/uploads\/2025\/04\/Essa.jpg?fit=1079%2C604&ssl=1&resize=700%2C400 2x, https:\/\/i0.wp.com\/noticiasribeiraopreto.com.br\/wp-content\/uploads\/2025\/04\/Essa.jpg?fit=1079%2C604&ssl=1&resize=1050%2C600 3x"},"classes":[]},{"id":7846,"url":"https:\/\/noticiasribeiraopreto.com.br\/index.php\/2023\/11\/28\/educacao-realiza-avaliacao-diagnostica-e-institucional-da-rede-municipal\/","url_meta":{"origin":57510,"position":4},"title":"Educa\u00e7\u00e3o realiza Avalia\u00e7\u00e3o Diagn\u00f3stica e Institucional da rede municipal","author":"noticiasribeiraopreto.com.br","date":"28 de November de 2023","format":false,"excerpt":"28 de novembro de 2023 | 14:35 0A Secretaria da Educa\u00e7\u00e3o deu in\u00edcio a aplica\u00e7\u00e3o da Avalia\u00e7\u00e3o Diagn\u00f3stica e Institucional, em parceria com a VUNESP, para os 20 mil alunos do ensino fundamental da rede municipal de Ribeir\u00e3o Preto. As provas est\u00e3o sendo aplicadas nesta ter\u00e7a-feira, dia 28 e continuar\u00e3o\u2026","rel":"","context":"In &quot;Not\u00edcias de Ribeir\u00e3o Preto-SP e Regi\u00e3o&quot;","block_context":{"text":"Not\u00edcias de Ribeir\u00e3o Preto-SP e Regi\u00e3o","link":"https:\/\/noticiasribeiraopreto.com.br\/index.php\/category\/noticias-de-ribeirao-preto-sp-e-regiao-ismael-colosi\/"},"img":{"alt_text":"","src":"https:\/\/i0.wp.com\/noticiasribeiraopreto.com.br\/wp-content\/uploads\/2023\/11\/avaliacao.jpeg?fit=1054%2C720&ssl=1&resize=350%2C200","width":350,"height":200,"srcset":"https:\/\/i0.wp.com\/noticiasribeiraopreto.com.br\/wp-content\/uploads\/2023\/11\/avaliacao.jpeg?fit=1054%2C720&ssl=1&resize=350%2C200 1x, https:\/\/i0.wp.com\/noticiasribeiraopreto.com.br\/wp-content\/uploads\/2023\/11\/avaliacao.jpeg?fit=1054%2C720&ssl=1&resize=525%2C300 1.5x, https:\/\/i0.wp.com\/noticiasribeiraopreto.com.br\/wp-content\/uploads\/2023\/11\/avaliacao.jpeg?fit=1054%2C720&ssl=1&resize=700%2C400 2x, https:\/\/i0.wp.com\/noticiasribeiraopreto.com.br\/wp-content\/uploads\/2023\/11\/avaliacao.jpeg?fit=1054%2C720&ssl=1&resize=1050%2C600 3x"},"classes":[]},{"id":31853,"url":"https:\/\/noticiasribeiraopreto.com.br\/index.php\/2024\/01\/23\/camara-discutira-plano-municipal-de-educacao\/","url_meta":{"origin":57510,"position":5},"title":"C\u00e2mara discutir\u00e1 Plano Municipal de Educa\u00e7\u00e3o\u00a0","author":"noticiasribeiraopreto.com.br","date":"23 de January de 2024","format":false,"excerpt":"A C\u00e2mara de Vereadores, por meio da Comiss\u00e3o Permanente de Educa\u00e7\u00e3o, realizar\u00e1 duas audi\u00eancias p\u00fablicas para analisar e propor sugest\u00f5es ao projeto de lei da prefeitura de Ribeir\u00e3o Preto que institui o Plano Municipal de Educa\u00e7\u00e3o (PME).O projeto foi elaborado pela Secretaria Municipal de Educa\u00e7\u00e3o, com a participa\u00e7\u00e3o do Conselho\u2026","rel":"","context":"In &quot;Not\u00edcias de Ribeir\u00e3o Preto-SP e Regi\u00e3o&quot;","block_context":{"text":"Not\u00edcias de Ribeir\u00e3o Preto-SP e Regi\u00e3o","link":"https:\/\/noticiasribeiraopreto.com.br\/index.php\/category\/noticias-de-ribeirao-preto-sp-e-regiao-ismael-colosi\/"},"img":{"alt_text":"","src":"https:\/\/i0.wp.com\/noticiasribeiraopreto.com.br\/wp-content\/uploads\/2024\/01\/EducaPME-Guilherme-Sircili-scaled.jpg?fit=967%2C645&ssl=1&resize=350%2C200","width":350,"height":200,"srcset":"https:\/\/i0.wp.com\/noticiasribeiraopreto.com.br\/wp-content\/uploads\/2024\/01\/EducaPME-Guilherme-Sircili-scaled.jpg?fit=967%2C645&ssl=1&resize=350%2C200 1x, https:\/\/i0.wp.com\/noticiasribeiraopreto.com.br\/wp-content\/uploads\/2024\/01\/EducaPME-Guilherme-Sircili-scaled.jpg?fit=967%2C645&ssl=1&resize=525%2C300 1.5x, https:\/\/i0.wp.com\/noticiasribeiraopreto.com.br\/wp-content\/uploads\/2024\/01\/EducaPME-Guilherme-Sircili-scaled.jpg?fit=967%2C645&ssl=1&resize=700%2C400 2x"},"classes":[]}],"jetpack_sharing_enabled":true,"jetpack_shortlink":"https:\/\/wp.me\/peQAOb-eXA","_links":{"self":[{"href":"https:\/\/noticiasribeiraopreto.com.br\/index.php\/wp-json\/wp\/v2\/posts\/57510","targetHints":{"allow":["GET"]}}],"collection":[{"href":"https:\/\/noticiasribeiraopreto.com.br\/index.php\/wp-json\/wp\/v2\/posts"}],"about":[{"href":"https:\/\/noticiasribeiraopreto.com.br\/index.php\/wp-json\/wp\/v2\/types\/post"}],"author":[{"embeddable":true,"href":"https:\/\/noticiasribeiraopreto.com.br\/index.php\/wp-json\/wp\/v2\/users\/1"}],"replies":[{"embeddable":true,"href":"https:\/\/noticiasribeiraopreto.com.br\/index.php\/wp-json\/wp\/v2\/comments?post=57510"}],"version-history":[{"count":0,"href":"https:\/\/noticiasribeiraopreto.com.br\/index.php\/wp-json\/wp\/v2\/posts\/57510\/revisions"}],"wp:attachment":[{"href":"https:\/\/noticiasribeiraopreto.com.br\/index.php\/wp-json\/wp\/v2\/media?parent=57510"}],"wp:term":[{"taxonomy":"category","embeddable":true,"href":"https:\/\/noticiasribeiraopreto.com.br\/index.php\/wp-json\/wp\/v2\/categories?post=57510"},{"taxonomy":"post_tag","embeddable":true,"href":"https:\/\/noticiasribeiraopreto.com.br\/index.php\/wp-json\/wp\/v2\/tags?post=57510"}],"curies":[{"name":"wp","href":"https:\/\/api.w.org\/{rel}","templated":true}]}}