{"id":57705,"date":"2024-09-07T19:43:42","date_gmt":"2024-09-07T22:43:42","guid":{"rendered":"https:\/\/noticiasribeiraopreto.com.br\/index.php\/2024\/09\/07\/goleiro-do-monte-azul-denuncia-racismo-apos-jogo-contra-comercial-em-ribeirao-preto\/"},"modified":"2024-09-07T19:43:42","modified_gmt":"2024-09-07T22:43:42","slug":"goleiro-do-monte-azul-denuncia-racismo-apos-jogo-contra-comercial-em-ribeirao-preto","status":"publish","type":"post","link":"https:\/\/noticiasribeiraopreto.com.br\/index.php\/2024\/09\/07\/goleiro-do-monte-azul-denuncia-racismo-apos-jogo-contra-comercial-em-ribeirao-preto\/","title":{"rendered":"Goleiro do Monte Azul denuncia racismo ap\u00f3s jogo contra Comercial em Ribeir\u00e3o Preto"},"content":{"rendered":"<p> <br \/>\n<\/p>\n<div>\n<p>O goleiro reserva do <strong>Monte Azul<\/strong>, que enfrentou o<strong> Comercial<\/strong>, em <strong>Ribeir\u00e3o Preto<\/strong>, na tarde deste s\u00e1bado (7), denunciou que foi alvo de ofensas racistas por parte de um torcedor ao t\u00e9rmino da partida, disputada no <strong>est\u00e1dio Palma Travassos<\/strong>.<\/p>\n<p>Outros jogadores do Monte Azul e, tamb\u00e9m do Comercial, afirmaram que testemunharam as ofensas contra o goleiro Mendi. Ap\u00f3s a partida, o atleta foi encaminhado para fazer <strong>BO (boletim de ocorr\u00eancia).<\/strong><\/p>\n<p>Na entrevista coletiva, <mark style=\"background-color:#fcb900\" class=\"has-inline-color has-black-color\">o t\u00e9cnico do Comercial, <strong>Renato Peixe<\/strong>, lamentou o ocorrido<\/mark>. \u201cA gente repudia isso. O clube j\u00e1 est\u00e1 fazendo as suas obriga\u00e7\u00f5es, que \u00e9 tentar identificar, e eu pe\u00e7o desculpas ao goleiro, em nome da nossa torcida\u201d, disse o treinador.<\/p>\n<h4 class=\"wp-block-heading\"><strong>Comercial se manifesta<\/strong><\/h4>\n<p>Em nota, o Comercial informou que tomou ci\u00eancia do ato de racismo denunciado pelo jogador e disse que <mark style=\"background-color:#fcb900\" class=\"has-inline-color has-black-color\">trabalha para identifica\u00e7\u00e3o da pessoa que cometeu o crime<\/mark> \u2013 veja a \u00edntegra da nota abaixo.<\/p>\n<p><em>\u201cO Comercial Futebol Clube informa que tomou ci\u00eancia do ato de racismo denunciado pelo goleiro reserva do Monte Azul, Mendi.<\/em><\/p>\n<p><em>O Le\u00e3o do Norte aguarda a finaliza\u00e7\u00e3o da s\u00famula do jogo e do Boletim de Ocorr\u00eancia. Mas j\u00e1 antecipa que trabalha para a identifica\u00e7\u00e3o da pessoa que cometeu tal ato.<\/em><\/p>\n<p><em>O Comercial Futebol Clube, time do povo e plural, lamenta qualquer tipo de preconceito e punir\u00e1 de forma exemplar qualquer pessoa que cometa atos desse tipo em nossas depend\u00eancias\u201d.<\/em><\/p>\n<p>At\u00e9 a publica\u00e7\u00e3o da mat\u00e9ria, o Monte Azul ainda n\u00e3o havia se manifestado sobre o caso.<\/p>\n<p>SAIBA MAIS<br \/>Comercial empata com o Monte Azul pela Copa Paulista em Ribeir\u00e3o Preto<\/p>\n<h4 class=\"wp-block-heading\"><strong>FIQUE ON<\/strong><\/h4>\n<p>Fique ligado em tudo que acontece em Ribeir\u00e3o Preto e regi\u00e3o. Siga os perfis do <strong>acidade on<\/strong> no <a href=\"https:\/\/www.instagram.com\/acidadeonribeirao\" target=\"_blank\" rel=\"noreferrer noopener nofollow\">Instagram <\/a>e no <a href=\"https:\/\/www.facebook.com\/acidadeonribeirao\/\" target=\"_blank\" rel=\"noreferrer noopener nofollow\">Facebook<\/a>.<\/p>\n<p>Receba not\u00edcias do <strong>acidade on<\/strong> no WhatsApp. <a href=\"https:\/\/chat.whatsapp.com\/Dtv9mxhy6V5BJBotM2OQ5k\" target=\"_blank\" rel=\"noreferrer noopener nofollow\">Para entrar no grupo, basta clicar aqui.<\/a><\/p>\n<p>Fa\u00e7a uma den\u00fancia ou sugira uma reportagem sobre Ribeir\u00e3o Preto e regi\u00e3o pelo WhatsApp: 16 99117 7802.<\/p>\n<p>VEJA TAMB\u00c9M<br \/>Qual \u00e9 o sal\u00e1rio do concurso Dataprev?<\/p>\n<p><!-- CONTENT END 1 -->\n<\/div>\n<p><script async src=\"\/\/www.instagram.com\/embed.js\"><\/script><br \/>\n<br \/><br \/>\n<br \/><a href=\"https:\/\/www.acidadeon.com\/ribeiraopreto\/esportes\/goleiro-do-monte-azul-denuncia-racismo-apos-jogo-contra-comercial-em-ribeirao-preto\/\">Source link <\/a><\/p>\n","protected":false},"excerpt":{"rendered":"<p>O goleiro reserva do Monte Azul, que enfrentou o Comercial, em Ribeir\u00e3o Preto, na tarde deste s\u00e1bado (7), denunciou que foi alvo de ofensas racistas&#8230;<\/p>\n","protected":false},"author":1,"featured_media":57706,"comment_status":"open","ping_status":"open","sticky":false,"template":"","format":"standard","meta":{"advanced_seo_description":"","jetpack_seo_html_title":"","jetpack_seo_noindex":false,"jetpack_post_was_ever_published":false,"_jetpack_newsletter_access":"","_jetpack_dont_email_post_to_subs":false,"_jetpack_newsletter_tier_id":0,"_jetpack_memberships_contains_paywalled_content":false,"_jetpack_memberships_contains_paid_content":false,"footnotes":"","jetpack_publicize_message":"","jetpack_publicize_feature_enabled":true,"jetpack_social_post_already_shared":true,"jetpack_social_options":{"image_generator_settings":{"template":"highway","default_image_id":0,"font":"","enabled":false},"version":2}},"categories":[11],"tags":[],"class_list":["post-57705","post","type-post","status-publish","format-standard","has-post-thumbnail","hentry","category-noticias-de-ribeirao-preto-sp-e-regiao-ismael-colosi"],"jetpack_publicize_connections":[],"jetpack_featured_media_url":"https:\/\/i0.wp.com\/noticiasribeiraopreto.com.br\/wp-content\/uploads\/2024\/09\/jogador-monte-azul_2024-09-07_22-19-11_jpg_2024-09-07_22-19-11.webp.webp?fit=1200%2C696&ssl=1","jetpack-related-posts":[{"id":61572,"url":"https:\/\/noticiasribeiraopreto.com.br\/index.php\/2024\/12\/16\/comercial-reverte-punicoes-apos-caso-de-racismo-de-torcedor-contra-atleta-adversario\/","url_meta":{"origin":57705,"position":0},"title":"Comercial reverte puni\u00e7\u00f5es ap\u00f3s caso de racismo de torcedor contra atleta advers\u00e1rio","author":"noticiasribeiraopreto.com.br","date":"16 de December de 2024","format":false,"excerpt":"O TJD-SP (Tribunal de Justi\u00e7a Desportiva de S\u00e3o Paulo) reverteu duas puni\u00e7\u00f5es contra o Comercial por conta de acusa\u00e7\u00f5es de racismo realizadas por um atleta do Monte Azul contra um torcedor do Le\u00e3o do Norte na \u00faltima edi\u00e7\u00e3o da Copa Paulista. A equipe de Ribeir\u00e3o Preto tamb\u00e9m foi multada em\u2026","rel":"","context":"In &quot;Not\u00edcias de Ribeir\u00e3o Preto-SP e Regi\u00e3o&quot;","block_context":{"text":"Not\u00edcias de Ribeir\u00e3o Preto-SP e Regi\u00e3o","link":"https:\/\/noticiasribeiraopreto.com.br\/index.php\/category\/noticias-de-ribeirao-preto-sp-e-regiao-ismael-colosi\/"},"img":{"alt_text":"","src":"https:\/\/i0.wp.com\/noticiasribeiraopreto.com.br\/wp-content\/uploads\/2024\/09\/jogador-monte-azul_2024-09-07_22-19-11_jpg_2024-09-07_22-19-11.webp.webp?fit=1200%2C696&ssl=1&resize=350%2C200","width":350,"height":200,"srcset":"https:\/\/i0.wp.com\/noticiasribeiraopreto.com.br\/wp-content\/uploads\/2024\/09\/jogador-monte-azul_2024-09-07_22-19-11_jpg_2024-09-07_22-19-11.webp.webp?fit=1200%2C696&ssl=1&resize=350%2C200 1x, https:\/\/i0.wp.com\/noticiasribeiraopreto.com.br\/wp-content\/uploads\/2024\/09\/jogador-monte-azul_2024-09-07_22-19-11_jpg_2024-09-07_22-19-11.webp.webp?fit=1200%2C696&ssl=1&resize=525%2C300 1.5x, https:\/\/i0.wp.com\/noticiasribeiraopreto.com.br\/wp-content\/uploads\/2024\/09\/jogador-monte-azul_2024-09-07_22-19-11_jpg_2024-09-07_22-19-11.webp.webp?fit=1200%2C696&ssl=1&resize=700%2C400 2x, https:\/\/i0.wp.com\/noticiasribeiraopreto.com.br\/wp-content\/uploads\/2024\/09\/jogador-monte-azul_2024-09-07_22-19-11_jpg_2024-09-07_22-19-11.webp.webp?fit=1200%2C696&ssl=1&resize=1050%2C600 3x"},"classes":[]},{"id":57702,"url":"https:\/\/noticiasribeiraopreto.com.br\/index.php\/2024\/09\/07\/comercial-empata-com-o-monte-azul-pela-copa-paulista-em-ribeirao-preto\/","url_meta":{"origin":57705,"position":1},"title":"Comercial empata com o Monte Azul pela Copa Paulista em Ribeir\u00e3o Preto","author":"noticiasribeiraopreto.com.br","date":"7 de September de 2024","format":false,"excerpt":"O Comercial empatou em 0 a 0 com o Monte Azul na tarde deste s\u00e1bado (7), no est\u00e1dio Palma Travassos, em Ribeir\u00e3o Preto. O confronto foi v\u00e1lido pelas quartas de final da Copa Paulista. O Le\u00e3o do Norte chegou a pressionar o Monte Azul, dono da melhor campanha na primeira\u2026","rel":"","context":"In &quot;Not\u00edcias de Ribeir\u00e3o Preto-SP e Regi\u00e3o&quot;","block_context":{"text":"Not\u00edcias de Ribeir\u00e3o Preto-SP e Regi\u00e3o","link":"https:\/\/noticiasribeiraopreto.com.br\/index.php\/category\/noticias-de-ribeirao-preto-sp-e-regiao-ismael-colosi\/"},"img":{"alt_text":"","src":"https:\/\/i0.wp.com\/noticiasribeiraopreto.com.br\/wp-content\/uploads\/2024\/09\/comercial-monte-azul_2024-09-07_20-36-30_jpg_2024-09-07_20-36-30.webp.webp?fit=1200%2C799&ssl=1&resize=350%2C200","width":350,"height":200,"srcset":"https:\/\/i0.wp.com\/noticiasribeiraopreto.com.br\/wp-content\/uploads\/2024\/09\/comercial-monte-azul_2024-09-07_20-36-30_jpg_2024-09-07_20-36-30.webp.webp?fit=1200%2C799&ssl=1&resize=350%2C200 1x, https:\/\/i0.wp.com\/noticiasribeiraopreto.com.br\/wp-content\/uploads\/2024\/09\/comercial-monte-azul_2024-09-07_20-36-30_jpg_2024-09-07_20-36-30.webp.webp?fit=1200%2C799&ssl=1&resize=525%2C300 1.5x, https:\/\/i0.wp.com\/noticiasribeiraopreto.com.br\/wp-content\/uploads\/2024\/09\/comercial-monte-azul_2024-09-07_20-36-30_jpg_2024-09-07_20-36-30.webp.webp?fit=1200%2C799&ssl=1&resize=700%2C400 2x, https:\/\/i0.wp.com\/noticiasribeiraopreto.com.br\/wp-content\/uploads\/2024\/09\/comercial-monte-azul_2024-09-07_20-36-30_jpg_2024-09-07_20-36-30.webp.webp?fit=1200%2C799&ssl=1&resize=1050%2C600 3x"},"classes":[]},{"id":83321,"url":"https:\/\/noticiasribeiraopreto.com.br\/index.php\/2026\/03\/16\/comercial-denuncia-ofensas-racistas-apos-empate-contra-o-aracatuba\/","url_meta":{"origin":57705,"position":2},"title":"Comercial denuncia ofensas racistas ap\u00f3s empate contra o Ara\u00e7atuba","author":"noticiasribeiraopreto.com.br","date":"16 de March de 2026","format":false,"excerpt":"O Comercial Futebol Clube informou que alguns profissionais do clube foram alvo de xingamentos racistas ap\u00f3s a partida contra o Ara\u00e7atuba, que terminou sem gols na tarde deste s\u00e1bado (14). De acordo com nota divulgada pelo Le\u00e3o do Norte, ap\u00f3s o fim da partida, torcedores do time advers\u00e1rio teriam dirigido\u2026","rel":"","context":"In &quot;Not\u00edcias de Ribeir\u00e3o Preto-SP e Regi\u00e3o&quot;","block_context":{"text":"Not\u00edcias de Ribeir\u00e3o Preto-SP e Regi\u00e3o","link":"https:\/\/noticiasribeiraopreto.com.br\/index.php\/category\/noticias-de-ribeirao-preto-sp-e-regiao-ismael-colosi\/"},"img":{"alt_text":"","src":"https:\/\/i0.wp.com\/noticiasribeiraopreto.com.br\/wp-content\/uploads\/2026\/03\/palace-57_2026-03-15_15-25-39.webp.webp?fit=1200%2C675&ssl=1&resize=350%2C200","width":350,"height":200,"srcset":"https:\/\/i0.wp.com\/noticiasribeiraopreto.com.br\/wp-content\/uploads\/2026\/03\/palace-57_2026-03-15_15-25-39.webp.webp?fit=1200%2C675&ssl=1&resize=350%2C200 1x, https:\/\/i0.wp.com\/noticiasribeiraopreto.com.br\/wp-content\/uploads\/2026\/03\/palace-57_2026-03-15_15-25-39.webp.webp?fit=1200%2C675&ssl=1&resize=525%2C300 1.5x, https:\/\/i0.wp.com\/noticiasribeiraopreto.com.br\/wp-content\/uploads\/2026\/03\/palace-57_2026-03-15_15-25-39.webp.webp?fit=1200%2C675&ssl=1&resize=700%2C400 2x, https:\/\/i0.wp.com\/noticiasribeiraopreto.com.br\/wp-content\/uploads\/2026\/03\/palace-57_2026-03-15_15-25-39.webp.webp?fit=1200%2C675&ssl=1&resize=1050%2C600 3x"},"classes":[]},{"id":57753,"url":"https:\/\/noticiasribeiraopreto.com.br\/index.php\/2024\/09\/09\/me-senti-desvalorizado-diz-goleiro-vitima-de-racismo-em-ribeirao\/","url_meta":{"origin":57705,"position":3},"title":"&#8220;Me senti desvalorizado&#8221; diz goleiro v\u00edtima de racismo em Ribeir\u00e3o","author":"noticiasribeiraopreto.com.br","date":"9 de September de 2024","format":false,"excerpt":"Vinicius Santos, goleiro do Atl\u00e9tico Monte Azul, foi alvo de ofensas racistas por parte de um torcedor no final da partida contra o Comercial que aconteceu no s\u00e1bado (7), no est\u00e1dio Palma Travassos, em Ribeir\u00e3o Preto. O atleta gravou um v\u00eddeo, na tarde desta segunda-feira (9), onde contou um pouco\u2026","rel":"","context":"In &quot;Not\u00edcias de Ribeir\u00e3o Preto-SP e Regi\u00e3o&quot;","block_context":{"text":"Not\u00edcias de Ribeir\u00e3o Preto-SP e Regi\u00e3o","link":"https:\/\/noticiasribeiraopreto.com.br\/index.php\/category\/noticias-de-ribeirao-preto-sp-e-regiao-ismael-colosi\/"},"img":{"alt_text":"","src":"https:\/\/i0.wp.com\/noticiasribeiraopreto.com.br\/wp-content\/uploads\/2024\/09\/Copia-de-Copia-de-Copia-de-TAMANHO-EXATO-PARA-FOTOS-NO-SISTEMA-NOVO-9_2024-09-09_21-24-04_png_2024-09-09_21-24-04.webp.webp?fit=1200%2C675&ssl=1&resize=350%2C200","width":350,"height":200,"srcset":"https:\/\/i0.wp.com\/noticiasribeiraopreto.com.br\/wp-content\/uploads\/2024\/09\/Copia-de-Copia-de-Copia-de-TAMANHO-EXATO-PARA-FOTOS-NO-SISTEMA-NOVO-9_2024-09-09_21-24-04_png_2024-09-09_21-24-04.webp.webp?fit=1200%2C675&ssl=1&resize=350%2C200 1x, https:\/\/i0.wp.com\/noticiasribeiraopreto.com.br\/wp-content\/uploads\/2024\/09\/Copia-de-Copia-de-Copia-de-TAMANHO-EXATO-PARA-FOTOS-NO-SISTEMA-NOVO-9_2024-09-09_21-24-04_png_2024-09-09_21-24-04.webp.webp?fit=1200%2C675&ssl=1&resize=525%2C300 1.5x, https:\/\/i0.wp.com\/noticiasribeiraopreto.com.br\/wp-content\/uploads\/2024\/09\/Copia-de-Copia-de-Copia-de-TAMANHO-EXATO-PARA-FOTOS-NO-SISTEMA-NOVO-9_2024-09-09_21-24-04_png_2024-09-09_21-24-04.webp.webp?fit=1200%2C675&ssl=1&resize=700%2C400 2x, https:\/\/i0.wp.com\/noticiasribeiraopreto.com.br\/wp-content\/uploads\/2024\/09\/Copia-de-Copia-de-Copia-de-TAMANHO-EXATO-PARA-FOTOS-NO-SISTEMA-NOVO-9_2024-09-09_21-24-04_png_2024-09-09_21-24-04.webp.webp?fit=1200%2C675&ssl=1&resize=1050%2C600 3x"},"classes":[]},{"id":57765,"url":"https:\/\/noticiasribeiraopreto.com.br\/index.php\/2024\/09\/09\/me-senti-desvalorizado-diz-goleiro-vitima-de-racismo-em-ribeirao-2\/","url_meta":{"origin":57705,"position":4},"title":"&#8216;Me senti desvalorizado&#8217;, diz goleiro v\u00edtima de racismo em Ribeir\u00e3o","author":"noticiasribeiraopreto.com.br","date":"9 de September de 2024","format":false,"excerpt":"Vinicius Santos, goleiro do Atl\u00e9tico Monte Azul, foi alvo de ofensas racistas por parte de um torcedor no final da partida contra o Comercial que aconteceu no s\u00e1bado (7), no est\u00e1dio Palma Travassos, em Ribeir\u00e3o Preto. O atleta gravou um v\u00eddeo, na tarde desta segunda-feira (9), onde contou um pouco\u2026","rel":"","context":"In &quot;Not\u00edcias de Ribeir\u00e3o Preto-SP e Regi\u00e3o&quot;","block_context":{"text":"Not\u00edcias de Ribeir\u00e3o Preto-SP e Regi\u00e3o","link":"https:\/\/noticiasribeiraopreto.com.br\/index.php\/category\/noticias-de-ribeirao-preto-sp-e-regiao-ismael-colosi\/"},"img":{"alt_text":"","src":"https:\/\/i0.wp.com\/noticiasribeiraopreto.com.br\/wp-content\/uploads\/2024\/09\/Copia-de-Copia-de-Copia-de-TAMANHO-EXATO-PARA-FOTOS-NO-SISTEMA-NOVO-9_2024-09-09_21-24-04_png_2024-09-09_21-24-04.webp.webp?fit=1200%2C675&ssl=1&resize=350%2C200","width":350,"height":200,"srcset":"https:\/\/i0.wp.com\/noticiasribeiraopreto.com.br\/wp-content\/uploads\/2024\/09\/Copia-de-Copia-de-Copia-de-TAMANHO-EXATO-PARA-FOTOS-NO-SISTEMA-NOVO-9_2024-09-09_21-24-04_png_2024-09-09_21-24-04.webp.webp?fit=1200%2C675&ssl=1&resize=350%2C200 1x, https:\/\/i0.wp.com\/noticiasribeiraopreto.com.br\/wp-content\/uploads\/2024\/09\/Copia-de-Copia-de-Copia-de-TAMANHO-EXATO-PARA-FOTOS-NO-SISTEMA-NOVO-9_2024-09-09_21-24-04_png_2024-09-09_21-24-04.webp.webp?fit=1200%2C675&ssl=1&resize=525%2C300 1.5x, https:\/\/i0.wp.com\/noticiasribeiraopreto.com.br\/wp-content\/uploads\/2024\/09\/Copia-de-Copia-de-Copia-de-TAMANHO-EXATO-PARA-FOTOS-NO-SISTEMA-NOVO-9_2024-09-09_21-24-04_png_2024-09-09_21-24-04.webp.webp?fit=1200%2C675&ssl=1&resize=700%2C400 2x, https:\/\/i0.wp.com\/noticiasribeiraopreto.com.br\/wp-content\/uploads\/2024\/09\/Copia-de-Copia-de-Copia-de-TAMANHO-EXATO-PARA-FOTOS-NO-SISTEMA-NOVO-9_2024-09-09_21-24-04_png_2024-09-09_21-24-04.webp.webp?fit=1200%2C675&ssl=1&resize=1050%2C600 3x"},"classes":[]},{"id":83277,"url":"https:\/\/noticiasribeiraopreto.com.br\/index.php\/2026\/03\/14\/jogadores-do-comercial-relatam-ofensas-racistas-em-aracatuba\/","url_meta":{"origin":57705,"position":5},"title":"Jogadores do Comercial relatam ofensas racistas em Ara\u00e7atuba","author":"noticiasribeiraopreto.com.br","date":"14 de March de 2026","format":false,"excerpt":"\r \r \r 14 de mar\u00e7o de 2026 20:25 \r Compartilhar0 Comercial Futebol Clube informa que, ao t\u00e9rmino do jogo contra o Ara\u00e7atuba, torcedores advers\u00e1rios proferiram xingamentos racistas a alguns profissionais do clube. O fato foi ouvido pelo goleiro Wendel, pelo preparador de goleiros, Chibarro e tamb\u00e9m pelos \u00e1rbitros e\u2026","rel":"","context":"In &quot;Not\u00edcias de Ribeir\u00e3o Preto-SP e Regi\u00e3o&quot;","block_context":{"text":"Not\u00edcias de Ribeir\u00e3o Preto-SP e Regi\u00e3o","link":"https:\/\/noticiasribeiraopreto.com.br\/index.php\/category\/noticias-de-ribeirao-preto-sp-e-regiao-ismael-colosi\/"},"img":{"alt_text":"","src":"https:\/\/i0.wp.com\/noticiasribeiraopreto.com.br\/wp-content\/uploads\/2026\/03\/DSC_5701.jpg-scaled.jpeg?fit=975%2C780&ssl=1&resize=350%2C200","width":350,"height":200,"srcset":"https:\/\/i0.wp.com\/noticiasribeiraopreto.com.br\/wp-content\/uploads\/2026\/03\/DSC_5701.jpg-scaled.jpeg?fit=975%2C780&ssl=1&resize=350%2C200 1x, https:\/\/i0.wp.com\/noticiasribeiraopreto.com.br\/wp-content\/uploads\/2026\/03\/DSC_5701.jpg-scaled.jpeg?fit=975%2C780&ssl=1&resize=525%2C300 1.5x, https:\/\/i0.wp.com\/noticiasribeiraopreto.com.br\/wp-content\/uploads\/2026\/03\/DSC_5701.jpg-scaled.jpeg?fit=975%2C780&ssl=1&resize=700%2C400 2x"},"classes":[]}],"jetpack_sharing_enabled":true,"jetpack_shortlink":"https:\/\/wp.me\/peQAOb-f0J","_links":{"self":[{"href":"https:\/\/noticiasribeiraopreto.com.br\/index.php\/wp-json\/wp\/v2\/posts\/57705","targetHints":{"allow":["GET"]}}],"collection":[{"href":"https:\/\/noticiasribeiraopreto.com.br\/index.php\/wp-json\/wp\/v2\/posts"}],"about":[{"href":"https:\/\/noticiasribeiraopreto.com.br\/index.php\/wp-json\/wp\/v2\/types\/post"}],"author":[{"embeddable":true,"href":"https:\/\/noticiasribeiraopreto.com.br\/index.php\/wp-json\/wp\/v2\/users\/1"}],"replies":[{"embeddable":true,"href":"https:\/\/noticiasribeiraopreto.com.br\/index.php\/wp-json\/wp\/v2\/comments?post=57705"}],"version-history":[{"count":0,"href":"https:\/\/noticiasribeiraopreto.com.br\/index.php\/wp-json\/wp\/v2\/posts\/57705\/revisions"}],"wp:featuredmedia":[{"embeddable":true,"href":"https:\/\/noticiasribeiraopreto.com.br\/index.php\/wp-json\/wp\/v2\/media\/57706"}],"wp:attachment":[{"href":"https:\/\/noticiasribeiraopreto.com.br\/index.php\/wp-json\/wp\/v2\/media?parent=57705"}],"wp:term":[{"taxonomy":"category","embeddable":true,"href":"https:\/\/noticiasribeiraopreto.com.br\/index.php\/wp-json\/wp\/v2\/categories?post=57705"},{"taxonomy":"post_tag","embeddable":true,"href":"https:\/\/noticiasribeiraopreto.com.br\/index.php\/wp-json\/wp\/v2\/tags?post=57705"}],"curies":[{"name":"wp","href":"https:\/\/api.w.org\/{rel}","templated":true}]}}