{"id":57711,"date":"2024-09-08T11:06:55","date_gmt":"2024-09-08T14:06:55","guid":{"rendered":"https:\/\/noticiasribeiraopreto.com.br\/index.php\/2024\/09\/08\/interior-de-sp-tem-novo-alerta-de-perigo-potencial-veja-previsao-para-ribeirao\/"},"modified":"2024-09-08T11:06:55","modified_gmt":"2024-09-08T14:06:55","slug":"interior-de-sp-tem-novo-alerta-de-perigo-potencial-veja-previsao-para-ribeirao","status":"publish","type":"post","link":"https:\/\/noticiasribeiraopreto.com.br\/index.php\/2024\/09\/08\/interior-de-sp-tem-novo-alerta-de-perigo-potencial-veja-previsao-para-ribeirao\/","title":{"rendered":"Interior de SP tem novo alerta de perigo potencial; Veja previs\u00e3o para Ribeir\u00e3o"},"content":{"rendered":"<p> <br \/>\n<\/p>\n<div data-td-block-uid=\"tdi_106\">\n<div class=\"tdb-block-inner td-fix-index\">\n<p>Um novo <strong>alerta de perigo potencial<\/strong> foi emitido para o <strong>interior de S\u00e3o Paulo<\/strong> neste domingo (8). O comunicado \u00e9 identificado com a <strong>cor amarela<\/strong> e prev\u00ea temperaturas de at\u00e9 <strong>5\u00baC acima da m\u00e9dia <\/strong>pelo per\u00edodo de 2 a 3 dias.<\/p>\n<p><mark style=\"background-color:#fcb900\" class=\"has-inline-color\">Em <strong>Ribeir\u00e3o Preto<\/strong>, conforme a <strong><a href=\"https:\/\/www.climatempo.com.br\/\" target=\"_blank\" rel=\"noreferrer noopener\">Climatempo<\/a><\/strong>, o dia deve ser de sol com algumas nuvens no c\u00e9u, contudo, n\u00e3o h\u00e1 previs\u00e3o de chuva. <strong>A temperatura m\u00e1xima pode chegar aos 36\u00baC no munic\u00edpio.<\/strong><\/mark><\/p>\n<p>Conforme a <strong>Companhia Ambiental do Estado de S\u00e3o Paulo (<a href=\"https:\/\/cetesb.sp.gov.br\/\" target=\"_blank\" rel=\"noreferrer noopener\">Cetesb<\/a>)<\/strong>, a <strong>qualidade do ar<\/strong> na regi\u00e3o \u00e9 considera <strong>ruim <\/strong>neste domingo.<\/p>\n<p>Uma nova <strong>onda de calor<\/strong> come\u00e7ou a afetar o <strong>interior de S\u00e3o Paulo<\/strong> no come\u00e7o de setembro e <strong>deve permanecer at\u00e9 o dia 20<\/strong>, conforme os meteorologistas.<\/p>\n<h2 class=\"wp-block-heading\"><strong>Alerta de perigo potencial<\/strong><\/h2>\n<p>O <strong>alerta de perigo potencial<\/strong> foi emitido pelo <strong>Instituto Nacional de Meteorologia (<a href=\"https:\/\/portal.inmet.gov.br\/\" target=\"_blank\" rel=\"noreferrer noopener\">Inmet<\/a>) <\/strong>e tamb\u00e9m prev\u00ea <strong>umidade relativa do ar variando entre 20% e 12%<\/strong>, o que pode causar problemas a sa\u00fade e <strong>inc\u00eandios florestais<\/strong>.<\/p>\n<p>Vale ressaltar que a<strong> Defesa Civil<\/strong> prorrogou o alerta de risco elevado para inc\u00eandios no interior de S\u00e3o Paulo at\u00e9 a <strong>ter\u00e7a-feira (10)<\/strong>. <\/p>\n<h3 class=\"wp-block-heading\"><strong>Regi\u00f5es do interior de SP afetadas pelo alerta<\/strong><\/h3>\n<p>Todo o <strong>interior de S\u00e3o Paulo <\/strong>aparece no <strong>alerta para onda de calor<\/strong>, contudo, as regi\u00f5es em destaque s\u00e3o:<\/p>\n<h4 class=\"wp-block-heading\"><strong>Como fica o tempo em Ribeir\u00e3o nos pr\u00f3ximos dias?<\/strong><\/h4>\n<p>Ainda de acordo com o servi\u00e7o de meteorologia, os <strong>pr\u00f3ximos dias<\/strong> em <strong>Ribeir\u00e3o Preto<\/strong> devem continuar registrando <strong>altas temperaturas<\/strong> e <strong>tempo seco<\/strong>. <mark style=\"background-color:#fcb900\" class=\"has-inline-color\">Os term\u00f4metros devem ter m\u00ednima de 20\u00baC e <strong>m\u00e1xima de 36\u00baC<\/strong>.<\/mark> Confira: <\/p>\n<ul>\n<li><strong>Segunda-feira (9):<\/strong> Sol o dia todo sem nuvens no c\u00e9u. Noite de tempo aberto. M\u00ednima de 21\u00baC e m\u00e1xima de 35\u00baC;<\/li>\n<\/ul>\n<ul>\n<li><strong>Ter\u00e7a-feira (10):<\/strong> Sol com algumas nuvens durante o dia. \u00c0 noite o c\u00e9u fica com muitas nuvens, mas n\u00e3o chove. M\u00ednima de 20\u00baC e m\u00e1xima de 35\u00baC;<\/li>\n<\/ul>\n<ul>\n<li><strong>Quarta-feira (11):<\/strong> Sol com muitas nuvens durante o dia e per\u00edodos de c\u00e9u nublado. Noite com poucas nuvens. M\u00ednima de 20\u00baC e m\u00e1xima de 35\u00baC.<\/li>\n<\/ul>\n<hr class=\"wp-block-separator has-alpha-channel-opacity\"\/>\n<p>SAIBA MAIS<\/p>\n<p>Atleta da regi\u00e3o de Ribeir\u00e3o Preto garante bronze nos Jogos Paral\u00edmpicos de Paris<\/p>\n<h4 class=\"wp-block-heading\"><strong>FIQUE ON<\/strong><\/h4>\n<p>Fique ligado em tudo que acontece em Ribeir\u00e3o Preto e regi\u00e3o. Siga os perfis do\u00a0<strong>acidade on<\/strong>\u00a0no\u00a0<a href=\"https:\/\/www.instagram.com\/acidadeonribeirao\" target=\"_blank\" rel=\"noreferrer noopener\">Instagram\u00a0<\/a>e no\u00a0<a href=\"https:\/\/www.facebook.com\/acidadeonribeirao\/\" target=\"_blank\" rel=\"noreferrer noopener\">Facebook<\/a>.<\/p>\n<p>Receba not\u00edcias do\u00a0<strong>acidade on<\/strong>\u00a0no WhatsApp.\u00a0<a href=\"https:\/\/chat.whatsapp.com\/Dtv9mxhy6V5BJBotM2OQ5k\" target=\"_blank\" rel=\"noreferrer noopener\">Para entrar no grupo, basta clicar aqui.<\/a><\/p>\n<p>Fa\u00e7a uma den\u00fancia ou sugira uma reportagem sobre Ribeir\u00e3o Preto e regi\u00e3o pelo WhatsApp: 16 99117 7802.<\/p>\n<p>VEJA TAMB\u00c9M<\/p>\n<p>Quantos dias Deolane ficou presa?<\/p>\n<p><!-- CONTENT END 1 -->\n<\/div>\n<\/div>\n<p><script async src=\"\/\/www.instagram.com\/embed.js\"><\/script><br \/>\n<br \/><br \/>\n<br \/><a href=\"https:\/\/www.acidadeon.com\/ribeiraopreto\/cotidiano\/interior-de-sao-paulo-tem-novo-alerta-de-perigo-potencial-veja-previsao-para-ribeirao-preto\/\">Source link <\/a><\/p>\n","protected":false},"excerpt":{"rendered":"<p>Um novo alerta de perigo potencial foi emitido para o interior de S\u00e3o Paulo neste domingo (8). O comunicado \u00e9 identificado com a cor amarela&#8230;<\/p>\n","protected":false},"author":1,"featured_media":57712,"comment_status":"open","ping_status":"open","sticky":false,"template":"","format":"standard","meta":{"advanced_seo_description":"","jetpack_seo_html_title":"","jetpack_seo_noindex":false,"jetpack_post_was_ever_published":false,"_jetpack_newsletter_access":"","_jetpack_dont_email_post_to_subs":false,"_jetpack_newsletter_tier_id":0,"_jetpack_memberships_contains_paywalled_content":false,"_jetpack_memberships_contains_paid_content":false,"footnotes":"","jetpack_publicize_message":"","jetpack_publicize_feature_enabled":true,"jetpack_social_post_already_shared":true,"jetpack_social_options":{"image_generator_settings":{"template":"highway","default_image_id":0,"font":"","enabled":false},"version":2}},"categories":[11],"tags":[],"class_list":["post-57711","post","type-post","status-publish","format-standard","has-post-thumbnail","hentry","category-noticias-de-ribeirao-preto-sp-e-regiao-ismael-colosi"],"jetpack_publicize_connections":[],"jetpack_featured_media_url":"https:\/\/i0.wp.com\/noticiasribeiraopreto.com.br\/wp-content\/uploads\/2024\/09\/InteriordeSPtemmaisumdiaensolaradoesecoFrentefriaavananoSul_Tamanho_2_image_2024-09-08_13-42-03_jpg_2024-09-08_13-42-03.webp.webp?fit=972%2C548&ssl=1","jetpack-related-posts":[{"id":55632,"url":"https:\/\/noticiasribeiraopreto.com.br\/index.php\/2024\/08\/04\/interior-de-sp-recebe-alerta-de-perigo-potencial-veja-previsao-para-ribeirao\/","url_meta":{"origin":57711,"position":0},"title":"Interior de SP recebe alerta de perigo potencial; Veja previs\u00e3o para Ribeir\u00e3o","author":"noticiasribeiraopreto.com.br","date":"4 de August de 2024","format":false,"excerpt":"O domingo (4) come\u00e7ou com os term\u00f4metros registrando m\u00ednima de 14,7\u00baC em Ribeir\u00e3o Preto, de acordo com o monitoramento da Companhia Ambiental do Estado de S\u00e3o Paulo (Cetesb). Apesar do clima agrad\u00e1vel pela manh\u00e3, a temperatura deve subir durante o dia e atingir a m\u00e1xima de 29\u00baC. Conforme a Climatempo,\u2026","rel":"","context":"In &quot;Not\u00edcias de Ribeir\u00e3o Preto-SP e Regi\u00e3o&quot;","block_context":{"text":"Not\u00edcias de Ribeir\u00e3o Preto-SP e Regi\u00e3o","link":"https:\/\/noticiasribeiraopreto.com.br\/index.php\/category\/noticias-de-ribeirao-preto-sp-e-regiao-ismael-colosi\/"},"img":{"alt_text":"","src":"https:\/\/i0.wp.com\/noticiasribeiraopreto.com.br\/wp-content\/uploads\/2024\/08\/20220724_110128.jpg?fit=1200%2C675&ssl=1&resize=350%2C200","width":350,"height":200,"srcset":"https:\/\/i0.wp.com\/noticiasribeiraopreto.com.br\/wp-content\/uploads\/2024\/08\/20220724_110128.jpg?fit=1200%2C675&ssl=1&resize=350%2C200 1x, https:\/\/i0.wp.com\/noticiasribeiraopreto.com.br\/wp-content\/uploads\/2024\/08\/20220724_110128.jpg?fit=1200%2C675&ssl=1&resize=525%2C300 1.5x, https:\/\/i0.wp.com\/noticiasribeiraopreto.com.br\/wp-content\/uploads\/2024\/08\/20220724_110128.jpg?fit=1200%2C675&ssl=1&resize=700%2C400 2x, https:\/\/i0.wp.com\/noticiasribeiraopreto.com.br\/wp-content\/uploads\/2024\/08\/20220724_110128.jpg?fit=1200%2C675&ssl=1&resize=1050%2C600 3x"},"classes":[]},{"id":53702,"url":"https:\/\/noticiasribeiraopreto.com.br\/index.php\/2024\/06\/23\/interior-de-sp-esta-em-alerta-de-perigo-potencial-veja-previsao-para-ribeirao-preto\/","url_meta":{"origin":57711,"position":1},"title":"Interior de SP est\u00e1 em alerta de perigo potencial; Veja previs\u00e3o para Ribeir\u00e3o Preto","author":"noticiasribeiraopreto.com.br","date":"23 de June de 2024","format":false,"excerpt":"O domingo (23) come\u00e7ou com os term\u00f4metros registrando m\u00ednima de 14,6\u00baC em Ribeir\u00e3o Preto, de acordo com o monitoramento da Companhia Ambiental do Estado de S\u00e3o Paulo (Cetesb). Entretanto, apesar do clima mais ameno pela manh\u00e3, a temperatura vai subir durante o dia, atingindo a m\u00e1xima de 32\u00baC. O dia\u2026","rel":"","context":"In &quot;Not\u00edcias de Ribeir\u00e3o Preto-SP e Regi\u00e3o&quot;","block_context":{"text":"Not\u00edcias de Ribeir\u00e3o Preto-SP e Regi\u00e3o","link":"https:\/\/noticiasribeiraopreto.com.br\/index.php\/category\/noticias-de-ribeirao-preto-sp-e-regiao-ismael-colosi\/"},"img":{"alt_text":"","src":"https:\/\/i0.wp.com\/noticiasribeiraopreto.com.br\/wp-content\/uploads\/2024\/06\/20220724_110128.jpg?fit=1200%2C675&ssl=1&resize=350%2C200","width":350,"height":200,"srcset":"https:\/\/i0.wp.com\/noticiasribeiraopreto.com.br\/wp-content\/uploads\/2024\/06\/20220724_110128.jpg?fit=1200%2C675&ssl=1&resize=350%2C200 1x, https:\/\/i0.wp.com\/noticiasribeiraopreto.com.br\/wp-content\/uploads\/2024\/06\/20220724_110128.jpg?fit=1200%2C675&ssl=1&resize=525%2C300 1.5x, https:\/\/i0.wp.com\/noticiasribeiraopreto.com.br\/wp-content\/uploads\/2024\/06\/20220724_110128.jpg?fit=1200%2C675&ssl=1&resize=700%2C400 2x, https:\/\/i0.wp.com\/noticiasribeiraopreto.com.br\/wp-content\/uploads\/2024\/06\/20220724_110128.jpg?fit=1200%2C675&ssl=1&resize=1050%2C600 3x"},"classes":[]},{"id":56927,"url":"https:\/\/noticiasribeiraopreto.com.br\/index.php\/2024\/08\/18\/onda-de-calor-comeca-neste-domingo-veja-previsao-para-ribeirao-preto\/","url_meta":{"origin":57711,"position":2},"title":"Onda de calor come\u00e7a neste domingo; Veja previs\u00e3o para Ribeir\u00e3o Preto","author":"noticiasribeiraopreto.com.br","date":"18 de August de 2024","format":false,"excerpt":"Uma nova onda de calor come\u00e7a a afetar o interior de S\u00e3o Paulo neste domingo (18), de acordo com a Climatempo. Em Ribeir\u00e3o Preto o dia ser\u00e1 de Sol o dia todo sem nuvens no c\u00e9u e noite de tempo aberto ainda sem nuvens. Conforme registro do Centro Integrado de\u2026","rel":"","context":"In &quot;Not\u00edcias de Ribeir\u00e3o Preto-SP e Regi\u00e3o&quot;","block_context":{"text":"Not\u00edcias de Ribeir\u00e3o Preto-SP e Regi\u00e3o","link":"https:\/\/noticiasribeiraopreto.com.br\/index.php\/category\/noticias-de-ribeirao-preto-sp-e-regiao-ismael-colosi\/"},"img":{"alt_text":"","src":"https:\/\/i0.wp.com\/noticiasribeiraopreto.com.br\/wp-content\/uploads\/2024\/08\/ceu_azul_1024x576_28082020185640.jpg?fit=1024%2C576&ssl=1&resize=350%2C200","width":350,"height":200,"srcset":"https:\/\/i0.wp.com\/noticiasribeiraopreto.com.br\/wp-content\/uploads\/2024\/08\/ceu_azul_1024x576_28082020185640.jpg?fit=1024%2C576&ssl=1&resize=350%2C200 1x, https:\/\/i0.wp.com\/noticiasribeiraopreto.com.br\/wp-content\/uploads\/2024\/08\/ceu_azul_1024x576_28082020185640.jpg?fit=1024%2C576&ssl=1&resize=525%2C300 1.5x, https:\/\/i0.wp.com\/noticiasribeiraopreto.com.br\/wp-content\/uploads\/2024\/08\/ceu_azul_1024x576_28082020185640.jpg?fit=1024%2C576&ssl=1&resize=700%2C400 2x"},"classes":[]},{"id":57148,"url":"https:\/\/noticiasribeiraopreto.com.br\/index.php\/2024\/08\/24\/inmet-alerta-para-perigo-potencial-de-queda-de-temperatura-no-estado-de-sp-veja-cidades\/","url_meta":{"origin":57711,"position":3},"title":"Inmet alerta para perigo potencial de queda de temperatura no estado de SP; Veja cidades","author":"noticiasribeiraopreto.com.br","date":"24 de August de 2024","format":false,"excerpt":"O Inmet (Instituto Nacional de Meteorologia) emitiu um alerta de perigo potencial para a decl\u00ednio de temperatura em parte do estado de S\u00e3o Paulo. O aviso tem in\u00edcio \u00e0s 10h deste s\u00e1bado (24) e segue at\u00e9 as 10h de domingo (25), e inclui algumas cidades da regi\u00e3o de Ribeir\u00e3o Preto.\u2026","rel":"","context":"In &quot;Not\u00edcias de Ribeir\u00e3o Preto-SP e Regi\u00e3o&quot;","block_context":{"text":"Not\u00edcias de Ribeir\u00e3o Preto-SP e Regi\u00e3o","link":"https:\/\/noticiasribeiraopreto.com.br\/index.php\/category\/noticias-de-ribeirao-preto-sp-e-regiao-ismael-colosi\/"},"img":{"alt_text":"","src":"https:\/\/i0.wp.com\/noticiasribeiraopreto.com.br\/wp-content\/uploads\/2024\/08\/WhatsApp-Image-2024-07-13-at-19.42.17_2024-07-13_22-42-51_jpeg_2024-07-13_22-42-51.webp.webp?fit=1200%2C553&ssl=1&resize=350%2C200","width":350,"height":200,"srcset":"https:\/\/i0.wp.com\/noticiasribeiraopreto.com.br\/wp-content\/uploads\/2024\/08\/WhatsApp-Image-2024-07-13-at-19.42.17_2024-07-13_22-42-51_jpeg_2024-07-13_22-42-51.webp.webp?fit=1200%2C553&ssl=1&resize=350%2C200 1x, https:\/\/i0.wp.com\/noticiasribeiraopreto.com.br\/wp-content\/uploads\/2024\/08\/WhatsApp-Image-2024-07-13-at-19.42.17_2024-07-13_22-42-51_jpeg_2024-07-13_22-42-51.webp.webp?fit=1200%2C553&ssl=1&resize=525%2C300 1.5x, https:\/\/i0.wp.com\/noticiasribeiraopreto.com.br\/wp-content\/uploads\/2024\/08\/WhatsApp-Image-2024-07-13-at-19.42.17_2024-07-13_22-42-51_jpeg_2024-07-13_22-42-51.webp.webp?fit=1200%2C553&ssl=1&resize=700%2C400 2x, https:\/\/i0.wp.com\/noticiasribeiraopreto.com.br\/wp-content\/uploads\/2024\/08\/WhatsApp-Image-2024-07-13-at-19.42.17_2024-07-13_22-42-51_jpeg_2024-07-13_22-42-51.webp.webp?fit=1200%2C553&ssl=1&resize=1050%2C600 3x"},"classes":[]},{"id":54525,"url":"https:\/\/noticiasribeiraopreto.com.br\/index.php\/2024\/07\/11\/inmet-emite-aviso-de-perigo-potencial-por-baixa-umidade-do-ar-para-cidades-do-interior-de-sp\/","url_meta":{"origin":57711,"position":4},"title":"Inmet emite aviso de perigo potencial por baixa umidade do ar para cidades do interior de SP","author":"noticiasribeiraopreto.com.br","date":"11 de July de 2024","format":false,"excerpt":"O Inmet (Instituto Nacional de Meteorologia) emitiu um novo aviso de perigo potencial por baixa umidade do ar para cidades do interior de S\u00e3o Paulo, entre elas, Ribeir\u00e3o Preto. O alerta \u00e9 v\u00e1lido das 11 \u00e0s 19h desta sexta-feira (12). Com o estado de aten\u00e7\u00e3o, por conta da umidade do\u2026","rel":"","context":"In &quot;Not\u00edcias de Ribeir\u00e3o Preto-SP e Regi\u00e3o&quot;","block_context":{"text":"Not\u00edcias de Ribeir\u00e3o Preto-SP e Regi\u00e3o","link":"https:\/\/noticiasribeiraopreto.com.br\/index.php\/category\/noticias-de-ribeirao-preto-sp-e-regiao-ismael-colosi\/"},"img":{"alt_text":"","src":"https:\/\/i0.wp.com\/noticiasribeiraopreto.com.br\/wp-content\/uploads\/2024\/07\/Copia-de-Copia-de-TAMANHO-EXATO-PARA-FOTOS-NO-SISTEMA-NOVO-6_2024-07-12_00-24-49_jpg_2024-07-12_00-24-49.webp.webp?fit=1200%2C675&ssl=1&resize=350%2C200","width":350,"height":200,"srcset":"https:\/\/i0.wp.com\/noticiasribeiraopreto.com.br\/wp-content\/uploads\/2024\/07\/Copia-de-Copia-de-TAMANHO-EXATO-PARA-FOTOS-NO-SISTEMA-NOVO-6_2024-07-12_00-24-49_jpg_2024-07-12_00-24-49.webp.webp?fit=1200%2C675&ssl=1&resize=350%2C200 1x, https:\/\/i0.wp.com\/noticiasribeiraopreto.com.br\/wp-content\/uploads\/2024\/07\/Copia-de-Copia-de-TAMANHO-EXATO-PARA-FOTOS-NO-SISTEMA-NOVO-6_2024-07-12_00-24-49_jpg_2024-07-12_00-24-49.webp.webp?fit=1200%2C675&ssl=1&resize=525%2C300 1.5x, https:\/\/i0.wp.com\/noticiasribeiraopreto.com.br\/wp-content\/uploads\/2024\/07\/Copia-de-Copia-de-TAMANHO-EXATO-PARA-FOTOS-NO-SISTEMA-NOVO-6_2024-07-12_00-24-49_jpg_2024-07-12_00-24-49.webp.webp?fit=1200%2C675&ssl=1&resize=700%2C400 2x, https:\/\/i0.wp.com\/noticiasribeiraopreto.com.br\/wp-content\/uploads\/2024\/07\/Copia-de-Copia-de-TAMANHO-EXATO-PARA-FOTOS-NO-SISTEMA-NOVO-6_2024-07-12_00-24-49_jpg_2024-07-12_00-24-49.webp.webp?fit=1200%2C675&ssl=1&resize=1050%2C600 3x"},"classes":[]},{"id":57151,"url":"https:\/\/noticiasribeiraopreto.com.br\/index.php\/2024\/08\/24\/inmet-alerta-para-perigo-potencial-no-estado-de-sp-veja-cidades-atingidas\/","url_meta":{"origin":57711,"position":5},"title":"Inmet alerta para perigo potencial no estado de SP; Veja cidades atingidas","author":"noticiasribeiraopreto.com.br","date":"24 de August de 2024","format":false,"excerpt":"O Inmet (Instituto Nacional de Meteorologia) emitiu um alerta de perigo potencial para a decl\u00ednio de temperatura em parte do estado de S\u00e3o Paulo. O aviso tem in\u00edcio \u00e0s 10h deste s\u00e1bado (24) e segue at\u00e9 as 10h de domingo (25), e inclui algumas cidades da regi\u00e3o de Ribeir\u00e3o Preto.\u2026","rel":"","context":"In &quot;Not\u00edcias de Ribeir\u00e3o Preto-SP e Regi\u00e3o&quot;","block_context":{"text":"Not\u00edcias de Ribeir\u00e3o Preto-SP e Regi\u00e3o","link":"https:\/\/noticiasribeiraopreto.com.br\/index.php\/category\/noticias-de-ribeirao-preto-sp-e-regiao-ismael-colosi\/"},"img":{"alt_text":"","src":"https:\/\/i0.wp.com\/noticiasribeiraopreto.com.br\/wp-content\/uploads\/2024\/08\/WhatsApp-Image-2024-07-13-at-19.42.17_2024-07-13_22-42-51_jpeg_2024-07-13_22-42-51.webp.webp?fit=1200%2C553&ssl=1&resize=350%2C200","width":350,"height":200,"srcset":"https:\/\/i0.wp.com\/noticiasribeiraopreto.com.br\/wp-content\/uploads\/2024\/08\/WhatsApp-Image-2024-07-13-at-19.42.17_2024-07-13_22-42-51_jpeg_2024-07-13_22-42-51.webp.webp?fit=1200%2C553&ssl=1&resize=350%2C200 1x, https:\/\/i0.wp.com\/noticiasribeiraopreto.com.br\/wp-content\/uploads\/2024\/08\/WhatsApp-Image-2024-07-13-at-19.42.17_2024-07-13_22-42-51_jpeg_2024-07-13_22-42-51.webp.webp?fit=1200%2C553&ssl=1&resize=525%2C300 1.5x, https:\/\/i0.wp.com\/noticiasribeiraopreto.com.br\/wp-content\/uploads\/2024\/08\/WhatsApp-Image-2024-07-13-at-19.42.17_2024-07-13_22-42-51_jpeg_2024-07-13_22-42-51.webp.webp?fit=1200%2C553&ssl=1&resize=700%2C400 2x, https:\/\/i0.wp.com\/noticiasribeiraopreto.com.br\/wp-content\/uploads\/2024\/08\/WhatsApp-Image-2024-07-13-at-19.42.17_2024-07-13_22-42-51_jpeg_2024-07-13_22-42-51.webp.webp?fit=1200%2C553&ssl=1&resize=1050%2C600 3x"},"classes":[]}],"jetpack_sharing_enabled":true,"jetpack_shortlink":"https:\/\/wp.me\/peQAOb-f0P","_links":{"self":[{"href":"https:\/\/noticiasribeiraopreto.com.br\/index.php\/wp-json\/wp\/v2\/posts\/57711","targetHints":{"allow":["GET"]}}],"collection":[{"href":"https:\/\/noticiasribeiraopreto.com.br\/index.php\/wp-json\/wp\/v2\/posts"}],"about":[{"href":"https:\/\/noticiasribeiraopreto.com.br\/index.php\/wp-json\/wp\/v2\/types\/post"}],"author":[{"embeddable":true,"href":"https:\/\/noticiasribeiraopreto.com.br\/index.php\/wp-json\/wp\/v2\/users\/1"}],"replies":[{"embeddable":true,"href":"https:\/\/noticiasribeiraopreto.com.br\/index.php\/wp-json\/wp\/v2\/comments?post=57711"}],"version-history":[{"count":0,"href":"https:\/\/noticiasribeiraopreto.com.br\/index.php\/wp-json\/wp\/v2\/posts\/57711\/revisions"}],"wp:featuredmedia":[{"embeddable":true,"href":"https:\/\/noticiasribeiraopreto.com.br\/index.php\/wp-json\/wp\/v2\/media\/57712"}],"wp:attachment":[{"href":"https:\/\/noticiasribeiraopreto.com.br\/index.php\/wp-json\/wp\/v2\/media?parent=57711"}],"wp:term":[{"taxonomy":"category","embeddable":true,"href":"https:\/\/noticiasribeiraopreto.com.br\/index.php\/wp-json\/wp\/v2\/categories?post=57711"},{"taxonomy":"post_tag","embeddable":true,"href":"https:\/\/noticiasribeiraopreto.com.br\/index.php\/wp-json\/wp\/v2\/tags?post=57711"}],"curies":[{"name":"wp","href":"https:\/\/api.w.org\/{rel}","templated":true}]}}