{"id":57714,"date":"2024-09-08T13:14:22","date_gmt":"2024-09-08T16:14:22","guid":{"rendered":"https:\/\/noticiasribeiraopreto.com.br\/index.php\/2024\/09\/08\/estado-de-sp-tem-seis-focos-de-incendio-neste-domingo-veja-regioes-afetadas\/"},"modified":"2024-09-08T13:14:22","modified_gmt":"2024-09-08T16:14:22","slug":"estado-de-sp-tem-seis-focos-de-incendio-neste-domingo-veja-regioes-afetadas","status":"publish","type":"post","link":"https:\/\/noticiasribeiraopreto.com.br\/index.php\/2024\/09\/08\/estado-de-sp-tem-seis-focos-de-incendio-neste-domingo-veja-regioes-afetadas\/","title":{"rendered":"Estado de SP tem\u00a0seis focos\u00a0de inc\u00eandio neste domingo; Veja regi\u00f5es afetadas"},"content":{"rendered":"<p> <br \/>\n<\/p>\n<div data-td-block-uid=\"tdi_106\">\n<div class=\"tdb-block-inner td-fix-index\">\n<p>A <strong>Defesa Civil<\/strong> informou que o <strong>Estado de S\u00e3o Paulo<\/strong> registrava ao menos <strong>seis focos de inc\u00eandio<\/strong> na manh\u00e3 deste domingo (8). <strong><mark style=\"background-color:#fcb900\" class=\"has-inline-color\">O alerta de emerg\u00eancia para inc\u00eandios foi prorrogado pelo \u00f3rg\u00e3o at\u00e9 ter\u00e7a-feira (10).<\/mark><\/strong><\/p>\n<p>Devido \u00e0s condi\u00e7\u00f5es clim\u00e1ticas que favorecem o risco de inc\u00eandios florestais, o <strong>Instituto Nacional de Meteorologia (Inmet)<\/strong> emitiu um alerta para parte do interior paulista.<\/p>\n<p>Em <strong>Pedregulho<\/strong>, cidade a cerca de 127 quil\u00f4metros de <strong>Ribeir\u00e3o Preto<\/strong>, moradores registraram um inc\u00eandio de grandes propor\u00e7\u00f5es na noite deste s\u00e1bado (7) \u2013 <strong><mark style=\"background-color:#fcb900\" class=\"has-inline-color\">veja o v\u00eddeo abaixo<\/mark><\/strong>. <\/p>\n<h3 class=\"wp-block-heading\"><strong>Onde est\u00e3o os focos de inc\u00eandio ativos neste domingo?<\/strong><\/h3>\n<ul>\n<li>Regi\u00e3o de Araraquara | Rinc\u00e3o<\/li>\n<\/ul>\n<ul>\n<li>Regi\u00e3o de Bauru | Dois C\u00f3rregos<\/li>\n<\/ul>\n<ul>\n<li>Regi\u00e3o de Ara\u00e7atuba | Santo Ant\u00f4nio do Ararangu\u00e1 e General Salgado<\/li>\n<\/ul>\n<ul>\n<li><strong>Regi\u00e3o de Franca | Pedregulho<\/strong><\/li>\n<\/ul>\n<ul>\n<li>Regi\u00e3o de Guarulhos | Mairipor\u00e3<\/li>\n<\/ul>\n<h3 class=\"wp-block-heading\"><strong>Qualidade do ar<\/strong><\/h3>\n<p>Segundo os \u00edndices da<strong> Companhia Ambiental do Estado de S\u00e3o Paulo (Cetesb)<\/strong>, neste domingo, <mark style=\"background-color:#fcb900\" class=\"has-inline-color\">a qualidade do ar varia entre moderada e ruim em diversas regi\u00f5es<\/mark>. Por conta desse cen\u00e1rio, \u00e9 recomendado:<\/p>\n<ul>\n<li>Evitar atividades f\u00edsicas ao ar livre<\/li>\n<\/ul>\n<ul>\n<li>Evitar exposi\u00e7\u00e3o ao sol nas horas mais quentes do dia<\/li>\n<\/ul>\n<ul>\n<li>Usar hidratante para pele e umidifique o ambiente<\/li>\n<\/ul>\n<p>Mais informa\u00e7\u00f5es podem ser obtidas junto \u00e0 <strong>Defesa Civil (telefone 199)<\/strong> e ao <strong>Corpo de Bombeiros (telefone 193)<\/strong>.<\/p>\n<figure class=\"wp-block-video\"><video controls=\"\" src=\"https:\/\/www.acidadeon.com\/ribeiraopreto\/wp-content\/uploads\/sites\/3\/2024\/09\/WhatsApp-Video-2024-09-08-at-11.34.52-1.mp4\"\/><figcaption class=\"wp-element-caption\"><em>Moradores de Pedregulho registram inc\u00eandio de grandes propor\u00e7\u00f5es na noite deste s\u00e1bado (7).<\/em><\/figcaption><\/figure>\n<hr class=\"wp-block-separator has-alpha-channel-opacity\"\/>\n<p>SAIBA MAIS<\/p>\n<p>Interior de SP tem novo alerta de perigo potencial; Veja previs\u00e3o para Ribeir\u00e3o<\/p>\n<h4 class=\"wp-block-heading\"><strong>FIQUE ON<\/strong><\/h4>\n<p>Fique ligado em tudo que acontece em Ribeir\u00e3o Preto e regi\u00e3o. Siga os perfis do\u00a0<strong>acidade on<\/strong>\u00a0no\u00a0<a href=\"https:\/\/www.instagram.com\/acidadeonribeirao\" target=\"_blank\" rel=\"noreferrer noopener\">Instagram\u00a0<\/a>e no\u00a0<a href=\"https:\/\/www.facebook.com\/acidadeonribeirao\/\" target=\"_blank\" rel=\"noreferrer noopener\">Facebook<\/a>.<\/p>\n<p>Receba not\u00edcias do\u00a0<strong>acidade on<\/strong>\u00a0no WhatsApp.\u00a0<a href=\"https:\/\/chat.whatsapp.com\/Dtv9mxhy6V5BJBotM2OQ5k\" target=\"_blank\" rel=\"noreferrer noopener\">Para entrar no grupo, basta clicar aqui.<\/a><\/p>\n<p>Fa\u00e7a uma den\u00fancia ou sugira uma reportagem sobre Ribeir\u00e3o Preto e regi\u00e3o pelo WhatsApp: 16 99117 7802.<\/p>\n<p>VEJA TAMB\u00c9M<\/p>\n<p>Qual \u00e9 o maior sucesso de Sergio Mendes?<\/p>\n<p><!-- CONTENT END 1 -->\n<\/div>\n<\/div>\n<p><script async src=\"\/\/www.instagram.com\/embed.js\"><\/script><br \/>\n<br \/><br \/>\n<br \/><a href=\"https:\/\/www.acidadeon.com\/ribeiraopreto\/cotidiano\/estado-de-sp-tem-seis-focos-de-incendio-neste-domingo-veja-regioes-afetadas\/\">Source link <\/a><\/p>\n","protected":false},"excerpt":{"rendered":"<p>A Defesa Civil informou que o Estado de S\u00e3o Paulo registrava ao menos seis focos de inc\u00eandio na manh\u00e3 deste domingo (8). O alerta de&#8230;<\/p>\n","protected":false},"author":1,"featured_media":57715,"comment_status":"open","ping_status":"open","sticky":false,"template":"","format":"standard","meta":{"advanced_seo_description":"","jetpack_seo_html_title":"","jetpack_seo_noindex":false,"jetpack_post_was_ever_published":false,"_jetpack_newsletter_access":"","_jetpack_dont_email_post_to_subs":false,"_jetpack_newsletter_tier_id":0,"_jetpack_memberships_contains_paywalled_content":false,"_jetpack_memberships_contains_paid_content":false,"footnotes":"","jetpack_publicize_message":"","jetpack_publicize_feature_enabled":true,"jetpack_social_post_already_shared":true,"jetpack_social_options":{"image_generator_settings":{"template":"highway","default_image_id":0,"font":"","enabled":false},"version":2}},"categories":[11],"tags":[],"class_list":["post-57714","post","type-post","status-publish","format-standard","has-post-thumbnail","hentry","category-noticias-de-ribeirao-preto-sp-e-regiao-ismael-colosi"],"jetpack_publicize_connections":[],"jetpack_featured_media_url":"https:\/\/i0.wp.com\/noticiasribeiraopreto.com.br\/wp-content\/uploads\/2024\/09\/Copia-de-Copia-de-Copia-de-TAMANHO-EXATO-PARA-FOTOS-NO-SISTEMA-NOVO-37_2024-09-08_15-43-28_png_2024-09-08_15-43-28.webp.webp?fit=1200%2C675&ssl=1","jetpack-related-posts":[{"id":57434,"url":"https:\/\/noticiasribeiraopreto.com.br\/index.php\/2024\/08\/31\/regiao-de-ribeirao-preto-esta-com-novos-focos-ativos-de-incendio\/","url_meta":{"origin":57714,"position":0},"title":"Regi\u00e3o de Ribeir\u00e3o Preto est\u00e1 com novos focos ativos de inc\u00eandio","author":"noticiasribeiraopreto.com.br","date":"31 de August de 2024","format":false,"excerpt":"A Defesa Civil do Estado de S\u00e3o Paulo informou que sete munic\u00edpios do interior paulista est\u00e3o com focos de inc\u00eandio ativos neste s\u00e1bado (31). Conforme o \u00f3rg\u00e3o, a maior parte dos focos est\u00e1 na regi\u00e3o de Ribeir\u00e3o Preto e Franca. Al\u00e9m disso, tamb\u00e9m h\u00e1 registros de inc\u00eandio na \u00e1rea de\u2026","rel":"","context":"In &quot;Not\u00edcias de Ribeir\u00e3o Preto-SP e Regi\u00e3o&quot;","block_context":{"text":"Not\u00edcias de Ribeir\u00e3o Preto-SP e Regi\u00e3o","link":"https:\/\/noticiasribeiraopreto.com.br\/index.php\/category\/noticias-de-ribeirao-preto-sp-e-regiao-ismael-colosi\/"},"img":{"alt_text":"","src":"https:\/\/i0.wp.com\/noticiasribeiraopreto.com.br\/wp-content\/uploads\/2024\/08\/Copia-de-Copia-de-Copia-de-TAMANHO-EXATO-PARA-FOTOS-NO-SISTEMA-NOVO-23_2024-08-31_21-14-53_png_2024-08-31_21-14-54.webp.webp?fit=1200%2C675&ssl=1&resize=350%2C200","width":350,"height":200,"srcset":"https:\/\/i0.wp.com\/noticiasribeiraopreto.com.br\/wp-content\/uploads\/2024\/08\/Copia-de-Copia-de-Copia-de-TAMANHO-EXATO-PARA-FOTOS-NO-SISTEMA-NOVO-23_2024-08-31_21-14-53_png_2024-08-31_21-14-54.webp.webp?fit=1200%2C675&ssl=1&resize=350%2C200 1x, https:\/\/i0.wp.com\/noticiasribeiraopreto.com.br\/wp-content\/uploads\/2024\/08\/Copia-de-Copia-de-Copia-de-TAMANHO-EXATO-PARA-FOTOS-NO-SISTEMA-NOVO-23_2024-08-31_21-14-53_png_2024-08-31_21-14-54.webp.webp?fit=1200%2C675&ssl=1&resize=525%2C300 1.5x, https:\/\/i0.wp.com\/noticiasribeiraopreto.com.br\/wp-content\/uploads\/2024\/08\/Copia-de-Copia-de-Copia-de-TAMANHO-EXATO-PARA-FOTOS-NO-SISTEMA-NOVO-23_2024-08-31_21-14-53_png_2024-08-31_21-14-54.webp.webp?fit=1200%2C675&ssl=1&resize=700%2C400 2x, https:\/\/i0.wp.com\/noticiasribeiraopreto.com.br\/wp-content\/uploads\/2024\/08\/Copia-de-Copia-de-Copia-de-TAMANHO-EXATO-PARA-FOTOS-NO-SISTEMA-NOVO-23_2024-08-31_21-14-53_png_2024-08-31_21-14-54.webp.webp?fit=1200%2C675&ssl=1&resize=1050%2C600 3x"},"classes":[]},{"id":57658,"url":"https:\/\/noticiasribeiraopreto.com.br\/index.php\/2024\/09\/06\/estado-de-sp-tem-nove-cidades-com-focos-de-incendio-nesta-sexta-veja-lista\/","url_meta":{"origin":57714,"position":1},"title":"Estado de SP tem\u00a0nove cidades com focos\u00a0 de inc\u00eandio nesta sexta; Veja lista","author":"noticiasribeiraopreto.com.br","date":"6 de September de 2024","format":false,"excerpt":"A Defesa Civil de S\u00e3o Paulo divulgou que nove cidades paulistas est\u00e3o com focos de inc\u00eandio nesta sexta-feira (6). Entre os munic\u00edpio, um pertecence \u00e0 regi\u00e3o de Ribeir\u00e3o Preto e dois est\u00e3o pr\u00f3ximos de Franca. Em todo o estado de S\u00e3o Paulo foram efetudas 13 pris\u00f5es de suspeitos de inc\u00eandios\u2026","rel":"","context":"In &quot;Not\u00edcias de Ribeir\u00e3o Preto-SP e Regi\u00e3o&quot;","block_context":{"text":"Not\u00edcias de Ribeir\u00e3o Preto-SP e Regi\u00e3o","link":"https:\/\/noticiasribeiraopreto.com.br\/index.php\/category\/noticias-de-ribeirao-preto-sp-e-regiao-ismael-colosi\/"},"img":{"alt_text":"","src":"https:\/\/i0.wp.com\/noticiasribeiraopreto.com.br\/wp-content\/uploads\/2024\/07\/Copia-de-Copia-de-TAMANHO-EXATO-PARA-FOTOS-NO-SISTEMA-NOVO-6_2024-07-12_00-24-49_jpg_2024-07-12_00-24-49.webp.webp?fit=1200%2C675&ssl=1&resize=350%2C200","width":350,"height":200,"srcset":"https:\/\/i0.wp.com\/noticiasribeiraopreto.com.br\/wp-content\/uploads\/2024\/07\/Copia-de-Copia-de-TAMANHO-EXATO-PARA-FOTOS-NO-SISTEMA-NOVO-6_2024-07-12_00-24-49_jpg_2024-07-12_00-24-49.webp.webp?fit=1200%2C675&ssl=1&resize=350%2C200 1x, https:\/\/i0.wp.com\/noticiasribeiraopreto.com.br\/wp-content\/uploads\/2024\/07\/Copia-de-Copia-de-TAMANHO-EXATO-PARA-FOTOS-NO-SISTEMA-NOVO-6_2024-07-12_00-24-49_jpg_2024-07-12_00-24-49.webp.webp?fit=1200%2C675&ssl=1&resize=525%2C300 1.5x, https:\/\/i0.wp.com\/noticiasribeiraopreto.com.br\/wp-content\/uploads\/2024\/07\/Copia-de-Copia-de-TAMANHO-EXATO-PARA-FOTOS-NO-SISTEMA-NOVO-6_2024-07-12_00-24-49_jpg_2024-07-12_00-24-49.webp.webp?fit=1200%2C675&ssl=1&resize=700%2C400 2x, https:\/\/i0.wp.com\/noticiasribeiraopreto.com.br\/wp-content\/uploads\/2024\/07\/Copia-de-Copia-de-TAMANHO-EXATO-PARA-FOTOS-NO-SISTEMA-NOVO-6_2024-07-12_00-24-49_jpg_2024-07-12_00-24-49.webp.webp?fit=1200%2C675&ssl=1&resize=1050%2C600 3x"},"classes":[]},{"id":78206,"url":"https:\/\/noticiasribeiraopreto.com.br\/index.php\/2025\/10\/04\/incendio-em-vegetacao-atinge-area-proxima-a-rodovia-em-ribeirao-preto\/","url_meta":{"origin":57714,"position":2},"title":"Inc\u00eandio em vegeta\u00e7\u00e3o atinge \u00e1rea pr\u00f3xima \u00e0 rodovia em Ribeir\u00e3o Preto","author":"noticiasribeiraopreto.com.br","date":"4 de October de 2025","format":false,"excerpt":"Um inc\u00eandio atingiu uma \u00e1rea de vegeta\u00e7\u00e3o pr\u00f3xima \u00e0 rodovia Abr\u00e3o Assed (SP-333), em Ribeir\u00e3o Preto, na tarde deste s\u00e1bado (4). De acordo com o Corpo de Bombeiros, o inc\u00eandio teve in\u00edcio por volta das 12h30. Equipes da corpora\u00e7\u00e3o e de usinas da regi\u00e3o trabalham no combate \u00e0s chamas. Nas\u2026","rel":"","context":"In &quot;Not\u00edcias de Ribeir\u00e3o Preto-SP e Regi\u00e3o&quot;","block_context":{"text":"Not\u00edcias de Ribeir\u00e3o Preto-SP e Regi\u00e3o","link":"https:\/\/noticiasribeiraopreto.com.br\/index.php\/category\/noticias-de-ribeirao-preto-sp-e-regiao-ismael-colosi\/"},"img":{"alt_text":"","src":"https:\/\/i0.wp.com\/noticiasribeiraopreto.com.br\/wp-content\/uploads\/2025\/10\/Copia-de-Copia-de-Copia-de-TAMANHO-EXATO-PARA-FOTOS-NO-SISTEMA-NOVO-2025-10-04T133617.479_2025-10-04_16-36-24.webp.webp?fit=1200%2C675&ssl=1&resize=350%2C200","width":350,"height":200,"srcset":"https:\/\/i0.wp.com\/noticiasribeiraopreto.com.br\/wp-content\/uploads\/2025\/10\/Copia-de-Copia-de-Copia-de-TAMANHO-EXATO-PARA-FOTOS-NO-SISTEMA-NOVO-2025-10-04T133617.479_2025-10-04_16-36-24.webp.webp?fit=1200%2C675&ssl=1&resize=350%2C200 1x, https:\/\/i0.wp.com\/noticiasribeiraopreto.com.br\/wp-content\/uploads\/2025\/10\/Copia-de-Copia-de-Copia-de-TAMANHO-EXATO-PARA-FOTOS-NO-SISTEMA-NOVO-2025-10-04T133617.479_2025-10-04_16-36-24.webp.webp?fit=1200%2C675&ssl=1&resize=525%2C300 1.5x, https:\/\/i0.wp.com\/noticiasribeiraopreto.com.br\/wp-content\/uploads\/2025\/10\/Copia-de-Copia-de-Copia-de-TAMANHO-EXATO-PARA-FOTOS-NO-SISTEMA-NOVO-2025-10-04T133617.479_2025-10-04_16-36-24.webp.webp?fit=1200%2C675&ssl=1&resize=700%2C400 2x, https:\/\/i0.wp.com\/noticiasribeiraopreto.com.br\/wp-content\/uploads\/2025\/10\/Copia-de-Copia-de-Copia-de-TAMANHO-EXATO-PARA-FOTOS-NO-SISTEMA-NOVO-2025-10-04T133617.479_2025-10-04_16-36-24.webp.webp?fit=1200%2C675&ssl=1&resize=1050%2C600 3x"},"classes":[]},{"id":77232,"url":"https:\/\/noticiasribeiraopreto.com.br\/index.php\/2025\/09\/14\/incendio-em-area-de-preservacao-e-extinto-na-regiao-de-ribeirao-preto-video\/","url_meta":{"origin":57714,"position":3},"title":"Inc\u00eandio em \u00e1rea de preserva\u00e7\u00e3o \u00e9 extinto na regi\u00e3o de Ribeir\u00e3o Preto; V\u00eddeo","author":"noticiasribeiraopreto.com.br","date":"14 de September de 2025","format":false,"excerpt":"*Not\u00edcia atualizada \u00e0s 14h50 de 14 de setembro de 2025.A Defesa Civil de S\u00e3o Paulo informou que neste domingo (14) seguem as ocorr\u00eancias de inc\u00eandio em vegeta\u00e7\u00e3o no estado. Mas, as chamas em uma APP (\u00c1rea de Preserva\u00e7\u00e3o Permanente) de Cajuru, na regi\u00e3o de Ribeir\u00e3o Preto, foram extintas por volta\u2026","rel":"","context":"In &quot;Not\u00edcias de Ribeir\u00e3o Preto-SP e Regi\u00e3o&quot;","block_context":{"text":"Not\u00edcias de Ribeir\u00e3o Preto-SP e Regi\u00e3o","link":"https:\/\/noticiasribeiraopreto.com.br\/index.php\/category\/noticias-de-ribeirao-preto-sp-e-regiao-ismael-colosi\/"},"img":{"alt_text":"","src":"https:\/\/i0.wp.com\/noticiasribeiraopreto.com.br\/wp-content\/uploads\/2025\/09\/app-cajuru_2025-09-14_16-57-56.webp.webp?fit=1200%2C774&ssl=1&resize=350%2C200","width":350,"height":200,"srcset":"https:\/\/i0.wp.com\/noticiasribeiraopreto.com.br\/wp-content\/uploads\/2025\/09\/app-cajuru_2025-09-14_16-57-56.webp.webp?fit=1200%2C774&ssl=1&resize=350%2C200 1x, https:\/\/i0.wp.com\/noticiasribeiraopreto.com.br\/wp-content\/uploads\/2025\/09\/app-cajuru_2025-09-14_16-57-56.webp.webp?fit=1200%2C774&ssl=1&resize=525%2C300 1.5x, https:\/\/i0.wp.com\/noticiasribeiraopreto.com.br\/wp-content\/uploads\/2025\/09\/app-cajuru_2025-09-14_16-57-56.webp.webp?fit=1200%2C774&ssl=1&resize=700%2C400 2x, https:\/\/i0.wp.com\/noticiasribeiraopreto.com.br\/wp-content\/uploads\/2025\/09\/app-cajuru_2025-09-14_16-57-56.webp.webp?fit=1200%2C774&ssl=1&resize=1050%2C600 3x"},"classes":[]},{"id":57225,"url":"https:\/\/noticiasribeiraopreto.com.br\/index.php\/2024\/08\/26\/veja-se-as-condicoes-do-tempo-ajudam-a-evitar-novos-incendios-no-interior-de-sp\/","url_meta":{"origin":57714,"position":4},"title":"Veja se as condi\u00e7\u00f5es do tempo ajudam a evitar novos inc\u00eandios no interior de SP","author":"noticiasribeiraopreto.com.br","date":"26 de August de 2024","format":false,"excerpt":"O sol retornou a partir desta segunda-feira (26), ap\u00f3s a chuva neste domingo (25), e deve prodominar entre nuvens na maior parte do estado de S\u00e3o Paulo. Segundo a Defesa Civil, o aumento gradual da temperatura e a baixa umidade criam um cen\u00e1rio elevado para risco de inc\u00eandios florestais, especialmente\u2026","rel":"","context":"In &quot;Not\u00edcias de Ribeir\u00e3o Preto-SP e Regi\u00e3o&quot;","block_context":{"text":"Not\u00edcias de Ribeir\u00e3o Preto-SP e Regi\u00e3o","link":"https:\/\/noticiasribeiraopreto.com.br\/index.php\/category\/noticias-de-ribeirao-preto-sp-e-regiao-ismael-colosi\/"},"img":{"alt_text":"","src":"https:\/\/i0.wp.com\/noticiasribeiraopreto.com.br\/wp-content\/uploads\/2024\/08\/INCENDIO_2024-08-23_18-57-32_jpg_2024-08-23_18-57-32.webp.webp?fit=1200%2C784&ssl=1&resize=350%2C200","width":350,"height":200,"srcset":"https:\/\/i0.wp.com\/noticiasribeiraopreto.com.br\/wp-content\/uploads\/2024\/08\/INCENDIO_2024-08-23_18-57-32_jpg_2024-08-23_18-57-32.webp.webp?fit=1200%2C784&ssl=1&resize=350%2C200 1x, https:\/\/i0.wp.com\/noticiasribeiraopreto.com.br\/wp-content\/uploads\/2024\/08\/INCENDIO_2024-08-23_18-57-32_jpg_2024-08-23_18-57-32.webp.webp?fit=1200%2C784&ssl=1&resize=525%2C300 1.5x, https:\/\/i0.wp.com\/noticiasribeiraopreto.com.br\/wp-content\/uploads\/2024\/08\/INCENDIO_2024-08-23_18-57-32_jpg_2024-08-23_18-57-32.webp.webp?fit=1200%2C784&ssl=1&resize=700%2C400 2x, https:\/\/i0.wp.com\/noticiasribeiraopreto.com.br\/wp-content\/uploads\/2024\/08\/INCENDIO_2024-08-23_18-57-32_jpg_2024-08-23_18-57-32.webp.webp?fit=1200%2C784&ssl=1&resize=1050%2C600 3x"},"classes":[]},{"id":76194,"url":"https:\/\/noticiasribeiraopreto.com.br\/index.php\/2025\/08\/24\/um-ano-apos-incendios-no-interior-de-sp-veja-medidas-de-protecao-e-fiscalizacao-para-2025\/","url_meta":{"origin":57714,"position":5},"title":"Um ano ap\u00f3s inc\u00eandios no interior de SP: veja medidas de prote\u00e7\u00e3o e fiscaliza\u00e7\u00e3o para 2025","author":"noticiasribeiraopreto.com.br","date":"24 de August de 2025","format":false,"excerpt":"H\u00e1 um ano, o interior paulista enfrentava um per\u00edodo de grandes inc\u00eandios, com recorde de focos e muitos preju\u00edzos ambientais. A regi\u00e3o de Ribeir\u00e3o Preto foi altamente afetada pelas chamas. Segundo o Inpe (Instituto Nacional de Pesquisas Espaciais), entre os dias 22 e 23 de agosto de 2024 foram registrados\u2026","rel":"","context":"In &quot;Not\u00edcias de Ribeir\u00e3o Preto-SP e Regi\u00e3o&quot;","block_context":{"text":"Not\u00edcias de Ribeir\u00e3o Preto-SP e Regi\u00e3o","link":"https:\/\/noticiasribeiraopreto.com.br\/index.php\/category\/noticias-de-ribeirao-preto-sp-e-regiao-ismael-colosi\/"},"img":{"alt_text":"","src":"https:\/\/i0.wp.com\/noticiasribeiraopreto.com.br\/wp-content\/uploads\/2025\/08\/a.ok_.monitoraincendios_2025-08-24_12-57-49.webp.webp?fit=1200%2C799&ssl=1&resize=350%2C200","width":350,"height":200,"srcset":"https:\/\/i0.wp.com\/noticiasribeiraopreto.com.br\/wp-content\/uploads\/2025\/08\/a.ok_.monitoraincendios_2025-08-24_12-57-49.webp.webp?fit=1200%2C799&ssl=1&resize=350%2C200 1x, https:\/\/i0.wp.com\/noticiasribeiraopreto.com.br\/wp-content\/uploads\/2025\/08\/a.ok_.monitoraincendios_2025-08-24_12-57-49.webp.webp?fit=1200%2C799&ssl=1&resize=525%2C300 1.5x, https:\/\/i0.wp.com\/noticiasribeiraopreto.com.br\/wp-content\/uploads\/2025\/08\/a.ok_.monitoraincendios_2025-08-24_12-57-49.webp.webp?fit=1200%2C799&ssl=1&resize=700%2C400 2x, https:\/\/i0.wp.com\/noticiasribeiraopreto.com.br\/wp-content\/uploads\/2025\/08\/a.ok_.monitoraincendios_2025-08-24_12-57-49.webp.webp?fit=1200%2C799&ssl=1&resize=1050%2C600 3x"},"classes":[]}],"jetpack_sharing_enabled":true,"jetpack_shortlink":"https:\/\/wp.me\/peQAOb-f0S","_links":{"self":[{"href":"https:\/\/noticiasribeiraopreto.com.br\/index.php\/wp-json\/wp\/v2\/posts\/57714","targetHints":{"allow":["GET"]}}],"collection":[{"href":"https:\/\/noticiasribeiraopreto.com.br\/index.php\/wp-json\/wp\/v2\/posts"}],"about":[{"href":"https:\/\/noticiasribeiraopreto.com.br\/index.php\/wp-json\/wp\/v2\/types\/post"}],"author":[{"embeddable":true,"href":"https:\/\/noticiasribeiraopreto.com.br\/index.php\/wp-json\/wp\/v2\/users\/1"}],"replies":[{"embeddable":true,"href":"https:\/\/noticiasribeiraopreto.com.br\/index.php\/wp-json\/wp\/v2\/comments?post=57714"}],"version-history":[{"count":0,"href":"https:\/\/noticiasribeiraopreto.com.br\/index.php\/wp-json\/wp\/v2\/posts\/57714\/revisions"}],"wp:featuredmedia":[{"embeddable":true,"href":"https:\/\/noticiasribeiraopreto.com.br\/index.php\/wp-json\/wp\/v2\/media\/57715"}],"wp:attachment":[{"href":"https:\/\/noticiasribeiraopreto.com.br\/index.php\/wp-json\/wp\/v2\/media?parent=57714"}],"wp:term":[{"taxonomy":"category","embeddable":true,"href":"https:\/\/noticiasribeiraopreto.com.br\/index.php\/wp-json\/wp\/v2\/categories?post=57714"},{"taxonomy":"post_tag","embeddable":true,"href":"https:\/\/noticiasribeiraopreto.com.br\/index.php\/wp-json\/wp\/v2\/tags?post=57714"}],"curies":[{"name":"wp","href":"https:\/\/api.w.org\/{rel}","templated":true}]}}