{"id":57716,"date":"2024-09-08T15:22:36","date_gmt":"2024-09-08T18:22:36","guid":{"rendered":"https:\/\/noticiasribeiraopreto.com.br\/index.php\/2024\/09\/08\/criminosos-armados-rendem-funcionarios-e-roubam-carga-de-transportadora-em-ribeirao\/"},"modified":"2024-09-08T15:22:36","modified_gmt":"2024-09-08T18:22:36","slug":"criminosos-armados-rendem-funcionarios-e-roubam-carga-de-transportadora-em-ribeirao","status":"publish","type":"post","link":"https:\/\/noticiasribeiraopreto.com.br\/index.php\/2024\/09\/08\/criminosos-armados-rendem-funcionarios-e-roubam-carga-de-transportadora-em-ribeirao\/","title":{"rendered":"Criminosos armados rendem funcion\u00e1rios e roubam carga de transportadora em Ribeir\u00e3o"},"content":{"rendered":"<p> <br \/>\n<\/p>\n<div data-td-block-uid=\"tdi_106\">\n<div class=\"tdb-block-inner td-fix-index\">\n<p><strong>Criminosos invadiram<\/strong>, <strong>renderam tr\u00eas funcion\u00e1rios <\/strong>e <strong>roubaram a carga de uma transportadora<\/strong> na zona Leste de <strong>Ribeir\u00e3o Preto<\/strong>, na \u00faltima sexta-feira (8). Ao menos <strong>cinco pessoas<\/strong> participaram da a\u00e7\u00e3o.<\/p>\n<p>Conforme o <strong>boletim de ocorr\u00eancia (BO)<\/strong>, um dos criminosos teria entrado no local e perguntando sobre <strong>agrega\u00e7\u00e3o de ve\u00edculos<\/strong>. Na sequ\u00eancia, outros <strong>dois homens armados<\/strong> teriam aparecido e rendido \u00e0s v\u00edtimas.<\/p>\n<p><mark style=\"background-color:#fcb900\" class=\"has-inline-color\">Elas tiveram <strong>pernas e m\u00e3os amarradas com fita adesiva<\/strong> e <strong>foram amea\u00e7adas<\/strong>, conforme o registro.<\/mark> Ap\u00f3s terem rendido os funcion\u00e1rios, <strong>outros dois criminosos entraram na transportadora com uma van e fizeram a transfer\u00eancia da carga.<\/strong><\/p>\n<p>A a\u00e7\u00e3o durou cerca de meia hora e os assaltantes roubaram <strong>umidificadores de ar<\/strong> e <strong>garrafas de licor e u\u00edsque.<\/strong> Os produtos sairiam para a entrega no per\u00edodo da tarde.<\/p>\n<p>Ap\u00f3s a a\u00e7\u00e3o, os criminosos fugiram do local. Um dos funcion\u00e1rios conseguiu se soltar, saiu pela janela do banheiro, abriu a porta para os demais e acionou a<strong> Pol\u00edcia Militar (PM)<\/strong>.<\/p>\n<p>O caso foi registrado como <strong>roubo em estabelecimento comercial<\/strong> pela <strong>Central de Pol\u00edcia Judici\u00e1ria (CPJ)<\/strong> de <strong>Ribeir\u00e3o Preto<\/strong>.<\/p>\n<hr class=\"wp-block-separator has-alpha-channel-opacity\"\/>\n<p>SAIBA MAIS<\/p>\n<p>Estado de SP tem\u00a0seis focos\u00a0de inc\u00eandio neste domingo; Veja regi\u00f5es afetadas<\/p>\n<h4 class=\"wp-block-heading\"><strong>FIQUE ON<\/strong><\/h4>\n<p>Fique ligado em tudo que acontece em Ribeir\u00e3o Preto e regi\u00e3o. Siga os perfis do\u00a0<strong>acidade on<\/strong>\u00a0no\u00a0<a href=\"https:\/\/www.instagram.com\/acidadeonribeirao\" target=\"_blank\" rel=\"noreferrer noopener\">Instagram\u00a0<\/a>e no\u00a0<a href=\"https:\/\/www.facebook.com\/acidadeonribeirao\/\" target=\"_blank\" rel=\"noreferrer noopener\">Facebook<\/a>.<\/p>\n<p>Receba not\u00edcias do\u00a0<strong>acidade on<\/strong>\u00a0no WhatsApp.\u00a0<a href=\"https:\/\/chat.whatsapp.com\/Dtv9mxhy6V5BJBotM2OQ5k\" target=\"_blank\" rel=\"noreferrer noopener\">Para entrar no grupo, basta clicar aqui.<\/a><\/p>\n<p>Fa\u00e7a uma den\u00fancia ou sugira uma reportagem sobre Ribeir\u00e3o Preto e regi\u00e3o pelo WhatsApp: 16 99117 7802.<\/p>\n<p>VEJA TAMB\u00c9M<\/p>\n<p>Qual o verdadeiro nome de Michael Keaton?<\/p>\n<p><!-- CONTENT END 1 -->\n<\/div>\n<\/div>\n<p><script async src=\"\/\/www.instagram.com\/embed.js\"><\/script><br \/>\n<br \/><br \/>\n<br \/><a href=\"https:\/\/www.acidadeon.com\/ribeiraopreto\/cotidiano\/criminosos-armados-rendem-funcionarios-e-roubam-carga-de-transportadora-em-ribeirao\/\">Source link <\/a><\/p>\n","protected":false},"excerpt":{"rendered":"<p>Criminosos invadiram, renderam tr\u00eas funcion\u00e1rios e roubaram a carga de uma transportadora na zona Leste de Ribeir\u00e3o Preto, na \u00faltima sexta-feira (8). Ao menos cinco&#8230;<\/p>\n","protected":false},"author":1,"featured_media":57717,"comment_status":"open","ping_status":"open","sticky":false,"template":"","format":"standard","meta":{"advanced_seo_description":"","jetpack_seo_html_title":"","jetpack_seo_noindex":false,"jetpack_post_was_ever_published":false,"_jetpack_newsletter_access":"","_jetpack_dont_email_post_to_subs":false,"_jetpack_newsletter_tier_id":0,"_jetpack_memberships_contains_paywalled_content":false,"_jetpack_memberships_contains_paid_content":false,"footnotes":"","jetpack_publicize_message":"","jetpack_publicize_feature_enabled":true,"jetpack_social_post_already_shared":true,"jetpack_social_options":{"image_generator_settings":{"template":"highway","default_image_id":0,"font":"","enabled":false},"version":2}},"categories":[11],"tags":[],"class_list":["post-57716","post","type-post","status-publish","format-standard","has-post-thumbnail","hentry","category-noticias-de-ribeirao-preto-sp-e-regiao-ismael-colosi"],"jetpack_publicize_connections":[],"jetpack_featured_media_url":"https:\/\/i0.wp.com\/noticiasribeiraopreto.com.br\/wp-content\/uploads\/2024\/09\/cpj_1024x576_04082020121137.jpg?fit=1024%2C575&ssl=1","jetpack-related-posts":[{"id":72006,"url":"https:\/\/noticiasribeiraopreto.com.br\/index.php\/2025\/06\/12\/assaltantes-roubam-carga-de-veiculo-de-entrega-na-zona-leste-de-ribeirao-preto\/","url_meta":{"origin":57716,"position":0},"title":"Assaltantes roubam carga de ve\u00edculo de entrega na zona Leste de Ribeir\u00e3o Preto","author":"noticiasribeiraopreto.com.br","date":"12 de June de 2025","format":false,"excerpt":"Tr\u00eas criminosos roubaram parte da carga de uma van de entrega de mercadorias adquiridas em uma plataforma digital, no in\u00edcio da tarde desta quarta-feira (11), na zona Leste de Ribeir\u00e3o Preto. Segundo o boletim de ocorr\u00eancia (BO), o entregador disse que foi rendido ao parar para almo\u00e7ar na rua Pedro\u2026","rel":"","context":"In &quot;Not\u00edcias de Ribeir\u00e3o Preto-SP e Regi\u00e3o&quot;","block_context":{"text":"Not\u00edcias de Ribeir\u00e3o Preto-SP e Regi\u00e3o","link":"https:\/\/noticiasribeiraopreto.com.br\/index.php\/category\/noticias-de-ribeirao-preto-sp-e-regiao-ismael-colosi\/"},"img":{"alt_text":"","src":"https:\/\/i0.wp.com\/noticiasribeiraopreto.com.br\/wp-content\/uploads\/2025\/06\/giroflex_policia_1024x576_23032020103807.jpg?fit=1024%2C576&ssl=1&resize=350%2C200","width":350,"height":200,"srcset":"https:\/\/i0.wp.com\/noticiasribeiraopreto.com.br\/wp-content\/uploads\/2025\/06\/giroflex_policia_1024x576_23032020103807.jpg?fit=1024%2C576&ssl=1&resize=350%2C200 1x, https:\/\/i0.wp.com\/noticiasribeiraopreto.com.br\/wp-content\/uploads\/2025\/06\/giroflex_policia_1024x576_23032020103807.jpg?fit=1024%2C576&ssl=1&resize=525%2C300 1.5x, https:\/\/i0.wp.com\/noticiasribeiraopreto.com.br\/wp-content\/uploads\/2025\/06\/giroflex_policia_1024x576_23032020103807.jpg?fit=1024%2C576&ssl=1&resize=700%2C400 2x"},"classes":[]},{"id":45608,"url":"https:\/\/noticiasribeiraopreto.com.br\/index.php\/2024\/04\/05\/motorista-de-caminhao-fica-seis-horas-refem-na-regiao\/","url_meta":{"origin":57716,"position":1},"title":"Motorista de caminh\u00e3o fica seis horas ref\u00e9m na regi\u00e3o","author":"noticiasribeiraopreto.com.br","date":"5 de April de 2024","format":false,"excerpt":"5 de abril de 2024 | 10:25 0 O motorista de uma caminh\u00e3o ficou 6 horas ref\u00e9m de criminosos, na madrugada desta sexta-feira (5),\u00a0 em Prad\u00f3polis. Os ladr\u00f5es roubaram um carregamento de 47 toneladas de soja, avaliado em R$ 85 mil. A v\u00edtima n\u00e3o sofreu ferimentos. Segundo o\u00a0boletim de ocorr\u00eancia\u2026","rel":"","context":"In &quot;Not\u00edcias de Ribeir\u00e3o Preto-SP e Regi\u00e3o&quot;","block_context":{"text":"Not\u00edcias de Ribeir\u00e3o Preto-SP e Regi\u00e3o","link":"https:\/\/noticiasribeiraopreto.com.br\/index.php\/category\/noticias-de-ribeirao-preto-sp-e-regiao-ismael-colosi\/"},"img":{"alt_text":"","src":"https:\/\/i0.wp.com\/noticiasribeiraopreto.com.br\/wp-content\/uploads\/2024\/04\/e8f9e2c5-1b83-4efc-bea5-454be1130994.jpg?fit=1170%2C700&ssl=1&resize=350%2C200","width":350,"height":200,"srcset":"https:\/\/i0.wp.com\/noticiasribeiraopreto.com.br\/wp-content\/uploads\/2024\/04\/e8f9e2c5-1b83-4efc-bea5-454be1130994.jpg?fit=1170%2C700&ssl=1&resize=350%2C200 1x, https:\/\/i0.wp.com\/noticiasribeiraopreto.com.br\/wp-content\/uploads\/2024\/04\/e8f9e2c5-1b83-4efc-bea5-454be1130994.jpg?fit=1170%2C700&ssl=1&resize=525%2C300 1.5x, https:\/\/i0.wp.com\/noticiasribeiraopreto.com.br\/wp-content\/uploads\/2024\/04\/e8f9e2c5-1b83-4efc-bea5-454be1130994.jpg?fit=1170%2C700&ssl=1&resize=700%2C400 2x, https:\/\/i0.wp.com\/noticiasribeiraopreto.com.br\/wp-content\/uploads\/2024\/04\/e8f9e2c5-1b83-4efc-bea5-454be1130994.jpg?fit=1170%2C700&ssl=1&resize=1050%2C600 3x"},"classes":[]},{"id":77422,"url":"https:\/\/noticiasribeiraopreto.com.br\/index.php\/2025\/09\/18\/casal-e-rendido-por-assaltante-armado-em-chacara-na-zona-norte-de-ribeirao-preto\/","url_meta":{"origin":57716,"position":2},"title":"Casal \u00e9 rendido por assaltante armado em ch\u00e1cara na zona Norte de Ribeir\u00e3o Preto","author":"noticiasribeiraopreto.com.br","date":"18 de September de 2025","format":false,"excerpt":"Um casal foi rendido por um assaltante armado na noite desta quarta-feira (17), em uma ch\u00e1cara no Parque Industrial Tanquinho, zona Norte de Ribeir\u00e3o Preto. Segundo o boletim\u00a0de ocorr\u00eancia (BO), o criminoso pulou um muro nos fundos da propriedade, que fica na rua Romano Cor\u00f3. O morador, de 25 anos,\u2026","rel":"","context":"In &quot;Not\u00edcias de Ribeir\u00e3o Preto-SP e Regi\u00e3o&quot;","block_context":{"text":"Not\u00edcias de Ribeir\u00e3o Preto-SP e Regi\u00e3o","link":"https:\/\/noticiasribeiraopreto.com.br\/index.php\/category\/noticias-de-ribeirao-preto-sp-e-regiao-ismael-colosi\/"},"img":{"alt_text":"","src":"https:\/\/i0.wp.com\/noticiasribeiraopreto.com.br\/wp-content\/uploads\/2025\/09\/LUZ-POLICIA_2025-09-18_12-53-42.webp.webp?fit=1200%2C672&ssl=1&resize=350%2C200","width":350,"height":200,"srcset":"https:\/\/i0.wp.com\/noticiasribeiraopreto.com.br\/wp-content\/uploads\/2025\/09\/LUZ-POLICIA_2025-09-18_12-53-42.webp.webp?fit=1200%2C672&ssl=1&resize=350%2C200 1x, https:\/\/i0.wp.com\/noticiasribeiraopreto.com.br\/wp-content\/uploads\/2025\/09\/LUZ-POLICIA_2025-09-18_12-53-42.webp.webp?fit=1200%2C672&ssl=1&resize=525%2C300 1.5x, https:\/\/i0.wp.com\/noticiasribeiraopreto.com.br\/wp-content\/uploads\/2025\/09\/LUZ-POLICIA_2025-09-18_12-53-42.webp.webp?fit=1200%2C672&ssl=1&resize=700%2C400 2x, https:\/\/i0.wp.com\/noticiasribeiraopreto.com.br\/wp-content\/uploads\/2025\/09\/LUZ-POLICIA_2025-09-18_12-53-42.webp.webp?fit=1200%2C672&ssl=1&resize=1050%2C600 3x"},"classes":[]},{"id":73631,"url":"https:\/\/noticiasribeiraopreto.com.br\/index.php\/2025\/07\/06\/criminosos-invadem-residencia-na-regiao-de-ribeirao-e-roubam-joias-e-dinheiro-video\/","url_meta":{"origin":57716,"position":3},"title":"Criminosos invadem resid\u00eancia na regi\u00e3o de Ribeir\u00e3o e roubam joias e dinheiro; V\u00eddeo","author":"noticiasribeiraopreto.com.br","date":"6 de July de 2025","format":false,"excerpt":"Quatro homens armados invadiram uma casa em Jardin\u00f3polis, na regi\u00e3o de Ribeir\u00e3o Preto, e roubaram joias e dinheiro na manh\u00e3 deste domingo (6). O crime foi registrado por c\u00e2meras de seguran\u00e7a \u2013 veja abaixo. De acordo com as informa\u00e7\u00f5es iniciais, apuradas pela equipe de produ\u00e7\u00e3o da EPTV, os criminosos teriam\u2026","rel":"","context":"In &quot;Not\u00edcias de Ribeir\u00e3o Preto-SP e Regi\u00e3o&quot;","block_context":{"text":"Not\u00edcias de Ribeir\u00e3o Preto-SP e Regi\u00e3o","link":"https:\/\/noticiasribeiraopreto.com.br\/index.php\/category\/noticias-de-ribeirao-preto-sp-e-regiao-ismael-colosi\/"},"img":{"alt_text":"","src":"https:\/\/i0.wp.com\/noticiasribeiraopreto.com.br\/wp-content\/uploads\/2025\/07\/Copia-de-Copia-de-Copia-de-TAMANHO-EXATO-PARA-FOTOS-NO-SISTEMA-NOVO-2025-07-06T135403.963_2025-07-06_16-54-10.webp.webp?fit=1200%2C675&ssl=1&resize=350%2C200","width":350,"height":200,"srcset":"https:\/\/i0.wp.com\/noticiasribeiraopreto.com.br\/wp-content\/uploads\/2025\/07\/Copia-de-Copia-de-Copia-de-TAMANHO-EXATO-PARA-FOTOS-NO-SISTEMA-NOVO-2025-07-06T135403.963_2025-07-06_16-54-10.webp.webp?fit=1200%2C675&ssl=1&resize=350%2C200 1x, https:\/\/i0.wp.com\/noticiasribeiraopreto.com.br\/wp-content\/uploads\/2025\/07\/Copia-de-Copia-de-Copia-de-TAMANHO-EXATO-PARA-FOTOS-NO-SISTEMA-NOVO-2025-07-06T135403.963_2025-07-06_16-54-10.webp.webp?fit=1200%2C675&ssl=1&resize=525%2C300 1.5x, https:\/\/i0.wp.com\/noticiasribeiraopreto.com.br\/wp-content\/uploads\/2025\/07\/Copia-de-Copia-de-Copia-de-TAMANHO-EXATO-PARA-FOTOS-NO-SISTEMA-NOVO-2025-07-06T135403.963_2025-07-06_16-54-10.webp.webp?fit=1200%2C675&ssl=1&resize=700%2C400 2x, https:\/\/i0.wp.com\/noticiasribeiraopreto.com.br\/wp-content\/uploads\/2025\/07\/Copia-de-Copia-de-Copia-de-TAMANHO-EXATO-PARA-FOTOS-NO-SISTEMA-NOVO-2025-07-06T135403.963_2025-07-06_16-54-10.webp.webp?fit=1200%2C675&ssl=1&resize=1050%2C600 3x"},"classes":[]},{"id":81428,"url":"https:\/\/noticiasribeiraopreto.com.br\/index.php\/2026\/01\/06\/gcm-recupera-carga-avaliada-em-r-200-mil-apos-roubo-e-sequestro-em-fazenda\/","url_meta":{"origin":57716,"position":4},"title":"GCM recupera carga avaliada em R$ 200 mil ap\u00f3s roubo e sequestro em fazenda","author":"noticiasribeiraopreto.com.br","date":"6 de January de 2026","format":false,"excerpt":"A GCM (Guarda Civil Metropolitana) recuperou uma carga de herbicidas avaliada em aproximadamente R$ 200 mil, ap\u00f3s um roubo na tarde desta segunda-feira (5), em que um t\u00e9cnico agr\u00edcola foi levado como ref\u00e9m pelos criminosos, em uma fazenda na divisa de Cruz das Posses e Ribeir\u00e3o Preto. Segundo a corpora\u00e7\u00e3o,\u2026","rel":"","context":"In &quot;Not\u00edcias de Ribeir\u00e3o Preto-SP e Regi\u00e3o&quot;","block_context":{"text":"Not\u00edcias de Ribeir\u00e3o Preto-SP e Regi\u00e3o","link":"https:\/\/noticiasribeiraopreto.com.br\/index.php\/category\/noticias-de-ribeirao-preto-sp-e-regiao-ismael-colosi\/"},"img":{"alt_text":"","src":"https:\/\/i0.wp.com\/noticiasribeiraopreto.com.br\/wp-content\/uploads\/2026\/01\/WhatsApp-Image-2026-01-05-at-19.30.25_2026-01-06_09-30-45.webp.webp?fit=1200%2C900&ssl=1&resize=350%2C200","width":350,"height":200,"srcset":"https:\/\/i0.wp.com\/noticiasribeiraopreto.com.br\/wp-content\/uploads\/2026\/01\/WhatsApp-Image-2026-01-05-at-19.30.25_2026-01-06_09-30-45.webp.webp?fit=1200%2C900&ssl=1&resize=350%2C200 1x, https:\/\/i0.wp.com\/noticiasribeiraopreto.com.br\/wp-content\/uploads\/2026\/01\/WhatsApp-Image-2026-01-05-at-19.30.25_2026-01-06_09-30-45.webp.webp?fit=1200%2C900&ssl=1&resize=525%2C300 1.5x, https:\/\/i0.wp.com\/noticiasribeiraopreto.com.br\/wp-content\/uploads\/2026\/01\/WhatsApp-Image-2026-01-05-at-19.30.25_2026-01-06_09-30-45.webp.webp?fit=1200%2C900&ssl=1&resize=700%2C400 2x, https:\/\/i0.wp.com\/noticiasribeiraopreto.com.br\/wp-content\/uploads\/2026\/01\/WhatsApp-Image-2026-01-05-at-19.30.25_2026-01-06_09-30-45.webp.webp?fit=1200%2C900&ssl=1&resize=1050%2C600 3x"},"classes":[]},{"id":73352,"url":"https:\/\/noticiasribeiraopreto.com.br\/index.php\/2025\/06\/30\/cameras-registram-acao-de-ladroes-que-furtaram-medicamentos-de-alto-custo-em-ribeirao-confira\/","url_meta":{"origin":57716,"position":5},"title":"C\u00e2meras registram a\u00e7\u00e3o de ladr\u00f5es que furtaram medicamentos de alto custo em Ribeir\u00e3o; Confira","author":"noticiasribeiraopreto.com.br","date":"30 de June de 2025","format":false,"excerpt":"A Pol\u00edcia Civil divulgou imagens de c\u00e2meras de seguran\u00e7a que registraram a a\u00e7\u00e3o dos criminosos que roubaram medicamentos de alto custo da FME (Farm\u00e1cia de Medicamentos Especializados), no complexo do Hospital Estadual de Ribeir\u00e3o Preto, na noite da \u00faltima sexta-feira (27). Nas imagens \u00e9 poss\u00edvel ver quando cinco criminosos encapuzados\u2026","rel":"","context":"In &quot;Not\u00edcias de Ribeir\u00e3o Preto-SP e Regi\u00e3o&quot;","block_context":{"text":"Not\u00edcias de Ribeir\u00e3o Preto-SP e Regi\u00e3o","link":"https:\/\/noticiasribeiraopreto.com.br\/index.php\/category\/noticias-de-ribeirao-preto-sp-e-regiao-ismael-colosi\/"},"img":{"alt_text":"","src":"https:\/\/i0.wp.com\/noticiasribeiraopreto.com.br\/wp-content\/uploads\/2025\/06\/Copia-de-Copia-de-Copia-de-TAMANHO-EXATO-PARA-FOTOS-NO-SISTEMA-NOVO-2025-06-30T164315.393_2025-06-30_19-43-21.webp.webp?fit=1200%2C675&ssl=1&resize=350%2C200","width":350,"height":200,"srcset":"https:\/\/i0.wp.com\/noticiasribeiraopreto.com.br\/wp-content\/uploads\/2025\/06\/Copia-de-Copia-de-Copia-de-TAMANHO-EXATO-PARA-FOTOS-NO-SISTEMA-NOVO-2025-06-30T164315.393_2025-06-30_19-43-21.webp.webp?fit=1200%2C675&ssl=1&resize=350%2C200 1x, https:\/\/i0.wp.com\/noticiasribeiraopreto.com.br\/wp-content\/uploads\/2025\/06\/Copia-de-Copia-de-Copia-de-TAMANHO-EXATO-PARA-FOTOS-NO-SISTEMA-NOVO-2025-06-30T164315.393_2025-06-30_19-43-21.webp.webp?fit=1200%2C675&ssl=1&resize=525%2C300 1.5x, https:\/\/i0.wp.com\/noticiasribeiraopreto.com.br\/wp-content\/uploads\/2025\/06\/Copia-de-Copia-de-Copia-de-TAMANHO-EXATO-PARA-FOTOS-NO-SISTEMA-NOVO-2025-06-30T164315.393_2025-06-30_19-43-21.webp.webp?fit=1200%2C675&ssl=1&resize=700%2C400 2x, https:\/\/i0.wp.com\/noticiasribeiraopreto.com.br\/wp-content\/uploads\/2025\/06\/Copia-de-Copia-de-Copia-de-TAMANHO-EXATO-PARA-FOTOS-NO-SISTEMA-NOVO-2025-06-30T164315.393_2025-06-30_19-43-21.webp.webp?fit=1200%2C675&ssl=1&resize=1050%2C600 3x"},"classes":[]}],"jetpack_sharing_enabled":true,"jetpack_shortlink":"https:\/\/wp.me\/peQAOb-f0U","_links":{"self":[{"href":"https:\/\/noticiasribeiraopreto.com.br\/index.php\/wp-json\/wp\/v2\/posts\/57716","targetHints":{"allow":["GET"]}}],"collection":[{"href":"https:\/\/noticiasribeiraopreto.com.br\/index.php\/wp-json\/wp\/v2\/posts"}],"about":[{"href":"https:\/\/noticiasribeiraopreto.com.br\/index.php\/wp-json\/wp\/v2\/types\/post"}],"author":[{"embeddable":true,"href":"https:\/\/noticiasribeiraopreto.com.br\/index.php\/wp-json\/wp\/v2\/users\/1"}],"replies":[{"embeddable":true,"href":"https:\/\/noticiasribeiraopreto.com.br\/index.php\/wp-json\/wp\/v2\/comments?post=57716"}],"version-history":[{"count":0,"href":"https:\/\/noticiasribeiraopreto.com.br\/index.php\/wp-json\/wp\/v2\/posts\/57716\/revisions"}],"wp:featuredmedia":[{"embeddable":true,"href":"https:\/\/noticiasribeiraopreto.com.br\/index.php\/wp-json\/wp\/v2\/media\/57717"}],"wp:attachment":[{"href":"https:\/\/noticiasribeiraopreto.com.br\/index.php\/wp-json\/wp\/v2\/media?parent=57716"}],"wp:term":[{"taxonomy":"category","embeddable":true,"href":"https:\/\/noticiasribeiraopreto.com.br\/index.php\/wp-json\/wp\/v2\/categories?post=57716"},{"taxonomy":"post_tag","embeddable":true,"href":"https:\/\/noticiasribeiraopreto.com.br\/index.php\/wp-json\/wp\/v2\/tags?post=57716"}],"curies":[{"name":"wp","href":"https:\/\/api.w.org\/{rel}","templated":true}]}}