{"id":57718,"date":"2024-09-08T15:31:57","date_gmt":"2024-09-08T18:31:57","guid":{"rendered":"https:\/\/noticiasribeiraopreto.com.br\/index.php\/2024\/09\/08\/motorista-esquece-carteira-com-r-2-mil-em-cima-de-carro-e-dinheiro-voa-na-regiao-de-ribeirao\/"},"modified":"2024-09-08T15:31:57","modified_gmt":"2024-09-08T18:31:57","slug":"motorista-esquece-carteira-com-r-2-mil-em-cima-de-carro-e-dinheiro-voa-na-regiao-de-ribeirao","status":"publish","type":"post","link":"https:\/\/noticiasribeiraopreto.com.br\/index.php\/2024\/09\/08\/motorista-esquece-carteira-com-r-2-mil-em-cima-de-carro-e-dinheiro-voa-na-regiao-de-ribeirao\/","title":{"rendered":"Motorista esquece carteira com R$ 2 mil em cima de carro e dinheiro &#8216;voa&#8217; na regi\u00e3o de Ribeir\u00e3o"},"content":{"rendered":"<p> <br \/>\n<\/p>\n<div data-td-block-uid=\"tdi_106\">\n<div class=\"tdb-block-inner td-fix-index\">\n<p>Um motorista <strong>esqueceu a carteira com R$ 2 mil em cima do carro<\/strong> e causou uma <strong>\u201cchuva\u201d de dinheiro<\/strong> no Residencial Meirelles, em <strong>Franca<\/strong>, cidade na <strong>regi\u00e3o de Ribeir\u00e3o Preto<\/strong>.<\/p>\n<p>O caso foi registrado por <strong>c\u00e2meras de seguran\u00e7a<\/strong> de um im\u00f3vel e conforme a grava\u00e7\u00e3o teria acontecido na \u00faltima segunda-feira (2) \u2013 veja o v\u00eddeo abaixo.<\/p>\n<p>Nas imagens \u00e9 poss\u00edvel ver o momento em que <mark style=\"background-color:#fcb900\" class=\"has-inline-color\">o motorista realiza uma curva e as <strong>notas come\u00e7am a voar<\/strong>.<\/mark> Ap\u00f3s o ocorrido, um motociclista passa pelo local, para e recolhe as c\u00e9dulas.<\/p>\n<p>Conforme apura\u00e7\u00e3o da <strong><em>EPTV<\/em><\/strong>, o dinheiro seria para <strong>pagar o aluguel de um im\u00f3vel<\/strong>. Ainda de acordo com a reportagem, ap\u00f3s tr\u00eas dias o motociclista encontrou o condutor do ve\u00edculo e devolveu R$ 700, informando que foi a quantia \u201cresgatada\u201d na rua.<\/p>\n<p><strong><em>*Com informa\u00e7\u00f5es da EPTV<\/em><\/strong><\/p>\n<figure class=\"wp-block-video\"><video controls=\"\" src=\"https:\/\/www.acidadeon.com\/ribeiraopreto\/wp-content\/uploads\/sites\/3\/2024\/09\/WhatsApp-Video-2024-09-08-at-13.28.30.mp4\"\/><figcaption class=\"wp-element-caption\"><em>Motorista esquece carteira com R$ 2 mil em cima de carro e dinheiro \u2018voa\u2019 em Franca. (V\u00eddeo: C\u00e2mera de seguran\u00e7a)<\/em><\/figcaption><\/figure>\n<hr class=\"wp-block-separator has-alpha-channel-opacity\"\/>\n<p>SAIBA MAIS<\/p>\n<p>Atleta da regi\u00e3o de Ribeir\u00e3o Preto garante bronze nos Jogos Paral\u00edmpicos de Paris<\/p>\n<h4 class=\"wp-block-heading\"><strong>FIQUE ON<\/strong><\/h4>\n<p>Fique ligado em tudo que acontece em Ribeir\u00e3o Preto e regi\u00e3o. Siga os perfis do\u00a0<strong>acidade on<\/strong>\u00a0no\u00a0<a href=\"https:\/\/www.instagram.com\/acidadeonribeirao\" target=\"_blank\" rel=\"noreferrer noopener\">Instagram\u00a0<\/a>e no\u00a0<a href=\"https:\/\/www.facebook.com\/acidadeonribeirao\/\" target=\"_blank\" rel=\"noreferrer noopener\">Facebook<\/a>.<\/p>\n<p>Receba not\u00edcias do\u00a0<strong>acidade on<\/strong>\u00a0no WhatsApp.\u00a0<a href=\"https:\/\/chat.whatsapp.com\/Dtv9mxhy6V5BJBotM2OQ5k\" target=\"_blank\" rel=\"noreferrer noopener\">Para entrar no grupo, basta clicar aqui.<\/a><\/p>\n<p>Fa\u00e7a uma den\u00fancia ou sugira uma reportagem sobre Ribeir\u00e3o Preto e regi\u00e3o pelo WhatsApp: 16 99117 7802.<\/p>\n<p>VEJA TAMB\u00c9M<\/p>\n<p>Como fazer cox\u00e3o mole \u00e0 vinagrete da Ana Maria?<\/p>\n<p><!-- CONTENT END 1 -->\n<\/div>\n<\/div>\n<p><script async src=\"\/\/www.instagram.com\/embed.js\"><\/script><br \/>\n<br \/><br \/>\n<br \/><a href=\"https:\/\/www.acidadeon.com\/ribeiraopreto\/cotidiano\/motorista-esquece-carteira-com-r-2-mil-em-cima-de-carro-e-dinheiro-voa-na-regiao-de-ribeirao\/\">Source link <\/a><\/p>\n","protected":false},"excerpt":{"rendered":"<p>Um motorista esqueceu a carteira com R$ 2 mil em cima do carro e causou uma \u201cchuva\u201d de dinheiro no Residencial Meirelles, em Franca, cidade&#8230;<\/p>\n","protected":false},"author":1,"featured_media":57719,"comment_status":"open","ping_status":"open","sticky":false,"template":"","format":"standard","meta":{"advanced_seo_description":"","jetpack_seo_html_title":"","jetpack_seo_noindex":false,"jetpack_post_was_ever_published":false,"_jetpack_newsletter_access":"","_jetpack_dont_email_post_to_subs":false,"_jetpack_newsletter_tier_id":0,"_jetpack_memberships_contains_paywalled_content":false,"_jetpack_memberships_contains_paid_content":false,"footnotes":"","jetpack_publicize_message":"","jetpack_publicize_feature_enabled":true,"jetpack_social_post_already_shared":true,"jetpack_social_options":{"image_generator_settings":{"template":"highway","default_image_id":0,"font":"","enabled":false},"version":2}},"categories":[11],"tags":[],"class_list":["post-57718","post","type-post","status-publish","format-standard","has-post-thumbnail","hentry","category-noticias-de-ribeirao-preto-sp-e-regiao-ismael-colosi"],"jetpack_publicize_connections":[],"jetpack_featured_media_url":"https:\/\/i0.wp.com\/noticiasribeiraopreto.com.br\/wp-content\/uploads\/2024\/09\/Copia-de-Copia-de-Copia-de-TAMANHO-EXATO-PARA-FOTOS-NO-SISTEMA-NOVO-35_2024-09-08_15-06-12_png_2024-09-08_15-06-12.webp.webp?fit=1200%2C675&ssl=1","jetpack-related-posts":[{"id":62817,"url":"https:\/\/noticiasribeiraopreto.com.br\/index.php\/2025\/01\/24\/motorista-de-carro-bate-em-poste-e-estrutura-cai-sobre-motociclista-e-passageira-em-ribeirao-preto\/","url_meta":{"origin":57718,"position":0},"title":"Motorista de carro bate em poste e estrutura cai sobre motociclista e passageira em Ribeir\u00e3o Preto","author":"noticiasribeiraopreto.com.br","date":"24 de January de 2025","format":false,"excerpt":"Duas pessoas ficaram feridas ap\u00f3s um acidente de tr\u00e2nsito na avenida Ant\u00f4nia Mugnatto Marincek, no Ribeir\u00e3o Verde, zona Leste de Ribeir\u00e3o Preto, no final da tarde desta sexta-feira (24). De acordo com as primeiras informa\u00e7\u00f5es, a condutora de um ve\u00edculo teria perdido o controle da dire\u00e7\u00e3o e atingido um poste\u2026","rel":"","context":"In &quot;Not\u00edcias de Ribeir\u00e3o Preto-SP e Regi\u00e3o&quot;","block_context":{"text":"Not\u00edcias de Ribeir\u00e3o Preto-SP e Regi\u00e3o","link":"https:\/\/noticiasribeiraopreto.com.br\/index.php\/category\/noticias-de-ribeirao-preto-sp-e-regiao-ismael-colosi\/"},"img":{"alt_text":"","src":"https:\/\/i0.wp.com\/noticiasribeiraopreto.com.br\/wp-content\/uploads\/2025\/01\/Copia-de-Copia-de-Copia-de-TAMANHO-EXATO-PARA-FOTOS-NO-SISTEMA-NOVO-2025-01-24T191930.098_2025-01-24_22-19-35_png_2025-01-24_22-19-35.webp.webp?fit=1200%2C675&ssl=1&resize=350%2C200","width":350,"height":200,"srcset":"https:\/\/i0.wp.com\/noticiasribeiraopreto.com.br\/wp-content\/uploads\/2025\/01\/Copia-de-Copia-de-Copia-de-TAMANHO-EXATO-PARA-FOTOS-NO-SISTEMA-NOVO-2025-01-24T191930.098_2025-01-24_22-19-35_png_2025-01-24_22-19-35.webp.webp?fit=1200%2C675&ssl=1&resize=350%2C200 1x, https:\/\/i0.wp.com\/noticiasribeiraopreto.com.br\/wp-content\/uploads\/2025\/01\/Copia-de-Copia-de-Copia-de-TAMANHO-EXATO-PARA-FOTOS-NO-SISTEMA-NOVO-2025-01-24T191930.098_2025-01-24_22-19-35_png_2025-01-24_22-19-35.webp.webp?fit=1200%2C675&ssl=1&resize=525%2C300 1.5x, https:\/\/i0.wp.com\/noticiasribeiraopreto.com.br\/wp-content\/uploads\/2025\/01\/Copia-de-Copia-de-Copia-de-TAMANHO-EXATO-PARA-FOTOS-NO-SISTEMA-NOVO-2025-01-24T191930.098_2025-01-24_22-19-35_png_2025-01-24_22-19-35.webp.webp?fit=1200%2C675&ssl=1&resize=700%2C400 2x, https:\/\/i0.wp.com\/noticiasribeiraopreto.com.br\/wp-content\/uploads\/2025\/01\/Copia-de-Copia-de-Copia-de-TAMANHO-EXATO-PARA-FOTOS-NO-SISTEMA-NOVO-2025-01-24T191930.098_2025-01-24_22-19-35_png_2025-01-24_22-19-35.webp.webp?fit=1200%2C675&ssl=1&resize=1050%2C600 3x"},"classes":[]},{"id":67699,"url":"https:\/\/noticiasribeiraopreto.com.br\/index.php\/2025\/04\/17\/motorista-de-aplicativo-e-assaltado-apos-parar-carro-para-verificar-problema\/","url_meta":{"origin":57718,"position":1},"title":"Motorista de aplicativo \u00e9 assaltado ap\u00f3s parar carro para verificar problema","author":"noticiasribeiraopreto.com.br","date":"17 de April de 2025","format":false,"excerpt":"Um motorista de aplicativo de 76 anos foi assaltado ao parar o carro na manh\u00e3 desta quarta (17), no Alto do Ipiranga, zona Oeste de Ribeir\u00e3o Preto, depois de ser avisado que havia um problema no ve\u00edculo. A v\u00edtima disse \u00e0 pol\u00edcia que passava pela rua Javari, quando um motorista\u2026","rel":"","context":"In &quot;Not\u00edcias de Ribeir\u00e3o Preto-SP e Regi\u00e3o&quot;","block_context":{"text":"Not\u00edcias de Ribeir\u00e3o Preto-SP e Regi\u00e3o","link":"https:\/\/noticiasribeiraopreto.com.br\/index.php\/category\/noticias-de-ribeirao-preto-sp-e-regiao-ismael-colosi\/"},"img":{"alt_text":"","src":"https:\/\/i0.wp.com\/noticiasribeiraopreto.com.br\/wp-content\/uploads\/2025\/04\/1744907417_cpj_policia_1024x576_21012021082231.jpg?fit=1024%2C576&ssl=1&resize=350%2C200","width":350,"height":200,"srcset":"https:\/\/i0.wp.com\/noticiasribeiraopreto.com.br\/wp-content\/uploads\/2025\/04\/1744907417_cpj_policia_1024x576_21012021082231.jpg?fit=1024%2C576&ssl=1&resize=350%2C200 1x, https:\/\/i0.wp.com\/noticiasribeiraopreto.com.br\/wp-content\/uploads\/2025\/04\/1744907417_cpj_policia_1024x576_21012021082231.jpg?fit=1024%2C576&ssl=1&resize=525%2C300 1.5x, https:\/\/i0.wp.com\/noticiasribeiraopreto.com.br\/wp-content\/uploads\/2025\/04\/1744907417_cpj_policia_1024x576_21012021082231.jpg?fit=1024%2C576&ssl=1&resize=700%2C400 2x"},"classes":[]},{"id":67584,"url":"https:\/\/noticiasribeiraopreto.com.br\/index.php\/2025\/04\/16\/motociclista-empina-moto-bate-em-carro-estacionado-e-foge-em-ribeirao-video\/","url_meta":{"origin":57718,"position":2},"title":"Motociclista empina moto, bate em carro estacionado e foge em Ribeir\u00e3o; V\u00eddeo","author":"noticiasribeiraopreto.com.br","date":"16 de April de 2025","format":false,"excerpt":"Um motociclista causou um preju\u00edzo de pelo menos R$ 2 mil para o dono de um carro que estava estacionado em uma rua da zona Norte de Ribeir\u00e3o Preto, depois de perder o controle da dire\u00e7\u00e3o enquanto empinava a moto e bater na lateral do ve\u00edculo, na tarde desta ter\u00e7a-feira\u2026","rel":"","context":"In &quot;Not\u00edcias de Ribeir\u00e3o Preto-SP e Regi\u00e3o&quot;","block_context":{"text":"Not\u00edcias de Ribeir\u00e3o Preto-SP e Regi\u00e3o","link":"https:\/\/noticiasribeiraopreto.com.br\/index.php\/category\/noticias-de-ribeirao-preto-sp-e-regiao-ismael-colosi\/"},"img":{"alt_text":"","src":"https:\/\/i0.wp.com\/noticiasribeiraopreto.com.br\/wp-content\/uploads\/2025\/04\/Copia-de-Copia-de-Copia-de-TAMANHO-EXATO-PARA-FOTOS-NO-SISTEMA-NOVO-2025-04-16T082850.473_2025-04-16_11-29-00_png_2025-04-16_11-29-00.webp.webp?fit=1200%2C675&ssl=1&resize=350%2C200","width":350,"height":200,"srcset":"https:\/\/i0.wp.com\/noticiasribeiraopreto.com.br\/wp-content\/uploads\/2025\/04\/Copia-de-Copia-de-Copia-de-TAMANHO-EXATO-PARA-FOTOS-NO-SISTEMA-NOVO-2025-04-16T082850.473_2025-04-16_11-29-00_png_2025-04-16_11-29-00.webp.webp?fit=1200%2C675&ssl=1&resize=350%2C200 1x, https:\/\/i0.wp.com\/noticiasribeiraopreto.com.br\/wp-content\/uploads\/2025\/04\/Copia-de-Copia-de-Copia-de-TAMANHO-EXATO-PARA-FOTOS-NO-SISTEMA-NOVO-2025-04-16T082850.473_2025-04-16_11-29-00_png_2025-04-16_11-29-00.webp.webp?fit=1200%2C675&ssl=1&resize=525%2C300 1.5x, https:\/\/i0.wp.com\/noticiasribeiraopreto.com.br\/wp-content\/uploads\/2025\/04\/Copia-de-Copia-de-Copia-de-TAMANHO-EXATO-PARA-FOTOS-NO-SISTEMA-NOVO-2025-04-16T082850.473_2025-04-16_11-29-00_png_2025-04-16_11-29-00.webp.webp?fit=1200%2C675&ssl=1&resize=700%2C400 2x, https:\/\/i0.wp.com\/noticiasribeiraopreto.com.br\/wp-content\/uploads\/2025\/04\/Copia-de-Copia-de-Copia-de-TAMANHO-EXATO-PARA-FOTOS-NO-SISTEMA-NOVO-2025-04-16T082850.473_2025-04-16_11-29-00_png_2025-04-16_11-29-00.webp.webp?fit=1200%2C675&ssl=1&resize=1050%2C600 3x"},"classes":[]},{"id":48808,"url":"https:\/\/noticiasribeiraopreto.com.br\/index.php\/2024\/05\/06\/motocicleta-e-arrastada-apos-motorista-atropelar-condutor-em-rodovia-de-ribeirao\/","url_meta":{"origin":57718,"position":3},"title":"Motocicleta \u00e9 arrastada ap\u00f3s motorista atropelar condutor em rodovia de Ribeir\u00e3o","author":"noticiasribeiraopreto.com.br","date":"6 de May de 2024","format":false,"excerpt":"O motorista de um carro foi preso na manh\u00e3 desta segunda-feira (6), ap\u00f3s se envolver em um acidente de tr\u00e2nsito e arrastar uma moto por cerca de tr\u00eas quil\u00f4metros na rodovia Alexandre Balbo (SP-328), em Ribeir\u00e3o Preto. De acordo com o boletim de ocorr\u00eancia registrado, o homem bateu na traseira\u2026","rel":"","context":"In &quot;Not\u00edcias de Ribeir\u00e3o Preto-SP e Regi\u00e3o&quot;","block_context":{"text":"Not\u00edcias de Ribeir\u00e3o Preto-SP e Regi\u00e3o","link":"https:\/\/noticiasribeiraopreto.com.br\/index.php\/category\/noticias-de-ribeirao-preto-sp-e-regiao-ismael-colosi\/"},"img":{"alt_text":"","src":"https:\/\/i0.wp.com\/noticiasribeiraopreto.com.br\/wp-content\/uploads\/2024\/05\/AnyConv.com__Copia-de-Copia-de-TAMANHO-EXATO-PARA-FOTOS-NO-SISTEMA-NOVO-26_2024-05-06_23-03-13.webp.webp?fit=1200%2C675&ssl=1&resize=350%2C200","width":350,"height":200,"srcset":"https:\/\/i0.wp.com\/noticiasribeiraopreto.com.br\/wp-content\/uploads\/2024\/05\/AnyConv.com__Copia-de-Copia-de-TAMANHO-EXATO-PARA-FOTOS-NO-SISTEMA-NOVO-26_2024-05-06_23-03-13.webp.webp?fit=1200%2C675&ssl=1&resize=350%2C200 1x, https:\/\/i0.wp.com\/noticiasribeiraopreto.com.br\/wp-content\/uploads\/2024\/05\/AnyConv.com__Copia-de-Copia-de-TAMANHO-EXATO-PARA-FOTOS-NO-SISTEMA-NOVO-26_2024-05-06_23-03-13.webp.webp?fit=1200%2C675&ssl=1&resize=525%2C300 1.5x, https:\/\/i0.wp.com\/noticiasribeiraopreto.com.br\/wp-content\/uploads\/2024\/05\/AnyConv.com__Copia-de-Copia-de-TAMANHO-EXATO-PARA-FOTOS-NO-SISTEMA-NOVO-26_2024-05-06_23-03-13.webp.webp?fit=1200%2C675&ssl=1&resize=700%2C400 2x, https:\/\/i0.wp.com\/noticiasribeiraopreto.com.br\/wp-content\/uploads\/2024\/05\/AnyConv.com__Copia-de-Copia-de-TAMANHO-EXATO-PARA-FOTOS-NO-SISTEMA-NOVO-26_2024-05-06_23-03-13.webp.webp?fit=1200%2C675&ssl=1&resize=1050%2C600 3x"},"classes":[]},{"id":65986,"url":"https:\/\/noticiasribeiraopreto.com.br\/index.php\/2025\/03\/26\/familia-autoriza-doacao-de-orgaos-de-motociclista-que-morreu-apos-ser-atingido-por-carro-motorista-fugiu\/","url_meta":{"origin":57718,"position":4},"title":"Fam\u00edlia autoriza doa\u00e7\u00e3o de \u00f3rg\u00e3os de motociclista que morreu ap\u00f3s ser atingido por carro; Motorista fugiu","author":"noticiasribeiraopreto.com.br","date":"26 de March de 2025","format":false,"excerpt":"A fam\u00edlia do motociclista Oct\u00e1vio Rodrigues da Silva, de 31 anos, morto ap\u00f3s ser atingido por um carro em Serrana, na regi\u00e3o de Ribeir\u00e3o Preto, autorizou a doa\u00e7\u00e3o de \u00f3rg\u00e3os da v\u00edtima. A colis\u00e3o ocorreu no \u00faltimo dia 15 de mar\u00e7o, no Jardim Santa Clara, e o motorista do carro\u2026","rel":"","context":"In &quot;Not\u00edcias de Ribeir\u00e3o Preto-SP e Regi\u00e3o&quot;","block_context":{"text":"Not\u00edcias de Ribeir\u00e3o Preto-SP e Regi\u00e3o","link":"https:\/\/noticiasribeiraopreto.com.br\/index.php\/category\/noticias-de-ribeirao-preto-sp-e-regiao-ismael-colosi\/"},"img":{"alt_text":"","src":"https:\/\/i0.wp.com\/noticiasribeiraopreto.com.br\/wp-content\/uploads\/2025\/03\/OCTAVIO_2025-03-26_15-36-38_jpg_2025-03-26_15-36-38.webp.webp?fit=1200%2C807&ssl=1&resize=350%2C200","width":350,"height":200,"srcset":"https:\/\/i0.wp.com\/noticiasribeiraopreto.com.br\/wp-content\/uploads\/2025\/03\/OCTAVIO_2025-03-26_15-36-38_jpg_2025-03-26_15-36-38.webp.webp?fit=1200%2C807&ssl=1&resize=350%2C200 1x, https:\/\/i0.wp.com\/noticiasribeiraopreto.com.br\/wp-content\/uploads\/2025\/03\/OCTAVIO_2025-03-26_15-36-38_jpg_2025-03-26_15-36-38.webp.webp?fit=1200%2C807&ssl=1&resize=525%2C300 1.5x, https:\/\/i0.wp.com\/noticiasribeiraopreto.com.br\/wp-content\/uploads\/2025\/03\/OCTAVIO_2025-03-26_15-36-38_jpg_2025-03-26_15-36-38.webp.webp?fit=1200%2C807&ssl=1&resize=700%2C400 2x, https:\/\/i0.wp.com\/noticiasribeiraopreto.com.br\/wp-content\/uploads\/2025\/03\/OCTAVIO_2025-03-26_15-36-38_jpg_2025-03-26_15-36-38.webp.webp?fit=1200%2C807&ssl=1&resize=1050%2C600 3x"},"classes":[]},{"id":51468,"url":"https:\/\/noticiasribeiraopreto.com.br\/index.php\/2024\/05\/27\/identificado-motociclista-morto-apos-batida-na-avenida-dom-pedro-i-em-ribeirao-preto\/","url_meta":{"origin":57718,"position":5},"title":"Identificado motociclista morto ap\u00f3s batida na avenida Dom Pedro I em Ribeir\u00e3o Preto","author":"noticiasribeiraopreto.com.br","date":"27 de May de 2024","format":false,"excerpt":"A Pol\u00edcia Civil identificou o motociclista que morreu na tarde deste domingo (26), depois de ter a moto atingida por um carro na avenida Dom Pedro I, no bairro Ipiranga, zona Norte de Ribeir\u00e3o Preto. \u00a0 Segundo o boletim de ocorr\u00eancia (BO), Manoel Neris de Oliveira tinha 48 anos e\u2026","rel":"","context":"In &quot;Not\u00edcias de Ribeir\u00e3o Preto-SP e Regi\u00e3o&quot;","block_context":{"text":"Not\u00edcias de Ribeir\u00e3o Preto-SP e Regi\u00e3o","link":"https:\/\/noticiasribeiraopreto.com.br\/index.php\/category\/noticias-de-ribeirao-preto-sp-e-regiao-ismael-colosi\/"},"img":{"alt_text":"","src":"https:\/\/i0.wp.com\/noticiasribeiraopreto.com.br\/wp-content\/uploads\/2024\/05\/ACIDENTE_2024-05-27_12-52-23_jpg_2024-05-27_12-52-24.webp.webp?fit=1200%2C737&ssl=1&resize=350%2C200","width":350,"height":200,"srcset":"https:\/\/i0.wp.com\/noticiasribeiraopreto.com.br\/wp-content\/uploads\/2024\/05\/ACIDENTE_2024-05-27_12-52-23_jpg_2024-05-27_12-52-24.webp.webp?fit=1200%2C737&ssl=1&resize=350%2C200 1x, https:\/\/i0.wp.com\/noticiasribeiraopreto.com.br\/wp-content\/uploads\/2024\/05\/ACIDENTE_2024-05-27_12-52-23_jpg_2024-05-27_12-52-24.webp.webp?fit=1200%2C737&ssl=1&resize=525%2C300 1.5x, https:\/\/i0.wp.com\/noticiasribeiraopreto.com.br\/wp-content\/uploads\/2024\/05\/ACIDENTE_2024-05-27_12-52-23_jpg_2024-05-27_12-52-24.webp.webp?fit=1200%2C737&ssl=1&resize=700%2C400 2x, https:\/\/i0.wp.com\/noticiasribeiraopreto.com.br\/wp-content\/uploads\/2024\/05\/ACIDENTE_2024-05-27_12-52-23_jpg_2024-05-27_12-52-24.webp.webp?fit=1200%2C737&ssl=1&resize=1050%2C600 3x"},"classes":[]}],"jetpack_sharing_enabled":true,"jetpack_shortlink":"https:\/\/wp.me\/peQAOb-f0W","_links":{"self":[{"href":"https:\/\/noticiasribeiraopreto.com.br\/index.php\/wp-json\/wp\/v2\/posts\/57718","targetHints":{"allow":["GET"]}}],"collection":[{"href":"https:\/\/noticiasribeiraopreto.com.br\/index.php\/wp-json\/wp\/v2\/posts"}],"about":[{"href":"https:\/\/noticiasribeiraopreto.com.br\/index.php\/wp-json\/wp\/v2\/types\/post"}],"author":[{"embeddable":true,"href":"https:\/\/noticiasribeiraopreto.com.br\/index.php\/wp-json\/wp\/v2\/users\/1"}],"replies":[{"embeddable":true,"href":"https:\/\/noticiasribeiraopreto.com.br\/index.php\/wp-json\/wp\/v2\/comments?post=57718"}],"version-history":[{"count":0,"href":"https:\/\/noticiasribeiraopreto.com.br\/index.php\/wp-json\/wp\/v2\/posts\/57718\/revisions"}],"wp:featuredmedia":[{"embeddable":true,"href":"https:\/\/noticiasribeiraopreto.com.br\/index.php\/wp-json\/wp\/v2\/media\/57719"}],"wp:attachment":[{"href":"https:\/\/noticiasribeiraopreto.com.br\/index.php\/wp-json\/wp\/v2\/media?parent=57718"}],"wp:term":[{"taxonomy":"category","embeddable":true,"href":"https:\/\/noticiasribeiraopreto.com.br\/index.php\/wp-json\/wp\/v2\/categories?post=57718"},{"taxonomy":"post_tag","embeddable":true,"href":"https:\/\/noticiasribeiraopreto.com.br\/index.php\/wp-json\/wp\/v2\/tags?post=57718"}],"curies":[{"name":"wp","href":"https:\/\/api.w.org\/{rel}","templated":true}]}}