{"id":57720,"date":"2024-09-08T16:54:10","date_gmt":"2024-09-08T19:54:10","guid":{"rendered":"https:\/\/noticiasribeiraopreto.com.br\/index.php\/2024\/09\/08\/saudades-do-carnaval-micareta-acontece-na-zona-leste-de-ribeirao\/"},"modified":"2024-09-08T16:54:10","modified_gmt":"2024-09-08T19:54:10","slug":"saudades-do-carnaval-micareta-acontece-na-zona-leste-de-ribeirao","status":"publish","type":"post","link":"https:\/\/noticiasribeiraopreto.com.br\/index.php\/2024\/09\/08\/saudades-do-carnaval-micareta-acontece-na-zona-leste-de-ribeirao\/","title":{"rendered":"Saudades do carnaval? Micareta acontece na zona Leste de Ribeir\u00e3o"},"content":{"rendered":"<p> <br \/>\n<\/p>\n<div>\n<p><strong>Est\u00e1 com saudades do carnaval?<\/strong> <strong>Ribeir\u00e3o Preto <\/strong>recebe mais uma edi\u00e7\u00e3o do <strong>RP Folia<\/strong> no est\u00e1dio Palma Travassos, zona Leste do munic\u00edpio, no<strong> s\u00e1bado (14)<\/strong>, a partir das 14h.<\/p>\n<p><mark style=\"background-color:#fcb900\" class=\"has-inline-color\">Com <strong>Bell Marques<\/strong>, <strong>Tomate e Jammil confirmados, a maratona de shows da micareta deve durar nove horas<\/strong>. As cantoras <strong>Tati Romero<\/strong> e <strong>Jana Lima <\/strong>tamb\u00e9m fazem parte da festa.<\/mark><\/p>\n<p>Os ingressos <strong>ainda est\u00e3o dispon\u00edveis<\/strong> e podem ser adquiridos de <a href=\"https:\/\/www.blueticket.com.br\/evento\/35113\/rp-folia-2024-2o-edicao\" target=\"_blank\" rel=\"noreferrer noopener\"><strong>forma on-line<\/strong><\/a> \u2013 veja abaixo. A festa seguir\u00e1 o formato tradicional dos<strong> carnavais fora de \u00e9poca<\/strong>, com <strong>dois trios el\u00e9tricos<\/strong> percorrendo o circuito fechado.<\/p>\n<h3 class=\"wp-block-heading\"><strong>Entrega de abad\u00e1s<\/strong><\/h3>\n<p>Conforme a organiza\u00e7\u00e3o do evento, a <strong>entrega de abad\u00e1s<\/strong> vai acontecer a partir desta <strong>quarta-feira (11)<\/strong>, no shopping Iguatemi, localizado na avenida Luiz Eduardo Toledo Prado, na zona Sul de <strong>Ribeir\u00e3o Preto<\/strong>.<\/p>\n<p>Al\u00e9m disso, os <strong>micareteiros <\/strong>tamb\u00e9m v\u00e3o poder retirar o item<strong> no dia da festa<\/strong>, na entrada do est\u00e1dio Palma Travassos. Confira:<\/p>\n<ul>\n<li><strong>Quarta-feira (11)<\/strong> \u2013 das 14h \u00e0s 22h | Shopping Iguatemi (piso superior ao lado da Gelato Borelli)<\/li>\n<\/ul>\n<ul>\n<li><strong>Quinta-feira (12)<\/strong> \u2013 das 14h \u00e0s 22h | Shopping Iguatemi (piso superior ao lado da Gelato Borelli)<\/li>\n<\/ul>\n<ul>\n<li><strong>Sexta-feira (13) <\/strong>\u2013 das 14h \u00e0s 22h | Shopping Iguatemi (piso superior ao lado da Gelato Borelli)<\/li>\n<\/ul>\n<ul>\n<li><strong>S\u00e1bado (14)<\/strong> \u2013 das 10h \u00e0s 18h | Est\u00e1dio Palma Travassos<\/li>\n<\/ul>\n<h4 class=\"wp-block-heading\"><strong>Valores e setores<\/strong><\/h4>\n<ul>\n<li>Bloco Feminino \u2013 R$ 180 (meia entrada ou social) | R$ 360 (inteira)<\/li>\n<\/ul>\n<ul>\n<li>Bloco Masculino \u2013 R$ 210 (meia entrada ou social) | R$ 420 (inteira)<\/li>\n<\/ul>\n<ul>\n<li>Camarote Feminino \u2013 R$ 320 (meia entrada ou social) | R$ 640 (inteira)<\/li>\n<\/ul>\n<ul>\n<li>Camarote Masculino \u2013 R$ 350 (meia entrada ou social) | R$ 700 (inteira)<\/li>\n<\/ul>\n<p><em>Os valores est\u00e3o sujeito \u00e0 altera\u00e7\u00e3o.<\/em><\/p>\n<p><strong>Servi\u00e7o<\/strong><\/p>\n<p><em>RP Folia 2024<\/em><\/p>\n<p>Quando: 14 de setembro (s\u00e1bado)<\/p>\n<p>Hor\u00e1rio: a partir das 14h<\/p>\n<p>Onde: Est\u00e1dio Palma Travassos \u2013 avenida Dr. Pl\u00ednio de Castro Prado, 1000 \u2013 Jardim Paulista,<\/p>\n<p>Convites: a partir de R$180,00 \u2013<a href=\"https:\/\/www.blueticket.com.br\/evento\/35113\/rp-folia-2024-2o-edicao\" target=\"_blank\" rel=\"noreferrer noopener\"> clique aqui para adquirir<\/a><\/p>\n<hr class=\"wp-block-separator has-alpha-channel-opacity\"\/>\n<p>SAIBA MAIS<\/p>\n<p>Regi\u00e3o de Ribeir\u00e3o Preto recebe Festival Gastron\u00f4mico di San Gennaro<\/p>\n<h4 class=\"wp-block-heading\"><strong>FIQUE ON<\/strong><\/h4>\n<p>Fique ligado em tudo que acontece em Ribeir\u00e3o Preto e regi\u00e3o. Siga os perfis do\u00a0<strong>acidade on\u00a0<\/strong>no\u00a0<a href=\"https:\/\/www.instagram.com\/acidadeonribeirao\" target=\"_blank\" rel=\"noreferrer noopener\">Instagram\u00a0<\/a>e no\u00a0<a href=\"https:\/\/www.facebook.com\/acidadeonribeirao\/\" target=\"_blank\" rel=\"noreferrer noopener\">Facebook<\/a>.<\/p>\n<p>Receba not\u00edcias do<strong>\u00a0acidade on\u00a0<\/strong>no WhatsApp.\u00a0<a href=\"https:\/\/chat.whatsapp.com\/Dtv9mxhy6V5BJBotM2OQ5k\" target=\"_blank\" rel=\"noreferrer noopener\">Para entrar no grupo, basta clicar aqui.<\/a><\/p>\n<p>Fa\u00e7a uma den\u00fancia ou sugira uma reportagem sobre Ribeir\u00e3o Preto e regi\u00e3o pelo WhatsApp: 16 99117 7802.<\/p>\n<p>VEJA TAMB\u00c9M<\/p>\n<p>Quando \u2018Chaves\u2019 volta \u00e0 TV?<\/p>\n<p><!-- CONTENT END 1 -->\n<\/div>\n<p><script async src=\"\/\/www.instagram.com\/embed.js\"><\/script><br \/>\n<br \/><br \/>\n<br \/><a href=\"https:\/\/www.acidadeon.com\/ribeiraopreto\/lazer-e-cultura\/saudades-do-carnaval-micareta-acontece-na-zona-leste-de-ribeirao\/\">Source link <\/a><\/p>\n","protected":false},"excerpt":{"rendered":"<p>Est\u00e1 com saudades do carnaval? Ribeir\u00e3o Preto recebe mais uma edi\u00e7\u00e3o do RP Folia no est\u00e1dio Palma Travassos, zona Leste do munic\u00edpio, no s\u00e1bado (14),&#8230;<\/p>\n","protected":false},"author":1,"featured_media":57721,"comment_status":"open","ping_status":"open","sticky":false,"template":"","format":"standard","meta":{"advanced_seo_description":"","jetpack_seo_html_title":"","jetpack_seo_noindex":false,"jetpack_post_was_ever_published":false,"_jetpack_newsletter_access":"","_jetpack_dont_email_post_to_subs":false,"_jetpack_newsletter_tier_id":0,"_jetpack_memberships_contains_paywalled_content":false,"_jetpack_memberships_contains_paid_content":false,"footnotes":"","jetpack_publicize_message":"","jetpack_publicize_feature_enabled":true,"jetpack_social_post_already_shared":true,"jetpack_social_options":{"image_generator_settings":{"template":"highway","default_image_id":0,"font":"","enabled":false},"version":2}},"categories":[11],"tags":[],"class_list":["post-57720","post","type-post","status-publish","format-standard","has-post-thumbnail","hentry","category-noticias-de-ribeirao-preto-sp-e-regiao-ismael-colosi"],"jetpack_publicize_connections":[],"jetpack_featured_media_url":"https:\/\/i0.wp.com\/noticiasribeiraopreto.com.br\/wp-content\/uploads\/2024\/09\/handler_2024-09-08_19-28-36_jpg_2024-09-08_19-28-36-e1725824472358.webp.webp?fit=560%2C323&ssl=1","jetpack-related-posts":[{"id":46288,"url":"https:\/\/noticiasribeiraopreto.com.br\/index.php\/2024\/04\/10\/carnaval-fora-de-epoca-um-amor-em-cada-bloco-agita-ribeirao-preto-veja-quando\/","url_meta":{"origin":57720,"position":0},"title":"Carnaval fora de \u00e9poca: &#8216;Um Amor em Cada Bloco&#8217; agita Ribeir\u00e3o Preto; Veja quando","author":"noticiasribeiraopreto.com.br","date":"10 de April de 2024","format":false,"excerpt":"Os foli\u00f5es que est\u00e3o com saudades do Carnaval podem comemorar: Ribeir\u00e3o Preto recebe a primeira edi\u00e7\u00e3o p\u00f3s-carnaval do \u2018Um Amor em Cada Bloco\u2019, nesta sexta-feira (12), a partir das 20h. \u00a0 A festa organizada pelo Coletivo Bandalha acontece na F\u00e1brica de Extintores, no bairro Campos El\u00edseos, zona Norte de Ribeir\u00e3o\u2026","rel":"","context":"In &quot;Not\u00edcias de Ribeir\u00e3o Preto-SP e Regi\u00e3o&quot;","block_context":{"text":"Not\u00edcias de Ribeir\u00e3o Preto-SP e Regi\u00e3o","link":"https:\/\/noticiasribeiraopreto.com.br\/index.php\/category\/noticias-de-ribeirao-preto-sp-e-regiao-ismael-colosi\/"},"img":{"alt_text":"","src":"https:\/\/i0.wp.com\/noticiasribeiraopreto.com.br\/wp-content\/uploads\/2024\/04\/AnyConv.com__colorful-confetti-dark-background-with-bokeh-effect-scaled.webp.webp?fit=1200%2C800&ssl=1&resize=350%2C200","width":350,"height":200,"srcset":"https:\/\/i0.wp.com\/noticiasribeiraopreto.com.br\/wp-content\/uploads\/2024\/04\/AnyConv.com__colorful-confetti-dark-background-with-bokeh-effect-scaled.webp.webp?fit=1200%2C800&ssl=1&resize=350%2C200 1x, https:\/\/i0.wp.com\/noticiasribeiraopreto.com.br\/wp-content\/uploads\/2024\/04\/AnyConv.com__colorful-confetti-dark-background-with-bokeh-effect-scaled.webp.webp?fit=1200%2C800&ssl=1&resize=525%2C300 1.5x, https:\/\/i0.wp.com\/noticiasribeiraopreto.com.br\/wp-content\/uploads\/2024\/04\/AnyConv.com__colorful-confetti-dark-background-with-bokeh-effect-scaled.webp.webp?fit=1200%2C800&ssl=1&resize=700%2C400 2x, https:\/\/i0.wp.com\/noticiasribeiraopreto.com.br\/wp-content\/uploads\/2024\/04\/AnyConv.com__colorful-confetti-dark-background-with-bokeh-effect-scaled.webp.webp?fit=1200%2C800&ssl=1&resize=1050%2C600 3x"},"classes":[]},{"id":66780,"url":"https:\/\/noticiasribeiraopreto.com.br\/index.php\/2025\/04\/05\/micareta-de-ribeirao-preto-confirma-saulo-fernandes-em-line-up\/","url_meta":{"origin":57720,"position":1},"title":"Micareta de Ribeir\u00e3o Preto confirma Saulo Fernandes em line-up","author":"noticiasribeiraopreto.com.br","date":"5 de April de 2025","format":false,"excerpt":"O RP Folia confirmou o cantor e compositor Saulo Fernandes como uma das atra\u00e7\u00f5es da \u2018micareta fora de \u00e9poca\u2019. O evento acontece no dia 27 de setembro, em Ribeir\u00e3o Preto. Al\u00e9m de Saulo Fernandes, a organiza\u00e7\u00e3o do evento tamb\u00e9m j\u00e1 confirmou Bell Marques e a Banda Eva como atra\u00e7\u00f5es da\u2026","rel":"","context":"In &quot;Not\u00edcias de Ribeir\u00e3o Preto-SP e Regi\u00e3o&quot;","block_context":{"text":"Not\u00edcias de Ribeir\u00e3o Preto-SP e Regi\u00e3o","link":"https:\/\/noticiasribeiraopreto.com.br\/index.php\/category\/noticias-de-ribeirao-preto-sp-e-regiao-ismael-colosi\/"},"img":{"alt_text":"","src":"https:\/\/i0.wp.com\/noticiasribeiraopreto.com.br\/wp-content\/uploads\/2025\/04\/Copia-de-Copia-de-Copia-de-TAMANHO-EXATO-PARA-FOTOS-NO-SISTEMA-NOVO-41_2025-04-05_13-38-29_jpg_2025-04-05_13-38-30.webp.webp?fit=1200%2C675&ssl=1&resize=350%2C200","width":350,"height":200,"srcset":"https:\/\/i0.wp.com\/noticiasribeiraopreto.com.br\/wp-content\/uploads\/2025\/04\/Copia-de-Copia-de-Copia-de-TAMANHO-EXATO-PARA-FOTOS-NO-SISTEMA-NOVO-41_2025-04-05_13-38-29_jpg_2025-04-05_13-38-30.webp.webp?fit=1200%2C675&ssl=1&resize=350%2C200 1x, https:\/\/i0.wp.com\/noticiasribeiraopreto.com.br\/wp-content\/uploads\/2025\/04\/Copia-de-Copia-de-Copia-de-TAMANHO-EXATO-PARA-FOTOS-NO-SISTEMA-NOVO-41_2025-04-05_13-38-29_jpg_2025-04-05_13-38-30.webp.webp?fit=1200%2C675&ssl=1&resize=525%2C300 1.5x, https:\/\/i0.wp.com\/noticiasribeiraopreto.com.br\/wp-content\/uploads\/2025\/04\/Copia-de-Copia-de-Copia-de-TAMANHO-EXATO-PARA-FOTOS-NO-SISTEMA-NOVO-41_2025-04-05_13-38-29_jpg_2025-04-05_13-38-30.webp.webp?fit=1200%2C675&ssl=1&resize=700%2C400 2x, https:\/\/i0.wp.com\/noticiasribeiraopreto.com.br\/wp-content\/uploads\/2025\/04\/Copia-de-Copia-de-Copia-de-TAMANHO-EXATO-PARA-FOTOS-NO-SISTEMA-NOVO-41_2025-04-05_13-38-29_jpg_2025-04-05_13-38-30.webp.webp?fit=1200%2C675&ssl=1&resize=1050%2C600 3x"},"classes":[]},{"id":65981,"url":"https:\/\/noticiasribeiraopreto.com.br\/index.php\/2025\/03\/26\/banda-eva-e-atracao-confirmada-em-micareta-de-ribeirao-preto\/","url_meta":{"origin":57720,"position":2},"title":"Banda Eva \u00e9 atra\u00e7\u00e3o confirmada em micareta de Ribeir\u00e3o Preto","author":"noticiasribeiraopreto.com.br","date":"26 de March de 2025","format":false,"excerpt":"A organiza\u00e7\u00e3o do RP Folia anunciou nesta ter\u00e7a-feira (26) a Banda Eva como uma das atra\u00e7\u00f5es do evento. A micareta fora de \u00e9poca acontece no dia 27 de setembro, em Ribeir\u00e3o Preto. Com quase 45 anos de hist\u00f3ria, a Banda Eva, que tamb\u00e9m foi atra\u00e7\u00e3o da primeira edi\u00e7\u00e3o do RP\u2026","rel":"","context":"In &quot;Not\u00edcias de Ribeir\u00e3o Preto-SP e Regi\u00e3o&quot;","block_context":{"text":"Not\u00edcias de Ribeir\u00e3o Preto-SP e Regi\u00e3o","link":"https:\/\/noticiasribeiraopreto.com.br\/index.php\/category\/noticias-de-ribeirao-preto-sp-e-regiao-ismael-colosi\/"},"img":{"alt_text":"","src":"https:\/\/i0.wp.com\/noticiasribeiraopreto.com.br\/wp-content\/uploads\/2025\/03\/Copia-de-Copia-de-Copia-de-TAMANHO-EXATO-PARA-FOTOS-NO-SISTEMA-NOVO-35_2025-03-26_15-08-49_jpg_2025-03-26_15-08-50.webp.webp?fit=1200%2C675&ssl=1&resize=350%2C200","width":350,"height":200,"srcset":"https:\/\/i0.wp.com\/noticiasribeiraopreto.com.br\/wp-content\/uploads\/2025\/03\/Copia-de-Copia-de-Copia-de-TAMANHO-EXATO-PARA-FOTOS-NO-SISTEMA-NOVO-35_2025-03-26_15-08-49_jpg_2025-03-26_15-08-50.webp.webp?fit=1200%2C675&ssl=1&resize=350%2C200 1x, https:\/\/i0.wp.com\/noticiasribeiraopreto.com.br\/wp-content\/uploads\/2025\/03\/Copia-de-Copia-de-Copia-de-TAMANHO-EXATO-PARA-FOTOS-NO-SISTEMA-NOVO-35_2025-03-26_15-08-49_jpg_2025-03-26_15-08-50.webp.webp?fit=1200%2C675&ssl=1&resize=525%2C300 1.5x, https:\/\/i0.wp.com\/noticiasribeiraopreto.com.br\/wp-content\/uploads\/2025\/03\/Copia-de-Copia-de-Copia-de-TAMANHO-EXATO-PARA-FOTOS-NO-SISTEMA-NOVO-35_2025-03-26_15-08-49_jpg_2025-03-26_15-08-50.webp.webp?fit=1200%2C675&ssl=1&resize=700%2C400 2x, https:\/\/i0.wp.com\/noticiasribeiraopreto.com.br\/wp-content\/uploads\/2025\/03\/Copia-de-Copia-de-Copia-de-TAMANHO-EXATO-PARA-FOTOS-NO-SISTEMA-NOVO-35_2025-03-26_15-08-49_jpg_2025-03-26_15-08-50.webp.webp?fit=1200%2C675&ssl=1&resize=1050%2C600 3x"},"classes":[]},{"id":65384,"url":"https:\/\/noticiasribeiraopreto.com.br\/index.php\/2025\/03\/19\/bell-marques-e-confirmado-em-micareta-de-ribeirao-preto\/","url_meta":{"origin":57720,"position":3},"title":"Bell Marques \u00e9 confirmado em micareta de Ribeir\u00e3o Preto","author":"noticiasribeiraopreto.com.br","date":"19 de March de 2025","format":false,"excerpt":"A organiza\u00e7\u00e3o do RP Folia 2025 confirmou o cantor Bell Marques na 3\u00aa edi\u00e7\u00e3o do evento, no dia 27 de setembro, a partir das 14h, em Ribeir\u00e3o Preto. O local da micareta, por\u00e9m, ainda dever\u00e1 ser divulgado. Os ingressos come\u00e7am a ser vendidos a partir do dia 7 de abril,\u2026","rel":"","context":"In &quot;Not\u00edcias de Ribeir\u00e3o Preto-SP e Regi\u00e3o&quot;","block_context":{"text":"Not\u00edcias de Ribeir\u00e3o Preto-SP e Regi\u00e3o","link":"https:\/\/noticiasribeiraopreto.com.br\/index.php\/category\/noticias-de-ribeirao-preto-sp-e-regiao-ismael-colosi\/"},"img":{"alt_text":"","src":"https:\/\/i0.wp.com\/noticiasribeiraopreto.com.br\/wp-content\/uploads\/2024\/09\/bell-marques_2024-09-13_15-25-54_jpg_2024-09-13_15-25-54.webp.webp?fit=1200%2C874&ssl=1&resize=350%2C200","width":350,"height":200,"srcset":"https:\/\/i0.wp.com\/noticiasribeiraopreto.com.br\/wp-content\/uploads\/2024\/09\/bell-marques_2024-09-13_15-25-54_jpg_2024-09-13_15-25-54.webp.webp?fit=1200%2C874&ssl=1&resize=350%2C200 1x, https:\/\/i0.wp.com\/noticiasribeiraopreto.com.br\/wp-content\/uploads\/2024\/09\/bell-marques_2024-09-13_15-25-54_jpg_2024-09-13_15-25-54.webp.webp?fit=1200%2C874&ssl=1&resize=525%2C300 1.5x, https:\/\/i0.wp.com\/noticiasribeiraopreto.com.br\/wp-content\/uploads\/2024\/09\/bell-marques_2024-09-13_15-25-54_jpg_2024-09-13_15-25-54.webp.webp?fit=1200%2C874&ssl=1&resize=700%2C400 2x, https:\/\/i0.wp.com\/noticiasribeiraopreto.com.br\/wp-content\/uploads\/2024\/09\/bell-marques_2024-09-13_15-25-54_jpg_2024-09-13_15-25-54.webp.webp?fit=1200%2C874&ssl=1&resize=1050%2C600 3x"},"classes":[]},{"id":63623,"url":"https:\/\/noticiasribeiraopreto.com.br\/index.php\/2025\/02\/18\/bloco-california-tudo-o-que-voce-precisa-saber-sobre-o-maior-pre-carnaval-da-regiao\/","url_meta":{"origin":57720,"position":4},"title":"Bloco Calif\u00f3rnia: tudo o que voc\u00ea precisa saber sobre o maior pr\u00e9-carnaval da regi\u00e3o","author":"noticiasribeiraopreto.com.br","date":"18 de February de 2025","format":false,"excerpt":"Bloco Calif\u00f3rnia: tudo o que voc\u00ea precisa saber sobre o maior pr\u00e9-carnaval da regi\u00e3oJammil, DJ GBR, Valesca Popozuda, Tati Romero, Jana Lima e Tom Baratella est\u00e3o entre os confirmados na programa\u00e7\u00e3o do evento, que acontece no pr\u00f3ximo s\u00e1bado, dia 22 de fevereiro, no Est\u00e1dio Palma Travassos Abrindo alas para o\u2026","rel":"","context":"In &quot;Not\u00edcias de Ribeir\u00e3o Preto-SP e Regi\u00e3o&quot;","block_context":{"text":"Not\u00edcias de Ribeir\u00e3o Preto-SP e Regi\u00e3o","link":"https:\/\/noticiasribeiraopreto.com.br\/index.php\/category\/noticias-de-ribeirao-preto-sp-e-regiao-ismael-colosi\/"},"img":{"alt_text":"","src":"https:\/\/i0.wp.com\/noticiasribeiraopreto.com.br\/wp-content\/uploads\/2025\/02\/Imagem-do-WhatsApp-de-2025-02-17-as-15.30.24_37fc7792.jpg?fit=1200%2C801&ssl=1&resize=350%2C200","width":350,"height":200,"srcset":"https:\/\/i0.wp.com\/noticiasribeiraopreto.com.br\/wp-content\/uploads\/2025\/02\/Imagem-do-WhatsApp-de-2025-02-17-as-15.30.24_37fc7792.jpg?fit=1200%2C801&ssl=1&resize=350%2C200 1x, https:\/\/i0.wp.com\/noticiasribeiraopreto.com.br\/wp-content\/uploads\/2025\/02\/Imagem-do-WhatsApp-de-2025-02-17-as-15.30.24_37fc7792.jpg?fit=1200%2C801&ssl=1&resize=525%2C300 1.5x, https:\/\/i0.wp.com\/noticiasribeiraopreto.com.br\/wp-content\/uploads\/2025\/02\/Imagem-do-WhatsApp-de-2025-02-17-as-15.30.24_37fc7792.jpg?fit=1200%2C801&ssl=1&resize=700%2C400 2x, https:\/\/i0.wp.com\/noticiasribeiraopreto.com.br\/wp-content\/uploads\/2025\/02\/Imagem-do-WhatsApp-de-2025-02-17-as-15.30.24_37fc7792.jpg?fit=1200%2C801&ssl=1&resize=1050%2C600 3x"},"classes":[]},{"id":47909,"url":"https:\/\/noticiasribeiraopreto.com.br\/index.php\/2024\/04\/29\/micareta-tem-jammil-mc-melody-e-mais-14-atracoes-em-ribeirao-veja-como-comprar-ingressos\/","url_meta":{"origin":57720,"position":5},"title":"Micareta tem Jammil, MC Melody e mais 14 atra\u00e7\u00f5es em Ribeir\u00e3o; Veja como comprar ingressos","author":"noticiasribeiraopreto.com.br","date":"29 de April de 2024","format":false,"excerpt":"No pr\u00f3ximo s\u00e1bado (4), Jammil e Uma Noites, Mc Melody e mais 14 atra\u00e7\u00f5es se apresentam na micareta universit\u00e1ria CarnaDoze, em Ribeir\u00e3o Preto. O evento, que ter\u00e1 in\u00edcio a partir das 14h, no Espa\u00e7o CHF, conta com 12 horas de open bar, pared\u00e3o de som, al\u00e9m de espa\u00e7o para personaliza\u00e7\u00e3o\u2026","rel":"","context":"In &quot;Not\u00edcias de Ribeir\u00e3o Preto-SP e Regi\u00e3o&quot;","block_context":{"text":"Not\u00edcias de Ribeir\u00e3o Preto-SP e Regi\u00e3o","link":"https:\/\/noticiasribeiraopreto.com.br\/index.php\/category\/noticias-de-ribeirao-preto-sp-e-regiao-ismael-colosi\/"},"img":{"alt_text":"","src":"https:\/\/i0.wp.com\/noticiasribeiraopreto.com.br\/wp-content\/uploads\/2024\/04\/WhatsApp-Image-2024-04-29-at-11.29.15_2024-04-29_14-30-36_jpeg.webp.webp?fit=828%2C510&ssl=1&resize=350%2C200","width":350,"height":200,"srcset":"https:\/\/i0.wp.com\/noticiasribeiraopreto.com.br\/wp-content\/uploads\/2024\/04\/WhatsApp-Image-2024-04-29-at-11.29.15_2024-04-29_14-30-36_jpeg.webp.webp?fit=828%2C510&ssl=1&resize=350%2C200 1x, https:\/\/i0.wp.com\/noticiasribeiraopreto.com.br\/wp-content\/uploads\/2024\/04\/WhatsApp-Image-2024-04-29-at-11.29.15_2024-04-29_14-30-36_jpeg.webp.webp?fit=828%2C510&ssl=1&resize=525%2C300 1.5x, https:\/\/i0.wp.com\/noticiasribeiraopreto.com.br\/wp-content\/uploads\/2024\/04\/WhatsApp-Image-2024-04-29-at-11.29.15_2024-04-29_14-30-36_jpeg.webp.webp?fit=828%2C510&ssl=1&resize=700%2C400 2x"},"classes":[]}],"jetpack_sharing_enabled":true,"jetpack_shortlink":"https:\/\/wp.me\/peQAOb-f0Y","_links":{"self":[{"href":"https:\/\/noticiasribeiraopreto.com.br\/index.php\/wp-json\/wp\/v2\/posts\/57720","targetHints":{"allow":["GET"]}}],"collection":[{"href":"https:\/\/noticiasribeiraopreto.com.br\/index.php\/wp-json\/wp\/v2\/posts"}],"about":[{"href":"https:\/\/noticiasribeiraopreto.com.br\/index.php\/wp-json\/wp\/v2\/types\/post"}],"author":[{"embeddable":true,"href":"https:\/\/noticiasribeiraopreto.com.br\/index.php\/wp-json\/wp\/v2\/users\/1"}],"replies":[{"embeddable":true,"href":"https:\/\/noticiasribeiraopreto.com.br\/index.php\/wp-json\/wp\/v2\/comments?post=57720"}],"version-history":[{"count":0,"href":"https:\/\/noticiasribeiraopreto.com.br\/index.php\/wp-json\/wp\/v2\/posts\/57720\/revisions"}],"wp:featuredmedia":[{"embeddable":true,"href":"https:\/\/noticiasribeiraopreto.com.br\/index.php\/wp-json\/wp\/v2\/media\/57721"}],"wp:attachment":[{"href":"https:\/\/noticiasribeiraopreto.com.br\/index.php\/wp-json\/wp\/v2\/media?parent=57720"}],"wp:term":[{"taxonomy":"category","embeddable":true,"href":"https:\/\/noticiasribeiraopreto.com.br\/index.php\/wp-json\/wp\/v2\/categories?post=57720"},{"taxonomy":"post_tag","embeddable":true,"href":"https:\/\/noticiasribeiraopreto.com.br\/index.php\/wp-json\/wp\/v2\/tags?post=57720"}],"curies":[{"name":"wp","href":"https:\/\/api.w.org\/{rel}","templated":true}]}}