{"id":5893,"date":"2023-11-24T16:09:29","date_gmt":"2023-11-24T19:09:29","guid":{"rendered":"https:\/\/noticiasribeiraopreto.com.br\/index.php\/2023\/11\/24\/veja-qual-sera-o-trajeto-da-caravana-de-natal-da-coca-cola-em-ribeirao-preto\/"},"modified":"2023-11-24T16:09:29","modified_gmt":"2023-11-24T19:09:29","slug":"veja-qual-sera-o-trajeto-da-caravana-de-natal-da-coca-cola-em-ribeirao-preto","status":"publish","type":"post","link":"https:\/\/noticiasribeiraopreto.com.br\/index.php\/2023\/11\/24\/veja-qual-sera-o-trajeto-da-caravana-de-natal-da-coca-cola-em-ribeirao-preto\/","title":{"rendered":"Veja qual ser\u00e1 o trajeto da Caravana de Natal da Coca-Cola em Ribeir\u00e3o Preto"},"content":{"rendered":"<div class='code-block code-block-1' style='margin: 8px 0 8px auto; text-align: right; display: block; clear: both;'>\n<p><a href=\"https:\/\/wa.link\/vpicfd\"><img data-recalc-dims=\"1\" class=\"wp-image-4922\" style=\"aspect-ratio: 2.0253164556962027; width: 561px; height: auto;\" src=\"https:\/\/i0.wp.com\/ismaelcolosi.com.br\/wp-content\/uploads\/2023\/11\/grupo-de-empregos-whatsapp-e-facebook-ismael-colosi-vagas.jpg?ssl=1\" alt=\"\" \/><\/a><\/p>\n<!-- \/wp:image -->\n<\/div>\n<p> <br \/>\n<\/p>\n<div>\n<p>A<strong> Caravana de Natal da Coca-Cola<\/strong> vai passar por <strong>Ribeir\u00e3o Preto<\/strong> at\u00e9 o dia 21 de dezembro em diversos pontos da cidade. De acordo com a empresa, <strong>ser\u00e3o cinco caminh\u00f5es iluminados<\/strong> que percorreram o munic\u00edpio em <strong>tr\u00eas datas diferentes.<\/strong><\/p>\n<p>Neste ano, o tema central da campanha \u2018Desperte o Papai Noel que h\u00e1 em voc\u00ea\u2019, busca encorajar todos os participantes a abra\u00e7arem seus \u2018<strong>Papais No\u00e9is interiores\u2019<\/strong>. <mark style=\"background-color:#fcb900\" class=\"has-inline-color\">Veja abaixo mais informa\u00e7\u00f5es sobre o evento.<\/mark><\/p>\n<h4 class=\"wp-block-heading\"><strong>Quando acontece a Caravana de Natal?<\/strong><\/h4>\n<p>De acordo com a Coca-Cola Andina, a <strong>Caravana de Natal<\/strong> vai circular por <strong>Ribeir\u00e3o Preto<\/strong> nos <strong><mark style=\"background-color:#fcb900\" class=\"has-inline-color\">dias 11, 20 e 21 de dezembro.<\/mark><\/strong><\/p>\n<p>Nos tr\u00eas dias os ve\u00edculos <strong>v\u00e3o come\u00e7ar a rodar pela cidade \u00e0s 19h<\/strong>. A previs\u00e3o \u00e9 de que o percurso seja realizado at\u00e9 \u00e0s 22h.<\/p>\n<h4 class=\"wp-block-heading\"><strong>Qual ser\u00e1 o trajeto?<\/strong><\/h4>\n<p>Os trajetos realizados pela<strong> Caravana de Natal<\/strong> ser\u00e3o distintos, portanto, \u00e9 importante ficar atento ao dia e aos pontos de refer\u00eancia que os ve\u00edculos passar\u00e3o.<\/p>\n<p>No dia 11 de dezembro, o Papai Noel e os caminh\u00f5es iluminados v\u00e3o come\u00e7ar o trajeto na rua Municipal, 252, no Campos El\u00edsios, na zona Norte. A caravana percorrer\u00e1 parte do Centro e o destino final ser\u00e1 a sede Coca-Cola, na avenida Dom Pedro I, 2270, no Ipiranga.<\/p>\n<p>No dia 20 de dezembro, a caravana sai do Novo Shopping Center, na avenida Presidente Kennedy, na zona Leste, depois corta a regi\u00e3o central, e finaliza o trajeto tamb\u00e9m na sede da Coca, no bairro Ipiranga, zona Norte.<\/p>\n<p>No \u00faltimo dia, em 21 de dezembro, a caravana vai passar pelas regi\u00f5es da zona Sul, partindo da avenida Professor Jo\u00e3o Fi\u00fasa. O destino final \u00e9 a avenida Le\u00e3o XIII.\u00a0<\/p>\n<p><strong><mark style=\"background-color:#fcb900\" class=\"has-inline-color\">Contudo, vale ressaltar que as rotas est\u00e3o sujeitas a altera\u00e7\u00f5es sem aviso pr\u00e9vio.<\/mark><\/strong><\/p>\n<p>VEJA MAIS<\/p>\n<p>Ribeir\u00e3o Preto tem novo leil\u00e3o de carros antigos; H\u00e1 modelos usados em filmes<\/p>\n<h4 class=\"wp-block-heading\"><strong><mark style=\"background-color:#fcb900\" class=\"has-inline-color\">FIQUE ON<\/mark><\/strong><\/h4>\n<p>Fique ligado em tudo que acontece em Ribeir\u00e3o Preto e regi\u00e3o. Siga os perfis do acidade on no <a href=\"https:\/\/www.instagram.com\/acidadeonribeirao\/\" target=\"_blank\" rel=\"noreferrer noopener\">Instagram <\/a>e no <a href=\"https:\/\/www.facebook.com\/acidadeonribeirao\/\" target=\"_blank\" rel=\"noreferrer noopener\">Facebook<\/a>.<\/p>\n<p>Receba not\u00edcias do acidade on no WhatsApp. <a href=\"https:\/\/chat.whatsapp.com\/Bnv2w66ZT4VDyZW3oiZ69n\" target=\"_blank\" rel=\"noreferrer noopener\">Para entrar no grupo, basta clicar aqui.<\/a><\/p>\n<p>Fa\u00e7a uma den\u00fancia ou sugira uma reportagem sobre Ribeir\u00e3o Preto e regi\u00e3o pelo WhatsApp: (16) 99117 7802.<\/p>\n<p>LEIA TAMB\u00c9M<\/p>\n<p><a href=\"https:\/\/www.tudoep.com\/tudo-receitas\/NOT,0,0,1868177,beijinho-de-arroz-aprenda-a-fazer-essa-deliciosa-sobremesa-feita-por-ana-maria-braga.aspx\" target=\"_blank\" rel=\"noreferrer noopener\">Beijinho de arroz: aprenda a fazer essa deliciosa sobremesa feita por Ana Maria Braga<\/a><\/p>\n<p><!-- AI CONTENT END 1 -->\n<\/div>\n<p><script async src=\"\/\/www.instagram.com\/embed.js\"><\/script><br \/>\n<br \/><br \/>\n<br \/><a href=\"https:\/\/www.acidadeon.com\/ribeiraopreto\/lazer-e-cultura\/veja-qual-sera-o-trajeto-da-caravana-de-natal-da-coca-cola-em-ribeirao-preto\/\">Source link <\/a><\/p>\n<!-- CONTENT END 1 -->\n","protected":false},"excerpt":{"rendered":"<p>A Caravana de Natal da Coca-Cola vai passar por Ribeir\u00e3o Preto at\u00e9 o dia 21 de dezembro em diversos pontos da cidade. De acordo com&#8230;<\/p>\n","protected":false},"author":1,"featured_media":5894,"comment_status":"open","ping_status":"open","sticky":false,"template":"","format":"standard","meta":{"advanced_seo_description":"","jetpack_seo_html_title":"","jetpack_seo_noindex":false,"jetpack_post_was_ever_published":false,"_jetpack_newsletter_access":"","_jetpack_dont_email_post_to_subs":false,"_jetpack_newsletter_tier_id":0,"_jetpack_memberships_contains_paywalled_content":false,"_jetpack_memberships_contains_paid_content":false,"footnotes":"","jetpack_publicize_message":"","jetpack_publicize_feature_enabled":true,"jetpack_social_post_already_shared":true,"jetpack_social_options":{"image_generator_settings":{"template":"highway","default_image_id":0,"font":"","enabled":false},"version":2}},"categories":[11],"tags":[601,602,288,27,659,26,172,660,48],"class_list":["post-5893","post","type-post","status-publish","format-standard","has-post-thumbnail","hentry","category-noticias-de-ribeirao-preto-sp-e-regiao-ismael-colosi","tag-caravana","tag-cocacola","tag-natal","tag-preto","tag-qual","tag-ribeirao","tag-sera","tag-trajeto","tag-veja"],"jetpack_publicize_connections":[],"jetpack_featured_media_url":"https:\/\/i0.wp.com\/noticiasribeiraopreto.com.br\/wp-content\/uploads\/2023\/11\/cxpia_de_tamanho_exato_para_fotos_no_sistema_novo.jpg?fit=1200%2C675&ssl=1","jetpack-related-posts":[{"id":60832,"url":"https:\/\/noticiasribeiraopreto.com.br\/index.php\/2024\/11\/26\/confira-o-trajeto-da-caravana-de-natal-da-coca-cola-em-ribeirao-preto\/","url_meta":{"origin":5893,"position":0},"title":"Confira o trajeto da Caravana de Natal da Coca-Cola em Ribeir\u00e3o Preto","author":"noticiasribeiraopreto.com.br","date":"26 de November de 2024","format":false,"excerpt":"A Caravana de Natal da Coca-Cola vai passar em Ribeir\u00e3o Preto entre os dias 1, 13 e 22 de dezembro. Os caminh\u00f5es decorados, iluminados e com o Papai Noel sair\u00e3o de pontos espec\u00edficos da cidade e percorreram diversos bairros. Com o tema \u201cDesperte o Papai Noel que h\u00e1 em Voc\u00ea\u201d,\u2026","rel":"","context":"In &quot;Not\u00edcias de Ribeir\u00e3o Preto-SP e Regi\u00e3o&quot;","block_context":{"text":"Not\u00edcias de Ribeir\u00e3o Preto-SP e Regi\u00e3o","link":"https:\/\/noticiasribeiraopreto.com.br\/index.php\/category\/noticias-de-ribeirao-preto-sp-e-regiao-ismael-colosi\/"},"img":{"alt_text":"","src":"https:\/\/i0.wp.com\/noticiasribeiraopreto.com.br\/wp-content\/uploads\/2024\/11\/carreata_natal_1024x576_20122019154323.jpg?fit=1024%2C576&ssl=1&resize=350%2C200","width":350,"height":200,"srcset":"https:\/\/i0.wp.com\/noticiasribeiraopreto.com.br\/wp-content\/uploads\/2024\/11\/carreata_natal_1024x576_20122019154323.jpg?fit=1024%2C576&ssl=1&resize=350%2C200 1x, https:\/\/i0.wp.com\/noticiasribeiraopreto.com.br\/wp-content\/uploads\/2024\/11\/carreata_natal_1024x576_20122019154323.jpg?fit=1024%2C576&ssl=1&resize=525%2C300 1.5x, https:\/\/i0.wp.com\/noticiasribeiraopreto.com.br\/wp-content\/uploads\/2024\/11\/carreata_natal_1024x576_20122019154323.jpg?fit=1024%2C576&ssl=1&resize=700%2C400 2x"},"classes":[]},{"id":61477,"url":"https:\/\/noticiasribeiraopreto.com.br\/index.php\/2024\/12\/13\/caravana-da-coca-cola-passa-por-ribeirao-nesta-sexta-feira-veja-o-trajeto\/","url_meta":{"origin":5893,"position":1},"title":"Caravana da Coca-Cola passa por Ribeir\u00e3o nesta sexta-feira; Veja o trajeto","author":"noticiasribeiraopreto.com.br","date":"13 de December de 2024","format":false,"excerpt":"A Caravana da Coca-Cola retorna para Ribeir\u00e3o Preto nesta sexta-feira (13). Os caminh\u00f5es decorados, iluminados e com o Papai Noel sair\u00e3o de pontos espec\u00edficos da cidade e percorreram diversos bairros \u2013 veja o trajeto abaixo. Com o tema \u201cDesperte o Papai Noel que h\u00e1 em Voc\u00ea\u201d, o desfile acontece todos\u2026","rel":"","context":"In &quot;Not\u00edcias de Ribeir\u00e3o Preto-SP e Regi\u00e3o&quot;","block_context":{"text":"Not\u00edcias de Ribeir\u00e3o Preto-SP e Regi\u00e3o","link":"https:\/\/noticiasribeiraopreto.com.br\/index.php\/category\/noticias-de-ribeirao-preto-sp-e-regiao-ismael-colosi\/"},"img":{"alt_text":"","src":"https:\/\/i0.wp.com\/noticiasribeiraopreto.com.br\/wp-content\/uploads\/2024\/12\/carreata-coca-cola.jpg?fit=1200%2C675&ssl=1&resize=350%2C200","width":350,"height":200,"srcset":"https:\/\/i0.wp.com\/noticiasribeiraopreto.com.br\/wp-content\/uploads\/2024\/12\/carreata-coca-cola.jpg?fit=1200%2C675&ssl=1&resize=350%2C200 1x, https:\/\/i0.wp.com\/noticiasribeiraopreto.com.br\/wp-content\/uploads\/2024\/12\/carreata-coca-cola.jpg?fit=1200%2C675&ssl=1&resize=525%2C300 1.5x, https:\/\/i0.wp.com\/noticiasribeiraopreto.com.br\/wp-content\/uploads\/2024\/12\/carreata-coca-cola.jpg?fit=1200%2C675&ssl=1&resize=700%2C400 2x, https:\/\/i0.wp.com\/noticiasribeiraopreto.com.br\/wp-content\/uploads\/2024\/12\/carreata-coca-cola.jpg?fit=1200%2C675&ssl=1&resize=1050%2C600 3x"},"classes":[]},{"id":61741,"url":"https:\/\/noticiasribeiraopreto.com.br\/index.php\/2024\/12\/20\/caravana-da-coca-cola-passa-por-ribeirao-neste-fim-de-semana-veja-o-trajeto\/","url_meta":{"origin":5893,"position":2},"title":"Caravana da Coca-Cola passa por Ribeir\u00e3o neste fim de semana; Veja o trajeto","author":"noticiasribeiraopreto.com.br","date":"20 de December de 2024","format":false,"excerpt":"Aqueles que ainda n\u00e3o conseguiram ver a Caravana de Natal da Coca-Cola passando por Ribeir\u00e3o Preto, ter\u00e3o mais uma chance neste final de semana. O comboio de caminh\u00f5es decorados, iluminados e com o Papai Noel passam pela \u00faltima vez neste domingo (22), por diversos bairros da cidade, a partir das\u2026","rel":"","context":"In &quot;Not\u00edcias de Ribeir\u00e3o Preto-SP e Regi\u00e3o&quot;","block_context":{"text":"Not\u00edcias de Ribeir\u00e3o Preto-SP e Regi\u00e3o","link":"https:\/\/noticiasribeiraopreto.com.br\/index.php\/category\/noticias-de-ribeirao-preto-sp-e-regiao-ismael-colosi\/"},"img":{"alt_text":"","src":"https:\/\/i0.wp.com\/noticiasribeiraopreto.com.br\/wp-content\/uploads\/2024\/11\/Copia-de-Copia-de-Copia-de-TAMANHO-EXATO-PARA-FOTOS-NO-SISTEMA-NOVO-2024-11-29T164936.356_2024-11-29_19-49-42_png_2024-11-29_19-49-42.webp.webp?fit=1200%2C675&ssl=1&resize=350%2C200","width":350,"height":200,"srcset":"https:\/\/i0.wp.com\/noticiasribeiraopreto.com.br\/wp-content\/uploads\/2024\/11\/Copia-de-Copia-de-Copia-de-TAMANHO-EXATO-PARA-FOTOS-NO-SISTEMA-NOVO-2024-11-29T164936.356_2024-11-29_19-49-42_png_2024-11-29_19-49-42.webp.webp?fit=1200%2C675&ssl=1&resize=350%2C200 1x, https:\/\/i0.wp.com\/noticiasribeiraopreto.com.br\/wp-content\/uploads\/2024\/11\/Copia-de-Copia-de-Copia-de-TAMANHO-EXATO-PARA-FOTOS-NO-SISTEMA-NOVO-2024-11-29T164936.356_2024-11-29_19-49-42_png_2024-11-29_19-49-42.webp.webp?fit=1200%2C675&ssl=1&resize=525%2C300 1.5x, https:\/\/i0.wp.com\/noticiasribeiraopreto.com.br\/wp-content\/uploads\/2024\/11\/Copia-de-Copia-de-Copia-de-TAMANHO-EXATO-PARA-FOTOS-NO-SISTEMA-NOVO-2024-11-29T164936.356_2024-11-29_19-49-42_png_2024-11-29_19-49-42.webp.webp?fit=1200%2C675&ssl=1&resize=700%2C400 2x, https:\/\/i0.wp.com\/noticiasribeiraopreto.com.br\/wp-content\/uploads\/2024\/11\/Copia-de-Copia-de-Copia-de-TAMANHO-EXATO-PARA-FOTOS-NO-SISTEMA-NOVO-2024-11-29T164936.356_2024-11-29_19-49-42_png_2024-11-29_19-49-42.webp.webp?fit=1200%2C675&ssl=1&resize=1050%2C600 3x"},"classes":[]},{"id":60952,"url":"https:\/\/noticiasribeiraopreto.com.br\/index.php\/2024\/11\/29\/caravana-de-natal-da-coca-cola-passa-por-cidades-da-regiao-de-ribeirao-veja-quais\/","url_meta":{"origin":5893,"position":3},"title":"Caravana de Natal da Coca-Cola passa por cidades da regi\u00e3o de Ribeir\u00e3o; Veja quais","author":"noticiasribeiraopreto.com.br","date":"29 de November de 2024","format":false,"excerpt":"A Caravana de Natal da Coca-Cola \u00e9 uma tradi\u00e7\u00e3o em diversas cidades da regi\u00e3o de Ribeir\u00e3o Preto. Nesta sexta-feira (29), o munic\u00edpio de Jaboticabal \u00e9 quem recebe o comboio iluminado \u2013 veja o trajeto abaixo. Com o tema \u201cDesperte o Papai Noel que h\u00e1 em Voc\u00ea\u201d, o desfile acontece sempre\u2026","rel":"","context":"In &quot;Not\u00edcias de Ribeir\u00e3o Preto-SP e Regi\u00e3o&quot;","block_context":{"text":"Not\u00edcias de Ribeir\u00e3o Preto-SP e Regi\u00e3o","link":"https:\/\/noticiasribeiraopreto.com.br\/index.php\/category\/noticias-de-ribeirao-preto-sp-e-regiao-ismael-colosi\/"},"img":{"alt_text":"","src":"https:\/\/i0.wp.com\/noticiasribeiraopreto.com.br\/wp-content\/uploads\/2024\/11\/Copia-de-Copia-de-Copia-de-TAMANHO-EXATO-PARA-FOTOS-NO-SISTEMA-NOVO-2024-11-29T164936.356_2024-11-29_19-49-42_png_2024-11-29_19-49-42.webp.webp?fit=1200%2C675&ssl=1&resize=350%2C200","width":350,"height":200,"srcset":"https:\/\/i0.wp.com\/noticiasribeiraopreto.com.br\/wp-content\/uploads\/2024\/11\/Copia-de-Copia-de-Copia-de-TAMANHO-EXATO-PARA-FOTOS-NO-SISTEMA-NOVO-2024-11-29T164936.356_2024-11-29_19-49-42_png_2024-11-29_19-49-42.webp.webp?fit=1200%2C675&ssl=1&resize=350%2C200 1x, https:\/\/i0.wp.com\/noticiasribeiraopreto.com.br\/wp-content\/uploads\/2024\/11\/Copia-de-Copia-de-Copia-de-TAMANHO-EXATO-PARA-FOTOS-NO-SISTEMA-NOVO-2024-11-29T164936.356_2024-11-29_19-49-42_png_2024-11-29_19-49-42.webp.webp?fit=1200%2C675&ssl=1&resize=525%2C300 1.5x, https:\/\/i0.wp.com\/noticiasribeiraopreto.com.br\/wp-content\/uploads\/2024\/11\/Copia-de-Copia-de-Copia-de-TAMANHO-EXATO-PARA-FOTOS-NO-SISTEMA-NOVO-2024-11-29T164936.356_2024-11-29_19-49-42_png_2024-11-29_19-49-42.webp.webp?fit=1200%2C675&ssl=1&resize=700%2C400 2x, https:\/\/i0.wp.com\/noticiasribeiraopreto.com.br\/wp-content\/uploads\/2024\/11\/Copia-de-Copia-de-Copia-de-TAMANHO-EXATO-PARA-FOTOS-NO-SISTEMA-NOVO-2024-11-29T164936.356_2024-11-29_19-49-42_png_2024-11-29_19-49-42.webp.webp?fit=1200%2C675&ssl=1&resize=1050%2C600 3x"},"classes":[]},{"id":60707,"url":"https:\/\/noticiasribeiraopreto.com.br\/index.php\/2024\/11\/22\/caravana-de-natal-da-coca-cola-vai-passar-por-ribeirao-preto-veja-quando\/","url_meta":{"origin":5893,"position":4},"title":"Caravana de Natal da Coca-Cola vai passar por Ribeir\u00e3o Preto; Veja quando","author":"noticiasribeiraopreto.com.br","date":"22 de November de 2024","format":false,"excerpt":"A tradicional caravana de Natal da Coca-Cola est\u00e1 confirmada novamente em Ribeir\u00e3o Preto. Os caminh\u00f5es decorados, iluminados e com o Papai Noel passar\u00e3o pelo munic\u00edpio nos dias 1, 13, 22 e 23 de dezembro. A informa\u00e7\u00e3o foi confirmada pela assessoria de imprensa da Coca-Cola Andina. Com o tema \u201cDesperte o\u2026","rel":"","context":"In &quot;Not\u00edcias de Ribeir\u00e3o Preto-SP e Regi\u00e3o&quot;","block_context":{"text":"Not\u00edcias de Ribeir\u00e3o Preto-SP e Regi\u00e3o","link":"https:\/\/noticiasribeiraopreto.com.br\/index.php\/category\/noticias-de-ribeirao-preto-sp-e-regiao-ismael-colosi\/"},"img":{"alt_text":"","src":"https:\/\/i0.wp.com\/noticiasribeiraopreto.com.br\/wp-content\/uploads\/2024\/11\/carreata-coca-cola.jpg?fit=1200%2C675&ssl=1&resize=350%2C200","width":350,"height":200,"srcset":"https:\/\/i0.wp.com\/noticiasribeiraopreto.com.br\/wp-content\/uploads\/2024\/11\/carreata-coca-cola.jpg?fit=1200%2C675&ssl=1&resize=350%2C200 1x, https:\/\/i0.wp.com\/noticiasribeiraopreto.com.br\/wp-content\/uploads\/2024\/11\/carreata-coca-cola.jpg?fit=1200%2C675&ssl=1&resize=525%2C300 1.5x, https:\/\/i0.wp.com\/noticiasribeiraopreto.com.br\/wp-content\/uploads\/2024\/11\/carreata-coca-cola.jpg?fit=1200%2C675&ssl=1&resize=700%2C400 2x, https:\/\/i0.wp.com\/noticiasribeiraopreto.com.br\/wp-content\/uploads\/2024\/11\/carreata-coca-cola.jpg?fit=1200%2C675&ssl=1&resize=1050%2C600 3x"},"classes":[]},{"id":79833,"url":"https:\/\/noticiasribeiraopreto.com.br\/index.php\/2025\/11\/08\/ribeirao-preto-recebe-caravana-de-natal-da-coca-cola-confira-o-trajeto\/","url_meta":{"origin":5893,"position":5},"title":"Ribeir\u00e3o Preto recebe Caravana de Natal da Coca-Cola; Confira o trajeto","author":"noticiasribeiraopreto.com.br","date":"8 de November de 2025","format":false,"excerpt":"Ribeir\u00e3o Preto e regi\u00e3o recebem os tradicionais caminh\u00f5es decorados, iluminados e com o Papai Noel da Caravana de Natal da Coca-Cola, entre os dias 26 de novembro e 23 de dezembro. A caravana integra as a\u00e7\u00f5es da empresa para as festividades de fim de ano. A programa\u00e7\u00e3o completa pode ser\u2026","rel":"","context":"In &quot;Not\u00edcias de Ribeir\u00e3o Preto-SP e Regi\u00e3o&quot;","block_context":{"text":"Not\u00edcias de Ribeir\u00e3o Preto-SP e Regi\u00e3o","link":"https:\/\/noticiasribeiraopreto.com.br\/index.php\/category\/noticias-de-ribeirao-preto-sp-e-regiao-ismael-colosi\/"},"img":{"alt_text":"","src":"https:\/\/i0.wp.com\/noticiasribeiraopreto.com.br\/wp-content\/uploads\/2025\/11\/carreata-coca-cola.jpg?fit=1200%2C675&ssl=1&resize=350%2C200","width":350,"height":200,"srcset":"https:\/\/i0.wp.com\/noticiasribeiraopreto.com.br\/wp-content\/uploads\/2025\/11\/carreata-coca-cola.jpg?fit=1200%2C675&ssl=1&resize=350%2C200 1x, https:\/\/i0.wp.com\/noticiasribeiraopreto.com.br\/wp-content\/uploads\/2025\/11\/carreata-coca-cola.jpg?fit=1200%2C675&ssl=1&resize=525%2C300 1.5x, https:\/\/i0.wp.com\/noticiasribeiraopreto.com.br\/wp-content\/uploads\/2025\/11\/carreata-coca-cola.jpg?fit=1200%2C675&ssl=1&resize=700%2C400 2x, https:\/\/i0.wp.com\/noticiasribeiraopreto.com.br\/wp-content\/uploads\/2025\/11\/carreata-coca-cola.jpg?fit=1200%2C675&ssl=1&resize=1050%2C600 3x"},"classes":[]}],"jetpack_sharing_enabled":true,"jetpack_shortlink":"https:\/\/wp.me\/peQAOb-1x3","_links":{"self":[{"href":"https:\/\/noticiasribeiraopreto.com.br\/index.php\/wp-json\/wp\/v2\/posts\/5893","targetHints":{"allow":["GET"]}}],"collection":[{"href":"https:\/\/noticiasribeiraopreto.com.br\/index.php\/wp-json\/wp\/v2\/posts"}],"about":[{"href":"https:\/\/noticiasribeiraopreto.com.br\/index.php\/wp-json\/wp\/v2\/types\/post"}],"author":[{"embeddable":true,"href":"https:\/\/noticiasribeiraopreto.com.br\/index.php\/wp-json\/wp\/v2\/users\/1"}],"replies":[{"embeddable":true,"href":"https:\/\/noticiasribeiraopreto.com.br\/index.php\/wp-json\/wp\/v2\/comments?post=5893"}],"version-history":[{"count":0,"href":"https:\/\/noticiasribeiraopreto.com.br\/index.php\/wp-json\/wp\/v2\/posts\/5893\/revisions"}],"wp:featuredmedia":[{"embeddable":true,"href":"https:\/\/noticiasribeiraopreto.com.br\/index.php\/wp-json\/wp\/v2\/media\/5894"}],"wp:attachment":[{"href":"https:\/\/noticiasribeiraopreto.com.br\/index.php\/wp-json\/wp\/v2\/media?parent=5893"}],"wp:term":[{"taxonomy":"category","embeddable":true,"href":"https:\/\/noticiasribeiraopreto.com.br\/index.php\/wp-json\/wp\/v2\/categories?post=5893"},{"taxonomy":"post_tag","embeddable":true,"href":"https:\/\/noticiasribeiraopreto.com.br\/index.php\/wp-json\/wp\/v2\/tags?post=5893"}],"curies":[{"name":"wp","href":"https:\/\/api.w.org\/{rel}","templated":true}]}}