{"id":5911,"date":"2023-11-24T17:01:54","date_gmt":"2023-11-24T20:01:54","guid":{"rendered":"https:\/\/noticiasribeiraopreto.com.br\/index.php\/2023\/11\/24\/whatsapp-libera-importante-atualizacao-de-seguranca-entenda\/"},"modified":"2023-11-24T17:01:54","modified_gmt":"2023-11-24T20:01:54","slug":"whatsapp-libera-importante-atualizacao-de-seguranca-entenda","status":"publish","type":"post","link":"https:\/\/noticiasribeiraopreto.com.br\/index.php\/2023\/11\/24\/whatsapp-libera-importante-atualizacao-de-seguranca-entenda\/","title":{"rendered":"WhatsApp libera importante atualiza\u00e7\u00e3o de seguran\u00e7a; entenda"},"content":{"rendered":"<div class='code-block code-block-1' style='margin: 8px 0 8px auto; text-align: right; display: block; clear: both;'>\n<p><a href=\"https:\/\/wa.link\/vpicfd\"><img data-recalc-dims=\"1\" class=\"wp-image-4922\" style=\"aspect-ratio: 2.0253164556962027; width: 561px; height: auto;\" src=\"https:\/\/i0.wp.com\/ismaelcolosi.com.br\/wp-content\/uploads\/2023\/11\/grupo-de-empregos-whatsapp-e-facebook-ismael-colosi-vagas.jpg?ssl=1\" alt=\"\" \/><\/a><\/p>\n<!-- \/wp:image -->\n<\/div>\n<p> <br \/>\n<\/p>\n<div>\n<div id=\"attachment_2300402\" class=\"wp-caption alignnone\">\n<div class=\"d-flex justify-content-center\" data-attachment-id=\"2300402\">\n<div class=\"position-relative d-inline-block\"><img data-recalc-dims=\"1\" data-portal-copyright=\"Reprodu\u00e7\u00e3o\/WhatsApp \" decoding=\"async\" fetchpriority=\"high\" class=\"size-full wp-image-2300402\" src=\"https:\/\/i0.wp.com\/catracalivre.com.br\/wp-content\/uploads\/2023\/09\/fotos-catraca-2023-09-28t171035402.png?resize=1200%2C660&#038;ssl=1\" alt=\"WhatsApp libera recurso para melhorar seguran\u00e7a no iOS\" width=\"1200\" height=\"660\" srcset=\"https:\/\/catracalivre.com.br\/wp-content\/uploads\/2023\/09\/fotos-catraca-2023-09-28t171035402.png 1200w, https:\/\/catracalivre.com.br\/wp-content\/uploads\/2023\/09\/fotos-catraca-2023-09-28t171035402-450x248.png 450w, https:\/\/catracalivre.com.br\/wp-content\/uploads\/2023\/09\/fotos-catraca-2023-09-28t171035402-768x422.png 768w\" sizes=\"(max-width: 1200px) 100vw, 1200px\"\/><\/p>\n<p>Cr\u00e9ditos: Reprodu\u00e7\u00e3o\/WhatsApp <\/p>\n<\/div>\n<\/div>\n<p><span class=\"post-imagem__legenda\">WhatsApp libera recurso para melhorar seguran\u00e7a no iOS<\/span><\/p>\n<\/div>\n<p>Os usu\u00e1rios do iOS (<a href=\"https:\/\/catracalivre.com.br\/entretenimento\/whatsapp-lanca-atualizacao-com-novo-visual-para-ios-veja-como-ficou\/\" target=\"_blank\" rel=\"noopener\">iPhone<\/a>) agora t\u00eam uma nova maneira de redefinir e verificar suas contas no <a href=\"https:\/\/blog.whatsapp.com\/\" target=\"_blank\" rel=\"noopener\">WhatsApp<\/a>. N\u00e3o, voc\u00ea n\u00e3o precisa mais depender do seu n\u00famero de telefone \u2013 pois o e-mail far\u00e1 o trabalho.<\/p>\n<p>O mensageiro lan\u00e7a uma atualiza\u00e7\u00e3o na vers\u00e3o iOS do mensageiro, oferecendo aos usu\u00e1rios a possibilidade de verificar suas <a href=\"https:\/\/catracalivre.com.br\/cidadania\/whatsapp-libera-vincular-conta-em-ate-4-celulares-veja-como-usar\/\" target=\"_blank\" rel=\"noopener\">contas<\/a> atrav\u00e9s do endere\u00e7o de e-mail.<\/p>\n<p>A nova funcionalidade est\u00e1 inclusa na atualiza\u00e7\u00e3o 23.24.70 e visa fornecer uma op\u00e7\u00e3o alternativa ao c\u00f3digo de seis d\u00edgitos via SMS geralmente utilizado para a verifica\u00e7\u00e3o.<\/p>\n<p>Assim, se o envio de SMS n\u00e3o for poss\u00edvel devido a um problema de rede, o usu\u00e1rio poder\u00e1 optar por uma reinicializa\u00e7\u00e3o via e-mail, o que \u00e9 absolutamente uma ben\u00e7\u00e3o em tempos de conectividade de rede err\u00e1tica.<\/p>\n<h2>Como utilizar o novo recurso de verifica\u00e7\u00e3o do WhatsApp no iOS?<\/h2>\n<p>De acordo com o site WABetaInfo, a atualiza\u00e7\u00e3o inovadora no aplicativo permite que um campo privado seja adicionado para o endere\u00e7o de e-mail na interface de verifica\u00e7\u00e3o.<\/p>\n<p>Para ativar o recurso, o usu\u00e1rio precisa ir at\u00e9 o menu \u201cConfigura\u00e7\u00f5es\u201d e depois em \u201cConta\u201d. Posteriormente, a op\u00e7\u00e3o \u201cEndere\u00e7o de e-mail\u201d ser\u00e1 visualizada, demonstrando o recurso de verifica\u00e7\u00e3o de conta via e-mail. O recurso est\u00e1 sendo disponibilizado gradualmente para todos.<\/p>\n<h2>Onde mais o recurso est\u00e1 dispon\u00edvel?<\/h2>\n<p>A boa not\u00edcia n\u00e3o termina aqui! O recurso de verifica\u00e7\u00e3o do WhatsApp via e-mail estar\u00e1 dispon\u00edvel brevemente para os usu\u00e1rios do Android tamb\u00e9m.<\/p>\n<p>Embora atualmente esteja dispon\u00edvel apenas para a vers\u00e3o beta do Android, espera-se que seja lan\u00e7ado para todos os usu\u00e1rios nas pr\u00f3ximas semanas.<\/p>\n<p>No entanto, \u00e9 importante notar que o novo recurso em momento algum elimina a necessidade do n\u00famero de telefone para a cria\u00e7\u00e3o de novas contas.<\/p>\n<\/div>\n<p><script>\n\t\t! function(f, b, e, v, n, t, s) {\n\t\t\tif (f.fbq) return;\n\t\t\tn = f.fbq = function() {\n\t\t\t\tn.callMethod ?\n\t\t\t\t\tn.callMethod.apply(n, arguments) : n.queue.push(arguments)\n\t\t\t};\n\t\t\tif (!f._fbq) f._fbq = n;\n\t\t\tn.push = n;\n\t\t\tn.loaded = !0;\n\t\t\tn.version = '2.0';\n\t\t\tn.queue = [];\n\t\t\tt = b.createElement(e);\n\t\t\tt.async = !0;\n\t\t\tt.src = v;\n\t\t\ts = b.getElementsByTagName(e)[0];\n\t\t\ts.parentNode.insertBefore(t, s)\n\t\t}(window, document, 'script',\n\t\t\t'https:\/\/connect.facebook.net\/en_US\/fbevents.js');\n\t\tfbq('init', '338315473262380');\n\t\tfbq('track', 'PageView');\n\t<\/script><br \/>\n<br \/><br \/>\n<br \/><a href=\"https:\/\/catracalivre.com.br\/entretenimento\/whatsapp-libera-importante-atualizacao-de-seguranca-no-ios-entenda\/\">Source link <\/a><\/p>\n<!-- CONTENT END 1 -->\n","protected":false},"excerpt":{"rendered":"<p>Cr\u00e9ditos: Reprodu\u00e7\u00e3o\/WhatsApp WhatsApp libera recurso para melhorar seguran\u00e7a no iOS Os usu\u00e1rios do iOS (iPhone) agora t\u00eam uma nova maneira de redefinir e verificar suas&#8230;<\/p>\n","protected":false},"author":1,"featured_media":5912,"comment_status":"open","ping_status":"open","sticky":false,"template":"","format":"standard","meta":{"advanced_seo_description":"","jetpack_seo_html_title":"","jetpack_seo_noindex":false,"jetpack_post_was_ever_published":false,"_jetpack_newsletter_access":"","_jetpack_dont_email_post_to_subs":false,"_jetpack_newsletter_tier_id":0,"_jetpack_memberships_contains_paywalled_content":false,"_jetpack_memberships_contains_paid_content":false,"footnotes":"","jetpack_publicize_message":"","jetpack_publicize_feature_enabled":true,"jetpack_social_post_already_shared":true,"jetpack_social_options":{"image_generator_settings":{"template":"highway","default_image_id":0,"font":"","enabled":false},"version":2}},"categories":[19],"tags":[],"class_list":["post-5911","post","type-post","status-publish","format-standard","has-post-thumbnail","hentry","category-variedades"],"jetpack_publicize_connections":[],"jetpack_featured_media_url":"https:\/\/i0.wp.com\/noticiasribeiraopreto.com.br\/wp-content\/uploads\/2023\/11\/fotos-catraca-2023-09-28t171035402.png?fit=1200%2C638&ssl=1","jetpack-related-posts":[{"id":10520,"url":"https:\/\/noticiasribeiraopreto.com.br\/index.php\/2023\/12\/04\/whatsapp-libera-atualizacao-muito-aguardada-por-usuarios-fotogenicos\/","url_meta":{"origin":5911,"position":0},"title":"WhatsApp libera atualiza\u00e7\u00e3o muito aguardada por usu\u00e1rios fotog\u00eanicos","author":"noticiasribeiraopreto.com.br","date":"4 de December de 2023","format":false,"excerpt":"Cr\u00e9ditos: Depositphotos\/BongkarnGraphicAgora \u00e9 poss\u00edvel enviar fotos e v\u00eddeos com a qualidade original no WhatsApp Em uma novidade que deve agradar a todos que prezam pela qualidade de suas imagens e v\u00eddeos, o WhatsApp atualizou recentemente sua vers\u00e3o para iOS (iPhone), permitindo o envio de fotos e v\u00eddeos em sua qualidade\u2026","rel":"","context":"In &quot;Variedades&quot;","block_context":{"text":"Variedades","link":"https:\/\/noticiasribeiraopreto.com.br\/index.php\/category\/variedades\/"},"img":{"alt_text":"","src":"https:\/\/i0.wp.com\/noticiasribeiraopreto.com.br\/wp-content\/uploads\/2023\/12\/depositphotos-656898632-xl-scaled-e1701717889853.jpg?fit=1200%2C638&ssl=1&resize=350%2C200","width":350,"height":200,"srcset":"https:\/\/i0.wp.com\/noticiasribeiraopreto.com.br\/wp-content\/uploads\/2023\/12\/depositphotos-656898632-xl-scaled-e1701717889853.jpg?fit=1200%2C638&ssl=1&resize=350%2C200 1x, https:\/\/i0.wp.com\/noticiasribeiraopreto.com.br\/wp-content\/uploads\/2023\/12\/depositphotos-656898632-xl-scaled-e1701717889853.jpg?fit=1200%2C638&ssl=1&resize=525%2C300 1.5x, https:\/\/i0.wp.com\/noticiasribeiraopreto.com.br\/wp-content\/uploads\/2023\/12\/depositphotos-656898632-xl-scaled-e1701717889853.jpg?fit=1200%2C638&ssl=1&resize=700%2C400 2x, https:\/\/i0.wp.com\/noticiasribeiraopreto.com.br\/wp-content\/uploads\/2023\/12\/depositphotos-656898632-xl-scaled-e1701717889853.jpg?fit=1200%2C638&ssl=1&resize=1050%2C600 3x"},"classes":[]},{"id":5077,"url":"https:\/\/noticiasribeiraopreto.com.br\/index.php\/2023\/11\/22\/whatsapp-libera-recurso-inedito-para-audios-e-surpreende-usuarios\/","url_meta":{"origin":5911,"position":1},"title":"WhatsApp libera recurso in\u00e9dito para \u00e1udios e surpreende usu\u00e1rios","author":"noticiasribeiraopreto.com.br","date":"22 de November de 2023","format":false,"excerpt":"Cr\u00e9ditos: Captura de tela do WhatsAppAssim como v\u00eddeos e imagens, \u00e1udios tamb\u00e9m ter\u00e3o reprodu\u00e7\u00e3o \u00fanica no WhatsApp O WhatsApp, um dos aplicativos de mensagens mais populares do mundo, acaba de lan\u00e7ar uma nova funcionalidade. O recurso permite aos usu\u00e1rios selecionar quais mensagens de \u00e1udio devem permanecer na conversa ap\u00f3s serem\u2026","rel":"","context":"In &quot;Variedades&quot;","block_context":{"text":"Variedades","link":"https:\/\/noticiasribeiraopreto.com.br\/index.php\/category\/variedades\/"},"img":{"alt_text":"","src":"https:\/\/i0.wp.com\/noticiasribeiraopreto.com.br\/wp-content\/uploads\/2023\/11\/fotos-catraca-2023-11-22t170256836.png?fit=1200%2C638&ssl=1&resize=350%2C200","width":350,"height":200,"srcset":"https:\/\/i0.wp.com\/noticiasribeiraopreto.com.br\/wp-content\/uploads\/2023\/11\/fotos-catraca-2023-11-22t170256836.png?fit=1200%2C638&ssl=1&resize=350%2C200 1x, https:\/\/i0.wp.com\/noticiasribeiraopreto.com.br\/wp-content\/uploads\/2023\/11\/fotos-catraca-2023-11-22t170256836.png?fit=1200%2C638&ssl=1&resize=525%2C300 1.5x, https:\/\/i0.wp.com\/noticiasribeiraopreto.com.br\/wp-content\/uploads\/2023\/11\/fotos-catraca-2023-11-22t170256836.png?fit=1200%2C638&ssl=1&resize=700%2C400 2x, https:\/\/i0.wp.com\/noticiasribeiraopreto.com.br\/wp-content\/uploads\/2023\/11\/fotos-catraca-2023-11-22t170256836.png?fit=1200%2C638&ssl=1&resize=1050%2C600 3x"},"classes":[]},{"id":37331,"url":"https:\/\/noticiasribeiraopreto.com.br\/index.php\/2024\/02\/15\/excelente-noticia-governo-libera-novo-auxilio-de-r-540-que-ira-beneficiar-diversos-brasileiros-desempregados-confira\/","url_meta":{"origin":5911,"position":2},"title":"Excelente not\u00edcia! Governo libera NOVO Aux\u00edlio de R$ 540 que ir\u00e1 beneficiar diversos Brasileiros desempregados; Confira!","author":"noticiasribeiraopreto.com.br","date":"15 de February de 2024","format":false,"excerpt":"Boa not\u00edcia para muitos brasileiros! O governo anunciou um novo aux\u00edlio de 540 reais para os desempregados. Portanto, trata-se de uma iniciativa para promover a capacita\u00e7\u00e3o profissional e a integra\u00e7\u00e3o social dessas pessoas. Portanto, essa \u00e9 uma iniciativa do Governo do Estado do Amazonas para as pessoas que est\u00e3o em\u2026","rel":"","context":"In &quot;Dinheiro e Investimento&quot;","block_context":{"text":"Dinheiro e Investimento","link":"https:\/\/noticiasribeiraopreto.com.br\/index.php\/category\/dinheiro-e-investimento-como-fazer-como-ganhar\/"},"img":{"alt_text":"","src":"https:\/\/i0.wp.com\/noticiasribeiraopreto.com.br\/wp-content\/uploads\/2024\/02\/Design-sem-nome-2.png?fit=1200%2C630&ssl=1&resize=350%2C200","width":350,"height":200,"srcset":"https:\/\/i0.wp.com\/noticiasribeiraopreto.com.br\/wp-content\/uploads\/2024\/02\/Design-sem-nome-2.png?fit=1200%2C630&ssl=1&resize=350%2C200 1x, https:\/\/i0.wp.com\/noticiasribeiraopreto.com.br\/wp-content\/uploads\/2024\/02\/Design-sem-nome-2.png?fit=1200%2C630&ssl=1&resize=525%2C300 1.5x, https:\/\/i0.wp.com\/noticiasribeiraopreto.com.br\/wp-content\/uploads\/2024\/02\/Design-sem-nome-2.png?fit=1200%2C630&ssl=1&resize=700%2C400 2x, https:\/\/i0.wp.com\/noticiasribeiraopreto.com.br\/wp-content\/uploads\/2024\/02\/Design-sem-nome-2.png?fit=1200%2C630&ssl=1&resize=1050%2C600 3x"},"classes":[]},{"id":11245,"url":"https:\/\/noticiasribeiraopreto.com.br\/index.php\/2023\/12\/05\/whatsapp-libera-novidade-para-os-canais-veja-como-vai-funcionar\/","url_meta":{"origin":5911,"position":3},"title":"WhatsApp libera novidade para os canais; veja como vai funcionar","author":"noticiasribeiraopreto.com.br","date":"5 de December de 2023","format":false,"excerpt":"Cr\u00e9ditos: Reprodu\u00e7\u00e3o\/WhatsApp Atualiza\u00e7\u00e3o nos canais do WhatsApp O WhatsApp lan\u00e7ou uma nova atualiza\u00e7\u00e3o para a vers\u00e3o beta nesta ter\u00e7a-feira, 5, trazendo uma funcionalidade bastante aguardada pelos administradores de canais: a capacidade de encaminhar mensagens de forma r\u00e1pida e simples. A atualiza\u00e7\u00e3o, segundo o portal WABetaInfo, vem ao encontro das demandas\u2026","rel":"","context":"In &quot;Variedades&quot;","block_context":{"text":"Variedades","link":"https:\/\/noticiasribeiraopreto.com.br\/index.php\/category\/variedades\/"},"img":{"alt_text":"","src":"https:\/\/i0.wp.com\/noticiasribeiraopreto.com.br\/wp-content\/uploads\/2023\/12\/canais-wpp-2.png?fit=1200%2C638&ssl=1&resize=350%2C200","width":350,"height":200,"srcset":"https:\/\/i0.wp.com\/noticiasribeiraopreto.com.br\/wp-content\/uploads\/2023\/12\/canais-wpp-2.png?fit=1200%2C638&ssl=1&resize=350%2C200 1x, https:\/\/i0.wp.com\/noticiasribeiraopreto.com.br\/wp-content\/uploads\/2023\/12\/canais-wpp-2.png?fit=1200%2C638&ssl=1&resize=525%2C300 1.5x, https:\/\/i0.wp.com\/noticiasribeiraopreto.com.br\/wp-content\/uploads\/2023\/12\/canais-wpp-2.png?fit=1200%2C638&ssl=1&resize=700%2C400 2x, https:\/\/i0.wp.com\/noticiasribeiraopreto.com.br\/wp-content\/uploads\/2023\/12\/canais-wpp-2.png?fit=1200%2C638&ssl=1&resize=1050%2C600 3x"},"classes":[]},{"id":66027,"url":"https:\/\/noticiasribeiraopreto.com.br\/index.php\/2025\/03\/27\/jornal-da-franca-caixa-federal-libera-bolsa-familia-aos-beneficiarios-com-nis-encerrado-em-oito\/","url_meta":{"origin":5911,"position":4},"title":"Jornal da Franca &#8211; Caixa Federal libera Bolsa Fam\u00edlia aos benefici\u00e1rios com NIS encerrado em oito","author":"noticiasribeiraopreto.com.br","date":"27 de March de 2025","format":false,"excerpt":"compartilhar no whatsapp compartilhar no telegram compartilhar no facebook compartilhar no linkedin Fam\u00edlias precisam estar habilitadas junto ao cadastro da assist\u00eancia social A Caixa Econ\u00f4mica Federal est\u00e1 pagando a partir desta quinta-feira o Bolsa Fam\u00edlia de mar\u00e7o para os benefici\u00e1rios com N\u00famero de Inscri\u00e7\u00e3o Social (NIS) com final oito, de\u2026","rel":"","context":"In &quot;Not\u00edcias de Franca-SP&quot;","block_context":{"text":"Not\u00edcias de Franca-SP","link":"https:\/\/noticiasribeiraopreto.com.br\/index.php\/category\/noticias-de-ribeirao-preto-sp-e-regiao-ismael-colosi\/noticias-franca-sp\/"},"img":{"alt_text":"","src":"https:\/\/i0.wp.com\/noticiasribeiraopreto.com.br\/wp-content\/uploads\/2025\/03\/IMG-20211102-WA0017.jpg?fit=1200%2C800&ssl=1&resize=350%2C200","width":350,"height":200,"srcset":"https:\/\/i0.wp.com\/noticiasribeiraopreto.com.br\/wp-content\/uploads\/2025\/03\/IMG-20211102-WA0017.jpg?fit=1200%2C800&ssl=1&resize=350%2C200 1x, https:\/\/i0.wp.com\/noticiasribeiraopreto.com.br\/wp-content\/uploads\/2025\/03\/IMG-20211102-WA0017.jpg?fit=1200%2C800&ssl=1&resize=525%2C300 1.5x, https:\/\/i0.wp.com\/noticiasribeiraopreto.com.br\/wp-content\/uploads\/2025\/03\/IMG-20211102-WA0017.jpg?fit=1200%2C800&ssl=1&resize=700%2C400 2x, https:\/\/i0.wp.com\/noticiasribeiraopreto.com.br\/wp-content\/uploads\/2025\/03\/IMG-20211102-WA0017.jpg?fit=1200%2C800&ssl=1&resize=1050%2C600 3x"},"classes":[]},{"id":53517,"url":"https:\/\/noticiasribeiraopreto.com.br\/index.php\/2024\/06\/20\/receita-federal-libera-consulta-ao-2o-lote-de-restituicao-do-imposto-de-renda-veja-quando\/","url_meta":{"origin":5911,"position":5},"title":"Receita Federal libera consulta ao 2\u00ba lote de restitui\u00e7\u00e3o do Imposto de Renda; Veja quando","author":"noticiasribeiraopreto.com.br","date":"20 de June de 2024","format":false,"excerpt":"A Receita Federal libera a consulta ao segundo lote de restitui\u00e7\u00e3o do IRPF (Imposto de Renda da Pessoa F\u00edsica) de 2024, a partir das 10h desta sexta-feira (21). Os contribuintes devem acessar o site da Receita Federal (clique aqui) para saber se o reembolso est\u00e1 dispon\u00edvel. O cr\u00e9dito banc\u00e1rio para\u2026","rel":"","context":"In &quot;Not\u00edcias de Ribeir\u00e3o Preto-SP e Regi\u00e3o&quot;","block_context":{"text":"Not\u00edcias de Ribeir\u00e3o Preto-SP e Regi\u00e3o","link":"https:\/\/noticiasribeiraopreto.com.br\/index.php\/category\/noticias-de-ribeirao-preto-sp-e-regiao-ismael-colosi\/"},"img":{"alt_text":"","src":"https:\/\/i0.wp.com\/noticiasribeiraopreto.com.br\/wp-content\/uploads\/2024\/06\/Copia-de-Copia-de-TAMANHO-EXATO-PARA-FOTOS-NO-SISTEMA-NOVO-4_2024-06-20_20-47-05_jpg_2024-06-20_20-47-05.webp.webp?fit=1200%2C675&ssl=1&resize=350%2C200","width":350,"height":200,"srcset":"https:\/\/i0.wp.com\/noticiasribeiraopreto.com.br\/wp-content\/uploads\/2024\/06\/Copia-de-Copia-de-TAMANHO-EXATO-PARA-FOTOS-NO-SISTEMA-NOVO-4_2024-06-20_20-47-05_jpg_2024-06-20_20-47-05.webp.webp?fit=1200%2C675&ssl=1&resize=350%2C200 1x, https:\/\/i0.wp.com\/noticiasribeiraopreto.com.br\/wp-content\/uploads\/2024\/06\/Copia-de-Copia-de-TAMANHO-EXATO-PARA-FOTOS-NO-SISTEMA-NOVO-4_2024-06-20_20-47-05_jpg_2024-06-20_20-47-05.webp.webp?fit=1200%2C675&ssl=1&resize=525%2C300 1.5x, https:\/\/i0.wp.com\/noticiasribeiraopreto.com.br\/wp-content\/uploads\/2024\/06\/Copia-de-Copia-de-TAMANHO-EXATO-PARA-FOTOS-NO-SISTEMA-NOVO-4_2024-06-20_20-47-05_jpg_2024-06-20_20-47-05.webp.webp?fit=1200%2C675&ssl=1&resize=700%2C400 2x, https:\/\/i0.wp.com\/noticiasribeiraopreto.com.br\/wp-content\/uploads\/2024\/06\/Copia-de-Copia-de-TAMANHO-EXATO-PARA-FOTOS-NO-SISTEMA-NOVO-4_2024-06-20_20-47-05_jpg_2024-06-20_20-47-05.webp.webp?fit=1200%2C675&ssl=1&resize=1050%2C600 3x"},"classes":[]}],"jetpack_sharing_enabled":true,"jetpack_shortlink":"https:\/\/wp.me\/peQAOb-1xl","_links":{"self":[{"href":"https:\/\/noticiasribeiraopreto.com.br\/index.php\/wp-json\/wp\/v2\/posts\/5911","targetHints":{"allow":["GET"]}}],"collection":[{"href":"https:\/\/noticiasribeiraopreto.com.br\/index.php\/wp-json\/wp\/v2\/posts"}],"about":[{"href":"https:\/\/noticiasribeiraopreto.com.br\/index.php\/wp-json\/wp\/v2\/types\/post"}],"author":[{"embeddable":true,"href":"https:\/\/noticiasribeiraopreto.com.br\/index.php\/wp-json\/wp\/v2\/users\/1"}],"replies":[{"embeddable":true,"href":"https:\/\/noticiasribeiraopreto.com.br\/index.php\/wp-json\/wp\/v2\/comments?post=5911"}],"version-history":[{"count":0,"href":"https:\/\/noticiasribeiraopreto.com.br\/index.php\/wp-json\/wp\/v2\/posts\/5911\/revisions"}],"wp:featuredmedia":[{"embeddable":true,"href":"https:\/\/noticiasribeiraopreto.com.br\/index.php\/wp-json\/wp\/v2\/media\/5912"}],"wp:attachment":[{"href":"https:\/\/noticiasribeiraopreto.com.br\/index.php\/wp-json\/wp\/v2\/media?parent=5911"}],"wp:term":[{"taxonomy":"category","embeddable":true,"href":"https:\/\/noticiasribeiraopreto.com.br\/index.php\/wp-json\/wp\/v2\/categories?post=5911"},{"taxonomy":"post_tag","embeddable":true,"href":"https:\/\/noticiasribeiraopreto.com.br\/index.php\/wp-json\/wp\/v2\/tags?post=5911"}],"curies":[{"name":"wp","href":"https:\/\/api.w.org\/{rel}","templated":true}]}}