{"id":5914,"date":"2023-11-24T17:22:11","date_gmt":"2023-11-24T20:22:11","guid":{"rendered":"https:\/\/noticiasribeiraopreto.com.br\/index.php\/2023\/11\/24\/somente-hoje-black-friday-da-latam-tem-passagens-aereas-a-partir-de-r-99\/"},"modified":"2023-11-24T17:22:11","modified_gmt":"2023-11-24T20:22:11","slug":"somente-hoje-black-friday-da-latam-tem-passagens-aereas-a-partir-de-r-99","status":"publish","type":"post","link":"https:\/\/noticiasribeiraopreto.com.br\/index.php\/2023\/11\/24\/somente-hoje-black-friday-da-latam-tem-passagens-aereas-a-partir-de-r-99\/","title":{"rendered":"Somente hoje! Black Friday da Latam tem passagens a\u00e9reas a partir de R$ 99"},"content":{"rendered":"<div class='code-block code-block-1' style='margin: 8px 0 8px auto; text-align: right; display: block; clear: both;'>\n<p><a href=\"https:\/\/wa.link\/vpicfd\"><img data-recalc-dims=\"1\" class=\"wp-image-4922\" style=\"aspect-ratio: 2.0253164556962027; width: 561px; height: auto;\" src=\"https:\/\/i0.wp.com\/ismaelcolosi.com.br\/wp-content\/uploads\/2023\/11\/grupo-de-empregos-whatsapp-e-facebook-ismael-colosi-vagas.jpg?ssl=1\" alt=\"\" \/><\/a><\/p>\n<!-- \/wp:image -->\n<\/div>\n<p> <br \/>\n<\/p>\n<p>A <a href=\"https:\/\/catracalivre.com.br\/viagem-livre\/black-friday-hoteis-e-resorts-oferecem-descontos-de-ate-65\/\">Black Friday 2023<\/a> da Latam\u00a0 est\u00e1 no ar com passagens a\u00e9reas a partir de R$ 99. As ofertas tamb\u00e9m contemplam bilhetes para destinos internacionais, al\u00e9m de at\u00e9 60% de desconto em <a href=\"https:\/\/www.latamairlines.com\/cl\/es\" target=\"_blank\" rel=\"noopener\">pacotes de viagem<\/a> (voo + hotel).<\/p>\n<p>A tarifa mais atraente \u00e9 a da oferta rel\u00e2mpago para a ponte a\u00e9rea S\u00e3o Paulo\/Congonhas-Rio de Janeiro\/Santos Dumont, a partir de R$ 99 e dispon\u00edvel no site da Latam at\u00e9 as 23h59 desta sexta-feira, 24.<\/p>\n<div id=\"attachment_2256748\">\n<div class=\"d-flex justify-content-center\" data-attachment-id=\"2256748\">\n<div class=\"position-relative d-inline-block\"><img data-recalc-dims=\"1\" data-portal-copyright=\"wsfurlan\/iStock\" decoding=\"async\" fetchpriority=\"high\" class=\"size-large wp-image-2256748\" src=\"https:\/\/i0.wp.com\/catracalivre.com.br\/wp-content\/uploads\/2023\/02\/istock-659139684-910x607.jpg?resize=910%2C607&#038;ssl=1\" alt=\"Jardim Bot\u00e2nico de Curitiba; destino tem passagens em promo\u00e7\u00e3o na Latam\" width=\"910\" height=\"607\" srcset=\"https:\/\/catracalivre.com.br\/wp-content\/uploads\/2023\/02\/istock-659139684-910x607.jpg 910w, https:\/\/catracalivre.com.br\/wp-content\/uploads\/2023\/02\/istock-659139684-450x300.jpg 450w, https:\/\/catracalivre.com.br\/wp-content\/uploads\/2023\/02\/istock-659139684-768x512.jpg 768w\" sizes=\"(max-width: 910px) 100vw, 910px\"\/><\/p>\n<p>Cr\u00e9ditos: wsfurlan\/iStock<\/p>\n<\/div>\n<\/div>\n<p><span class=\"post-imagem__legenda\">Jardim Bot\u00e2nico de Curitiba; destino tem passagens em promo\u00e7\u00e3o na Latam<\/span><\/p>\n<\/div>\n<p>Para as passagens em promo\u00e7\u00e3o at\u00e9 as 23h59 de domingo, 26, h\u00e1 op\u00e7\u00f5es em voos entre Curitiba e S\u00e3o Paulo\/Congonhas a partir de R\uff04118 e entre Bras\u00edlia e S\u00e3o Paulo\/Guarulhos a partir de R\uff04149. Os valores est\u00e3o expressos por trecho de viagem e j\u00e1 com as taxas inclusas.<\/p>\n<p>Para viagens internacionais, h\u00e1 passagens a\u00e9reas a partir de R\uff04855 em voos entre S\u00e3o Paulo e Santiago (Chile, e a partir de R\uff041.506 em voos entre Buenos Aires (Aeroparque) e Rio de Janeiro. Os bilhetes s\u00e3o ida e volta com taxas inclusas.<\/p>\n<p>O pagamento pode ser financiado em at\u00e9 10 parcelas sem juros em qualquer cart\u00e3o de cr\u00e9dito ou em at\u00e9 12 sem juros nos cart\u00f5es LATAM Pass Ita\u00fa, desde que a parcela m\u00ednima seja de R\uff0470.<\/p>\n<p>Al\u00e9m disso, ser\u00e1 concedido aos clientes que realizarem a compra de passagens a\u00e9reas com o cart\u00e3o co-branded a bonifica\u00e7\u00e3o de seis pontos Latam Pass a cada real gasto. Todas as ofertas est\u00e3o dispon\u00edveis no<a href=\"https:\/\/www.latamairlines.com\/cl\/es\" target=\"_blank\" rel=\"noopener\"> site<\/a>.<\/p>\n<p><script>\n\t\t! function(f, b, e, v, n, t, s) {\n\t\t\tif (f.fbq) return;\n\t\t\tn = f.fbq = function() {\n\t\t\t\tn.callMethod ?\n\t\t\t\t\tn.callMethod.apply(n, arguments) : n.queue.push(arguments)\n\t\t\t};\n\t\t\tif (!f._fbq) f._fbq = n;\n\t\t\tn.push = n;\n\t\t\tn.loaded = !0;\n\t\t\tn.version = '2.0';\n\t\t\tn.queue = [];\n\t\t\tt = b.createElement(e);\n\t\t\tt.async = !0;\n\t\t\tt.src = v;\n\t\t\ts = b.getElementsByTagName(e)[0];\n\t\t\ts.parentNode.insertBefore(t, s)\n\t\t}(window, document, 'script',\n\t\t\t'https:\/\/connect.facebook.net\/en_US\/fbevents.js');\n\t\tfbq('init', '338315473262380');\n\t\tfbq('track', 'PageView');\n\t<\/script><br \/>\n<br \/><br \/>\n<br \/><a href=\"https:\/\/catracalivre.com.br\/viagem-livre\/somente-hoje-black-friday-da-latam-tem-passagens-aereas-a-partir-de-r-99\/\">Source link <\/a><\/p>\n<!-- CONTENT END 1 -->\n","protected":false},"excerpt":{"rendered":"<p>A Black Friday 2023 da Latam\u00a0 est\u00e1 no ar com passagens a\u00e9reas a partir de R$ 99. As ofertas tamb\u00e9m contemplam bilhetes para destinos internacionais,&#8230;<\/p>\n","protected":false},"author":1,"featured_media":5915,"comment_status":"open","ping_status":"open","sticky":false,"template":"","format":"standard","meta":{"advanced_seo_description":"","jetpack_seo_html_title":"","jetpack_seo_noindex":false,"jetpack_post_was_ever_published":false,"_jetpack_newsletter_access":"","_jetpack_dont_email_post_to_subs":false,"_jetpack_newsletter_tier_id":0,"_jetpack_memberships_contains_paywalled_content":false,"_jetpack_memberships_contains_paid_content":false,"footnotes":"","jetpack_publicize_message":"","jetpack_publicize_feature_enabled":true,"jetpack_social_post_already_shared":true,"jetpack_social_options":{"image_generator_settings":{"template":"highway","default_image_id":0,"font":"","enabled":false},"version":2}},"categories":[19],"tags":[],"class_list":["post-5914","post","type-post","status-publish","format-standard","has-post-thumbnail","hentry","category-variedades"],"jetpack_publicize_connections":[],"jetpack_featured_media_url":"https:\/\/i0.wp.com\/noticiasribeiraopreto.com.br\/wp-content\/uploads\/2023\/11\/istock-659139684.jpg?fit=1200%2C638&ssl=1","jetpack-related-posts":[{"id":18411,"url":"https:\/\/noticiasribeiraopreto.com.br\/index.php\/2023\/12\/20\/azul-gol-e-latam-terao-cotas-de-passagens-por-ate-r-799\/","url_meta":{"origin":5914,"position":0},"title":"Azul, Gol e Latam ter\u00e3o cotas de passagens por at\u00e9 R$ 799","author":"noticiasribeiraopreto.com.br","date":"20 de December de 2023","format":false,"excerpt":"As companhias Azul, Gol e Latam anunciaram o primeiro passo do plano que visa reduzir o valor das passagens a\u00e9reas. Pelo Plano de Universaliza\u00e7\u00e3o do Transporte A\u00e9reo, do Minist\u00e9rio dos Portos e Aeroportos, a tr\u00eas empresas que operam voos dom\u00e9sticos no pa\u00eds ter\u00e3o cotas para passagens com limites de valor\u2026","rel":"","context":"In &quot;Variedades&quot;","block_context":{"text":"Variedades","link":"https:\/\/noticiasribeiraopreto.com.br\/index.php\/category\/variedades\/"},"img":{"alt_text":"","src":"https:\/\/i0.wp.com\/noticiasribeiraopreto.com.br\/wp-content\/uploads\/2023\/12\/passagens-aereas-em-queda.jpg?fit=1200%2C638&ssl=1&resize=350%2C200","width":350,"height":200,"srcset":"https:\/\/i0.wp.com\/noticiasribeiraopreto.com.br\/wp-content\/uploads\/2023\/12\/passagens-aereas-em-queda.jpg?fit=1200%2C638&ssl=1&resize=350%2C200 1x, https:\/\/i0.wp.com\/noticiasribeiraopreto.com.br\/wp-content\/uploads\/2023\/12\/passagens-aereas-em-queda.jpg?fit=1200%2C638&ssl=1&resize=525%2C300 1.5x, https:\/\/i0.wp.com\/noticiasribeiraopreto.com.br\/wp-content\/uploads\/2023\/12\/passagens-aereas-em-queda.jpg?fit=1200%2C638&ssl=1&resize=700%2C400 2x, https:\/\/i0.wp.com\/noticiasribeiraopreto.com.br\/wp-content\/uploads\/2023\/12\/passagens-aereas-em-queda.jpg?fit=1200%2C638&ssl=1&resize=1050%2C600 3x"},"classes":[]},{"id":17862,"url":"https:\/\/noticiasribeiraopreto.com.br\/index.php\/2023\/12\/19\/companhias-aereas-anunciam-plano-com-passagens-a-r-799-em-2024\/","url_meta":{"origin":5914,"position":1},"title":"Companhias a\u00e9reas anunciam plano com passagens a R$ 799 em 2024 \u2013 Folha de Ribeir\u00e3o","author":"noticiasribeiraopreto.com.br","date":"19 de December de 2023","format":false,"excerpt":"As tr\u00eas maiores companhias a\u00e9reas do Brasil \u2013\u00a0Azul, Gol\u00a0e a Latam \u2013\u00a0anunciaram, nesta segunda-feira (18), em Bras\u00edlia, oferta passagens entre R$ 699 e R$ 799 por trecho viajado em 2024.\u00a0Juntas, ir\u00e3o disponibilizar mais de 25 milh\u00f5es de bilhetes a\u00e9reos. A medida faz parte da primeira etapa do Programa de Universaliza\u00e7\u00e3o\u2026","rel":"","context":"In &quot;Not\u00edcias de Ribeir\u00e3o Preto-SP e Regi\u00e3o&quot;","block_context":{"text":"Not\u00edcias de Ribeir\u00e3o Preto-SP e Regi\u00e3o","link":"https:\/\/noticiasribeiraopreto.com.br\/index.php\/category\/noticias-de-ribeirao-preto-sp-e-regiao-ismael-colosi\/"},"img":{"alt_text":"Bras\u00edlia (DF), 18\/12\/2023, O CEO da Gol linha a\u00e9reas, Celso Ferrer, o diretor-presidente substituto da Ag\u00eancia Nacional de Avia\u00e7\u00e3o Civil, Tiago Pereira, o ministro de Portos e Aeroportos, Silvio Costa Filho, o secret\u00e1rio nacional de avia\u00e7\u00e3o civil do minist\u00e9rio de portos e aeroportos, Juliano Noman, durante entrevista coletiva para apresentar e detalhar as medidas da primeira etapa do plano de universaliza\u00e7\u00e3o do transporte a\u00e9reo.  Foto: Jose Cruz\/Ag\u00eancia Brasil","src":"https:\/\/i0.wp.com\/imagens.ebc.com.br\/wUqoTgP2NIfaHKnPj7cuBHq_pN4%3D\/463x0\/smart\/https%3A\/\/agenciabrasil.ebc.com.br\/sites\/default\/files\/thumbnails\/image\/124a4658.jpg?resize=350%2C200&ssl=1","width":350,"height":200,"srcset":"https:\/\/i0.wp.com\/imagens.ebc.com.br\/wUqoTgP2NIfaHKnPj7cuBHq_pN4%3D\/463x0\/smart\/https%3A\/\/agenciabrasil.ebc.com.br\/sites\/default\/files\/thumbnails\/image\/124a4658.jpg?resize=350%2C200&ssl=1 1x, https:\/\/i0.wp.com\/imagens.ebc.com.br\/wUqoTgP2NIfaHKnPj7cuBHq_pN4%3D\/463x0\/smart\/https%3A\/\/agenciabrasil.ebc.com.br\/sites\/default\/files\/thumbnails\/image\/124a4658.jpg?resize=525%2C300&ssl=1 1.5x, https:\/\/i0.wp.com\/imagens.ebc.com.br\/wUqoTgP2NIfaHKnPj7cuBHq_pN4%3D\/463x0\/smart\/https%3A\/\/agenciabrasil.ebc.com.br\/sites\/default\/files\/thumbnails\/image\/124a4658.jpg?resize=700%2C400&ssl=1 2x, https:\/\/i0.wp.com\/imagens.ebc.com.br\/wUqoTgP2NIfaHKnPj7cuBHq_pN4%3D\/463x0\/smart\/https%3A\/\/agenciabrasil.ebc.com.br\/sites\/default\/files\/thumbnails\/image\/124a4658.jpg?resize=1050%2C600&ssl=1 3x"},"classes":[]},{"id":25422,"url":"https:\/\/noticiasribeiraopreto.com.br\/index.php\/2024\/01\/07\/programa-de-passagens-aereas-mais-baratas-sera-lancado-ate-fevereiro-diz-jornal\/","url_meta":{"origin":5914,"position":2},"title":"Programa de passagens a\u00e9reas mais baratas ser\u00e1 lan\u00e7ado at\u00e9 fevereiro, diz jornal\u00a0","author":"noticiasribeiraopreto.com.br","date":"7 de January de 2024","format":false,"excerpt":"Em negocia\u00e7\u00e3o h\u00e1 meses, o programa de passagens a\u00e9reas de at\u00e9 R$ 200 deve estar nos ajustes finais para o lan\u00e7amento.\u00a0 De acordo com a coluna do Lauro Jardim, no jornal O Globo, o \u201cVoa Brasil\u201d pode come\u00e7ar a valer em fevereiro.\u00a0 Isso porque o ministro de Portos e Aeroportos,\u2026","rel":"","context":"In &quot;Dinheiro e Investimento&quot;","block_context":{"text":"Dinheiro e Investimento","link":"https:\/\/noticiasribeiraopreto.com.br\/index.php\/category\/dinheiro-e-investimento-como-fazer-como-ganhar\/"},"img":{"alt_text":"","src":"https:\/\/i0.wp.com\/noticiasribeiraopreto.com.br\/wp-content\/uploads\/2024\/01\/shutterstock_210539380-628x353.jpg?fit=628%2C353&ssl=1&resize=350%2C200","width":350,"height":200,"srcset":"https:\/\/i0.wp.com\/noticiasribeiraopreto.com.br\/wp-content\/uploads\/2024\/01\/shutterstock_210539380-628x353.jpg?fit=628%2C353&ssl=1&resize=350%2C200 1x, https:\/\/i0.wp.com\/noticiasribeiraopreto.com.br\/wp-content\/uploads\/2024\/01\/shutterstock_210539380-628x353.jpg?fit=628%2C353&ssl=1&resize=525%2C300 1.5x"},"classes":[]},{"id":64682,"url":"https:\/\/noticiasribeiraopreto.com.br\/index.php\/2025\/03\/11\/voepass-suspensa-confira-as-orientacoes-da-latam-para-os-clientes-afetados\/","url_meta":{"origin":5914,"position":3},"title":"Voepass suspensa: Confira as orienta\u00e7\u00f5es da Latam para os clientes afetados","author":"noticiasribeiraopreto.com.br","date":"11 de March de 2025","format":false,"excerpt":"A Latam Airlines emitiu uma nota oficial, nesta ter\u00e7a-feira (11), orientando os passageiros afetados pela suspens\u00e3o das opera\u00e7\u00f5es da Voepass, determinada pela Anac (Ag\u00eancia Nacional de Avia\u00e7\u00e3o Civil). De acordo com a Latam, os passageiros que possuem passagens no sistema de codeshare \u2013 acordo entre as companhias que permite a\u2026","rel":"","context":"In &quot;Not\u00edcias de Ribeir\u00e3o Preto-SP e Regi\u00e3o&quot;","block_context":{"text":"Not\u00edcias de Ribeir\u00e3o Preto-SP e Regi\u00e3o","link":"https:\/\/noticiasribeiraopreto.com.br\/index.php\/category\/noticias-de-ribeirao-preto-sp-e-regiao-ismael-colosi\/"},"img":{"alt_text":"","src":"https:\/\/i0.wp.com\/noticiasribeiraopreto.com.br\/wp-content\/uploads\/2025\/03\/WhatsApp-Image-2023-12-19-at-08.41.32.jpeg?fit=1200%2C675&ssl=1&resize=350%2C200","width":350,"height":200,"srcset":"https:\/\/i0.wp.com\/noticiasribeiraopreto.com.br\/wp-content\/uploads\/2025\/03\/WhatsApp-Image-2023-12-19-at-08.41.32.jpeg?fit=1200%2C675&ssl=1&resize=350%2C200 1x, https:\/\/i0.wp.com\/noticiasribeiraopreto.com.br\/wp-content\/uploads\/2025\/03\/WhatsApp-Image-2023-12-19-at-08.41.32.jpeg?fit=1200%2C675&ssl=1&resize=525%2C300 1.5x, https:\/\/i0.wp.com\/noticiasribeiraopreto.com.br\/wp-content\/uploads\/2025\/03\/WhatsApp-Image-2023-12-19-at-08.41.32.jpeg?fit=1200%2C675&ssl=1&resize=700%2C400 2x, https:\/\/i0.wp.com\/noticiasribeiraopreto.com.br\/wp-content\/uploads\/2025\/03\/WhatsApp-Image-2023-12-19-at-08.41.32.jpeg?fit=1200%2C675&ssl=1&resize=1050%2C600 3x"},"classes":[]},{"id":19267,"url":"https:\/\/noticiasribeiraopreto.com.br\/index.php\/2023\/12\/22\/reducao-nos-precos-das-passagens-aereas-em-2024-e-anunciado-pelo-governo-e-companhias-aereas\/","url_meta":{"origin":5914,"position":4},"title":"Redu\u00e7\u00e3o nos pre\u00e7os das passagens a\u00e9reas em 2024 \u00e9 anunciado pelo governo e companhias a\u00e9reas","author":"noticiasribeiraopreto.com.br","date":"22 de December de 2023","format":false,"excerpt":"Azul, GOL e Latam, em conjunto com os Minist\u00e9rios de Portos e Aeroportos, revelaram a primeira fase de um plano para reduzir os pre\u00e7os das passagens a\u00e9reas. Essa iniciativa faz parte do projeto de universaliza\u00e7\u00e3o do transporte a\u00e9reo pelo governo, visando tornar esse mercado mais inclusivo e acess\u00edvel \u00e0 popula\u00e7\u00e3o\u2026","rel":"","context":"In &quot;Vagas de Emprego em Ribeir\u00e3o Preto-SP&quot;","block_context":{"text":"Vagas de Emprego em Ribeir\u00e3o Preto-SP","link":"https:\/\/noticiasribeiraopreto.com.br\/index.php\/category\/empregos-classificados-vagas-trabalho\/vagas-de-empregos-em-ribeirao-preto-regiao-brasil\/"},"img":{"alt_text":"","src":"","width":0,"height":0},"classes":[]},{"id":17731,"url":"https:\/\/noticiasribeiraopreto.com.br\/index.php\/2023\/12\/19\/governo-anuncia-primeiras-medidas-para-reducao-dos-precos-das-passagens-aereas\/","url_meta":{"origin":5914,"position":5},"title":"Governo anuncia primeiras medidas para redu\u00e7\u00e3o dos pre\u00e7os das passagens a\u00e9reas","author":"noticiasribeiraopreto.com.br","date":"19 de December de 2023","format":false,"excerpt":"Por Luiz Ara\u00fajo O Minist\u00e9rio de Portos e Aeroportos (MPor) anunciou, nesta segunda-feira (18), as primeiras medidas para redu\u00e7\u00e3o dos pre\u00e7os das passagens a\u00e9reas. O an\u00fancio, feito em conjunto com representantes das companhias, foi focado na promessa de maior volume de promo\u00e7\u00f5es. Ainda assim, o titular do MPor, Silvio Costa\u2026","rel":"","context":"In &quot;Not\u00edcias de Ribeir\u00e3o Preto-SP e Regi\u00e3o&quot;","block_context":{"text":"Not\u00edcias de Ribeir\u00e3o Preto-SP e Regi\u00e3o","link":"https:\/\/noticiasribeiraopreto.com.br\/index.php\/category\/noticias-de-ribeirao-preto-sp-e-regiao-ismael-colosi\/"},"img":{"alt_text":"","src":"https:\/\/i0.wp.com\/noticiasribeiraopreto.com.br\/wp-content\/uploads\/2023\/12\/aviao-voando-em-um-ceu-nublado-scaled.jpg?fit=1200%2C700&ssl=1&resize=350%2C200","width":350,"height":200,"srcset":"https:\/\/i0.wp.com\/noticiasribeiraopreto.com.br\/wp-content\/uploads\/2023\/12\/aviao-voando-em-um-ceu-nublado-scaled.jpg?fit=1200%2C700&ssl=1&resize=350%2C200 1x, https:\/\/i0.wp.com\/noticiasribeiraopreto.com.br\/wp-content\/uploads\/2023\/12\/aviao-voando-em-um-ceu-nublado-scaled.jpg?fit=1200%2C700&ssl=1&resize=525%2C300 1.5x, https:\/\/i0.wp.com\/noticiasribeiraopreto.com.br\/wp-content\/uploads\/2023\/12\/aviao-voando-em-um-ceu-nublado-scaled.jpg?fit=1200%2C700&ssl=1&resize=700%2C400 2x, https:\/\/i0.wp.com\/noticiasribeiraopreto.com.br\/wp-content\/uploads\/2023\/12\/aviao-voando-em-um-ceu-nublado-scaled.jpg?fit=1200%2C700&ssl=1&resize=1050%2C600 3x"},"classes":[]}],"jetpack_sharing_enabled":true,"jetpack_shortlink":"https:\/\/wp.me\/peQAOb-1xo","_links":{"self":[{"href":"https:\/\/noticiasribeiraopreto.com.br\/index.php\/wp-json\/wp\/v2\/posts\/5914","targetHints":{"allow":["GET"]}}],"collection":[{"href":"https:\/\/noticiasribeiraopreto.com.br\/index.php\/wp-json\/wp\/v2\/posts"}],"about":[{"href":"https:\/\/noticiasribeiraopreto.com.br\/index.php\/wp-json\/wp\/v2\/types\/post"}],"author":[{"embeddable":true,"href":"https:\/\/noticiasribeiraopreto.com.br\/index.php\/wp-json\/wp\/v2\/users\/1"}],"replies":[{"embeddable":true,"href":"https:\/\/noticiasribeiraopreto.com.br\/index.php\/wp-json\/wp\/v2\/comments?post=5914"}],"version-history":[{"count":0,"href":"https:\/\/noticiasribeiraopreto.com.br\/index.php\/wp-json\/wp\/v2\/posts\/5914\/revisions"}],"wp:featuredmedia":[{"embeddable":true,"href":"https:\/\/noticiasribeiraopreto.com.br\/index.php\/wp-json\/wp\/v2\/media\/5915"}],"wp:attachment":[{"href":"https:\/\/noticiasribeiraopreto.com.br\/index.php\/wp-json\/wp\/v2\/media?parent=5914"}],"wp:term":[{"taxonomy":"category","embeddable":true,"href":"https:\/\/noticiasribeiraopreto.com.br\/index.php\/wp-json\/wp\/v2\/categories?post=5914"},{"taxonomy":"post_tag","embeddable":true,"href":"https:\/\/noticiasribeiraopreto.com.br\/index.php\/wp-json\/wp\/v2\/tags?post=5914"}],"curies":[{"name":"wp","href":"https:\/\/api.w.org\/{rel}","templated":true}]}}