{"id":5916,"date":"2023-11-24T17:24:18","date_gmt":"2023-11-24T20:24:18","guid":{"rendered":"https:\/\/noticiasribeiraopreto.com.br\/index.php\/2023\/11\/24\/segundo-advogado-marido-de-ana-hickmann-entra-com-pedido-de-divorcio\/"},"modified":"2023-11-24T17:24:18","modified_gmt":"2023-11-24T20:24:18","slug":"segundo-advogado-marido-de-ana-hickmann-entra-com-pedido-de-divorcio","status":"publish","type":"post","link":"https:\/\/noticiasribeiraopreto.com.br\/index.php\/2023\/11\/24\/segundo-advogado-marido-de-ana-hickmann-entra-com-pedido-de-divorcio\/","title":{"rendered":"Segundo advogado, Marido de Ana Hickmann entra com pedido de div\u00f3rcio"},"content":{"rendered":"<div class='code-block code-block-1' style='margin: 8px 0 8px auto; text-align: right; display: block; clear: both;'>\n<p><a href=\"https:\/\/wa.link\/vpicfd\"><img data-recalc-dims=\"1\" class=\"wp-image-4922\" style=\"aspect-ratio: 2.0253164556962027; width: 561px; height: auto;\" src=\"https:\/\/i0.wp.com\/ismaelcolosi.com.br\/wp-content\/uploads\/2023\/11\/grupo-de-empregos-whatsapp-e-facebook-ismael-colosi-vagas.jpg?ssl=1\" alt=\"\" \/><\/a><\/p>\n<!-- \/wp:image -->\n<\/div>\n<p> <br \/>\n<\/p>\n<div itemprop=\"text\">\n<p>Ap\u00f3s o site \u201cNot\u00edcias da TV\u201d divulgaram que a apresentadora Ana Hickmann j\u00e1 estaria se referindo a Alexandre Correa como ex marido, parece que ele tomou provid\u00eancias com rela\u00e7\u00e3o a isso.<\/p>\n<p>Segundo o advogado Enio Martins Murad em entrevista ao G1, Alexandre teria entrado com pedido de div\u00f3rcio nesta sexta feira, 24 de novembro ap\u00f3s a\u00e7\u00e3o a pol\u00edcia em sua resid\u00eancia.<\/p>\n<p>A pol\u00edcia teria ido ao apartamento do empres\u00e1rio e feito uma vistoria. A atitude dele teria sido ap\u00f3s Ana entrar com pedido de medida protetiva, na quarta feira 22, contra o mesmo.<\/p>\n<p>Ana Hickmann registou boletim de ocorr\u00eancia contra Alexandre por les\u00e3o corporal e viol\u00eancia dom\u00e9stica ap\u00f3s ser agredida por ele quando tiveram uma discuss\u00e3o na casa em que moravam.<\/p>\n<p>Alexandre a princ\u00edpio negou as acusa\u00e7\u00f5es e voltou atr\u00e1s dizendo no boletim que os dois tiveram uma \u201cbriga acalorada\u201d, foi onde prendeu a porta contra o bra\u00e7o de Ana.<\/p>\n<p>Ela chegou aparecer no programa que trabalha com hematoma no bra\u00e7o e chamou aten\u00e7\u00e3o na web que seduziu ter sido este o ferimento no ocorrido. Ela chegou a ir pro atendimento m\u00e9dico antes de registrar o boletim.<\/p>\n<p>Ana e Alexandre s\u00e3o pais de Alezinho de 9 anos. A apresentadora comemorou recentemente ter conseguido ver express\u00e3o de felicidade no rosto do filho ap\u00f3s toda confus\u00e3o. Ela compartilha em seu perfil nas redes sociais sua nova rotina apenas ao lado do filho e agradece as mensagens de apoio.<\/p>\n<\/div>\n<p><br \/>\n<br \/><a href=\"https:\/\/fnmais.com\/segundo-advogado-marido-ana-hickmann-entra-com-pedido-divorcio\/\">Source link <\/a><\/p>\n<!-- CONTENT END 1 -->\n","protected":false},"excerpt":{"rendered":"<p>Ap\u00f3s o site \u201cNot\u00edcias da TV\u201d divulgaram que a apresentadora Ana Hickmann j\u00e1 estaria se referindo a Alexandre Correa como ex marido, parece que ele&#8230;<\/p>\n","protected":false},"author":1,"featured_media":5917,"comment_status":"open","ping_status":"open","sticky":false,"template":"","format":"standard","meta":{"advanced_seo_description":"","jetpack_seo_html_title":"","jetpack_seo_noindex":false,"jetpack_post_was_ever_published":false,"_jetpack_newsletter_access":"","_jetpack_dont_email_post_to_subs":false,"_jetpack_newsletter_tier_id":0,"_jetpack_memberships_contains_paywalled_content":false,"_jetpack_memberships_contains_paid_content":false,"footnotes":"","jetpack_publicize_message":"","jetpack_publicize_feature_enabled":true,"jetpack_social_post_already_shared":true,"jetpack_social_options":{"image_generator_settings":{"template":"highway","default_image_id":0,"font":"","enabled":false},"version":2}},"categories":[1],"tags":[],"class_list":["post-5916","post","type-post","status-publish","format-standard","has-post-thumbnail","hentry","category-blog"],"jetpack_publicize_connections":[],"jetpack_featured_media_url":"https:\/\/i0.wp.com\/noticiasribeiraopreto.com.br\/wp-content\/uploads\/2023\/11\/postimg-656103f437cd03875.jpg?fit=1200%2C628&ssl=1","jetpack-related-posts":[{"id":9967,"url":"https:\/\/noticiasribeiraopreto.com.br\/index.php\/2023\/12\/03\/alexandre-correa-desiste-de-acao-de-divorcio-contra-ana-hickmann-apos-receber-noticia-que-o-emocionou\/","url_meta":{"origin":5916,"position":0},"title":"Alexandre Correa desiste de a\u00e7\u00e3o de div\u00f3rcio contra Ana Hickmann ap\u00f3s receber not\u00edcia que o emocionou","author":"noticiasribeiraopreto.com.br","date":"3 de December de 2023","format":false,"excerpt":"Alexandre Correa decidiu retirar a a\u00e7\u00e3o de div\u00f3rcio que havia movido contra Ana Hickmann. Segundo informa\u00e7\u00f5es, o processo de separa\u00e7\u00e3o do casal prossegue, mas agora sob uma a\u00e7\u00e3o iniciada pela funcion\u00e1ria da Record.O advogado Enio Martins, representante de Alexandre Correa, em entrevista ao Estad\u00e3o, explicou que a desist\u00eancia ocorreu ap\u00f3s\u2026","rel":"","context":"In &quot;Blog&quot;","block_context":{"text":"Blog","link":"https:\/\/noticiasribeiraopreto.com.br\/index.php\/category\/blog\/"},"img":{"alt_text":"","src":"https:\/\/i0.wp.com\/noticiasribeiraopreto.com.br\/wp-content\/uploads\/2023\/12\/postimg-656c8d9fa0fe08046.jpg?fit=1200%2C628&ssl=1&resize=350%2C200","width":350,"height":200,"srcset":"https:\/\/i0.wp.com\/noticiasribeiraopreto.com.br\/wp-content\/uploads\/2023\/12\/postimg-656c8d9fa0fe08046.jpg?fit=1200%2C628&ssl=1&resize=350%2C200 1x, https:\/\/i0.wp.com\/noticiasribeiraopreto.com.br\/wp-content\/uploads\/2023\/12\/postimg-656c8d9fa0fe08046.jpg?fit=1200%2C628&ssl=1&resize=525%2C300 1.5x, https:\/\/i0.wp.com\/noticiasribeiraopreto.com.br\/wp-content\/uploads\/2023\/12\/postimg-656c8d9fa0fe08046.jpg?fit=1200%2C628&ssl=1&resize=700%2C400 2x, https:\/\/i0.wp.com\/noticiasribeiraopreto.com.br\/wp-content\/uploads\/2023\/12\/postimg-656c8d9fa0fe08046.jpg?fit=1200%2C628&ssl=1&resize=1050%2C600 3x"},"classes":[]},{"id":8038,"url":"https:\/\/noticiasribeiraopreto.com.br\/index.php\/2023\/11\/29\/ana-hickmann-tem-pedido-negado-pela-justica-apos-pedir-divorcio-pela-maria-da-penha-contra-marido\/","url_meta":{"origin":5916,"position":1},"title":"Ana Hickmann tem pedido negado pela justi\u00e7a ap\u00f3s pedir div\u00f3rcio pela Maria da Penha contra marido","author":"noticiasribeiraopreto.com.br","date":"29 de November de 2023","format":false,"excerpt":"A apresentadora Ana Hickmann tem vivido dias dif\u00edceis nas \u00faltimas semanas. Isso porque a famosa, que tem 42 anos, foi agredida pelo marido, o empres\u00e1rio Alexandre Corr\u00eaa, com quem \u00e9 casada h\u00e1 15 anos.No total, Ana e Alexandre j\u00e1 estavam juntos h\u00e1 25 anos. Os dois s\u00e3o pais do pequeno\u2026","rel":"","context":"In &quot;Blog&quot;","block_context":{"text":"Blog","link":"https:\/\/noticiasribeiraopreto.com.br\/index.php\/category\/blog\/"},"img":{"alt_text":"","src":"https:\/\/i0.wp.com\/noticiasribeiraopreto.com.br\/wp-content\/uploads\/2023\/11\/postimg-6567392438ac57662.jpg?fit=1200%2C628&ssl=1&resize=350%2C200","width":350,"height":200,"srcset":"https:\/\/i0.wp.com\/noticiasribeiraopreto.com.br\/wp-content\/uploads\/2023\/11\/postimg-6567392438ac57662.jpg?fit=1200%2C628&ssl=1&resize=350%2C200 1x, https:\/\/i0.wp.com\/noticiasribeiraopreto.com.br\/wp-content\/uploads\/2023\/11\/postimg-6567392438ac57662.jpg?fit=1200%2C628&ssl=1&resize=525%2C300 1.5x, https:\/\/i0.wp.com\/noticiasribeiraopreto.com.br\/wp-content\/uploads\/2023\/11\/postimg-6567392438ac57662.jpg?fit=1200%2C628&ssl=1&resize=700%2C400 2x, https:\/\/i0.wp.com\/noticiasribeiraopreto.com.br\/wp-content\/uploads\/2023\/11\/postimg-6567392438ac57662.jpg?fit=1200%2C628&ssl=1&resize=1050%2C600 3x"},"classes":[]},{"id":5930,"url":"https:\/\/noticiasribeiraopreto.com.br\/index.php\/2023\/11\/24\/policia-arromba-apartamento-do-marido-de-ana-hickmann-e-motivo-sombrio-vem-a-tona\/","url_meta":{"origin":5916,"position":2},"title":"Policia arromba apartamento do marido de Ana Hickmann e motivo sombrio vem \u00e0 tona","author":"noticiasribeiraopreto.com.br","date":"24 de November de 2023","format":false,"excerpt":"Em mais uma situa\u00e7\u00e3o surpreendente, policiais arrombaram o apartamento de Alexandre Correa, marido da famosa apresentadora Ana Hickmann, no bairro da Pompeia, em S\u00e3o Paulo. A a\u00e7\u00e3o policial, aconteceu nesta sexta, 24 de novembro.Este incidente \u00e9 o mais recente em uma s\u00e9rie de eventos tumultuados para o casal. H\u00e1 cerca\u2026","rel":"","context":"In &quot;Blog&quot;","block_context":{"text":"Blog","link":"https:\/\/noticiasribeiraopreto.com.br\/index.php\/category\/blog\/"},"img":{"alt_text":"","src":"https:\/\/i0.wp.com\/noticiasribeiraopreto.com.br\/wp-content\/uploads\/2023\/11\/postimg-656109f4d70b16281.jpg?fit=1200%2C628&ssl=1&resize=350%2C200","width":350,"height":200,"srcset":"https:\/\/i0.wp.com\/noticiasribeiraopreto.com.br\/wp-content\/uploads\/2023\/11\/postimg-656109f4d70b16281.jpg?fit=1200%2C628&ssl=1&resize=350%2C200 1x, https:\/\/i0.wp.com\/noticiasribeiraopreto.com.br\/wp-content\/uploads\/2023\/11\/postimg-656109f4d70b16281.jpg?fit=1200%2C628&ssl=1&resize=525%2C300 1.5x, https:\/\/i0.wp.com\/noticiasribeiraopreto.com.br\/wp-content\/uploads\/2023\/11\/postimg-656109f4d70b16281.jpg?fit=1200%2C628&ssl=1&resize=700%2C400 2x, https:\/\/i0.wp.com\/noticiasribeiraopreto.com.br\/wp-content\/uploads\/2023\/11\/postimg-656109f4d70b16281.jpg?fit=1200%2C628&ssl=1&resize=1050%2C600 3x"},"classes":[]},{"id":14652,"url":"https:\/\/noticiasribeiraopreto.com.br\/index.php\/2023\/12\/12\/caso-ana-hickmann-advogados-finalmente-revelam-motivo-da-violencia-do-marido-impunidade-de-delitos\/","url_meta":{"origin":5916,"position":3},"title":"Caso Ana Hickmann: Advogados finalmente revelam motivo da viol\u00eancia do marido: &#8216;impunidade de delitos&#8217;","author":"noticiasribeiraopreto.com.br","date":"12 de December de 2023","format":false,"excerpt":"Nesta segunda-feira (11\/12), a apresentadora Ana Hickmann se pronunciou por meio de seus advogados para dar novas declara\u00e7\u00f5es sobre Alexandre Correa. Os dois, vale lembrar, est\u00e3o em processo de separa\u00e7\u00e3o e a loira j\u00e1 entrou com pedido de div\u00f3rcio.Ana foi agredida pelo agora ex-companheiro e a viol\u00eancia dom\u00e9stica foi denunciada\u2026","rel":"","context":"In &quot;Blog&quot;","block_context":{"text":"Blog","link":"https:\/\/noticiasribeiraopreto.com.br\/index.php\/category\/blog\/"},"img":{"alt_text":"","src":"https:\/\/i0.wp.com\/noticiasribeiraopreto.com.br\/wp-content\/uploads\/2023\/12\/postimg-657853a0bf7e72411.jpg?fit=1200%2C628&ssl=1&resize=350%2C200","width":350,"height":200,"srcset":"https:\/\/i0.wp.com\/noticiasribeiraopreto.com.br\/wp-content\/uploads\/2023\/12\/postimg-657853a0bf7e72411.jpg?fit=1200%2C628&ssl=1&resize=350%2C200 1x, https:\/\/i0.wp.com\/noticiasribeiraopreto.com.br\/wp-content\/uploads\/2023\/12\/postimg-657853a0bf7e72411.jpg?fit=1200%2C628&ssl=1&resize=525%2C300 1.5x, https:\/\/i0.wp.com\/noticiasribeiraopreto.com.br\/wp-content\/uploads\/2023\/12\/postimg-657853a0bf7e72411.jpg?fit=1200%2C628&ssl=1&resize=700%2C400 2x, https:\/\/i0.wp.com\/noticiasribeiraopreto.com.br\/wp-content\/uploads\/2023\/12\/postimg-657853a0bf7e72411.jpg?fit=1200%2C628&ssl=1&resize=1050%2C600 3x"},"classes":[]},{"id":7152,"url":"https:\/\/noticiasribeiraopreto.com.br\/index.php\/2023\/11\/27\/luisa-mell-faz-publicacao-para-cachorro-que-ana-hickmann-resgatou-ajudou-quando-ela-precisou\/","url_meta":{"origin":5916,"position":4},"title":"Luisa Mell faz publica\u00e7\u00e3o para cachorro que Ana Hickmann resgatou: &#8216;Ajudou quando ela precisou&#8217;","author":"noticiasribeiraopreto.com.br","date":"27 de November de 2023","format":false,"excerpt":"\u2018 Nem todo her\u00f3i usa capa\u2019 \u00e9 uma frase muito comum usada para situa\u00e7\u00f5es em que algu\u00e9m usa toda sua coragem para enfrentar alguma situa\u00e7\u00e3o de perigo. Mas n\u00e3o quer dizer que seja s\u00f3 com seres humanos.Dessa vez, quem ganhou o t\u00edtulo de her\u00f3i foi Joaquim, cachorro da apresentadora Ana\u2026","rel":"","context":"In &quot;Blog&quot;","block_context":{"text":"Blog","link":"https:\/\/noticiasribeiraopreto.com.br\/index.php\/category\/blog\/"},"img":{"alt_text":"","src":"https:\/\/i0.wp.com\/noticiasribeiraopreto.com.br\/wp-content\/uploads\/2023\/11\/postimg-6564ef559ccfb3120.jpg?fit=1200%2C628&ssl=1&resize=350%2C200","width":350,"height":200,"srcset":"https:\/\/i0.wp.com\/noticiasribeiraopreto.com.br\/wp-content\/uploads\/2023\/11\/postimg-6564ef559ccfb3120.jpg?fit=1200%2C628&ssl=1&resize=350%2C200 1x, https:\/\/i0.wp.com\/noticiasribeiraopreto.com.br\/wp-content\/uploads\/2023\/11\/postimg-6564ef559ccfb3120.jpg?fit=1200%2C628&ssl=1&resize=525%2C300 1.5x, https:\/\/i0.wp.com\/noticiasribeiraopreto.com.br\/wp-content\/uploads\/2023\/11\/postimg-6564ef559ccfb3120.jpg?fit=1200%2C628&ssl=1&resize=700%2C400 2x, https:\/\/i0.wp.com\/noticiasribeiraopreto.com.br\/wp-content\/uploads\/2023\/11\/postimg-6564ef559ccfb3120.jpg?fit=1200%2C628&ssl=1&resize=1050%2C600 3x"},"classes":[]},{"id":24486,"url":"https:\/\/noticiasribeiraopreto.com.br\/index.php\/2024\/01\/04\/defesa-de-ana-hickmann-se-masnifesta-apos-pedido-de-prisao-feito-pelo-ex\/","url_meta":{"origin":5916,"position":5},"title":"Defesa de Ana Hickmann se masnifesta ap\u00f3s pedido de pris\u00e3o feito pelo ex","author":"noticiasribeiraopreto.com.br","date":"4 de January de 2024","format":false,"excerpt":"No final no ano, o empres\u00e1rio havia conseguido na justi\u00e7a dias e hor\u00e1rios estipulados para passar momentos com o filho com a interven\u00e7\u00e3o de seus pais, av\u00f3s do menino, como respons\u00e1veis por buscar e levar o menino at\u00e9 a m\u00e3e.Nesta ter\u00e7a feira, 3 de dezembro, Alexandre legou que o Ana\u2026","rel":"","context":"In &quot;Blog&quot;","block_context":{"text":"Blog","link":"https:\/\/noticiasribeiraopreto.com.br\/index.php\/category\/blog\/"},"img":{"alt_text":"","src":"https:\/\/i0.wp.com\/noticiasribeiraopreto.com.br\/wp-content\/uploads\/2024\/01\/postimg-6596cd9a3539a5440.jpg?fit=1200%2C628&ssl=1&resize=350%2C200","width":350,"height":200,"srcset":"https:\/\/i0.wp.com\/noticiasribeiraopreto.com.br\/wp-content\/uploads\/2024\/01\/postimg-6596cd9a3539a5440.jpg?fit=1200%2C628&ssl=1&resize=350%2C200 1x, https:\/\/i0.wp.com\/noticiasribeiraopreto.com.br\/wp-content\/uploads\/2024\/01\/postimg-6596cd9a3539a5440.jpg?fit=1200%2C628&ssl=1&resize=525%2C300 1.5x, https:\/\/i0.wp.com\/noticiasribeiraopreto.com.br\/wp-content\/uploads\/2024\/01\/postimg-6596cd9a3539a5440.jpg?fit=1200%2C628&ssl=1&resize=700%2C400 2x, https:\/\/i0.wp.com\/noticiasribeiraopreto.com.br\/wp-content\/uploads\/2024\/01\/postimg-6596cd9a3539a5440.jpg?fit=1200%2C628&ssl=1&resize=1050%2C600 3x"},"classes":[]}],"jetpack_sharing_enabled":true,"jetpack_shortlink":"https:\/\/wp.me\/peQAOb-1xq","_links":{"self":[{"href":"https:\/\/noticiasribeiraopreto.com.br\/index.php\/wp-json\/wp\/v2\/posts\/5916","targetHints":{"allow":["GET"]}}],"collection":[{"href":"https:\/\/noticiasribeiraopreto.com.br\/index.php\/wp-json\/wp\/v2\/posts"}],"about":[{"href":"https:\/\/noticiasribeiraopreto.com.br\/index.php\/wp-json\/wp\/v2\/types\/post"}],"author":[{"embeddable":true,"href":"https:\/\/noticiasribeiraopreto.com.br\/index.php\/wp-json\/wp\/v2\/users\/1"}],"replies":[{"embeddable":true,"href":"https:\/\/noticiasribeiraopreto.com.br\/index.php\/wp-json\/wp\/v2\/comments?post=5916"}],"version-history":[{"count":0,"href":"https:\/\/noticiasribeiraopreto.com.br\/index.php\/wp-json\/wp\/v2\/posts\/5916\/revisions"}],"wp:featuredmedia":[{"embeddable":true,"href":"https:\/\/noticiasribeiraopreto.com.br\/index.php\/wp-json\/wp\/v2\/media\/5917"}],"wp:attachment":[{"href":"https:\/\/noticiasribeiraopreto.com.br\/index.php\/wp-json\/wp\/v2\/media?parent=5916"}],"wp:term":[{"taxonomy":"category","embeddable":true,"href":"https:\/\/noticiasribeiraopreto.com.br\/index.php\/wp-json\/wp\/v2\/categories?post=5916"},{"taxonomy":"post_tag","embeddable":true,"href":"https:\/\/noticiasribeiraopreto.com.br\/index.php\/wp-json\/wp\/v2\/tags?post=5916"}],"curies":[{"name":"wp","href":"https:\/\/api.w.org\/{rel}","templated":true}]}}