{"id":5920,"date":"2023-11-24T17:35:40","date_gmt":"2023-11-24T20:35:40","guid":{"rendered":"https:\/\/noticiasribeiraopreto.com.br\/index.php\/2023\/11\/24\/karate-kid-tera-novo-filme-com-jackie-chan-e-ralph-macchio-assista-teaser\/"},"modified":"2023-11-24T17:35:40","modified_gmt":"2023-11-24T20:35:40","slug":"karate-kid-tera-novo-filme-com-jackie-chan-e-ralph-macchio-assista-teaser","status":"publish","type":"post","link":"https:\/\/noticiasribeiraopreto.com.br\/index.php\/2023\/11\/24\/karate-kid-tera-novo-filme-com-jackie-chan-e-ralph-macchio-assista-teaser\/","title":{"rendered":"&#8216;Karat\u00ea Kid&#8217; ter\u00e1 novo filme com Jackie Chan e Ralph Macchio; assista teaser"},"content":{"rendered":"<div class='code-block code-block-1' style='margin: 8px 0 8px auto; text-align: right; display: block; clear: both;'>\n<p><a href=\"https:\/\/wa.link\/vpicfd\"><img data-recalc-dims=\"1\" class=\"wp-image-4922\" style=\"aspect-ratio: 2.0253164556962027; width: 561px; height: auto;\" src=\"https:\/\/i0.wp.com\/ismaelcolosi.com.br\/wp-content\/uploads\/2023\/11\/grupo-de-empregos-whatsapp-e-facebook-ismael-colosi-vagas.jpg?ssl=1\" alt=\"\" \/><\/a><\/p>\n<!-- \/wp:image -->\n<\/div>\n<p> <br \/>\n<\/p>\n<div>\n<div id=\"attachment_2313891\" class=\"wp-caption alignnone\">\n<div class=\"d-flex justify-content-center\" data-attachment-id=\"2313891\">\n<div class=\"position-relative d-inline-block\"><img data-recalc-dims=\"1\" data-portal-copyright=\"Divulga\u00e7\u00e3o\" decoding=\"async\" fetchpriority=\"high\" class=\"size-full wp-image-2313891\" src=\"https:\/\/i0.wp.com\/catracalivre.com.br\/wp-content\/uploads\/2023\/11\/fotos-catraca-2023-11-24t112748194.png?resize=1200%2C660&#038;ssl=1\" alt=\"Novo filme do \u201cKarat\u00ea Kid\u201d ter\u00e1 Jackie Chan e Ralph Macchio\" width=\"1200\" height=\"660\" srcset=\"https:\/\/catracalivre.com.br\/wp-content\/uploads\/2023\/11\/fotos-catraca-2023-11-24t112748194.png 1200w, https:\/\/catracalivre.com.br\/wp-content\/uploads\/2023\/11\/fotos-catraca-2023-11-24t112748194-450x248.png 450w, https:\/\/catracalivre.com.br\/wp-content\/uploads\/2023\/11\/fotos-catraca-2023-11-24t112748194-768x422.png 768w\" sizes=\"(max-width: 1200px) 100vw, 1200px\"\/><\/p>\n<p>Cr\u00e9ditos: Divulga\u00e7\u00e3o<\/p>\n<\/div>\n<\/div>\n<p><span class=\"post-imagem__legenda\">Novo filme do \u201cKarat\u00ea Kid\u201d ter\u00e1 Jackie Chan e Ralph Macchio<\/span><\/p>\n<\/div>\n<p>A aguardada <a href=\"https:\/\/catracalivre.com.br\/entretenimento\/nova-versao-do-classico-meninas-malvadas-ganha-trailer-assista\/\" target=\"_blank\" rel=\"noopener\">nova vers\u00e3o<\/a> do cl\u00e1ssico \u201cKarat\u00ea Kid\u201d est\u00e1 em desenvolvimento, com previs\u00e3o de estreia para dezembro de 2024, segundo informa\u00e7\u00f5es divulgadas pela Sony Pictures.<\/p>\n<p>Al\u00e9m da data de estreia, a produtora confirmou tamb\u00e9m quem far\u00e1 parte do elenco principal. Os f\u00e3s da franquia podem celebrar o retorno de atores que marcaram a saga, como \u00e9 o caso de <a href=\"https:\/\/catracalivre.com.br\/entretenimento\/jackie-chan-fala-portugues-faz-dancinha-em-video-e-viraliza-na-web\/\" target=\"_blank\" rel=\"noopener\">Jackie Chan<\/a> e Ralph Macchio.<\/p>\n<h2>O que sabemos at\u00e9 agora sobre o novo filme?<\/h2>\n<p>As informa\u00e7\u00f5es sobre o novo longa ainda est\u00e3o limitadas \u2013 o que s\u00f3 aumenta a curiosidade dos f\u00e3s.<\/p>\n<p>Pelo que divulgou o <a href=\"https:\/\/www.hollywoodreporter.com\/movies\/movie-news\/karate-kid-moviejackie-chan-ralph-macchio-1235666634\/\" target=\"_blank\" rel=\"noopener\">The Hollywood Reporter<\/a>, a dire\u00e7\u00e3o ficar\u00e1 a cargo de Jonathan Entwistle. Al\u00e9m disso, o roteiro ser\u00e1 assinado por Rob Lieber.<\/p>\n<p>Outra novidade que chamou a aten\u00e7\u00e3o foi a divulga\u00e7\u00e3o de um teaser que anuncia uma busca global por um ator chin\u00eas para interpretar o novo personagem-t\u00edtulo. No entanto, o roteiro e mais detalhes sobre a trama ainda n\u00e3o est\u00e3o revelados. <strong>Assista:<\/strong><\/p>\n<p class=\"embed-responsive embed-responsive-16by9 mb-3 d-block\"><iframe loading=\"lazy\" title=\"THE KARATE KID - Global Casting Search\" width=\"500\" height=\"281\" src=\"https:\/\/www.youtube.com\/embed\/1MR1HPas-VA?feature=oembed\" frameborder=\"0\" allow=\"accelerometer; autoplay; clipboard-write; encrypted-media; gyroscope; picture-in-picture; web-share\" referrerpolicy=\"strict-origin-when-cross-origin\" allowfullscreen><\/iframe><\/p>\n<h2>Sobre o \u201cKarat\u00ea Kid\u201d<\/h2>\n<p>A franquia alcan\u00e7ou sucesso desde o lan\u00e7amento de seu primeiro filme, em 1984. \u00c0 \u00e9poca, tornou-se um dos maiores fen\u00f4menos do ano, o que proporcionou caminho para mais tr\u00eas sequ\u00eancias, s\u00e3o elas:<\/p>\n<ul>\n<li>\u201cKarat\u00ea Kid 2 \u2013 A Hora da Verdade Continua\u201d (1986);<\/li>\n<li>\u201cKarat\u00ea Kid 3 \u2013 O Desafio Final\u201d (1989);<\/li>\n<li>\u201cKarate Kid 4 \u2013 A Nova Aventura\u201d (1994).<\/li>\n<\/ul>\n<p>J\u00e1 em 2010, a franquia ganhou um remake que apresentou uma hist\u00f3ria parecida, mas com novos personagens. Pouco tempo depois, em 2018, chegou \u00e0s telas \u201cCobra Kai\u201d, uma s\u00e9rie de com\u00e9dia que expandiu o universo da franquia e est\u00e1 dispon\u00edvel na Netflix.<\/p>\n<p>Por enquanto, os amantes da s\u00e9rie de longas aguardar\u00e3o pacientemente at\u00e9 dezembro de 2024 para descobrir o que o novo filme reserva.<\/p>\n<\/div>\n<p><script>\n\t\t! function(f, b, e, v, n, t, s) {\n\t\t\tif (f.fbq) return;\n\t\t\tn = f.fbq = function() {\n\t\t\t\tn.callMethod ?\n\t\t\t\t\tn.callMethod.apply(n, arguments) : n.queue.push(arguments)\n\t\t\t};\n\t\t\tif (!f._fbq) f._fbq = n;\n\t\t\tn.push = n;\n\t\t\tn.loaded = !0;\n\t\t\tn.version = '2.0';\n\t\t\tn.queue = [];\n\t\t\tt = b.createElement(e);\n\t\t\tt.async = !0;\n\t\t\tt.src = v;\n\t\t\ts = b.getElementsByTagName(e)[0];\n\t\t\ts.parentNode.insertBefore(t, s)\n\t\t}(window, document, 'script',\n\t\t\t'https:\/\/connect.facebook.net\/en_US\/fbevents.js');\n\t\tfbq('init', '338315473262380');\n\t\tfbq('track', 'PageView');\n\t<\/script><br \/>\n<br \/><br \/>\n<br \/><a href=\"https:\/\/catracalivre.com.br\/entretenimento\/karate-kid-tera-novo-filme-com-jackie-chan-e-ralph-macchio-assista-teaser\/\">Source link <\/a><\/p>\n<!-- CONTENT END 1 -->\n","protected":false},"excerpt":{"rendered":"<p>Cr\u00e9ditos: Divulga\u00e7\u00e3o Novo filme do \u201cKarat\u00ea Kid\u201d ter\u00e1 Jackie Chan e Ralph Macchio A aguardada nova vers\u00e3o do cl\u00e1ssico \u201cKarat\u00ea Kid\u201d est\u00e1 em desenvolvimento, com&#8230;<\/p>\n","protected":false},"author":1,"featured_media":5921,"comment_status":"open","ping_status":"open","sticky":false,"template":"","format":"standard","meta":{"advanced_seo_description":"","jetpack_seo_html_title":"","jetpack_seo_noindex":false,"jetpack_post_was_ever_published":false,"_jetpack_newsletter_access":"","_jetpack_dont_email_post_to_subs":false,"_jetpack_newsletter_tier_id":0,"_jetpack_memberships_contains_paywalled_content":false,"_jetpack_memberships_contains_paid_content":false,"footnotes":"","jetpack_publicize_message":"","jetpack_publicize_feature_enabled":true,"jetpack_social_post_already_shared":true,"jetpack_social_options":{"image_generator_settings":{"template":"highway","default_image_id":0,"font":"","enabled":false},"version":2}},"categories":[19],"tags":[],"class_list":["post-5920","post","type-post","status-publish","format-standard","has-post-thumbnail","hentry","category-variedades"],"jetpack_publicize_connections":[],"jetpack_featured_media_url":"https:\/\/i0.wp.com\/noticiasribeiraopreto.com.br\/wp-content\/uploads\/2023\/11\/fotos-catraca-2023-11-24t112748194.png?fit=1200%2C638&ssl=1","jetpack-related-posts":[{"id":69689,"url":"https:\/\/noticiasribeiraopreto.com.br\/index.php\/2025\/05\/08\/karate-kid-lendas-chega-aos-cinemas-de-ribeirao-preto-confira-os-lancamentos\/","url_meta":{"origin":5920,"position":0},"title":"\u2018Karat\u00ea Kid: Lendas\u2019 chega aos cinemas de Ribeir\u00e3o Preto; Confira os lan\u00e7amentos","author":"noticiasribeiraopreto.com.br","date":"8 de May de 2025","format":false,"excerpt":"Tr\u00eas novos filmes chegam aos cinemas de Ribeir\u00e3o Preto nesta quinta-feira (8). O destaque da programa\u00e7\u00e3o \u00e9 o filme \u201cKarat\u00ea Kid: Lendas\u201d. A franquia est\u00e1 de volta aos cinemas ap\u00f3s 15 anos longe das telonas e, desta vez, acompanha Li Fong. Veja a programa\u00e7\u00e3o completa abaixo. Ribeir\u00e3o Preto conta com\u2026","rel":"","context":"In &quot;Not\u00edcias de Ribeir\u00e3o Preto-SP e Regi\u00e3o&quot;","block_context":{"text":"Not\u00edcias de Ribeir\u00e3o Preto-SP e Regi\u00e3o","link":"https:\/\/noticiasribeiraopreto.com.br\/index.php\/category\/noticias-de-ribeirao-preto-sp-e-regiao-ismael-colosi\/"},"img":{"alt_text":"","src":"https:\/\/i0.wp.com\/noticiasribeiraopreto.com.br\/wp-content\/uploads\/2025\/05\/karate-kid-lendas.webp.webp?fit=414%2C280&ssl=1&resize=350%2C200","width":350,"height":200},"classes":[]},{"id":6671,"url":"https:\/\/noticiasribeiraopreto.com.br\/index.php\/2023\/11\/26\/leilao-em-rp-tera-modelos-que-foram-sucesso-nas-telas-na-decada-de-1980\/","url_meta":{"origin":5920,"position":1},"title":"Leil\u00e3o em RP ter\u00e1 modelos que foram sucesso nas telas na d\u00e9cada de 1980\u00a0","author":"noticiasribeiraopreto.com.br","date":"26 de November de 2023","format":false,"excerpt":"O 2\u00ba Leil\u00e3o de Ve\u00edculos Antigos Ribeir\u00e3o Preto, a 56\u00b0 edi\u00e7\u00e3o do Circuito de Leil\u00f5es do Brasil, superou expectativas com mais de 160 ve\u00edculos inscritos, um n\u00famero bastante expressivo e 30% maior que o da primeira edi\u00e7\u00e3o, que aconteceu em Ribeir\u00e3o Preto no m\u00eas de outubro deste ano e movimentou\u2026","rel":"","context":"In &quot;Not\u00edcias de Ribeir\u00e3o Preto-SP e Regi\u00e3o&quot;","block_context":{"text":"Not\u00edcias de Ribeir\u00e3o Preto-SP e Regi\u00e3o","link":"https:\/\/noticiasribeiraopreto.com.br\/index.php\/category\/noticias-de-ribeirao-preto-sp-e-regiao-ismael-colosi\/"},"img":{"alt_text":"","src":"https:\/\/i0.wp.com\/noticiasribeiraopreto.com.br\/wp-content\/uploads\/2023\/11\/mercedes.jpg?fit=1086%2C652&ssl=1&resize=350%2C200","width":350,"height":200,"srcset":"https:\/\/i0.wp.com\/noticiasribeiraopreto.com.br\/wp-content\/uploads\/2023\/11\/mercedes.jpg?fit=1086%2C652&ssl=1&resize=350%2C200 1x, https:\/\/i0.wp.com\/noticiasribeiraopreto.com.br\/wp-content\/uploads\/2023\/11\/mercedes.jpg?fit=1086%2C652&ssl=1&resize=525%2C300 1.5x, https:\/\/i0.wp.com\/noticiasribeiraopreto.com.br\/wp-content\/uploads\/2023\/11\/mercedes.jpg?fit=1086%2C652&ssl=1&resize=700%2C400 2x, https:\/\/i0.wp.com\/noticiasribeiraopreto.com.br\/wp-content\/uploads\/2023\/11\/mercedes.jpg?fit=1086%2C652&ssl=1&resize=1050%2C600 3x"},"classes":[]},{"id":69392,"url":"https:\/\/noticiasribeiraopreto.com.br\/index.php\/2025\/05\/05\/cinema-de-ribeirao-preto-tera-sessao-adaptada-para-pessoas-com-tea-veja-quando\/","url_meta":{"origin":5920,"position":2},"title":"Cinema de Ribeir\u00e3o Preto ter\u00e1 sess\u00e3o adaptada para pessoas com TEA; Veja quando","author":"noticiasribeiraopreto.com.br","date":"5 de May de 2025","format":false,"excerpt":"A Rede UCI realiza nesta ter\u00e7a-feira (6) uma sess\u00e3o do filme \u201cUm Filme Minecraft\u201d adaptada para pessoas com Transtorno do Espectro Autista (TEA) ou hipersensibilidade sensorial. A exibi\u00e7\u00e3o faz parte do projeto UCI Azul e, em Ribeir\u00e3o Preto, acontecer\u00e1 no cinema do Ribeir\u00e3o Shopping. A sess\u00e3o conta com as seguintes\u2026","rel":"","context":"In &quot;Not\u00edcias de Ribeir\u00e3o Preto-SP e Regi\u00e3o&quot;","block_context":{"text":"Not\u00edcias de Ribeir\u00e3o Preto-SP e Regi\u00e3o","link":"https:\/\/noticiasribeiraopreto.com.br\/index.php\/category\/noticias-de-ribeirao-preto-sp-e-regiao-ismael-colosi\/"},"img":{"alt_text":"","src":"https:\/\/i0.wp.com\/noticiasribeiraopreto.com.br\/wp-content\/uploads\/2025\/05\/Copia-de-Copia-de-Copia-de-TAMANHO-EXATO-PARA-FOTOS-NO-SISTEMA-NOVO-42_2025-05-05_20-38-38.webp.webp?fit=1200%2C675&ssl=1&resize=350%2C200","width":350,"height":200,"srcset":"https:\/\/i0.wp.com\/noticiasribeiraopreto.com.br\/wp-content\/uploads\/2025\/05\/Copia-de-Copia-de-Copia-de-TAMANHO-EXATO-PARA-FOTOS-NO-SISTEMA-NOVO-42_2025-05-05_20-38-38.webp.webp?fit=1200%2C675&ssl=1&resize=350%2C200 1x, https:\/\/i0.wp.com\/noticiasribeiraopreto.com.br\/wp-content\/uploads\/2025\/05\/Copia-de-Copia-de-Copia-de-TAMANHO-EXATO-PARA-FOTOS-NO-SISTEMA-NOVO-42_2025-05-05_20-38-38.webp.webp?fit=1200%2C675&ssl=1&resize=525%2C300 1.5x, https:\/\/i0.wp.com\/noticiasribeiraopreto.com.br\/wp-content\/uploads\/2025\/05\/Copia-de-Copia-de-Copia-de-TAMANHO-EXATO-PARA-FOTOS-NO-SISTEMA-NOVO-42_2025-05-05_20-38-38.webp.webp?fit=1200%2C675&ssl=1&resize=700%2C400 2x, https:\/\/i0.wp.com\/noticiasribeiraopreto.com.br\/wp-content\/uploads\/2025\/05\/Copia-de-Copia-de-Copia-de-TAMANHO-EXATO-PARA-FOTOS-NO-SISTEMA-NOVO-42_2025-05-05_20-38-38.webp.webp?fit=1200%2C675&ssl=1&resize=1050%2C600 3x"},"classes":[]},{"id":22521,"url":"https:\/\/noticiasribeiraopreto.com.br\/index.php\/2023\/12\/30\/10-filmes-dos-anos-80-que-vale-a-pena-voce-assistir-hoje-meu-valor-digital\/","url_meta":{"origin":5920,"position":3},"title":"10 filmes dos anos 80 que vale a pena voc\u00ea assistir hoje &#8211; Meu Valor Digital","author":"noticiasribeiraopreto.com.br","date":"30 de December de 2023","format":false,"excerpt":"A d\u00e9cada de 1980 foi um per\u00edodo marcante na hist\u00f3ria do cinema, repleto de filmes que se tornaram verdadeiros cl\u00e1ssicos e que continuam a encantar e cativar o p\u00fablico at\u00e9 os dias de hoje. Nessa \u00e9poca, a s\u00e9tima arte passou por uma revolu\u00e7\u00e3o, explorando novas narrativas, estilos visuais e trilhas\u2026","rel":"","context":"In &quot;Vagas de Emprego em Ribeir\u00e3o Preto-SP&quot;","block_context":{"text":"Vagas de Emprego em Ribeir\u00e3o Preto-SP","link":"https:\/\/noticiasribeiraopreto.com.br\/index.php\/category\/empregos-classificados-vagas-trabalho\/vagas-de-empregos-em-ribeirao-preto-regiao-brasil\/"},"img":{"alt_text":"","src":"https:\/\/i0.wp.com\/noticiasribeiraopreto.com.br\/wp-content\/uploads\/2023\/12\/Filmes-anos-80-1.jpg?fit=1200%2C773&ssl=1&resize=350%2C200","width":350,"height":200,"srcset":"https:\/\/i0.wp.com\/noticiasribeiraopreto.com.br\/wp-content\/uploads\/2023\/12\/Filmes-anos-80-1.jpg?fit=1200%2C773&ssl=1&resize=350%2C200 1x, https:\/\/i0.wp.com\/noticiasribeiraopreto.com.br\/wp-content\/uploads\/2023\/12\/Filmes-anos-80-1.jpg?fit=1200%2C773&ssl=1&resize=525%2C300 1.5x, https:\/\/i0.wp.com\/noticiasribeiraopreto.com.br\/wp-content\/uploads\/2023\/12\/Filmes-anos-80-1.jpg?fit=1200%2C773&ssl=1&resize=700%2C400 2x, https:\/\/i0.wp.com\/noticiasribeiraopreto.com.br\/wp-content\/uploads\/2023\/12\/Filmes-anos-80-1.jpg?fit=1200%2C773&ssl=1&resize=1050%2C600 3x"},"classes":[]},{"id":46624,"url":"https:\/\/noticiasribeiraopreto.com.br\/index.php\/2024\/04\/12\/minisserie-hbo-original-o-simpatizante-estreia-neste-domingo\/","url_meta":{"origin":5920,"position":4},"title":"Miniss\u00e9rie HBO Original &#8216;O Simpatizante&#8217; estreia neste domingo","author":"noticiasribeiraopreto.com.br","date":"12 de April de 2024","format":false,"excerpt":"Miniss\u00e9rie HBO Original \u2018O Simpatizante\u2019 estreia neste domingoBaseada no livro vencedor do Pr\u00eamio Pulitzer, a miniss\u00e9rie estreia no dia 14 de abril, na HBO e na Max.\u00a0\u00a0 MIAMI, FL., 12 de abril de 2024 \u2013\u00a0Prepare-se para mergulhar em um eletrizante thriller de espionagem e s\u00e1tira intercultural com a miniss\u00e9rie original\u2026","rel":"","context":"In &quot;Not\u00edcias de Ribeir\u00e3o Preto-SP e Regi\u00e3o&quot;","block_context":{"text":"Not\u00edcias de Ribeir\u00e3o Preto-SP e Regi\u00e3o","link":"https:\/\/noticiasribeiraopreto.com.br\/index.php\/category\/noticias-de-ribeirao-preto-sp-e-regiao-ismael-colosi\/"},"img":{"alt_text":"","src":"https:\/\/i0.wp.com\/noticiasribeiraopreto.com.br\/wp-content\/uploads\/2024\/04\/c587963bdc1afb8137b14ea6a56cfd6a.jpeg?fit=1200%2C800&ssl=1&resize=350%2C200","width":350,"height":200,"srcset":"https:\/\/i0.wp.com\/noticiasribeiraopreto.com.br\/wp-content\/uploads\/2024\/04\/c587963bdc1afb8137b14ea6a56cfd6a.jpeg?fit=1200%2C800&ssl=1&resize=350%2C200 1x, https:\/\/i0.wp.com\/noticiasribeiraopreto.com.br\/wp-content\/uploads\/2024\/04\/c587963bdc1afb8137b14ea6a56cfd6a.jpeg?fit=1200%2C800&ssl=1&resize=525%2C300 1.5x, https:\/\/i0.wp.com\/noticiasribeiraopreto.com.br\/wp-content\/uploads\/2024\/04\/c587963bdc1afb8137b14ea6a56cfd6a.jpeg?fit=1200%2C800&ssl=1&resize=700%2C400 2x, https:\/\/i0.wp.com\/noticiasribeiraopreto.com.br\/wp-content\/uploads\/2024\/04\/c587963bdc1afb8137b14ea6a56cfd6a.jpeg?fit=1200%2C800&ssl=1&resize=1050%2C600 3x"},"classes":[]},{"id":12881,"url":"https:\/\/noticiasribeiraopreto.com.br\/index.php\/2023\/12\/08\/hbo-max-tera-mais-de-30-lancamentos-em-dezembro-veja-a-lista\/","url_meta":{"origin":5920,"position":5},"title":"HBO Max ter\u00e1 mais de 30 lan\u00e7amentos em dezembro; veja a lista","author":"noticiasribeiraopreto.com.br","date":"8 de December de 2023","format":false,"excerpt":"Cr\u00e9ditos: Divulga\u00e7\u00e3o\/HBO MaxO que chega na HBO Max em dezembro de 2023?O \u00faltimo m\u00eas de 2023 promete grandes estreias na HBO Max! Em dezembro, a plataforma de streaming trar\u00e1 novas s\u00e9ries, document\u00e1rios, animes e filmes para o cat\u00e1logo.O destaque, obviamente, fica com os longas que acabaram de sair dos cinemas,\u2026","rel":"","context":"In &quot;Variedades&quot;","block_context":{"text":"Variedades","link":"https:\/\/noticiasribeiraopreto.com.br\/index.php\/category\/variedades\/"},"img":{"alt_text":"","src":"https:\/\/i0.wp.com\/noticiasribeiraopreto.com.br\/wp-content\/uploads\/2023\/12\/hbo-max-26mai2021.jpg?fit=1200%2C638&ssl=1&resize=350%2C200","width":350,"height":200,"srcset":"https:\/\/i0.wp.com\/noticiasribeiraopreto.com.br\/wp-content\/uploads\/2023\/12\/hbo-max-26mai2021.jpg?fit=1200%2C638&ssl=1&resize=350%2C200 1x, https:\/\/i0.wp.com\/noticiasribeiraopreto.com.br\/wp-content\/uploads\/2023\/12\/hbo-max-26mai2021.jpg?fit=1200%2C638&ssl=1&resize=525%2C300 1.5x, https:\/\/i0.wp.com\/noticiasribeiraopreto.com.br\/wp-content\/uploads\/2023\/12\/hbo-max-26mai2021.jpg?fit=1200%2C638&ssl=1&resize=700%2C400 2x, https:\/\/i0.wp.com\/noticiasribeiraopreto.com.br\/wp-content\/uploads\/2023\/12\/hbo-max-26mai2021.jpg?fit=1200%2C638&ssl=1&resize=1050%2C600 3x"},"classes":[]}],"jetpack_sharing_enabled":true,"jetpack_shortlink":"https:\/\/wp.me\/peQAOb-1xu","_links":{"self":[{"href":"https:\/\/noticiasribeiraopreto.com.br\/index.php\/wp-json\/wp\/v2\/posts\/5920","targetHints":{"allow":["GET"]}}],"collection":[{"href":"https:\/\/noticiasribeiraopreto.com.br\/index.php\/wp-json\/wp\/v2\/posts"}],"about":[{"href":"https:\/\/noticiasribeiraopreto.com.br\/index.php\/wp-json\/wp\/v2\/types\/post"}],"author":[{"embeddable":true,"href":"https:\/\/noticiasribeiraopreto.com.br\/index.php\/wp-json\/wp\/v2\/users\/1"}],"replies":[{"embeddable":true,"href":"https:\/\/noticiasribeiraopreto.com.br\/index.php\/wp-json\/wp\/v2\/comments?post=5920"}],"version-history":[{"count":0,"href":"https:\/\/noticiasribeiraopreto.com.br\/index.php\/wp-json\/wp\/v2\/posts\/5920\/revisions"}],"wp:featuredmedia":[{"embeddable":true,"href":"https:\/\/noticiasribeiraopreto.com.br\/index.php\/wp-json\/wp\/v2\/media\/5921"}],"wp:attachment":[{"href":"https:\/\/noticiasribeiraopreto.com.br\/index.php\/wp-json\/wp\/v2\/media?parent=5920"}],"wp:term":[{"taxonomy":"category","embeddable":true,"href":"https:\/\/noticiasribeiraopreto.com.br\/index.php\/wp-json\/wp\/v2\/categories?post=5920"},{"taxonomy":"post_tag","embeddable":true,"href":"https:\/\/noticiasribeiraopreto.com.br\/index.php\/wp-json\/wp\/v2\/tags?post=5920"}],"curies":[{"name":"wp","href":"https:\/\/api.w.org\/{rel}","templated":true}]}}