{"id":5930,"date":"2023-11-24T17:51:10","date_gmt":"2023-11-24T20:51:10","guid":{"rendered":"https:\/\/noticiasribeiraopreto.com.br\/index.php\/2023\/11\/24\/policia-arromba-apartamento-do-marido-de-ana-hickmann-e-motivo-sombrio-vem-a-tona\/"},"modified":"2023-11-24T17:51:10","modified_gmt":"2023-11-24T20:51:10","slug":"policia-arromba-apartamento-do-marido-de-ana-hickmann-e-motivo-sombrio-vem-a-tona","status":"publish","type":"post","link":"https:\/\/noticiasribeiraopreto.com.br\/index.php\/2023\/11\/24\/policia-arromba-apartamento-do-marido-de-ana-hickmann-e-motivo-sombrio-vem-a-tona\/","title":{"rendered":"Policia arromba apartamento do marido de Ana Hickmann e motivo sombrio vem \u00e0 tona"},"content":{"rendered":"<div class='code-block code-block-1' style='margin: 8px 0 8px auto; text-align: right; display: block; clear: both;'>\n<p><a href=\"https:\/\/wa.link\/vpicfd\"><img data-recalc-dims=\"1\" class=\"wp-image-4922\" style=\"aspect-ratio: 2.0253164556962027; width: 561px; height: auto;\" src=\"https:\/\/i0.wp.com\/ismaelcolosi.com.br\/wp-content\/uploads\/2023\/11\/grupo-de-empregos-whatsapp-e-facebook-ismael-colosi-vagas.jpg?ssl=1\" alt=\"\" \/><\/a><\/p>\n<!-- \/wp:image -->\n<\/div>\n<p> <br \/>\n<\/p>\n<div itemprop=\"text\">\n<p>Em mais uma situa\u00e7\u00e3o surpreendente, policiais arrombaram o apartamento de Alexandre Correa, marido da famosa apresentadora Ana Hickmann, no bairro da Pompeia, em S\u00e3o Paulo. A a\u00e7\u00e3o policial, aconteceu nesta sexta, 24 de novembro.<\/p>\n<p>Este incidente \u00e9 o mais recente em uma s\u00e9rie de eventos tumultuados para o casal. H\u00e1 cerca de duas semanas, ap\u00f3s um desentendimento, Ana Hickmann fez um boletim de ocorr\u00eancia acusando o marido de agress\u00e3o. Desde ent\u00e3o, o casal n\u00e3o se comunicou mais, conforme relatado por Correa.<\/p>\n<p>Al\u00e9m disso, ela obteve uma medida protetiva que imp\u00f5e restri\u00e7\u00f5es severas a Correa: ele est\u00e1 proibido de visitar os im\u00f3veis do casal e de aparecer nas empresas da apresentadora, al\u00e9m de ter que manter uma dist\u00e2ncia m\u00ednima de 500 metros dela.<\/p>\n<p>A a\u00e7\u00e3o policial desta sexta foi motivada pela busca de uma arma n\u00e3o registrada, mencionada por Ana Hickmann ao solicitar uma medida protetiva contra Correa.<\/p>\n<p>Durante a opera\u00e7\u00e3o policial, a porta do apartamento foi arrombada, mas a arma mencionada n\u00e3o foi encontrada. Correa negou veementemente o porte de qualquer arma ilegal e classificou as acusa\u00e7\u00f5es como \u201cfake news\u201d.<\/p>\n<p>Em resposta aos recentes acontecimentos, Alexandre Correa decidiu pedir o div\u00f3rcio, conforme confirmado pelo advogado Enio Martins Murad. A decis\u00e3o foi tomada ap\u00f3s a vistoria policial em seu apartamento.<\/p>\n<p>A assessoria de Ana Hickmann, por sua vez, afirmou que n\u00e3o pode fornecer informa\u00e7\u00f5es detalhadas, pois os processos est\u00e3o sob segredo de justi\u00e7a.<\/p>\n<p>Veja reportagem que foi ao ar no programa \u2018Fofocalizando\u2019:<\/p>\n<blockquote class=\"twitter-tweet\">\n<p dir=\"ltr\" lang=\"pt\">Urgente: medida protetiva, pedido de div\u00f3rcio e at\u00e9 porta arrombada! As \u00faltimas informa\u00e7\u00f5es sobre o caso de Ana Hickmann \ud83e\udee3<a href=\"https:\/\/twitter.com\/hashtag\/FofocalizandoNoSBT?src=hash&amp;ref_src=twsrc%5Etfw\">#FofocalizandoNoSBT<\/a> <a href=\"https:\/\/t.co\/7rRyOvXnXS\">pic.twitter.com\/7rRyOvXnXS<\/a><\/p>\n<p>\u2014 Fofocalizando (@pfofocalizando) <a href=\"https:\/\/twitter.com\/pfofocalizando\/status\/1728129727976681527?ref_src=twsrc%5Etfw\">November 24, 2023<\/a><\/p>\n<\/blockquote>\n<p>Este caso destaca a complexidade e a gravidade das quest\u00f5es dom\u00e9sticas, especialmente quando envolvem figuras p\u00fablicas. A situa\u00e7\u00e3o de Ana Hickmann e Alexandre Correa continua a evoluir, com muitos olhos voltados para os pr\u00f3ximos desdobramentos.<\/p>\n<\/div>\n<p><script async src=\"\/\/platform.twitter.com\/widgets.js\" charset=\"utf-8\"><\/script><br \/>\n<br \/><br \/>\n<br \/><a href=\"https:\/\/fnmais.com\/urgente-policia-arromba-apartamento-marido-ana-hickmann-motivo-sombrio-vem-tona\/\">Source link <\/a><\/p>\n<!-- CONTENT END 1 -->\n","protected":false},"excerpt":{"rendered":"<p>Em mais uma situa\u00e7\u00e3o surpreendente, policiais arrombaram o apartamento de Alexandre Correa, marido da famosa apresentadora Ana Hickmann, no bairro da Pompeia, em S\u00e3o Paulo&#8230;.<\/p>\n","protected":false},"author":1,"featured_media":5931,"comment_status":"open","ping_status":"open","sticky":false,"template":"","format":"standard","meta":{"advanced_seo_description":"","jetpack_seo_html_title":"","jetpack_seo_noindex":false,"jetpack_post_was_ever_published":false,"_jetpack_newsletter_access":"","_jetpack_dont_email_post_to_subs":false,"_jetpack_newsletter_tier_id":0,"_jetpack_memberships_contains_paywalled_content":false,"_jetpack_memberships_contains_paid_content":false,"footnotes":"","jetpack_publicize_message":"","jetpack_publicize_feature_enabled":true,"jetpack_social_post_already_shared":true,"jetpack_social_options":{"image_generator_settings":{"template":"highway","default_image_id":0,"font":"","enabled":false},"version":2}},"categories":[1],"tags":[],"class_list":["post-5930","post","type-post","status-publish","format-standard","has-post-thumbnail","hentry","category-blog"],"jetpack_publicize_connections":[],"jetpack_featured_media_url":"https:\/\/i0.wp.com\/noticiasribeiraopreto.com.br\/wp-content\/uploads\/2023\/11\/postimg-656109f4d70b16281.jpg?fit=1200%2C628&ssl=1","jetpack-related-posts":[{"id":9967,"url":"https:\/\/noticiasribeiraopreto.com.br\/index.php\/2023\/12\/03\/alexandre-correa-desiste-de-acao-de-divorcio-contra-ana-hickmann-apos-receber-noticia-que-o-emocionou\/","url_meta":{"origin":5930,"position":0},"title":"Alexandre Correa desiste de a\u00e7\u00e3o de div\u00f3rcio contra Ana Hickmann ap\u00f3s receber not\u00edcia que o emocionou","author":"noticiasribeiraopreto.com.br","date":"3 de December de 2023","format":false,"excerpt":"Alexandre Correa decidiu retirar a a\u00e7\u00e3o de div\u00f3rcio que havia movido contra Ana Hickmann. Segundo informa\u00e7\u00f5es, o processo de separa\u00e7\u00e3o do casal prossegue, mas agora sob uma a\u00e7\u00e3o iniciada pela funcion\u00e1ria da Record.O advogado Enio Martins, representante de Alexandre Correa, em entrevista ao Estad\u00e3o, explicou que a desist\u00eancia ocorreu ap\u00f3s\u2026","rel":"","context":"In &quot;Blog&quot;","block_context":{"text":"Blog","link":"https:\/\/noticiasribeiraopreto.com.br\/index.php\/category\/blog\/"},"img":{"alt_text":"","src":"https:\/\/i0.wp.com\/noticiasribeiraopreto.com.br\/wp-content\/uploads\/2023\/12\/postimg-656c8d9fa0fe08046.jpg?fit=1200%2C628&ssl=1&resize=350%2C200","width":350,"height":200,"srcset":"https:\/\/i0.wp.com\/noticiasribeiraopreto.com.br\/wp-content\/uploads\/2023\/12\/postimg-656c8d9fa0fe08046.jpg?fit=1200%2C628&ssl=1&resize=350%2C200 1x, https:\/\/i0.wp.com\/noticiasribeiraopreto.com.br\/wp-content\/uploads\/2023\/12\/postimg-656c8d9fa0fe08046.jpg?fit=1200%2C628&ssl=1&resize=525%2C300 1.5x, https:\/\/i0.wp.com\/noticiasribeiraopreto.com.br\/wp-content\/uploads\/2023\/12\/postimg-656c8d9fa0fe08046.jpg?fit=1200%2C628&ssl=1&resize=700%2C400 2x, https:\/\/i0.wp.com\/noticiasribeiraopreto.com.br\/wp-content\/uploads\/2023\/12\/postimg-656c8d9fa0fe08046.jpg?fit=1200%2C628&ssl=1&resize=1050%2C600 3x"},"classes":[]},{"id":5095,"url":"https:\/\/noticiasribeiraopreto.com.br\/index.php\/2023\/11\/22\/segundo-jornalista-carros-de-ana-hickmann-e-marido-sao-bloqueados-por-divida\/","url_meta":{"origin":5930,"position":1},"title":"Segundo jornalista, carros de Ana Hickmann e marido s\u00e3o bloqueados por d\u00edvida","author":"noticiasribeiraopreto.com.br","date":"22 de November de 2023","format":false,"excerpt":"A apresentadora Ana Hickmann tem vivido no m\u00ednimo um furac\u00e3o de coisas tendo a vida exposta de maneira repentina ap\u00f3s sua briga com o marido Alexandre Correa virar caso policial.Acontece que os problemas da famosa n\u00e3o est\u00e1 somente no relacionamento com pai de seu filho. A empresa que ela e\u2026","rel":"","context":"In &quot;Blog&quot;","block_context":{"text":"Blog","link":"https:\/\/noticiasribeiraopreto.com.br\/index.php\/category\/blog\/"},"img":{"alt_text":"","src":"https:\/\/i0.wp.com\/noticiasribeiraopreto.com.br\/wp-content\/uploads\/2023\/11\/postimg-655ea98383b2b9767.jpg?fit=1200%2C628&ssl=1&resize=350%2C200","width":350,"height":200,"srcset":"https:\/\/i0.wp.com\/noticiasribeiraopreto.com.br\/wp-content\/uploads\/2023\/11\/postimg-655ea98383b2b9767.jpg?fit=1200%2C628&ssl=1&resize=350%2C200 1x, https:\/\/i0.wp.com\/noticiasribeiraopreto.com.br\/wp-content\/uploads\/2023\/11\/postimg-655ea98383b2b9767.jpg?fit=1200%2C628&ssl=1&resize=525%2C300 1.5x, https:\/\/i0.wp.com\/noticiasribeiraopreto.com.br\/wp-content\/uploads\/2023\/11\/postimg-655ea98383b2b9767.jpg?fit=1200%2C628&ssl=1&resize=700%2C400 2x, https:\/\/i0.wp.com\/noticiasribeiraopreto.com.br\/wp-content\/uploads\/2023\/11\/postimg-655ea98383b2b9767.jpg?fit=1200%2C628&ssl=1&resize=1050%2C600 3x"},"classes":[]},{"id":2401,"url":"https:\/\/noticiasribeiraopreto.com.br\/index.php\/2023\/11\/15\/assunto-que-teria-motivado-furia-de-marido-envolveu-filho-de-9-anos-e-vem-a-tona\/","url_meta":{"origin":5930,"position":2},"title":"Assunto que teria motivado f\u00faria de marido envolveu filho de 9 anos e vem \u00e0 tona","author":"noticiasribeiraopreto.com.br","date":"15 de November de 2023","format":false,"excerpt":"Em um desdobramento chocante do recente incidente de agress\u00e3o, Alexandre Correa, empres\u00e1rio e esposo da renomada apresentadora Ana Hickmann, foi acusado de agir com viol\u00eancia ap\u00f3s uma revela\u00e7\u00e3o surpreendente da apresentadara ao seu filho de 9 anos.O caso, que ocorreu h\u00e1 tr\u00eas dias, continua a atrair a aten\u00e7\u00e3o da m\u00eddia\u2026","rel":"","context":"In &quot;Blog&quot;","block_context":{"text":"Blog","link":"https:\/\/noticiasribeiraopreto.com.br\/index.php\/category\/blog\/"},"img":{"alt_text":"","src":"https:\/\/i0.wp.com\/noticiasribeiraopreto.com.br\/wp-content\/uploads\/2023\/11\/postimg-6553cdd3195d22972.jpg?fit=1200%2C628&ssl=1&resize=350%2C200","width":350,"height":200,"srcset":"https:\/\/i0.wp.com\/noticiasribeiraopreto.com.br\/wp-content\/uploads\/2023\/11\/postimg-6553cdd3195d22972.jpg?fit=1200%2C628&ssl=1&resize=350%2C200 1x, https:\/\/i0.wp.com\/noticiasribeiraopreto.com.br\/wp-content\/uploads\/2023\/11\/postimg-6553cdd3195d22972.jpg?fit=1200%2C628&ssl=1&resize=525%2C300 1.5x, https:\/\/i0.wp.com\/noticiasribeiraopreto.com.br\/wp-content\/uploads\/2023\/11\/postimg-6553cdd3195d22972.jpg?fit=1200%2C628&ssl=1&resize=700%2C400 2x, https:\/\/i0.wp.com\/noticiasribeiraopreto.com.br\/wp-content\/uploads\/2023\/11\/postimg-6553cdd3195d22972.jpg?fit=1200%2C628&ssl=1&resize=1050%2C600 3x"},"classes":[]},{"id":2383,"url":"https:\/\/noticiasribeiraopreto.com.br\/index.php\/2023\/11\/15\/marido-de-ana-hickmann-baixa-a-guarda-e-se-declara-em-entrevista\/","url_meta":{"origin":5930,"position":3},"title":"marido de Ana Hickmann baixa a guarda e se declara em entrevista","author":"noticiasribeiraopreto.com.br","date":"15 de November de 2023","format":false,"excerpt":"A briga da apresentadora Ana Hickmann com o marido, Alexandre Corr\u00eaa, continua entre os assuntos mais comentados das redes sociais. O casal teve um desentendimento s\u00e9rio no \u00faltimo final de semana e a pol\u00edcia foi chamada para atender \u00e0 ocorr\u00eancia na casa do casal, situada em Itu, no interior de\u2026","rel":"","context":"In &quot;Blog&quot;","block_context":{"text":"Blog","link":"https:\/\/noticiasribeiraopreto.com.br\/index.php\/category\/blog\/"},"img":{"alt_text":"","src":"https:\/\/i0.wp.com\/noticiasribeiraopreto.com.br\/wp-content\/uploads\/2023\/11\/postimg-6553f116699d12049.jpg?fit=1200%2C628&ssl=1&resize=350%2C200","width":350,"height":200,"srcset":"https:\/\/i0.wp.com\/noticiasribeiraopreto.com.br\/wp-content\/uploads\/2023\/11\/postimg-6553f116699d12049.jpg?fit=1200%2C628&ssl=1&resize=350%2C200 1x, https:\/\/i0.wp.com\/noticiasribeiraopreto.com.br\/wp-content\/uploads\/2023\/11\/postimg-6553f116699d12049.jpg?fit=1200%2C628&ssl=1&resize=525%2C300 1.5x, https:\/\/i0.wp.com\/noticiasribeiraopreto.com.br\/wp-content\/uploads\/2023\/11\/postimg-6553f116699d12049.jpg?fit=1200%2C628&ssl=1&resize=700%2C400 2x, https:\/\/i0.wp.com\/noticiasribeiraopreto.com.br\/wp-content\/uploads\/2023\/11\/postimg-6553f116699d12049.jpg?fit=1200%2C628&ssl=1&resize=1050%2C600 3x"},"classes":[]},{"id":8038,"url":"https:\/\/noticiasribeiraopreto.com.br\/index.php\/2023\/11\/29\/ana-hickmann-tem-pedido-negado-pela-justica-apos-pedir-divorcio-pela-maria-da-penha-contra-marido\/","url_meta":{"origin":5930,"position":4},"title":"Ana Hickmann tem pedido negado pela justi\u00e7a ap\u00f3s pedir div\u00f3rcio pela Maria da Penha contra marido","author":"noticiasribeiraopreto.com.br","date":"29 de November de 2023","format":false,"excerpt":"A apresentadora Ana Hickmann tem vivido dias dif\u00edceis nas \u00faltimas semanas. Isso porque a famosa, que tem 42 anos, foi agredida pelo marido, o empres\u00e1rio Alexandre Corr\u00eaa, com quem \u00e9 casada h\u00e1 15 anos.No total, Ana e Alexandre j\u00e1 estavam juntos h\u00e1 25 anos. Os dois s\u00e3o pais do pequeno\u2026","rel":"","context":"In &quot;Blog&quot;","block_context":{"text":"Blog","link":"https:\/\/noticiasribeiraopreto.com.br\/index.php\/category\/blog\/"},"img":{"alt_text":"","src":"https:\/\/i0.wp.com\/noticiasribeiraopreto.com.br\/wp-content\/uploads\/2023\/11\/postimg-6567392438ac57662.jpg?fit=1200%2C628&ssl=1&resize=350%2C200","width":350,"height":200,"srcset":"https:\/\/i0.wp.com\/noticiasribeiraopreto.com.br\/wp-content\/uploads\/2023\/11\/postimg-6567392438ac57662.jpg?fit=1200%2C628&ssl=1&resize=350%2C200 1x, https:\/\/i0.wp.com\/noticiasribeiraopreto.com.br\/wp-content\/uploads\/2023\/11\/postimg-6567392438ac57662.jpg?fit=1200%2C628&ssl=1&resize=525%2C300 1.5x, https:\/\/i0.wp.com\/noticiasribeiraopreto.com.br\/wp-content\/uploads\/2023\/11\/postimg-6567392438ac57662.jpg?fit=1200%2C628&ssl=1&resize=700%2C400 2x, https:\/\/i0.wp.com\/noticiasribeiraopreto.com.br\/wp-content\/uploads\/2023\/11\/postimg-6567392438ac57662.jpg?fit=1200%2C628&ssl=1&resize=1050%2C600 3x"},"classes":[]},{"id":5916,"url":"https:\/\/noticiasribeiraopreto.com.br\/index.php\/2023\/11\/24\/segundo-advogado-marido-de-ana-hickmann-entra-com-pedido-de-divorcio\/","url_meta":{"origin":5930,"position":5},"title":"Segundo advogado, Marido de Ana Hickmann entra com pedido de div\u00f3rcio","author":"noticiasribeiraopreto.com.br","date":"24 de November de 2023","format":false,"excerpt":"Ap\u00f3s o site \u201cNot\u00edcias da TV\u201d divulgaram que a apresentadora Ana Hickmann j\u00e1 estaria se referindo a Alexandre Correa como ex marido, parece que ele tomou provid\u00eancias com rela\u00e7\u00e3o a isso.Segundo o advogado Enio Martins Murad em entrevista ao G1, Alexandre teria entrado com pedido de div\u00f3rcio nesta sexta feira,\u2026","rel":"","context":"In &quot;Blog&quot;","block_context":{"text":"Blog","link":"https:\/\/noticiasribeiraopreto.com.br\/index.php\/category\/blog\/"},"img":{"alt_text":"","src":"https:\/\/i0.wp.com\/noticiasribeiraopreto.com.br\/wp-content\/uploads\/2023\/11\/postimg-656103f437cd03875.jpg?fit=1200%2C628&ssl=1&resize=350%2C200","width":350,"height":200,"srcset":"https:\/\/i0.wp.com\/noticiasribeiraopreto.com.br\/wp-content\/uploads\/2023\/11\/postimg-656103f437cd03875.jpg?fit=1200%2C628&ssl=1&resize=350%2C200 1x, https:\/\/i0.wp.com\/noticiasribeiraopreto.com.br\/wp-content\/uploads\/2023\/11\/postimg-656103f437cd03875.jpg?fit=1200%2C628&ssl=1&resize=525%2C300 1.5x, https:\/\/i0.wp.com\/noticiasribeiraopreto.com.br\/wp-content\/uploads\/2023\/11\/postimg-656103f437cd03875.jpg?fit=1200%2C628&ssl=1&resize=700%2C400 2x, https:\/\/i0.wp.com\/noticiasribeiraopreto.com.br\/wp-content\/uploads\/2023\/11\/postimg-656103f437cd03875.jpg?fit=1200%2C628&ssl=1&resize=1050%2C600 3x"},"classes":[]}],"jetpack_sharing_enabled":true,"jetpack_shortlink":"https:\/\/wp.me\/peQAOb-1xE","_links":{"self":[{"href":"https:\/\/noticiasribeiraopreto.com.br\/index.php\/wp-json\/wp\/v2\/posts\/5930","targetHints":{"allow":["GET"]}}],"collection":[{"href":"https:\/\/noticiasribeiraopreto.com.br\/index.php\/wp-json\/wp\/v2\/posts"}],"about":[{"href":"https:\/\/noticiasribeiraopreto.com.br\/index.php\/wp-json\/wp\/v2\/types\/post"}],"author":[{"embeddable":true,"href":"https:\/\/noticiasribeiraopreto.com.br\/index.php\/wp-json\/wp\/v2\/users\/1"}],"replies":[{"embeddable":true,"href":"https:\/\/noticiasribeiraopreto.com.br\/index.php\/wp-json\/wp\/v2\/comments?post=5930"}],"version-history":[{"count":0,"href":"https:\/\/noticiasribeiraopreto.com.br\/index.php\/wp-json\/wp\/v2\/posts\/5930\/revisions"}],"wp:featuredmedia":[{"embeddable":true,"href":"https:\/\/noticiasribeiraopreto.com.br\/index.php\/wp-json\/wp\/v2\/media\/5931"}],"wp:attachment":[{"href":"https:\/\/noticiasribeiraopreto.com.br\/index.php\/wp-json\/wp\/v2\/media?parent=5930"}],"wp:term":[{"taxonomy":"category","embeddable":true,"href":"https:\/\/noticiasribeiraopreto.com.br\/index.php\/wp-json\/wp\/v2\/categories?post=5930"},{"taxonomy":"post_tag","embeddable":true,"href":"https:\/\/noticiasribeiraopreto.com.br\/index.php\/wp-json\/wp\/v2\/tags?post=5930"}],"curies":[{"name":"wp","href":"https:\/\/api.w.org\/{rel}","templated":true}]}}