{"id":5934,"date":"2023-11-24T17:57:34","date_gmt":"2023-11-24T20:57:34","guid":{"rendered":"https:\/\/noticiasribeiraopreto.com.br\/index.php\/2023\/11\/24\/black-friday-da-chico-rei-tem-todas-as-camisetas-por-r3690\/"},"modified":"2023-11-24T17:57:34","modified_gmt":"2023-11-24T20:57:34","slug":"black-friday-da-chico-rei-tem-todas-as-camisetas-por-r3690","status":"publish","type":"post","link":"https:\/\/noticiasribeiraopreto.com.br\/index.php\/2023\/11\/24\/black-friday-da-chico-rei-tem-todas-as-camisetas-por-r3690\/","title":{"rendered":"Black Friday da Chico Rei tem todas as camisetas por R$36,90"},"content":{"rendered":"<div class='code-block code-block-1' style='margin: 8px 0 8px auto; text-align: right; display: block; clear: both;'>\n<p><a href=\"https:\/\/wa.link\/vpicfd\"><img data-recalc-dims=\"1\" class=\"wp-image-4922\" style=\"aspect-ratio: 2.0253164556962027; width: 561px; height: auto;\" src=\"https:\/\/i0.wp.com\/ismaelcolosi.com.br\/wp-content\/uploads\/2023\/11\/grupo-de-empregos-whatsapp-e-facebook-ismael-colosi-vagas.jpg?ssl=1\" alt=\"\" \/><\/a><\/p>\n<!-- \/wp:image -->\n<\/div>\n<p> <br \/>\n<\/p>\n<div>\n<header class=\"header-do-post mb-3\">\n<div class=\"header-do-post__conteudo\">\n<h2 class=\"subtitulo-post\">\u00c9 um modelo mais descolado do que o outro! A promo \u00e9 v\u00e1lida at\u00e9 o dia 26 de novembro, ent\u00e3o corra: <\/h2>\n<div class=\"editorial-box pb-1\">\n<div class=\"meta-dados mb-0\">\n<p>\n<time class=\"data-do-post\"><br \/>\n<span>24 de novembro de 2023 \u00e0s 16:45<\/span> <\/time>\n<\/p>\n<p>\n<span class=\"editorial-box__author d-inline-block\"><br \/>\nPor: Oferecimento Chico Rei <\/span>\n<\/p>\n<\/div>\n<\/div>\n<\/div>\n<\/header>\n<p>Se voc\u00ea adora uma camiseta toda descolada e divertida, se liga s\u00f3 na <a href=\"https:\/\/click.linksynergy.com\/fs-bin\/click?id=mYwfeqej\/z4&amp;offerid=816750.326&amp;type=3&amp;subid=0\" target=\"_blank\" rel=\"noopener\">Black Friday da Chico Rei: todos os modelos saem por apenas R$36,90 e voc\u00ea ainda ganha R$20 de cashback<\/a>!<\/p>\n<p>Essas <a href=\"https:\/\/click.linksynergy.com\/fs-bin\/click?id=mYwfeqej\/z4&amp;offerid=816750.326&amp;type=3&amp;subid=0\" target=\"_blank\" rel=\"noopener\">ofertas s\u00e3o v\u00e1lidas at\u00e9 o dia 26 de novembro<\/a>, ent\u00e3o corra para garantir a(s) sua(as). Antes que acabem os estoques!<\/p>\n<hr\/>\n<p>A Chico Rei \u00e9 uma marca mineira muito amorzinho, toda dedicada a estampas criativas e cheias de refer\u00eancia da cultura pop e de elementos retr\u00f4. Os amantes de m\u00fasica tamb\u00e9m encontram ilustra\u00e7\u00f5es inspiradas em artistas do momento e bandas ic\u00f4nicas.<\/p>\n<p>Mas n\u00e3o \u00e9 s\u00f3 isso, viu? Tamb\u00e9m h\u00e1 v\u00e1rios modelos baseados em personagens geeks. Sem contar as estampas que abordam quest\u00f5es sociais e pol\u00edticas.<\/p>\n<p>O melhor de tudo \u00e9 que a marca defende fortemente que a roupa precisa de adequar a voc\u00ea. Por isso, os tamanhos v\u00e3o do P ao 4GG.<\/p>\n<p>Ah! A Chico Rei tamb\u00e9m trabalha com bolsas, mochilas, canecas, p\u00f4steres, sketchbooks, moletons, meias, cal\u00e7as, aventais, bandeiras decorativas, shorts, bermudas e camisas de bot\u00e3o.<\/p>\n<p>Muito legal, n\u00e9? <a href=\"https:\/\/click.linksynergy.com\/fs-bin\/click?id=mYwfeqej\/z4&amp;offerid=816750.326&amp;type=3&amp;subid=0\" target=\"_blank\" rel=\"noopener\">Clique aqui e garanta um guarda-roupa novinho para 2024<\/a>!<\/p>\n<\/div>\n<p><script>\n\t\t! function(f, b, e, v, n, t, s) {\n\t\t\tif (f.fbq) return;\n\t\t\tn = f.fbq = function() {\n\t\t\t\tn.callMethod ?\n\t\t\t\t\tn.callMethod.apply(n, arguments) : n.queue.push(arguments)\n\t\t\t};\n\t\t\tif (!f._fbq) f._fbq = n;\n\t\t\tn.push = n;\n\t\t\tn.loaded = !0;\n\t\t\tn.version = '2.0';\n\t\t\tn.queue = [];\n\t\t\tt = b.createElement(e);\n\t\t\tt.async = !0;\n\t\t\tt.src = v;\n\t\t\ts = b.getElementsByTagName(e)[0];\n\t\t\ts.parentNode.insertBefore(t, s)\n\t\t}(window, document, 'script',\n\t\t\t'https:\/\/connect.facebook.net\/en_US\/fbevents.js');\n\t\tfbq('init', '338315473262380');\n\t\tfbq('track', 'PageView');\n\t<\/script><br \/>\n<br \/><br \/>\n<br \/><a href=\"https:\/\/catracalivre.com.br\/economize\/black-friday-da-chico-rei-tem-todas-as-camisetas-por-r3690-20-off-de-cashback\/\">Source link <\/a><\/p>\n<!-- CONTENT END 1 -->\n","protected":false},"excerpt":{"rendered":"<p>\u00c9 um modelo mais descolado do que o outro! A promo \u00e9 v\u00e1lida at\u00e9 o dia 26 de novembro, ent\u00e3o corra: 24 de novembro de&#8230;<\/p>\n","protected":false},"author":1,"featured_media":5935,"comment_status":"open","ping_status":"open","sticky":false,"template":"","format":"standard","meta":{"advanced_seo_description":"","jetpack_seo_html_title":"","jetpack_seo_noindex":false,"jetpack_post_was_ever_published":false,"_jetpack_newsletter_access":"","_jetpack_dont_email_post_to_subs":false,"_jetpack_newsletter_tier_id":0,"_jetpack_memberships_contains_paywalled_content":false,"_jetpack_memberships_contains_paid_content":false,"footnotes":"","jetpack_publicize_message":"","jetpack_publicize_feature_enabled":true,"jetpack_social_post_already_shared":true,"jetpack_social_options":{"image_generator_settings":{"template":"highway","default_image_id":0,"font":"","enabled":false},"version":2}},"categories":[19],"tags":[],"class_list":["post-5934","post","type-post","status-publish","format-standard","has-post-thumbnail","hentry","category-variedades"],"jetpack_publicize_connections":[],"jetpack_featured_media_url":"https:\/\/i0.wp.com\/noticiasribeiraopreto.com.br\/wp-content\/uploads\/2023\/11\/black-friday-chico-rei.png?fit=1200%2C638&ssl=1","jetpack-related-posts":[{"id":5872,"url":"https:\/\/noticiasribeiraopreto.com.br\/index.php\/2023\/11\/24\/black-friday-da-nike-tem-descontos-de-mais-de-50\/","url_meta":{"origin":5934,"position":0},"title":"Black Friday da Nike tem descontos de mais de 50%","author":"noticiasribeiraopreto.com.br","date":"24 de November de 2023","format":false,"excerpt":"S\u00e3o muitos modelos dispon\u00edveis com aquele precinho camarada. Vem saber tudo: 24 de novembro de 2023 \u00e0s 14:45 Por: Oferecimento Nike Quem ama praticar esportes sem abrir m\u00e3o do estilo vai aproveitar \u2013 e muito \u2013 a Black Friday da Nike. S\u00e3o muitos modelos com desconto de mais de 50%!\u2026","rel":"","context":"In &quot;Variedades&quot;","block_context":{"text":"Variedades","link":"https:\/\/noticiasribeiraopreto.com.br\/index.php\/category\/variedades\/"},"img":{"alt_text":"","src":"https:\/\/i0.wp.com\/noticiasribeiraopreto.com.br\/wp-content\/uploads\/2023\/11\/nike-air-jornan-5-retro.png?fit=1200%2C638&ssl=1&resize=350%2C200","width":350,"height":200,"srcset":"https:\/\/i0.wp.com\/noticiasribeiraopreto.com.br\/wp-content\/uploads\/2023\/11\/nike-air-jornan-5-retro.png?fit=1200%2C638&ssl=1&resize=350%2C200 1x, https:\/\/i0.wp.com\/noticiasribeiraopreto.com.br\/wp-content\/uploads\/2023\/11\/nike-air-jornan-5-retro.png?fit=1200%2C638&ssl=1&resize=525%2C300 1.5x, https:\/\/i0.wp.com\/noticiasribeiraopreto.com.br\/wp-content\/uploads\/2023\/11\/nike-air-jornan-5-retro.png?fit=1200%2C638&ssl=1&resize=700%2C400 2x, https:\/\/i0.wp.com\/noticiasribeiraopreto.com.br\/wp-content\/uploads\/2023\/11\/nike-air-jornan-5-retro.png?fit=1200%2C638&ssl=1&resize=1050%2C600 3x"},"classes":[]},{"id":5812,"url":"https:\/\/noticiasribeiraopreto.com.br\/index.php\/2023\/11\/24\/deu-a-louca-na-centauro-todo-o-site-esta-com-ate-80-de-desconto-na-black-friday\/","url_meta":{"origin":5934,"position":1},"title":"Deu a louca na Centauro! Todo o site est\u00e1 com at\u00e9 80% de desconto na Black\u00a0Friday","author":"noticiasribeiraopreto.com.br","date":"24 de November de 2023","format":false,"excerpt":"Tava precisando de um t\u00eanis novo? Problema resolvido! Isso porque a Centauro preparou uma promo\u00e7\u00e3o de Black Friday simplesmente imperd\u00edvel, com precinhos realmente interessantes! Todo o site est\u00e1 com at\u00e9 80% de desconto. S\u00e3o milhares de ofertas incr\u00edveis para produtos de v\u00e1rios tipos, de cal\u00e7ados de corrida a itens de\u2026","rel":"","context":"In &quot;Variedades&quot;","block_context":{"text":"Variedades","link":"https:\/\/noticiasribeiraopreto.com.br\/index.php\/category\/variedades\/"},"img":{"alt_text":"","src":"https:\/\/i0.wp.com\/noticiasribeiraopreto.com.br\/wp-content\/uploads\/2023\/11\/black-friday-centauro-2.jpg?fit=1200%2C638&ssl=1&resize=350%2C200","width":350,"height":200,"srcset":"https:\/\/i0.wp.com\/noticiasribeiraopreto.com.br\/wp-content\/uploads\/2023\/11\/black-friday-centauro-2.jpg?fit=1200%2C638&ssl=1&resize=350%2C200 1x, https:\/\/i0.wp.com\/noticiasribeiraopreto.com.br\/wp-content\/uploads\/2023\/11\/black-friday-centauro-2.jpg?fit=1200%2C638&ssl=1&resize=525%2C300 1.5x, https:\/\/i0.wp.com\/noticiasribeiraopreto.com.br\/wp-content\/uploads\/2023\/11\/black-friday-centauro-2.jpg?fit=1200%2C638&ssl=1&resize=700%2C400 2x, https:\/\/i0.wp.com\/noticiasribeiraopreto.com.br\/wp-content\/uploads\/2023\/11\/black-friday-centauro-2.jpg?fit=1200%2C638&ssl=1&resize=1050%2C600 3x"},"classes":[]},{"id":5895,"url":"https:\/\/noticiasribeiraopreto.com.br\/index.php\/2023\/11\/24\/black-friday-da-netshoes-tem-produtos-com-ate-80-off\/","url_meta":{"origin":5934,"position":2},"title":"Black Friday da Netshoes tem produtos com at\u00e9 80% OFF","author":"noticiasribeiraopreto.com.br","date":"24 de November de 2023","format":false,"excerpt":"O site tem precinhos incr\u00edveis em t\u00eanis, moda \u00edntima, meias, blusinhas, vestidos, camisetas e muito mais. Saiba tudo: 24 de novembro de 2023 \u00e0s 16:15 Por: Oferecimento Netshoes \u00c9 agora que voc\u00ea vai ficar ainda mais estiloso! Isso porque a Black Friday da Netshoes est\u00e1 recheada de produtos desejados tanto\u2026","rel":"","context":"In &quot;Variedades&quot;","block_context":{"text":"Variedades","link":"https:\/\/noticiasribeiraopreto.com.br\/index.php\/category\/variedades\/"},"img":{"alt_text":"","src":"https:\/\/i0.wp.com\/noticiasribeiraopreto.com.br\/wp-content\/uploads\/2023\/11\/black-friday-netshoes-2.jpg?fit=1200%2C638&ssl=1&resize=350%2C200","width":350,"height":200,"srcset":"https:\/\/i0.wp.com\/noticiasribeiraopreto.com.br\/wp-content\/uploads\/2023\/11\/black-friday-netshoes-2.jpg?fit=1200%2C638&ssl=1&resize=350%2C200 1x, https:\/\/i0.wp.com\/noticiasribeiraopreto.com.br\/wp-content\/uploads\/2023\/11\/black-friday-netshoes-2.jpg?fit=1200%2C638&ssl=1&resize=525%2C300 1.5x, https:\/\/i0.wp.com\/noticiasribeiraopreto.com.br\/wp-content\/uploads\/2023\/11\/black-friday-netshoes-2.jpg?fit=1200%2C638&ssl=1&resize=700%2C400 2x, https:\/\/i0.wp.com\/noticiasribeiraopreto.com.br\/wp-content\/uploads\/2023\/11\/black-friday-netshoes-2.jpg?fit=1200%2C638&ssl=1&resize=1050%2C600 3x"},"classes":[]},{"id":59908,"url":"https:\/\/noticiasribeiraopreto.com.br\/index.php\/2024\/11\/01\/nando-reis-e-zeze-di-camargo-veja-o-que-fazer-no-fim-de-semana-em-ribeirao\/","url_meta":{"origin":5934,"position":3},"title":"Nando Reis e Zez\u00e9 di Camargo: Veja o que fazer no fim de semana em Ribeir\u00e3o","author":"noticiasribeiraopreto.com.br","date":"1 de November de 2024","format":false,"excerpt":"O primeiro fim de semana de novembro come\u00e7ou e Ribeir\u00e3o Preto conta com diversas atividades para diferentes gostos e idades. Entre os destaques da agenda cultural est\u00e3o os shows de Nando Reis e Zez\u00e9 di Camargo. Confira a programa\u00e7\u00e3o completa: Nando Reis O cantor\u00a0\u00a0Nando Reis realiza dois shows durante este\u2026","rel":"","context":"In &quot;Not\u00edcias de Ribeir\u00e3o Preto-SP e Regi\u00e3o&quot;","block_context":{"text":"Not\u00edcias de Ribeir\u00e3o Preto-SP e Regi\u00e3o","link":"https:\/\/noticiasribeiraopreto.com.br\/index.php\/category\/noticias-de-ribeirao-preto-sp-e-regiao-ismael-colosi\/"},"img":{"alt_text":"","src":"https:\/\/i0.wp.com\/noticiasribeiraopreto.com.br\/wp-content\/uploads\/2024\/11\/Copia-de-Copia-de-Copia-de-TAMANHO-EXATO-PARA-FOTOS-NO-SISTEMA-NOVO-24_2024-11-01_13-11-31_jpg_2024-11-01_13-11-31.webp.webp?fit=1200%2C675&ssl=1&resize=350%2C200","width":350,"height":200,"srcset":"https:\/\/i0.wp.com\/noticiasribeiraopreto.com.br\/wp-content\/uploads\/2024\/11\/Copia-de-Copia-de-Copia-de-TAMANHO-EXATO-PARA-FOTOS-NO-SISTEMA-NOVO-24_2024-11-01_13-11-31_jpg_2024-11-01_13-11-31.webp.webp?fit=1200%2C675&ssl=1&resize=350%2C200 1x, https:\/\/i0.wp.com\/noticiasribeiraopreto.com.br\/wp-content\/uploads\/2024\/11\/Copia-de-Copia-de-Copia-de-TAMANHO-EXATO-PARA-FOTOS-NO-SISTEMA-NOVO-24_2024-11-01_13-11-31_jpg_2024-11-01_13-11-31.webp.webp?fit=1200%2C675&ssl=1&resize=525%2C300 1.5x, https:\/\/i0.wp.com\/noticiasribeiraopreto.com.br\/wp-content\/uploads\/2024\/11\/Copia-de-Copia-de-Copia-de-TAMANHO-EXATO-PARA-FOTOS-NO-SISTEMA-NOVO-24_2024-11-01_13-11-31_jpg_2024-11-01_13-11-31.webp.webp?fit=1200%2C675&ssl=1&resize=700%2C400 2x, https:\/\/i0.wp.com\/noticiasribeiraopreto.com.br\/wp-content\/uploads\/2024\/11\/Copia-de-Copia-de-Copia-de-TAMANHO-EXATO-PARA-FOTOS-NO-SISTEMA-NOVO-24_2024-11-01_13-11-31_jpg_2024-11-01_13-11-31.webp.webp?fit=1200%2C675&ssl=1&resize=1050%2C600 3x"},"classes":[]},{"id":73995,"url":"https:\/\/noticiasribeiraopreto.com.br\/index.php\/2025\/07\/14\/teatro-municipal-de-ribeirao-preto-recebe-stand-up-com-chico-da-tiana\/","url_meta":{"origin":5934,"position":4},"title":"Teatro Municipal de Ribeir\u00e3o Preto recebe stand-up com Chico da Tiana","author":"noticiasribeiraopreto.com.br","date":"14 de July de 2025","format":false,"excerpt":"O Teatro Municipal de Ribeir\u00e3o Preto recebe nesta sexta-feira (18), \u00e0s 21h, o stand-up \u201cC\u00ea Fal\u00f4, T\u00e1 Falido!\u201d, do famoso caipira Chico da Tiana, personagem de Cleber Rosa. A sess\u00e3o das 19h j\u00e1 est\u00e1 esgotada, mas ainda h\u00e1 ingressos dispon\u00edveis para a segunda apresenta\u00e7\u00e3o da noite. Criado e interpretado pelo\u2026","rel":"","context":"In &quot;Not\u00edcias de Ribeir\u00e3o Preto-SP e Regi\u00e3o&quot;","block_context":{"text":"Not\u00edcias de Ribeir\u00e3o Preto-SP e Regi\u00e3o","link":"https:\/\/noticiasribeiraopreto.com.br\/index.php\/category\/noticias-de-ribeirao-preto-sp-e-regiao-ismael-colosi\/"},"img":{"alt_text":"","src":"https:\/\/i0.wp.com\/noticiasribeiraopreto.com.br\/wp-content\/uploads\/2025\/07\/IMG-20240507-WA0019-Chico-teatro_2025-07-14_13-09-23.webp.webp?fit=1200%2C800&ssl=1&resize=350%2C200","width":350,"height":200,"srcset":"https:\/\/i0.wp.com\/noticiasribeiraopreto.com.br\/wp-content\/uploads\/2025\/07\/IMG-20240507-WA0019-Chico-teatro_2025-07-14_13-09-23.webp.webp?fit=1200%2C800&ssl=1&resize=350%2C200 1x, https:\/\/i0.wp.com\/noticiasribeiraopreto.com.br\/wp-content\/uploads\/2025\/07\/IMG-20240507-WA0019-Chico-teatro_2025-07-14_13-09-23.webp.webp?fit=1200%2C800&ssl=1&resize=525%2C300 1.5x, https:\/\/i0.wp.com\/noticiasribeiraopreto.com.br\/wp-content\/uploads\/2025\/07\/IMG-20240507-WA0019-Chico-teatro_2025-07-14_13-09-23.webp.webp?fit=1200%2C800&ssl=1&resize=700%2C400 2x, https:\/\/i0.wp.com\/noticiasribeiraopreto.com.br\/wp-content\/uploads\/2025\/07\/IMG-20240507-WA0019-Chico-teatro_2025-07-14_13-09-23.webp.webp?fit=1200%2C800&ssl=1&resize=1050%2C600 3x"},"classes":[]},{"id":79295,"url":"https:\/\/noticiasribeiraopreto.com.br\/index.php\/2025\/10\/28\/chico-chico-se-apresenta-no-theatro-pedro-ii-em-homenagem-a-musica-brasileira\/","url_meta":{"origin":5934,"position":5},"title":"Chico Chico se apresenta no Theatro Pedro II em homenagem \u00e0 m\u00fasica brasileira","author":"noticiasribeiraopreto.com.br","date":"28 de October de 2025","format":false,"excerpt":"O cantor e compositor Chico Chico, filho da cantora C\u00e1ssia Eller, apresenta o show do movimento A M\u00fasica Brasileira Vive no dia 31 de outubro, \u00e0s 20h, no Theatro Pedro II, em Ribeir\u00e3o Preto. O evento integra a s\u00e9rie de apresenta\u00e7\u00f5es que promovem a m\u00fasica brasileira em diferentes regi\u00f5es do\u2026","rel":"","context":"In &quot;Not\u00edcias de Ribeir\u00e3o Preto-SP e Regi\u00e3o&quot;","block_context":{"text":"Not\u00edcias de Ribeir\u00e3o Preto-SP e Regi\u00e3o","link":"https:\/\/noticiasribeiraopreto.com.br\/index.php\/category\/noticias-de-ribeirao-preto-sp-e-regiao-ismael-colosi\/"},"img":{"alt_text":"","src":"https:\/\/i0.wp.com\/noticiasribeiraopreto.com.br\/wp-content\/uploads\/2025\/10\/voguing-5_2025-10-28_22-40-55.webp.webp?fit=1200%2C675&ssl=1&resize=350%2C200","width":350,"height":200,"srcset":"https:\/\/i0.wp.com\/noticiasribeiraopreto.com.br\/wp-content\/uploads\/2025\/10\/voguing-5_2025-10-28_22-40-55.webp.webp?fit=1200%2C675&ssl=1&resize=350%2C200 1x, https:\/\/i0.wp.com\/noticiasribeiraopreto.com.br\/wp-content\/uploads\/2025\/10\/voguing-5_2025-10-28_22-40-55.webp.webp?fit=1200%2C675&ssl=1&resize=525%2C300 1.5x, https:\/\/i0.wp.com\/noticiasribeiraopreto.com.br\/wp-content\/uploads\/2025\/10\/voguing-5_2025-10-28_22-40-55.webp.webp?fit=1200%2C675&ssl=1&resize=700%2C400 2x, https:\/\/i0.wp.com\/noticiasribeiraopreto.com.br\/wp-content\/uploads\/2025\/10\/voguing-5_2025-10-28_22-40-55.webp.webp?fit=1200%2C675&ssl=1&resize=1050%2C600 3x"},"classes":[]}],"jetpack_sharing_enabled":true,"jetpack_shortlink":"https:\/\/wp.me\/peQAOb-1xI","_links":{"self":[{"href":"https:\/\/noticiasribeiraopreto.com.br\/index.php\/wp-json\/wp\/v2\/posts\/5934","targetHints":{"allow":["GET"]}}],"collection":[{"href":"https:\/\/noticiasribeiraopreto.com.br\/index.php\/wp-json\/wp\/v2\/posts"}],"about":[{"href":"https:\/\/noticiasribeiraopreto.com.br\/index.php\/wp-json\/wp\/v2\/types\/post"}],"author":[{"embeddable":true,"href":"https:\/\/noticiasribeiraopreto.com.br\/index.php\/wp-json\/wp\/v2\/users\/1"}],"replies":[{"embeddable":true,"href":"https:\/\/noticiasribeiraopreto.com.br\/index.php\/wp-json\/wp\/v2\/comments?post=5934"}],"version-history":[{"count":0,"href":"https:\/\/noticiasribeiraopreto.com.br\/index.php\/wp-json\/wp\/v2\/posts\/5934\/revisions"}],"wp:featuredmedia":[{"embeddable":true,"href":"https:\/\/noticiasribeiraopreto.com.br\/index.php\/wp-json\/wp\/v2\/media\/5935"}],"wp:attachment":[{"href":"https:\/\/noticiasribeiraopreto.com.br\/index.php\/wp-json\/wp\/v2\/media?parent=5934"}],"wp:term":[{"taxonomy":"category","embeddable":true,"href":"https:\/\/noticiasribeiraopreto.com.br\/index.php\/wp-json\/wp\/v2\/categories?post=5934"},{"taxonomy":"post_tag","embeddable":true,"href":"https:\/\/noticiasribeiraopreto.com.br\/index.php\/wp-json\/wp\/v2\/tags?post=5934"}],"curies":[{"name":"wp","href":"https:\/\/api.w.org\/{rel}","templated":true}]}}