{"id":5936,"date":"2023-11-24T18:01:11","date_gmt":"2023-11-24T21:01:11","guid":{"rendered":"https:\/\/noticiasribeiraopreto.com.br\/index.php\/2023\/11\/24\/quem-e-o-empresario-que-foi-dopado-e-que-perdeu-a-vida-de-maneira-brutal-diante-da-filha-esposa-e-presa\/"},"modified":"2023-11-24T18:01:11","modified_gmt":"2023-11-24T21:01:11","slug":"quem-e-o-empresario-que-foi-dopado-e-que-perdeu-a-vida-de-maneira-brutal-diante-da-filha-esposa-e-presa","status":"publish","type":"post","link":"https:\/\/noticiasribeiraopreto.com.br\/index.php\/2023\/11\/24\/quem-e-o-empresario-que-foi-dopado-e-que-perdeu-a-vida-de-maneira-brutal-diante-da-filha-esposa-e-presa\/","title":{"rendered":"Quem \u00e9 o empres\u00e1rio que foi dopado e que perdeu a vida de maneira brutal diante da filha, esposa \u00e9 presa"},"content":{"rendered":"<div class='code-block code-block-1' style='margin: 8px 0 8px auto; text-align: right; display: block; clear: both;'>\n<p><a href=\"https:\/\/wa.link\/vpicfd\"><img data-recalc-dims=\"1\" class=\"wp-image-4922\" style=\"aspect-ratio: 2.0253164556962027; width: 561px; height: auto;\" src=\"https:\/\/i0.wp.com\/ismaelcolosi.com.br\/wp-content\/uploads\/2023\/11\/grupo-de-empregos-whatsapp-e-facebook-ismael-colosi-vagas.jpg?ssl=1\" alt=\"\" \/><\/a><\/p>\n<!-- \/wp:image -->\n<\/div>\n<p> <br \/>\n<\/p>\n<div itemprop=\"text\">\n<p>Na \u00faltima segunda-feira (20), o juiz Monani Menine Pereira, da Vara do Tribunal do J\u00fari da Comarca da Capital, determinou a pris\u00e3o preventiva de Camila Fernanda Franca Pereira. Ela \u00e9 apontada como a principal suspeita na morte do empres\u00e1rio Gustavo Sagaz, ocorrida em Florian\u00f3polis.<\/p>\n<p>Camila Fernanda Franca Pereira estava sob cust\u00f3dia tempor\u00e1ria desde 22 de setembro e agora enfrentar\u00e1 acusa\u00e7\u00f5es formais pelo crime. At\u00e9 o momento, a motiva\u00e7\u00e3o por tr\u00e1s do assassinato permanece desconhecida.<\/p>\n<p>A determina\u00e7\u00e3o resulta de uma den\u00fancia do Minist\u00e9rio P\u00fablico de Santa Catarina (MPSC), que se baseou em investiga\u00e7\u00f5es conduzidas pela Delegacia de Homic\u00eddios da Capital (DH).<\/p>\n<p>Os exames periciais revelaram que Sagaz foi sedado e morto em sua resid\u00eancia, e que o celular permaneceu l\u00e1 durante todo o per\u00edodo em que a v\u00edtima esteve desaparecida.<\/p>\n<p>Adicionalmente, a filha do casal, de 3 anos, alega ter presenciado a m\u00e3e agredindo o pai nas coxas com um objeto n\u00e3o especificado, \u201c\u2018pau\u2019 semelhante a um metal\u201d, a garotinha deu detalhes preciosos para corroborar com as investiga\u00e7\u00f5es.<\/p>\n<p><i>\u201c<\/i><strong>[Ela] referiu uma poss\u00edvel agress\u00e3o da m\u00e3e contra o pai com instrumento semelhante em cor a uma faca em local (parte posterior da coxa) onde a per\u00edcia cadav\u00e9rica constatou justamente uma facada<\/strong><i>\u201d,<\/i> disse o juiz.<\/p>\n<p>A per\u00edcia forense apontou cerca de 36 facadas. O corpo do empres\u00e1rio foi desovado em uma praia no litoral da cidade de Florian\u00f3polis, capital do estado de Santa Catarina.<\/p>\n<p>Utilizando as c\u00e2meras instaladas no Parque Estadual do Rio Vermelho, nas proximidades da praia do Mo\u00e7ambique, onde Sagaz foi localizado, a pol\u00edcia reconstruiu os movimentos dos criminosos.<\/p>\n<p>A decis\u00e3o judicial n\u00e3o menciona a identifica\u00e7\u00e3o de outro autor, contudo, a investiga\u00e7\u00e3o sugere que Camila n\u00e3o teria a capacidade f\u00edsica necess\u00e1ria para transportar o corpo at\u00e9 a praia, levantando a suspeita de que ela contou com a assist\u00eancia de outras pessoas.<\/p>\n<p>As imagens capturadas no parque revelam que o empres\u00e1rio foi transportado at\u00e9 o local em seu pr\u00f3prio ve\u00edculo, um Nissan Frontier. Os ocupantes do carro permaneceram 44 minutos no parque, dedicando esse tempo a <strong>\u201cprocurando o local adequado para deixar o corpo\u201d<\/strong><i>.<\/i><\/p>\n<p>Testemunhas que entraram em contato com Sagaz durante o per\u00edodo de seu desaparecimento relataram \u00e0 Pol\u00edcia Civil que, em 28 de setembro, ele teria compartilhado sua localiza\u00e7\u00e3o pelo celular.<\/p>\n<p>Entretanto, a pol\u00edcia constatou que a informa\u00e7\u00e3o n\u00e3o era pessoal, mas sim encaminhada por terceiros. Essas descobertas contradizem o depoimento de Camila, que comunicou o desaparecimento no dia seguinte \u00e0 morte de Sagaz.<\/p>\n<p>Na ocasi\u00e3o, afirmou que o marido estava a caminho de Rio do Sul, supostamente para adquirir um motor. Ela tamb\u00e9m mencionou que ele estava com R$ 40 mil, ambas as alega\u00e7\u00f5es foram descartadas ao longo da investiga\u00e7\u00e3o.<\/p>\n<\/div>\n<p><br \/>\n<br \/><a href=\"https:\/\/fnmais.com\/sc-quem-empresario-que-foi-dopado-que-perdeu-vida-maneira-brutal-diante-filha-esposa-presa\/\">Source link <\/a><\/p>\n<!-- CONTENT END 1 -->\n","protected":false},"excerpt":{"rendered":"<p>Na \u00faltima segunda-feira (20), o juiz Monani Menine Pereira, da Vara do Tribunal do J\u00fari da Comarca da Capital, determinou a pris\u00e3o preventiva de Camila&#8230;<\/p>\n","protected":false},"author":1,"featured_media":5937,"comment_status":"open","ping_status":"open","sticky":false,"template":"","format":"standard","meta":{"advanced_seo_description":"","jetpack_seo_html_title":"","jetpack_seo_noindex":false,"jetpack_post_was_ever_published":false,"_jetpack_newsletter_access":"","_jetpack_dont_email_post_to_subs":false,"_jetpack_newsletter_tier_id":0,"_jetpack_memberships_contains_paywalled_content":false,"_jetpack_memberships_contains_paid_content":false,"footnotes":"","jetpack_publicize_message":"","jetpack_publicize_feature_enabled":true,"jetpack_social_post_already_shared":true,"jetpack_social_options":{"image_generator_settings":{"template":"highway","default_image_id":0,"font":"","enabled":false},"version":2}},"categories":[1],"tags":[],"class_list":["post-5936","post","type-post","status-publish","format-standard","has-post-thumbnail","hentry","category-blog"],"jetpack_publicize_connections":[],"jetpack_featured_media_url":"https:\/\/i0.wp.com\/noticiasribeiraopreto.com.br\/wp-content\/uploads\/2023\/11\/postimg-656103454ecde9581.jpg?fit=1200%2C628&ssl=1","jetpack-related-posts":[{"id":58424,"url":"https:\/\/noticiasribeiraopreto.com.br\/index.php\/2024\/09\/26\/juri-inocenta-acusado-de-transportar-atirador-que-matou-empresario-em-ribeirao\/","url_meta":{"origin":5936,"position":0},"title":"J\u00fari inocenta acusado de transportar atirador que matou empres\u00e1rio em Ribeir\u00e3o","author":"noticiasribeiraopreto.com.br","date":"26 de September de 2024","format":false,"excerpt":"Foi inocentado, nesta quinta-feira (26), o homem que era suspeito de transportar o atirador que matou o empres\u00e1rio Tiago Pereira Fernandes, em Ribeir\u00e3o Preto. O crime aconteceu em mar\u00e7o de 2022, dentro de um centro comercial. O julgamento aconteceu no F\u00f3rum de Ribeir\u00e3o Preto e contou com a participa\u00e7\u00e3o de\u2026","rel":"","context":"In &quot;Not\u00edcias de Ribeir\u00e3o Preto-SP e Regi\u00e3o&quot;","block_context":{"text":"Not\u00edcias de Ribeir\u00e3o Preto-SP e Regi\u00e3o","link":"https:\/\/noticiasribeiraopreto.com.br\/index.php\/category\/noticias-de-ribeirao-preto-sp-e-regiao-ismael-colosi\/"},"img":{"alt_text":"","src":"https:\/\/i0.wp.com\/noticiasribeiraopreto.com.br\/wp-content\/uploads\/2024\/09\/Copia-de-Copia-de-Copia-de-TAMANHO-EXATO-PARA-FOTOS-NO-SISTEMA-NOVO-47_2024-09-26_16-06-41_png_2024-09-26_16-06-41.webp.webp?fit=1200%2C675&ssl=1&resize=350%2C200","width":350,"height":200,"srcset":"https:\/\/i0.wp.com\/noticiasribeiraopreto.com.br\/wp-content\/uploads\/2024\/09\/Copia-de-Copia-de-Copia-de-TAMANHO-EXATO-PARA-FOTOS-NO-SISTEMA-NOVO-47_2024-09-26_16-06-41_png_2024-09-26_16-06-41.webp.webp?fit=1200%2C675&ssl=1&resize=350%2C200 1x, https:\/\/i0.wp.com\/noticiasribeiraopreto.com.br\/wp-content\/uploads\/2024\/09\/Copia-de-Copia-de-Copia-de-TAMANHO-EXATO-PARA-FOTOS-NO-SISTEMA-NOVO-47_2024-09-26_16-06-41_png_2024-09-26_16-06-41.webp.webp?fit=1200%2C675&ssl=1&resize=525%2C300 1.5x, https:\/\/i0.wp.com\/noticiasribeiraopreto.com.br\/wp-content\/uploads\/2024\/09\/Copia-de-Copia-de-Copia-de-TAMANHO-EXATO-PARA-FOTOS-NO-SISTEMA-NOVO-47_2024-09-26_16-06-41_png_2024-09-26_16-06-41.webp.webp?fit=1200%2C675&ssl=1&resize=700%2C400 2x, https:\/\/i0.wp.com\/noticiasribeiraopreto.com.br\/wp-content\/uploads\/2024\/09\/Copia-de-Copia-de-Copia-de-TAMANHO-EXATO-PARA-FOTOS-NO-SISTEMA-NOVO-47_2024-09-26_16-06-41_png_2024-09-26_16-06-41.webp.webp?fit=1200%2C675&ssl=1&resize=1050%2C600 3x"},"classes":[]},{"id":44069,"url":"https:\/\/noticiasribeiraopreto.com.br\/index.php\/2024\/03\/25\/bar-do-zeca-pagodinho-em-ribeirao-preto-ja-tem-data-de-inauguracao\/","url_meta":{"origin":5936,"position":1},"title":"Bar do Zeca Pagodinho em Ribeir\u00e3o Preto j\u00e1 tem data de inaugura\u00e7\u00e3o","author":"noticiasribeiraopreto.com.br","date":"25 de March de 2024","format":false,"excerpt":"A unidade do Bar do Zeca Pagodinho em Ribeir\u00e3o Preto vai ser inaugurada no dia 5 de abril. O bar ficar\u00e1 na Arena Nicnet, est\u00e1dio do Botafogo, e ser\u00e1 a segunda unidade no Estado de S\u00e3o Paulo \u2013 as outras casas est\u00e3o na capital e no Rio de Janeiro. O\u2026","rel":"","context":"In &quot;Not\u00edcias de Ribeir\u00e3o Preto-SP e Regi\u00e3o&quot;","block_context":{"text":"Not\u00edcias de Ribeir\u00e3o Preto-SP e Regi\u00e3o","link":"https:\/\/noticiasribeiraopreto.com.br\/index.php\/category\/noticias-de-ribeirao-preto-sp-e-regiao-ismael-colosi\/"},"img":{"alt_text":"","src":"https:\/\/i0.wp.com\/noticiasribeiraopreto.com.br\/wp-content\/uploads\/2024\/03\/AnyConv.com__bar-do-zeca-pagodinho-scaled.webp.webp?fit=1200%2C801&ssl=1&resize=350%2C200","width":350,"height":200,"srcset":"https:\/\/i0.wp.com\/noticiasribeiraopreto.com.br\/wp-content\/uploads\/2024\/03\/AnyConv.com__bar-do-zeca-pagodinho-scaled.webp.webp?fit=1200%2C801&ssl=1&resize=350%2C200 1x, https:\/\/i0.wp.com\/noticiasribeiraopreto.com.br\/wp-content\/uploads\/2024\/03\/AnyConv.com__bar-do-zeca-pagodinho-scaled.webp.webp?fit=1200%2C801&ssl=1&resize=525%2C300 1.5x, https:\/\/i0.wp.com\/noticiasribeiraopreto.com.br\/wp-content\/uploads\/2024\/03\/AnyConv.com__bar-do-zeca-pagodinho-scaled.webp.webp?fit=1200%2C801&ssl=1&resize=700%2C400 2x, https:\/\/i0.wp.com\/noticiasribeiraopreto.com.br\/wp-content\/uploads\/2024\/03\/AnyConv.com__bar-do-zeca-pagodinho-scaled.webp.webp?fit=1200%2C801&ssl=1&resize=1050%2C600 3x"},"classes":[]},{"id":27074,"url":"https:\/\/noticiasribeiraopreto.com.br\/index.php\/2024\/01\/11\/jornalista-da-globo-e-internado-pela-2a-vez-em-4-dias-emissora-divulgou-nota-sobre-quadro-de-saude\/","url_meta":{"origin":5936,"position":2},"title":"Jornalista da Globo \u00e9 internado pela 2\u00aa vez em 4 dias; emissora divulgou nota sobre quadro de sa\u00fade","author":"noticiasribeiraopreto.com.br","date":"11 de January de 2024","format":false,"excerpt":"O jornalista Marcelo Pereira, conhecido por seu trabalho como apresentador do mapa-tempo no programa \u201cHora 1\u201d da Globo, tem sido alvo de preocupa\u00e7\u00f5es e mist\u00e9rios dentro da emissora.Desde 26 de dezembro, Pereira est\u00e1 fora do ar e, recentemente, foi hospitalizado duas vezes em apenas quatro dias. Sua primeira interna\u00e7\u00e3o ocorreu\u2026","rel":"","context":"In &quot;Blog&quot;","block_context":{"text":"Blog","link":"https:\/\/noticiasribeiraopreto.com.br\/index.php\/category\/blog\/"},"img":{"alt_text":"","src":"https:\/\/i0.wp.com\/noticiasribeiraopreto.com.br\/wp-content\/uploads\/2024\/01\/postimg-659feecbde9043933.jpg?fit=1200%2C628&ssl=1&resize=350%2C200","width":350,"height":200,"srcset":"https:\/\/i0.wp.com\/noticiasribeiraopreto.com.br\/wp-content\/uploads\/2024\/01\/postimg-659feecbde9043933.jpg?fit=1200%2C628&ssl=1&resize=350%2C200 1x, https:\/\/i0.wp.com\/noticiasribeiraopreto.com.br\/wp-content\/uploads\/2024\/01\/postimg-659feecbde9043933.jpg?fit=1200%2C628&ssl=1&resize=525%2C300 1.5x, https:\/\/i0.wp.com\/noticiasribeiraopreto.com.br\/wp-content\/uploads\/2024\/01\/postimg-659feecbde9043933.jpg?fit=1200%2C628&ssl=1&resize=700%2C400 2x, https:\/\/i0.wp.com\/noticiasribeiraopreto.com.br\/wp-content\/uploads\/2024\/01\/postimg-659feecbde9043933.jpg?fit=1200%2C628&ssl=1&resize=1050%2C600 3x"},"classes":[]},{"id":77027,"url":"https:\/\/noticiasribeiraopreto.com.br\/index.php\/2025\/09\/10\/empresario-acusado-de-homicidio-em-cravinhos-sera-julgado-por-morte-em-mg\/","url_meta":{"origin":5936,"position":3},"title":"Empres\u00e1rio acusado de homic\u00eddio em Cravinhos ser\u00e1 julgado por morte em MG","author":"noticiasribeiraopreto.com.br","date":"10 de September de 2025","format":false,"excerpt":"O empres\u00e1rio Marlon Couto Paula J\u00fanior ser\u00e1 julgado nesta quarta-feira (10), em Uberaba (MG), pela morte de Daniel Rodrigues da Silva, que foi atropelado enquanto trabalhava em uma rodovia, em dezembro de 2022. Marlon, que est\u00e1 foragido, tamb\u00e9m \u00e9 acusado de matar o empres\u00e1rio Nelson Carreira Filho, em Cravinhos, na\u2026","rel":"","context":"In &quot;Not\u00edcias de Ribeir\u00e3o Preto-SP e Regi\u00e3o&quot;","block_context":{"text":"Not\u00edcias de Ribeir\u00e3o Preto-SP e Regi\u00e3o","link":"https:\/\/noticiasribeiraopreto.com.br\/index.php\/category\/noticias-de-ribeirao-preto-sp-e-regiao-ismael-colosi\/"},"img":{"alt_text":"","src":"https:\/\/i0.wp.com\/noticiasribeiraopreto.com.br\/wp-content\/uploads\/2025\/06\/MARLON-COUTO_2025-05-28_16-15-29.webp.webp?fit=1143%2C824&ssl=1&resize=350%2C200","width":350,"height":200,"srcset":"https:\/\/i0.wp.com\/noticiasribeiraopreto.com.br\/wp-content\/uploads\/2025\/06\/MARLON-COUTO_2025-05-28_16-15-29.webp.webp?fit=1143%2C824&ssl=1&resize=350%2C200 1x, https:\/\/i0.wp.com\/noticiasribeiraopreto.com.br\/wp-content\/uploads\/2025\/06\/MARLON-COUTO_2025-05-28_16-15-29.webp.webp?fit=1143%2C824&ssl=1&resize=525%2C300 1.5x, https:\/\/i0.wp.com\/noticiasribeiraopreto.com.br\/wp-content\/uploads\/2025\/06\/MARLON-COUTO_2025-05-28_16-15-29.webp.webp?fit=1143%2C824&ssl=1&resize=700%2C400 2x, https:\/\/i0.wp.com\/noticiasribeiraopreto.com.br\/wp-content\/uploads\/2025\/06\/MARLON-COUTO_2025-05-28_16-15-29.webp.webp?fit=1143%2C824&ssl=1&resize=1050%2C600 3x"},"classes":[]},{"id":57940,"url":"https:\/\/noticiasribeiraopreto.com.br\/index.php\/2024\/09\/14\/alexandre-tabah-participa-neste-sabado-da-serie-de-entrevistas-com-candidatos-a-prefeitura-de-franca\/","url_meta":{"origin":5936,"position":4},"title":"Alexandre Tabah participa neste s\u00e1bado da s\u00e9rie de entrevistas com candidatos \u00e0 Prefeitura de Franca","author":"noticiasribeiraopreto.com.br","date":"14 de September de 2024","format":false,"excerpt":"O acidade on Ribeir\u00e3o realiza nesta semana uma s\u00e9rie de entrevistas com os candidatos \u00e0 Prefeitura de Franca nas elei\u00e7\u00f5es 2024. Neste s\u00e1bado (14) \u00e9 a vez da sabatina com o empres\u00e1rio Alexandre Tabah (Novo) \u2013 veja o player acima. A entrevista vai ao ar, ao vivo, logo ap\u00f3s a\u2026","rel":"","context":"In &quot;Not\u00edcias de Ribeir\u00e3o Preto-SP e Regi\u00e3o&quot;","block_context":{"text":"Not\u00edcias de Ribeir\u00e3o Preto-SP e Regi\u00e3o","link":"https:\/\/noticiasribeiraopreto.com.br\/index.php\/category\/noticias-de-ribeirao-preto-sp-e-regiao-ismael-colosi\/"},"img":{"alt_text":"","src":"https:\/\/i0.wp.com\/noticiasribeiraopreto.com.br\/wp-content\/uploads\/2024\/09\/alexandre-tabah_2024-09-14_13-54-19_jpg_2024-09-14_13-54-19.webp.webp?fit=1080%2C833&ssl=1&resize=350%2C200","width":350,"height":200,"srcset":"https:\/\/i0.wp.com\/noticiasribeiraopreto.com.br\/wp-content\/uploads\/2024\/09\/alexandre-tabah_2024-09-14_13-54-19_jpg_2024-09-14_13-54-19.webp.webp?fit=1080%2C833&ssl=1&resize=350%2C200 1x, https:\/\/i0.wp.com\/noticiasribeiraopreto.com.br\/wp-content\/uploads\/2024\/09\/alexandre-tabah_2024-09-14_13-54-19_jpg_2024-09-14_13-54-19.webp.webp?fit=1080%2C833&ssl=1&resize=525%2C300 1.5x, https:\/\/i0.wp.com\/noticiasribeiraopreto.com.br\/wp-content\/uploads\/2024\/09\/alexandre-tabah_2024-09-14_13-54-19_jpg_2024-09-14_13-54-19.webp.webp?fit=1080%2C833&ssl=1&resize=700%2C400 2x, https:\/\/i0.wp.com\/noticiasribeiraopreto.com.br\/wp-content\/uploads\/2024\/09\/alexandre-tabah_2024-09-14_13-54-19_jpg_2024-09-14_13-54-19.webp.webp?fit=1080%2C833&ssl=1&resize=1050%2C600 3x"},"classes":[]},{"id":63076,"url":"https:\/\/noticiasribeiraopreto.com.br\/index.php\/2025\/02\/01\/empresario-morre-apos-acidente-com-motocicleta-na-regiao-de-ribeirao-preto\/","url_meta":{"origin":5936,"position":5},"title":"Empres\u00e1rio morre ap\u00f3s acidente com motocicleta na regi\u00e3o de Ribeir\u00e3o Preto","author":"noticiasribeiraopreto.com.br","date":"1 de February de 2025","format":false,"excerpt":"Um motociclista de 53 anos morreu ap\u00f3s um acidente neste s\u00e1bado (1\u00ba), na avenida H\u00e9rcules Pereira Hortal, em Bebedouro, cidade na regi\u00e3o de Ribeir\u00e3o Preto. De acordo com as informa\u00e7\u00f5es, Paulo S\u00e9rgio Zaparol seguia pela via quando perdeu a dire\u00e7\u00e3o da motocicleta e acabou colidindo com uma lixeira e uma\u2026","rel":"","context":"In &quot;Not\u00edcias de Ribeir\u00e3o Preto-SP e Regi\u00e3o&quot;","block_context":{"text":"Not\u00edcias de Ribeir\u00e3o Preto-SP e Regi\u00e3o","link":"https:\/\/noticiasribeiraopreto.com.br\/index.php\/category\/noticias-de-ribeirao-preto-sp-e-regiao-ismael-colosi\/"},"img":{"alt_text":"","src":"https:\/\/i0.wp.com\/noticiasribeiraopreto.com.br\/wp-content\/uploads\/2025\/02\/Copia-de-Copia-de-Copia-de-TAMANHO-EXATO-PARA-FOTOS-NO-SISTEMA-NOVO-2025-02-01T192539.802_2025-02-01_22-26-00_png_2025-02-01_22-26-00.webp.webp?fit=1200%2C675&ssl=1&resize=350%2C200","width":350,"height":200,"srcset":"https:\/\/i0.wp.com\/noticiasribeiraopreto.com.br\/wp-content\/uploads\/2025\/02\/Copia-de-Copia-de-Copia-de-TAMANHO-EXATO-PARA-FOTOS-NO-SISTEMA-NOVO-2025-02-01T192539.802_2025-02-01_22-26-00_png_2025-02-01_22-26-00.webp.webp?fit=1200%2C675&ssl=1&resize=350%2C200 1x, https:\/\/i0.wp.com\/noticiasribeiraopreto.com.br\/wp-content\/uploads\/2025\/02\/Copia-de-Copia-de-Copia-de-TAMANHO-EXATO-PARA-FOTOS-NO-SISTEMA-NOVO-2025-02-01T192539.802_2025-02-01_22-26-00_png_2025-02-01_22-26-00.webp.webp?fit=1200%2C675&ssl=1&resize=525%2C300 1.5x, https:\/\/i0.wp.com\/noticiasribeiraopreto.com.br\/wp-content\/uploads\/2025\/02\/Copia-de-Copia-de-Copia-de-TAMANHO-EXATO-PARA-FOTOS-NO-SISTEMA-NOVO-2025-02-01T192539.802_2025-02-01_22-26-00_png_2025-02-01_22-26-00.webp.webp?fit=1200%2C675&ssl=1&resize=700%2C400 2x, https:\/\/i0.wp.com\/noticiasribeiraopreto.com.br\/wp-content\/uploads\/2025\/02\/Copia-de-Copia-de-Copia-de-TAMANHO-EXATO-PARA-FOTOS-NO-SISTEMA-NOVO-2025-02-01T192539.802_2025-02-01_22-26-00_png_2025-02-01_22-26-00.webp.webp?fit=1200%2C675&ssl=1&resize=1050%2C600 3x"},"classes":[]}],"jetpack_sharing_enabled":true,"jetpack_shortlink":"https:\/\/wp.me\/peQAOb-1xK","_links":{"self":[{"href":"https:\/\/noticiasribeiraopreto.com.br\/index.php\/wp-json\/wp\/v2\/posts\/5936","targetHints":{"allow":["GET"]}}],"collection":[{"href":"https:\/\/noticiasribeiraopreto.com.br\/index.php\/wp-json\/wp\/v2\/posts"}],"about":[{"href":"https:\/\/noticiasribeiraopreto.com.br\/index.php\/wp-json\/wp\/v2\/types\/post"}],"author":[{"embeddable":true,"href":"https:\/\/noticiasribeiraopreto.com.br\/index.php\/wp-json\/wp\/v2\/users\/1"}],"replies":[{"embeddable":true,"href":"https:\/\/noticiasribeiraopreto.com.br\/index.php\/wp-json\/wp\/v2\/comments?post=5936"}],"version-history":[{"count":0,"href":"https:\/\/noticiasribeiraopreto.com.br\/index.php\/wp-json\/wp\/v2\/posts\/5936\/revisions"}],"wp:featuredmedia":[{"embeddable":true,"href":"https:\/\/noticiasribeiraopreto.com.br\/index.php\/wp-json\/wp\/v2\/media\/5937"}],"wp:attachment":[{"href":"https:\/\/noticiasribeiraopreto.com.br\/index.php\/wp-json\/wp\/v2\/media?parent=5936"}],"wp:term":[{"taxonomy":"category","embeddable":true,"href":"https:\/\/noticiasribeiraopreto.com.br\/index.php\/wp-json\/wp\/v2\/categories?post=5936"},{"taxonomy":"post_tag","embeddable":true,"href":"https:\/\/noticiasribeiraopreto.com.br\/index.php\/wp-json\/wp\/v2\/tags?post=5936"}],"curies":[{"name":"wp","href":"https:\/\/api.w.org\/{rel}","templated":true}]}}