{"id":59447,"date":"2024-10-24T00:07:40","date_gmt":"2024-10-24T03:07:40","guid":{"rendered":"https:\/\/noticiasribeiraopreto.com.br\/index.php\/2024\/10\/24\/mec-explora-inteligencia-artificial-para-transformar-politicas-publicas-educacionais\/"},"modified":"2024-10-24T00:07:40","modified_gmt":"2024-10-24T03:07:40","slug":"mec-explora-inteligencia-artificial-para-transformar-politicas-publicas-educacionais","status":"publish","type":"post","link":"https:\/\/noticiasribeiraopreto.com.br\/index.php\/2024\/10\/24\/mec-explora-inteligencia-artificial-para-transformar-politicas-publicas-educacionais\/","title":{"rendered":"MEC Explora Intelig\u00eancia Artificial para Transformar Pol\u00edticas P\u00fablicas Educacionais"},"content":{"rendered":"<div class='code-block code-block-1' style='margin: 8px 0 8px auto; text-align: right; display: block; clear: both;'>\n<p><a href=\"https:\/\/wa.link\/vpicfd\"><img data-recalc-dims=\"1\" class=\"wp-image-4922\" style=\"aspect-ratio: 2.0253164556962027; width: 561px; height: auto;\" src=\"https:\/\/i0.wp.com\/ismaelcolosi.com.br\/wp-content\/uploads\/2023\/11\/grupo-de-empregos-whatsapp-e-facebook-ismael-colosi-vagas.jpg?ssl=1\" alt=\"\" \/><\/a><\/p>\n<!-- \/wp:image -->\n<\/div>\n<p> <br \/>\n<\/p>\n<div>\n<p>O Minist\u00e9rio da Educa\u00e7\u00e3o (MEC) est\u00e1 investigando novas formas de utilizar a intelig\u00eancia artificial (IA) para melhorar as pol\u00edticas p\u00fablicas no setor educacional brasileiro. Com o objetivo de modernizar a gest\u00e3o escolar, personalizar a aprendizagem e enfrentar problemas cr\u00f4nicos como a evas\u00e3o escolar e as desigualdades educacionais, o governo pretende integrar solu\u00e7\u00f5es baseadas em IA para otimizar a efici\u00eancia e a qualidade do ensino em todo o pa\u00eds.<\/p>\n<h3>Intelig\u00eancia Artificial: Uma Ferramenta para Revolucionar a Educa\u00e7\u00e3o<\/h3>\n<p>O uso da intelig\u00eancia artificial no setor p\u00fablico, especialmente na educa\u00e7\u00e3o, promete trazer uma s\u00e9rie de benef\u00edcios. A tecnologia pode ser aplicada para identificar as necessidades individuais dos alunos, monitorar o progresso acad\u00eamico em tempo real e ajustar m\u00e9todos de ensino de forma personalizada. Al\u00e9m disso, as ferramentas de IA podem auxiliar na tomada de decis\u00f5es, oferecendo an\u00e1lises preditivas que ajudam gestores e professores a prever quais estudantes correm maior risco de abandono escolar ou enfrentam dificuldades de aprendizagem.<\/p>\n<p>O ministro da Educa\u00e7\u00e3o, Camilo Santana, destacou que a ado\u00e7\u00e3o da IA poder\u00e1 impactar diretamente a gest\u00e3o das escolas p\u00fablicas, permitindo uma atua\u00e7\u00e3o mais \u00e1gil e precisa. \u201cEstamos buscando solu\u00e7\u00f5es que n\u00e3o s\u00f3 melhorem o processo de ensino, mas que tamb\u00e9m garantam que todos os alunos tenham oportunidades iguais, independentemente de sua realidade socioecon\u00f4mica\u201d, afirmou.<\/p>\n<h3>Personaliza\u00e7\u00e3o do Ensino e Redu\u00e7\u00e3o da Evas\u00e3o Escolar<\/h3>\n<p>Entre os principais benef\u00edcios esperados com o uso da IA est\u00e1 a personaliza\u00e7\u00e3o do ensino. Com algoritmos capazes de avaliar o desempenho de cada aluno, professores poder\u00e3o adaptar o conte\u00fado e o ritmo das aulas conforme as necessidades espec\u00edficas de cada estudante, promovendo uma experi\u00eancia educacional mais inclusiva e eficaz.<\/p>\n<p>Essa personaliza\u00e7\u00e3o pode ser particularmente \u00fatil no combate \u00e0 evas\u00e3o escolar, um problema que afeta milh\u00f5es de estudantes no Brasil, especialmente em \u00e1reas rurais e de baixa renda. Ao identificar comportamentos que indicam o risco de abandono escolar, como aus\u00eancias frequentes e baixo desempenho, as ferramentas de IA permitir\u00e3o interven\u00e7\u00f5es mais r\u00e1pidas e direcionadas para manter os alunos no ambiente escolar.<\/p>\n<h3>O Desafio da Implementa\u00e7\u00e3o<\/h3>\n<p>Embora o potencial da intelig\u00eancia artificial na educa\u00e7\u00e3o seja promissor, existem desafios significativos a serem enfrentados para sua implementa\u00e7\u00e3o. Um dos maiores obst\u00e1culos \u00e9 a infraestrutura tecnol\u00f3gica nas escolas, principalmente nas regi\u00f5es mais pobres. Muitas escolas p\u00fablicas ainda carecem de acesso \u00e0 internet de alta velocidade e equipamentos tecnol\u00f3gicos adequados, o que pode limitar o alcance inicial dos benef\u00edcios trazidos pela IA.<\/p>\n<p>Al\u00e9m disso, h\u00e1 quest\u00f5es \u00e9ticas e de privacidade que precisam ser cuidadosamente analisadas. O uso de grandes quantidades de dados sobre o desempenho e o comportamento dos estudantes levanta preocupa\u00e7\u00f5es sobre como essas informa\u00e7\u00f5es ser\u00e3o armazenadas e protegidas. O MEC tem trabalhado com especialistas em seguran\u00e7a de dados para garantir que as tecnologias implementadas respeitem os direitos dos estudantes e estejam em conformidade com as leis de prote\u00e7\u00e3o de dados.<\/p>\n<h3>Capacita\u00e7\u00e3o de Professores e Gestores<\/h3>\n<p>Outro aspecto crucial para o sucesso dessa iniciativa \u00e9 a capacita\u00e7\u00e3o dos professores e gestores escolares para utilizarem as ferramentas de IA de forma eficiente. O MEC planeja desenvolver programas de forma\u00e7\u00e3o cont\u00ednua para que os profissionais da educa\u00e7\u00e3o estejam preparados para lidar com essas novas tecnologias e possam explorar todo o potencial que elas oferecem.<\/p>\n<p>O uso da IA tamb\u00e9m pode aliviar a carga de trabalho administrativo dos professores, permitindo que eles se concentrem mais no desenvolvimento pedag\u00f3gico e na intera\u00e7\u00e3o com os alunos. Ferramentas automatizadas podem ajudar a gerenciar tarefas burocr\u00e1ticas, como a corre\u00e7\u00e3o de provas e o registro de frequ\u00eancias, liberando tempo para que os educadores se dediquem \u00e0 melhoria das pr\u00e1ticas de ensino.<\/p>\n<h3>Perspectivas Futuras<\/h3>\n<p>A inclus\u00e3o da intelig\u00eancia artificial nas pol\u00edticas educacionais marca um passo importante na transforma\u00e7\u00e3o digital do sistema educacional brasileiro. Apesar dos desafios, o MEC est\u00e1 otimista quanto ao impacto positivo que essas inova\u00e7\u00f5es tecnol\u00f3gicas podem trazer, desde que implementadas com cuidado e de maneira equitativa.<\/p>\n<p>Nos pr\u00f3ximos anos, \u00e0 medida que as tecnologias de IA forem sendo gradualmente incorporadas, espera-se que a qualidade da educa\u00e7\u00e3o no Brasil melhore substancialmente, com avan\u00e7os significativos na gest\u00e3o escolar, na personaliza\u00e7\u00e3o do ensino e na redu\u00e7\u00e3o da evas\u00e3o escolar. A tecnologia, quando bem utilizada, pode ser um catalisador para o desenvolvimento social e econ\u00f4mico, oferecendo a milh\u00f5es de jovens a chance de alcan\u00e7ar um futuro melhor.<\/p>\n<p>&#13;<br \/>\n\t\t\t\t<span class=\"post-views-icon dashicons dashicons-chart-bar\"\/> <span class=\"post-views-label\">Visualiza\u00e7\u00f5es:<\/span> <span class=\"post-views-count\">2<\/span>&#13;\n\t\t\t<\/p>\n<\/p><\/div>\n<p><br \/>\n<br \/><a href=\"https:\/\/folhaderibeirao.com.br\/2024\/10\/24\/mec-explora-inteligencia-artificial-para-transformar-politicas-publicas-educacionais\/\">Source link <\/a><\/p>\n<!-- CONTENT END 1 -->\n","protected":false},"excerpt":{"rendered":"<p>O Minist\u00e9rio da Educa\u00e7\u00e3o (MEC) est\u00e1 investigando novas formas de utilizar a intelig\u00eancia artificial (IA) para melhorar as pol\u00edticas p\u00fablicas no setor educacional brasileiro. Com&#8230;<\/p>\n","protected":false},"author":1,"featured_media":59448,"comment_status":"open","ping_status":"open","sticky":false,"template":"","format":"standard","meta":{"advanced_seo_description":"","jetpack_seo_html_title":"","jetpack_seo_noindex":false,"jetpack_post_was_ever_published":false,"_jetpack_newsletter_access":"","_jetpack_dont_email_post_to_subs":false,"_jetpack_newsletter_tier_id":0,"_jetpack_memberships_contains_paywalled_content":false,"_jetpack_memberships_contains_paid_content":false,"footnotes":"","jetpack_publicize_message":"","jetpack_publicize_feature_enabled":true,"jetpack_social_post_already_shared":true,"jetpack_social_options":{"image_generator_settings":{"template":"highway","default_image_id":0,"font":"","enabled":false},"version":2}},"categories":[11],"tags":[4337,5927,5926,4336,1891,71,5225,1064,4617],"class_list":["post-59447","post","type-post","status-publish","format-standard","has-post-thumbnail","hentry","category-noticias-de-ribeirao-preto-sp-e-regiao-ismael-colosi","tag-artificial","tag-educacionais","tag-explora","tag-inteligencia","tag-mec","tag-para","tag-politicas","tag-publicas","tag-transformar"],"jetpack_publicize_connections":[],"jetpack_featured_media_url":"https:\/\/i0.wp.com\/noticiasribeiraopreto.com.br\/wp-content\/uploads\/2024\/10\/2017-05-17t130902z_1_lynxnped4g0y5_rtroptp_4_cyber-attack.webp.webp?fit=1170%2C700&ssl=1","jetpack-related-posts":[{"id":24137,"url":"https:\/\/noticiasribeiraopreto.com.br\/index.php\/2024\/01\/03\/3-formas-de-ganhar-dinheiro-com-a-inteligencia-artificial-meu-valor-digital\/","url_meta":{"origin":59447,"position":0},"title":"3 formas de ganhar dinheiro com a Intelig\u00eancia Artificial &#8211; Meu Valor Digital","author":"noticiasribeiraopreto.com.br","date":"3 de January de 2024","format":false,"excerpt":"A intelig\u00eancia artificial (IA) veio para facilitar o mundo, muitas coisas que antes s\u00f3 poderiam ser feitas por profissionais qualificados, hoje ficaram mais acess\u00edveis. Qualquer pessoa pode escrever um texto ou at\u00e9 mesmo criar uma imagem com qualidade profissional, tudo isso com ajuda de uma IA. J\u00e1 citamos em outros\u2026","rel":"","context":"In &quot;Vagas de Emprego em Ribeir\u00e3o Preto-SP&quot;","block_context":{"text":"Vagas de Emprego em Ribeir\u00e3o Preto-SP","link":"https:\/\/noticiasribeiraopreto.com.br\/index.php\/category\/empregos-classificados-vagas-trabalho\/vagas-de-empregos-em-ribeirao-preto-regiao-brasil\/"},"img":{"alt_text":"","src":"https:\/\/i0.wp.com\/noticiasribeiraopreto.com.br\/wp-content\/uploads\/2024\/01\/homens-e-robos-no-futuro.jpg?fit=1200%2C800&ssl=1&resize=350%2C200","width":350,"height":200,"srcset":"https:\/\/i0.wp.com\/noticiasribeiraopreto.com.br\/wp-content\/uploads\/2024\/01\/homens-e-robos-no-futuro.jpg?fit=1200%2C800&ssl=1&resize=350%2C200 1x, https:\/\/i0.wp.com\/noticiasribeiraopreto.com.br\/wp-content\/uploads\/2024\/01\/homens-e-robos-no-futuro.jpg?fit=1200%2C800&ssl=1&resize=525%2C300 1.5x, https:\/\/i0.wp.com\/noticiasribeiraopreto.com.br\/wp-content\/uploads\/2024\/01\/homens-e-robos-no-futuro.jpg?fit=1200%2C800&ssl=1&resize=700%2C400 2x, https:\/\/i0.wp.com\/noticiasribeiraopreto.com.br\/wp-content\/uploads\/2024\/01\/homens-e-robos-no-futuro.jpg?fit=1200%2C800&ssl=1&resize=1050%2C600 3x"},"classes":[]},{"id":47087,"url":"https:\/\/noticiasribeiraopreto.com.br\/index.php\/2024\/04\/22\/curso-de-inteligencia-artificial-melhores-indicacoes-para-2024\/","url_meta":{"origin":59447,"position":1},"title":"Curso de Intelig\u00eancia Artificial: melhores indica\u00e7\u00f5es para 2024","author":"noticiasribeiraopreto.com.br","date":"22 de April de 2024","format":false,"excerpt":"A import\u00e2ncia de se especializar com cursos de Intelig\u00eancia Artificial (IA) est\u00e1 cada vez mais evidente na maioria das profiss\u00f5es. A tecnologia se faz presente em todo o nosso cotidiano e no mercado de trabalho, auxiliando na execu\u00e7\u00e3o de tarefas e aumento de produtividade. Por conta disso, o nosso blog\u2026","rel":"","context":"In &quot;Blog&quot;","block_context":{"text":"Blog","link":"https:\/\/noticiasribeiraopreto.com.br\/index.php\/category\/blog\/"},"img":{"alt_text":"","src":"https:\/\/i0.wp.com\/noticiasribeiraopreto.com.br\/wp-content\/uploads\/2024\/04\/curso-de-Inteligencia-artificial.jpg?fit=1200%2C675&ssl=1&resize=350%2C200","width":350,"height":200,"srcset":"https:\/\/i0.wp.com\/noticiasribeiraopreto.com.br\/wp-content\/uploads\/2024\/04\/curso-de-Inteligencia-artificial.jpg?fit=1200%2C675&ssl=1&resize=350%2C200 1x, https:\/\/i0.wp.com\/noticiasribeiraopreto.com.br\/wp-content\/uploads\/2024\/04\/curso-de-Inteligencia-artificial.jpg?fit=1200%2C675&ssl=1&resize=525%2C300 1.5x, https:\/\/i0.wp.com\/noticiasribeiraopreto.com.br\/wp-content\/uploads\/2024\/04\/curso-de-Inteligencia-artificial.jpg?fit=1200%2C675&ssl=1&resize=700%2C400 2x, https:\/\/i0.wp.com\/noticiasribeiraopreto.com.br\/wp-content\/uploads\/2024\/04\/curso-de-Inteligencia-artificial.jpg?fit=1200%2C675&ssl=1&resize=1050%2C600 3x"},"classes":[]},{"id":28348,"url":"https:\/\/noticiasribeiraopreto.com.br\/index.php\/2024\/01\/15\/fmi-inteligencia-artificial-vai-afetar-40-dos-empregos\/","url_meta":{"origin":59447,"position":2},"title":"FMI: intelig\u00eancia artificial vai afetar 40% dos empregos","author":"noticiasribeiraopreto.com.br","date":"15 de January de 2024","format":false,"excerpt":"Adobe StockA intelig\u00eancia artificial ainda deve agravar as desigualdades, beneficiando profissionais qualificados em economias avan\u00e7adas Quase 40% dos empregos no mundo ser\u00e3o afetados pelo avan\u00e7o da IA (intelig\u00eancia artificial), que vai substituir alguns e complementar outros, de acordo com o FMI (Fundo Monet\u00e1rio Internacional). Uma an\u00e1lise da organiza\u00e7\u00e3o descobriu que,\u2026","rel":"","context":"In &quot;Blog&quot;","block_context":{"text":"Blog","link":"https:\/\/noticiasribeiraopreto.com.br\/index.php\/category\/blog\/"},"img":{"alt_text":"","src":"https:\/\/i0.wp.com\/noticiasribeiraopreto.com.br\/wp-content\/uploads\/2024\/01\/carreira-inteligencia-artificial-trabalho-1024x683.jpg?fit=1024%2C683&ssl=1&resize=350%2C200","width":350,"height":200,"srcset":"https:\/\/i0.wp.com\/noticiasribeiraopreto.com.br\/wp-content\/uploads\/2024\/01\/carreira-inteligencia-artificial-trabalho-1024x683.jpg?fit=1024%2C683&ssl=1&resize=350%2C200 1x, https:\/\/i0.wp.com\/noticiasribeiraopreto.com.br\/wp-content\/uploads\/2024\/01\/carreira-inteligencia-artificial-trabalho-1024x683.jpg?fit=1024%2C683&ssl=1&resize=525%2C300 1.5x, https:\/\/i0.wp.com\/noticiasribeiraopreto.com.br\/wp-content\/uploads\/2024\/01\/carreira-inteligencia-artificial-trabalho-1024x683.jpg?fit=1024%2C683&ssl=1&resize=700%2C400 2x"},"classes":[]},{"id":85242,"url":"https:\/\/noticiasribeiraopreto.com.br\/index.php\/2026\/04\/26\/uso-de-ia-para-desinformar-aumenta\/","url_meta":{"origin":59447,"position":3},"title":"Uso de IA para desinformar aumenta","author":"noticiasribeiraopreto.com.br","date":"26 de April de 2026","format":false,"excerpt":"O rosto \u00e9 igual. A voz, tamb\u00e9m. Mas a informa\u00e7\u00e3o \u00e9 suspeita. As ferramentas de intelig\u00eancia artificial (IA) elevaram a necessidade de desconfian\u00e7a dos conte\u00fados que as pessoas recebem, como em nenhum outro momento da hist\u00f3ria. Quem diz isso s\u00e3o os profissionais que fazem checagem de informa\u00e7\u00e3o nas redes sociais.\u2026","rel":"","context":"In &quot;Not\u00edcias de Ribeir\u00e3o Preto-SP e Regi\u00e3o&quot;","block_context":{"text":"Not\u00edcias de Ribeir\u00e3o Preto-SP e Regi\u00e3o","link":"https:\/\/noticiasribeiraopreto.com.br\/index.php\/category\/noticias-de-ribeirao-preto-sp-e-regiao-ismael-colosi\/"},"img":{"alt_text":"","src":"https:\/\/i0.wp.com\/noticiasribeiraopreto.com.br\/wp-content\/uploads\/2026\/04\/fotos-tribuna-4.jpg?fit=800%2C500&ssl=1&resize=350%2C200","width":350,"height":200,"srcset":"https:\/\/i0.wp.com\/noticiasribeiraopreto.com.br\/wp-content\/uploads\/2026\/04\/fotos-tribuna-4.jpg?fit=800%2C500&ssl=1&resize=350%2C200 1x, https:\/\/i0.wp.com\/noticiasribeiraopreto.com.br\/wp-content\/uploads\/2026\/04\/fotos-tribuna-4.jpg?fit=800%2C500&ssl=1&resize=525%2C300 1.5x, https:\/\/i0.wp.com\/noticiasribeiraopreto.com.br\/wp-content\/uploads\/2026\/04\/fotos-tribuna-4.jpg?fit=800%2C500&ssl=1&resize=700%2C400 2x"},"classes":[]},{"id":67222,"url":"https:\/\/noticiasribeiraopreto.com.br\/index.php\/2025\/04\/11\/quer-descobrir-como-uma-ia-pode-ajudar-na-sua-rotina-ou-trabalho-conheca-11-ferramentas\/","url_meta":{"origin":59447,"position":4},"title":"Quer descobrir como uma IA pode ajudar na sua rotina ou trabalho? Conhe\u00e7a 11 ferramentas","author":"noticiasribeiraopreto.com.br","date":"11 de April de 2025","format":false,"excerpt":"Est\u00e1 pensando em usar intelig\u00eancia artificial (IA) para tentar melhorar sua rotina, ou agilizar processos no trabalho? Algumas ferramentas j\u00e1 dispon\u00edveis no mercado funcionamento em vers\u00e3o gratuita e podem te ajudar a ter uma ideia do potencial que pode ser gerado. Veja esses oito exemplos que a Tableau identificou sobre\u2026","rel":"","context":"In &quot;Not\u00edcias de Franca-SP&quot;","block_context":{"text":"Not\u00edcias de Franca-SP","link":"https:\/\/noticiasribeiraopreto.com.br\/index.php\/category\/noticias-de-ribeirao-preto-sp-e-regiao-ismael-colosi\/noticias-franca-sp\/"},"img":{"alt_text":"","src":"https:\/\/i0.wp.com\/noticiasribeiraopreto.com.br\/wp-content\/uploads\/2025\/04\/ChatGPT.jpg.optimal-e1699826734492.jpg?fit=700%2C467&ssl=1&resize=350%2C200","width":350,"height":200,"srcset":"https:\/\/i0.wp.com\/noticiasribeiraopreto.com.br\/wp-content\/uploads\/2025\/04\/ChatGPT.jpg.optimal-e1699826734492.jpg?fit=700%2C467&ssl=1&resize=350%2C200 1x, https:\/\/i0.wp.com\/noticiasribeiraopreto.com.br\/wp-content\/uploads\/2025\/04\/ChatGPT.jpg.optimal-e1699826734492.jpg?fit=700%2C467&ssl=1&resize=525%2C300 1.5x, https:\/\/i0.wp.com\/noticiasribeiraopreto.com.br\/wp-content\/uploads\/2025\/04\/ChatGPT.jpg.optimal-e1699826734492.jpg?fit=700%2C467&ssl=1&resize=700%2C400 2x"},"classes":[]},{"id":48704,"url":"https:\/\/noticiasribeiraopreto.com.br\/index.php\/2024\/05\/06\/como-se-preparar-para-trabalhar-com-inteligencia-artificial\/","url_meta":{"origin":59447,"position":5},"title":"Como se preparar para trabalhar com intelig\u00eancia artificial","author":"noticiasribeiraopreto.com.br","date":"6 de May de 2024","format":false,"excerpt":"Getty ImagesTer uma base t\u00e9cnica s\u00f3lida e se manter atualizado das novidades do setor s\u00e3o passos importantes para trabalhar com intelig\u00eancia artificial \u00c0 medida que a intelig\u00eancia artificial continua a transformar diferentes ind\u00fastrias em todo o mundo, a procura por talentos em IA disparou. De acordo com o F\u00f3rum Econ\u00f4mico\u2026","rel":"","context":"In &quot;Blog&quot;","block_context":{"text":"Blog","link":"https:\/\/noticiasribeiraopreto.com.br\/index.php\/category\/blog\/"},"img":{"alt_text":"","src":"https:\/\/i0.wp.com\/noticiasribeiraopreto.com.br\/wp-content\/uploads\/2024\/05\/carreira-inteligencia-artificial-1024x683.jpg?fit=1024%2C683&ssl=1&resize=350%2C200","width":350,"height":200,"srcset":"https:\/\/i0.wp.com\/noticiasribeiraopreto.com.br\/wp-content\/uploads\/2024\/05\/carreira-inteligencia-artificial-1024x683.jpg?fit=1024%2C683&ssl=1&resize=350%2C200 1x, https:\/\/i0.wp.com\/noticiasribeiraopreto.com.br\/wp-content\/uploads\/2024\/05\/carreira-inteligencia-artificial-1024x683.jpg?fit=1024%2C683&ssl=1&resize=525%2C300 1.5x, https:\/\/i0.wp.com\/noticiasribeiraopreto.com.br\/wp-content\/uploads\/2024\/05\/carreira-inteligencia-artificial-1024x683.jpg?fit=1024%2C683&ssl=1&resize=700%2C400 2x"},"classes":[]}],"jetpack_sharing_enabled":true,"jetpack_shortlink":"https:\/\/wp.me\/peQAOb-fsP","_links":{"self":[{"href":"https:\/\/noticiasribeiraopreto.com.br\/index.php\/wp-json\/wp\/v2\/posts\/59447","targetHints":{"allow":["GET"]}}],"collection":[{"href":"https:\/\/noticiasribeiraopreto.com.br\/index.php\/wp-json\/wp\/v2\/posts"}],"about":[{"href":"https:\/\/noticiasribeiraopreto.com.br\/index.php\/wp-json\/wp\/v2\/types\/post"}],"author":[{"embeddable":true,"href":"https:\/\/noticiasribeiraopreto.com.br\/index.php\/wp-json\/wp\/v2\/users\/1"}],"replies":[{"embeddable":true,"href":"https:\/\/noticiasribeiraopreto.com.br\/index.php\/wp-json\/wp\/v2\/comments?post=59447"}],"version-history":[{"count":0,"href":"https:\/\/noticiasribeiraopreto.com.br\/index.php\/wp-json\/wp\/v2\/posts\/59447\/revisions"}],"wp:featuredmedia":[{"embeddable":true,"href":"https:\/\/noticiasribeiraopreto.com.br\/index.php\/wp-json\/wp\/v2\/media\/59448"}],"wp:attachment":[{"href":"https:\/\/noticiasribeiraopreto.com.br\/index.php\/wp-json\/wp\/v2\/media?parent=59447"}],"wp:term":[{"taxonomy":"category","embeddable":true,"href":"https:\/\/noticiasribeiraopreto.com.br\/index.php\/wp-json\/wp\/v2\/categories?post=59447"},{"taxonomy":"post_tag","embeddable":true,"href":"https:\/\/noticiasribeiraopreto.com.br\/index.php\/wp-json\/wp\/v2\/tags?post=59447"}],"curies":[{"name":"wp","href":"https:\/\/api.w.org\/{rel}","templated":true}]}}