{"id":59464,"date":"2024-10-24T10:01:32","date_gmt":"2024-10-24T13:01:32","guid":{"rendered":"https:\/\/noticiasribeiraopreto.com.br\/index.php\/2024\/10\/24\/ruas-do-centro-serao-interditadas-no-2o-turno-em-ribeirao-veja-trechos\/"},"modified":"2024-10-24T10:01:32","modified_gmt":"2024-10-24T13:01:32","slug":"ruas-do-centro-serao-interditadas-no-2o-turno-em-ribeirao-veja-trechos","status":"publish","type":"post","link":"https:\/\/noticiasribeiraopreto.com.br\/index.php\/2024\/10\/24\/ruas-do-centro-serao-interditadas-no-2o-turno-em-ribeirao-veja-trechos\/","title":{"rendered":"Ruas do Centro ser\u00e3o interditadas no 2\u00ba turno em Ribeir\u00e3o; Veja trechos"},"content":{"rendered":"<p> <br \/>\n<\/p>\n<div data-td-block-uid=\"tdi_106\">\n<div class=\"tdb-block-inner td-fix-index\">\n<p><strong>As ruas Duque de Caxias e Cerqueira C\u00e9sar, no Centro de Ribeir\u00e3o Preto, ser\u00e3o parcialmente interditadas a partir do pr\u00f3ximo s\u00e1bado (26) para o 2\u00ba turno da elei\u00e7\u00f5es.<\/strong><\/p>\n<h4 class=\"wp-block-heading\"><strong>Veja onde ser\u00e3o os bloqueios:<\/strong><\/h4>\n<ul>\n<li>Rua Duque de Caxias \u2013 da rua Garibaldi at\u00e9 a rua Cerqueira C\u00e9sar<\/li>\n<\/ul>\n<ul>\n<li>Rua\u00a0Cerqueira C\u00e9sar \u2013 da rua Duque de Caxias at\u00e9 a rua General Os\u00f3rio<\/li>\n<\/ul>\n<p>Segundo a <strong>RP Mobi<\/strong>, a interdi\u00e7\u00e3o ocorre nas proximidades do cart\u00f3rio eleitoral e foi solicitada pela Justi\u00e7a.<\/p>\n<h4 class=\"wp-block-heading\"><strong>Hor\u00e1rios<\/strong>:<\/h4>\n<ul>\n<li>No s\u00e1bado, a partir das 8h, a rua Cerqueira C\u00e9sar ser\u00e1 interditada para o deslocamento das urnas para suas respectivas zonas eleitorais<\/li>\n<\/ul>\n<ul>\n<li>No domingo, a partir das 6h, a interdi\u00e7\u00e3o ser\u00e1 na rua Cerqueira C\u00e9sar<\/li>\n<\/ul>\n<ul>\n<li>No domingo, a partir das 14h, a rua Duque de Caxias ser\u00e1 fechada para o tr\u00e2nsito<\/li>\n<\/ul>\n<h4 class=\"wp-block-heading\"><strong>Rotas alternativas:<\/strong><\/h4>\n<ul>\n<li>Quem vem da avenida Independ\u00eancia em dire\u00e7\u00e3o \u00e0 Pra\u00e7a XV de Novembro, pela rua Duque de Caxias, dever\u00e1 desviar \u00e0 direita na rua Garibaldi e seguir o destino desejado<\/li>\n<\/ul>\n<ul>\n<li>J\u00e1 quem vem da avenida Francisco Junqueira pela rua Cerqueira C\u00e9sar, deve virar \u00e0 direita na Duque de Caxias, \u00e0 esquerda na Visconde de Inha\u00fama, \u00e0 esquerda na rua Am\u00e9rico Brasiliense e \u00e0 esquerda para retornar \u00e0 Cerqueira Cesar, ou seguir o destino desejado<\/li>\n<\/ul>\n<p>As vias interditadas ser\u00e3o liberadas somente ap\u00f3s a conclus\u00e3o dos trabalhos do cart\u00f3rio eleitoral.<\/p>\n<h4 class=\"wp-block-heading\"><strong>Proibido estacionar<\/strong><\/h4>\n<p>A <strong>RP Mobi<\/strong> tamb\u00e9m informou que ir\u00e1 <strong>preservar <\/strong>o <strong>estacionamento<\/strong>. Veja as ruas afetadas:<\/p>\n<ul>\n<li>Rua General Os\u00f3rio \u2013 no trecho entre as ruas Bar\u00e3o do Amazonas e Comandante Marcondes Salgado<\/li>\n<\/ul>\n<ul>\n<li>Rua Cerqueira C\u00e9sar \u2013 no trecho entre as ruas Mariana Junqueira e S\u00e3o Sebasti\u00e3o<\/li>\n<\/ul>\n<p>SAIBA MAIS<\/p>\n<p>Ciclone e frente fria deixam estado de SP em alerta para tempestades<\/p>\n<h4 class=\"wp-block-heading\"><strong>FIQUE ON<\/strong><\/h4>\n<p>Fique ligado em tudo que acontece em Ribeir\u00e3o Preto e regi\u00e3o. Siga os perfis do\u00a0<strong>acidade on<\/strong>\u00a0no\u00a0<a href=\"https:\/\/www.instagram.com\/acidadeonribeirao\" target=\"_blank\" rel=\"noreferrer noopener\">Instagram<\/a>\u00a0e no\u00a0<a href=\"https:\/\/www.facebook.com\/acidadeonribeirao\/\" target=\"_blank\" rel=\"noreferrer noopener\">Facebook<\/a>.<\/p>\n<p>Receba not\u00edcias do\u00a0<strong>acidade on<\/strong>\u00a0no WhatsApp.\u00a0<a href=\"https:\/\/chat.whatsapp.com\/Fg4ok3aAVyB59DP63pRapr\" target=\"_blank\" rel=\"noreferrer noopener\">Para entrar no grupo, basta clicar aqui.<\/a><\/p>\n<p>Fa\u00e7a uma den\u00fancia ou sugira uma reportagem sobre Ribeir\u00e3o Preto e regi\u00e3o pelo WhatsApp: 16 99117 7802.<\/p>\n<p>VEJA TAMB\u00c9M<\/p>\n<p>Ciclone pode atingir S\u00e3o Paulo?<\/p>\n<p><!-- CONTENT END 3 -->\n<\/div>\n<\/div>\n<p><script async src=\"\/\/www.instagram.com\/embed.js\"><\/script><br \/>\n<br \/><br \/>\n<br \/><a href=\"https:\/\/www.acidadeon.com\/ribeiraopreto\/politica\/eleicoes\/ruas-do-centro-serao-interditadas-no-2o-turno-em-ribeirao-veja-trechos\/\">Source link <\/a><\/p>\n","protected":false},"excerpt":{"rendered":"<p>As ruas Duque de Caxias e Cerqueira C\u00e9sar, no Centro de Ribeir\u00e3o Preto, ser\u00e3o parcialmente interditadas a partir do pr\u00f3ximo s\u00e1bado (26) para o 2\u00ba&#8230;<\/p>\n","protected":false},"author":1,"featured_media":58599,"comment_status":"open","ping_status":"open","sticky":false,"template":"","format":"standard","meta":{"advanced_seo_description":"","jetpack_seo_html_title":"","jetpack_seo_noindex":false,"jetpack_post_was_ever_published":false,"_jetpack_newsletter_access":"","_jetpack_dont_email_post_to_subs":false,"_jetpack_newsletter_tier_id":0,"_jetpack_memberships_contains_paywalled_content":false,"_jetpack_memberships_contains_paid_content":false,"footnotes":"","jetpack_publicize_message":"","jetpack_publicize_feature_enabled":true,"jetpack_social_post_already_shared":true,"jetpack_social_options":{"image_generator_settings":{"template":"highway","default_image_id":0,"font":"","enabled":false},"version":2}},"categories":[11],"tags":[],"class_list":["post-59464","post","type-post","status-publish","format-standard","has-post-thumbnail","hentry","category-noticias-de-ribeirao-preto-sp-e-regiao-ismael-colosi"],"jetpack_publicize_connections":[],"jetpack_featured_media_url":"https:\/\/i0.wp.com\/noticiasribeiraopreto.com.br\/wp-content\/uploads\/2024\/10\/whatsapp_image_2022-10-01_at_12_01_11_2024-10-01_20-45-54_jpe_2024-10-01_20-45-54.webp.webp?fit=1280%2C720&ssl=1","jetpack-related-posts":[{"id":58598,"url":"https:\/\/noticiasribeiraopreto.com.br\/index.php\/2024\/10\/01\/eleicoes-2024-ruas-do-centro-de-ribeirao-serao-interditadas-a-partir-de-sabado\/","url_meta":{"origin":59464,"position":0},"title":"Elei\u00e7\u00f5es 2024: Ruas do Centro de Ribeir\u00e3o ser\u00e3o interditadas a partir de s\u00e1bado","author":"noticiasribeiraopreto.com.br","date":"1 de October de 2024","format":false,"excerpt":"A RP Mobi vai interditar, no s\u00e1bado (5), trechos de duas ruas do Centro de Ribeir\u00e3o Preto. A a\u00e7\u00e3o acontece devido a uma solicita\u00e7\u00e3o da Justi\u00e7a Eleitoral do Estado de S\u00e3o Paulo por conta das elei\u00e7\u00f5es municipais. Um bloqueio ser\u00e1 na rua Duque de Caxias, da rua Garibaldi at\u00e9 a\u2026","rel":"","context":"In &quot;Not\u00edcias de Ribeir\u00e3o Preto-SP e Regi\u00e3o&quot;","block_context":{"text":"Not\u00edcias de Ribeir\u00e3o Preto-SP e Regi\u00e3o","link":"https:\/\/noticiasribeiraopreto.com.br\/index.php\/category\/noticias-de-ribeirao-preto-sp-e-regiao-ismael-colosi\/"},"img":{"alt_text":"","src":"https:\/\/i0.wp.com\/noticiasribeiraopreto.com.br\/wp-content\/uploads\/2024\/10\/whatsapp_image_2022-10-01_at_12_01_11_2024-10-01_20-45-54_jpe_2024-10-01_20-45-54.webp.webp?fit=1200%2C675&ssl=1&resize=350%2C200","width":350,"height":200,"srcset":"https:\/\/i0.wp.com\/noticiasribeiraopreto.com.br\/wp-content\/uploads\/2024\/10\/whatsapp_image_2022-10-01_at_12_01_11_2024-10-01_20-45-54_jpe_2024-10-01_20-45-54.webp.webp?fit=1200%2C675&ssl=1&resize=350%2C200 1x, https:\/\/i0.wp.com\/noticiasribeiraopreto.com.br\/wp-content\/uploads\/2024\/10\/whatsapp_image_2022-10-01_at_12_01_11_2024-10-01_20-45-54_jpe_2024-10-01_20-45-54.webp.webp?fit=1200%2C675&ssl=1&resize=525%2C300 1.5x, https:\/\/i0.wp.com\/noticiasribeiraopreto.com.br\/wp-content\/uploads\/2024\/10\/whatsapp_image_2022-10-01_at_12_01_11_2024-10-01_20-45-54_jpe_2024-10-01_20-45-54.webp.webp?fit=1200%2C675&ssl=1&resize=700%2C400 2x, https:\/\/i0.wp.com\/noticiasribeiraopreto.com.br\/wp-content\/uploads\/2024\/10\/whatsapp_image_2022-10-01_at_12_01_11_2024-10-01_20-45-54_jpe_2024-10-01_20-45-54.webp.webp?fit=1200%2C675&ssl=1&resize=1050%2C600 3x"},"classes":[]},{"id":39938,"url":"https:\/\/noticiasribeiraopreto.com.br\/index.php\/2024\/02\/29\/trechos-da-rua-visconde-de-inhauma-serao-interditados-nesta-quinta-29\/","url_meta":{"origin":59464,"position":1},"title":"Trechos da rua Visconde de Inha\u00fama ser\u00e3o interditados nesta quinta, 29","author":"noticiasribeiraopreto.com.br","date":"29 de February de 2024","format":false,"excerpt":"29 de fevereiro de 2024 | 8:3028 de fevereiro de 2024 | 17:47 0Com o andamento das obras do corredor de \u00f4nibus do quadril\u00e1tero Central, a partir das 10h desta quinta-feira, 29 de fevereiro, haver\u00e1 a interdi\u00e7\u00e3o total em dois trechos da rua Visconde de Inha\u00fama.O primeiro fechamento na Visconde\u2026","rel":"","context":"In &quot;Not\u00edcias de Ribeir\u00e3o Preto-SP e Regi\u00e3o&quot;","block_context":{"text":"Not\u00edcias de Ribeir\u00e3o Preto-SP e Regi\u00e3o","link":"https:\/\/noticiasribeiraopreto.com.br\/index.php\/category\/noticias-de-ribeirao-preto-sp-e-regiao-ismael-colosi\/"},"img":{"alt_text":"","src":"https:\/\/i0.wp.com\/noticiasribeiraopreto.com.br\/wp-content\/uploads\/2024\/02\/OBRAS.png?fit=814%2C515&ssl=1&resize=350%2C200","width":350,"height":200,"srcset":"https:\/\/i0.wp.com\/noticiasribeiraopreto.com.br\/wp-content\/uploads\/2024\/02\/OBRAS.png?fit=814%2C515&ssl=1&resize=350%2C200 1x, https:\/\/i0.wp.com\/noticiasribeiraopreto.com.br\/wp-content\/uploads\/2024\/02\/OBRAS.png?fit=814%2C515&ssl=1&resize=525%2C300 1.5x, https:\/\/i0.wp.com\/noticiasribeiraopreto.com.br\/wp-content\/uploads\/2024\/02\/OBRAS.png?fit=814%2C515&ssl=1&resize=700%2C400 2x"},"classes":[]},{"id":62302,"url":"https:\/\/noticiasribeiraopreto.com.br\/index.php\/2025\/01\/09\/trecho-no-centro-de-ribeirao-preto-sera-interditado-veja-rota-alternativa\/","url_meta":{"origin":59464,"position":2},"title":"Trecho no Centro de Ribeir\u00e3o Preto ser\u00e1 interditado; Veja rota alternativa","author":"noticiasribeiraopreto.com.br","date":"9 de January de 2025","format":false,"excerpt":"A Prefeitura de Ribeir\u00e3o Preto informou que far\u00e1 a interdi\u00e7\u00e3o total do cruzamento da rua S\u00e3o Sebasti\u00e3o com a Comandante Marcondes Salgado, no Centro do munic\u00edpio, a partir desta sexta-feira (10). De acordo com a Administra\u00e7\u00e3o, o bloqueio acontece devido \u00e0 continua\u00e7\u00e3o das obras de substitui\u00e7\u00e3o da galeria de \u00e1gua\u2026","rel":"","context":"In &quot;Not\u00edcias de Ribeir\u00e3o Preto-SP e Regi\u00e3o&quot;","block_context":{"text":"Not\u00edcias de Ribeir\u00e3o Preto-SP e Regi\u00e3o","link":"https:\/\/noticiasribeiraopreto.com.br\/index.php\/category\/noticias-de-ribeirao-preto-sp-e-regiao-ismael-colosi\/"},"img":{"alt_text":"","src":"https:\/\/noticiasribeiraopreto.com.br\/wp-content\/uploads\/2024\/11\/transito-sca-1.jpe","width":350,"height":200,"srcset":"https:\/\/noticiasribeiraopreto.com.br\/wp-content\/uploads\/2024\/11\/transito-sca-1.jpe 1x, https:\/\/noticiasribeiraopreto.com.br\/wp-content\/uploads\/2024\/11\/transito-sca-1.jpe 1.5x, https:\/\/noticiasribeiraopreto.com.br\/wp-content\/uploads\/2024\/11\/transito-sca-1.jpe 2x, https:\/\/noticiasribeiraopreto.com.br\/wp-content\/uploads\/2024\/11\/transito-sca-1.jpe 3x"},"classes":[]},{"id":51799,"url":"https:\/\/noticiasribeiraopreto.com.br\/index.php\/2024\/05\/30\/novo-trecho-da-avenida-nove-de-julho-em-ribeirao-preto-sera-interditado-por-60-dias\/","url_meta":{"origin":59464,"position":3},"title":"Novo trecho da avenida Nove de Julho em Ribeir\u00e3o Preto ser\u00e1 interditado por 60 dias","author":"noticiasribeiraopreto.com.br","date":"30 de May de 2024","format":false,"excerpt":"Um novo trecho da avenida Nove de Julho ser\u00e1 interditado por 60 dias, a partir desta sexta-feira (31). O bloqueio ser\u00e1 na pista bairro-Centro, da rua Cerqueira C\u00e9sar at\u00e9 a rua Comandante Marcondes Salgado. Os acessos neste trecho ser\u00e3o liberados somente para os moradores e comerciantes da regi\u00e3o. A RP\u2026","rel":"","context":"In &quot;Not\u00edcias de Ribeir\u00e3o Preto-SP e Regi\u00e3o&quot;","block_context":{"text":"Not\u00edcias de Ribeir\u00e3o Preto-SP e Regi\u00e3o","link":"https:\/\/noticiasribeiraopreto.com.br\/index.php\/category\/noticias-de-ribeirao-preto-sp-e-regiao-ismael-colosi\/"},"img":{"alt_text":"","src":"https:\/\/i0.wp.com\/noticiasribeiraopreto.com.br\/wp-content\/uploads\/2024\/05\/Copia-de-Copia-de-TAMANHO-EXATO-PARA-FOTOS-NO-SISTEMA-NOVO-66_2024-05-30_16-47-36_jpg_2024-05-30_16-47-37.webp.webp?fit=1200%2C675&ssl=1&resize=350%2C200","width":350,"height":200,"srcset":"https:\/\/i0.wp.com\/noticiasribeiraopreto.com.br\/wp-content\/uploads\/2024\/05\/Copia-de-Copia-de-TAMANHO-EXATO-PARA-FOTOS-NO-SISTEMA-NOVO-66_2024-05-30_16-47-36_jpg_2024-05-30_16-47-37.webp.webp?fit=1200%2C675&ssl=1&resize=350%2C200 1x, https:\/\/i0.wp.com\/noticiasribeiraopreto.com.br\/wp-content\/uploads\/2024\/05\/Copia-de-Copia-de-TAMANHO-EXATO-PARA-FOTOS-NO-SISTEMA-NOVO-66_2024-05-30_16-47-36_jpg_2024-05-30_16-47-37.webp.webp?fit=1200%2C675&ssl=1&resize=525%2C300 1.5x, https:\/\/i0.wp.com\/noticiasribeiraopreto.com.br\/wp-content\/uploads\/2024\/05\/Copia-de-Copia-de-TAMANHO-EXATO-PARA-FOTOS-NO-SISTEMA-NOVO-66_2024-05-30_16-47-36_jpg_2024-05-30_16-47-37.webp.webp?fit=1200%2C675&ssl=1&resize=700%2C400 2x, https:\/\/i0.wp.com\/noticiasribeiraopreto.com.br\/wp-content\/uploads\/2024\/05\/Copia-de-Copia-de-TAMANHO-EXATO-PARA-FOTOS-NO-SISTEMA-NOVO-66_2024-05-30_16-47-36_jpg_2024-05-30_16-47-37.webp.webp?fit=1200%2C675&ssl=1&resize=1050%2C600 3x"},"classes":[]},{"id":63374,"url":"https:\/\/noticiasribeiraopreto.com.br\/index.php\/2025\/02\/11\/trecho-de-rua-no-centro-de-ribeirao-preto-tem-mudanca-no-sentido-de-circulacao\/","url_meta":{"origin":59464,"position":4},"title":"Trecho de rua no Centro de Ribeir\u00e3o Preto tem mudan\u00e7a no sentido de circula\u00e7\u00e3o","author":"noticiasribeiraopreto.com.br","date":"11 de February de 2025","format":false,"excerpt":"A RP Mobi, empresa respons\u00e1vel pelo gerenciamento do tr\u00e2nsito de Ribeir\u00e3o Preto, informou nesta ter\u00e7a-feira (11) que ser\u00e1 retomado o sentido de circula\u00e7\u00e3o em um trecho da rua Visconde do Rio Branco, no Centro. A mudan\u00e7a j\u00e1 \u00e9 v\u00e1lida a partir desta quarta-feira (12). O trecho teve a sinaliza\u00e7\u00e3o alterada\u2026","rel":"","context":"In &quot;Not\u00edcias de Ribeir\u00e3o Preto-SP e Regi\u00e3o&quot;","block_context":{"text":"Not\u00edcias de Ribeir\u00e3o Preto-SP e Regi\u00e3o","link":"https:\/\/noticiasribeiraopreto.com.br\/index.php\/category\/noticias-de-ribeirao-preto-sp-e-regiao-ismael-colosi\/"},"img":{"alt_text":"","src":"https:\/\/i0.wp.com\/noticiasribeiraopreto.com.br\/wp-content\/uploads\/2025\/02\/rua-visconde-do-rio-branco_2025-02-11_20-24-07_jpeg_2025-02-11_20-24-07.webp.webp?fit=1200%2C675&ssl=1&resize=350%2C200","width":350,"height":200,"srcset":"https:\/\/i0.wp.com\/noticiasribeiraopreto.com.br\/wp-content\/uploads\/2025\/02\/rua-visconde-do-rio-branco_2025-02-11_20-24-07_jpeg_2025-02-11_20-24-07.webp.webp?fit=1200%2C675&ssl=1&resize=350%2C200 1x, https:\/\/i0.wp.com\/noticiasribeiraopreto.com.br\/wp-content\/uploads\/2025\/02\/rua-visconde-do-rio-branco_2025-02-11_20-24-07_jpeg_2025-02-11_20-24-07.webp.webp?fit=1200%2C675&ssl=1&resize=525%2C300 1.5x, https:\/\/i0.wp.com\/noticiasribeiraopreto.com.br\/wp-content\/uploads\/2025\/02\/rua-visconde-do-rio-branco_2025-02-11_20-24-07_jpeg_2025-02-11_20-24-07.webp.webp?fit=1200%2C675&ssl=1&resize=700%2C400 2x, https:\/\/i0.wp.com\/noticiasribeiraopreto.com.br\/wp-content\/uploads\/2025\/02\/rua-visconde-do-rio-branco_2025-02-11_20-24-07_jpeg_2025-02-11_20-24-07.webp.webp?fit=1200%2C675&ssl=1&resize=1050%2C600 3x"},"classes":[]},{"id":42172,"url":"https:\/\/noticiasribeiraopreto.com.br\/index.php\/2024\/03\/13\/cruzamento-da-barao-do-amazonas-com-a-sao-sebastiao-sera-interditado-nesta-quarta\/","url_meta":{"origin":59464,"position":5},"title":"Cruzamento da Bar\u00e3o do Amazonas com a S\u00e3o Sebasti\u00e3o ser\u00e1 interditado nesta quarta","author":"noticiasribeiraopreto.com.br","date":"13 de March de 2024","format":false,"excerpt":"13 de mar\u00e7o de 2024 | 8:3012 de mar\u00e7o de 2024 | 19:03 0Com o andamento das obras do corredor de \u00f4nibus do quadril\u00e1tero Central, pelo programa Ribeir\u00e3o Mobilidade, na manh\u00e3 desta quarta-feira, dia 13 de mar\u00e7o, haver\u00e1 a interdi\u00e7\u00e3o total do cruzamento da rua S\u00e3o Sebasti\u00e3o com a rua\u2026","rel":"","context":"In &quot;Not\u00edcias de Ribeir\u00e3o Preto-SP e Regi\u00e3o&quot;","block_context":{"text":"Not\u00edcias de Ribeir\u00e3o Preto-SP e Regi\u00e3o","link":"https:\/\/noticiasribeiraopreto.com.br\/index.php\/category\/noticias-de-ribeirao-preto-sp-e-regiao-ismael-colosi\/"},"img":{"alt_text":"","src":"https:\/\/i0.wp.com\/noticiasribeiraopreto.com.br\/wp-content\/uploads\/2024\/03\/OBRAS.png?fit=814%2C515&ssl=1&resize=350%2C200","width":350,"height":200,"srcset":"https:\/\/i0.wp.com\/noticiasribeiraopreto.com.br\/wp-content\/uploads\/2024\/03\/OBRAS.png?fit=814%2C515&ssl=1&resize=350%2C200 1x, https:\/\/i0.wp.com\/noticiasribeiraopreto.com.br\/wp-content\/uploads\/2024\/03\/OBRAS.png?fit=814%2C515&ssl=1&resize=525%2C300 1.5x, https:\/\/i0.wp.com\/noticiasribeiraopreto.com.br\/wp-content\/uploads\/2024\/03\/OBRAS.png?fit=814%2C515&ssl=1&resize=700%2C400 2x"},"classes":[]}],"jetpack_sharing_enabled":true,"jetpack_shortlink":"https:\/\/wp.me\/peQAOb-ft6","_links":{"self":[{"href":"https:\/\/noticiasribeiraopreto.com.br\/index.php\/wp-json\/wp\/v2\/posts\/59464","targetHints":{"allow":["GET"]}}],"collection":[{"href":"https:\/\/noticiasribeiraopreto.com.br\/index.php\/wp-json\/wp\/v2\/posts"}],"about":[{"href":"https:\/\/noticiasribeiraopreto.com.br\/index.php\/wp-json\/wp\/v2\/types\/post"}],"author":[{"embeddable":true,"href":"https:\/\/noticiasribeiraopreto.com.br\/index.php\/wp-json\/wp\/v2\/users\/1"}],"replies":[{"embeddable":true,"href":"https:\/\/noticiasribeiraopreto.com.br\/index.php\/wp-json\/wp\/v2\/comments?post=59464"}],"version-history":[{"count":0,"href":"https:\/\/noticiasribeiraopreto.com.br\/index.php\/wp-json\/wp\/v2\/posts\/59464\/revisions"}],"wp:featuredmedia":[{"embeddable":true,"href":"https:\/\/noticiasribeiraopreto.com.br\/index.php\/wp-json\/wp\/v2\/media\/58599"}],"wp:attachment":[{"href":"https:\/\/noticiasribeiraopreto.com.br\/index.php\/wp-json\/wp\/v2\/media?parent=59464"}],"wp:term":[{"taxonomy":"category","embeddable":true,"href":"https:\/\/noticiasribeiraopreto.com.br\/index.php\/wp-json\/wp\/v2\/categories?post=59464"},{"taxonomy":"post_tag","embeddable":true,"href":"https:\/\/noticiasribeiraopreto.com.br\/index.php\/wp-json\/wp\/v2\/tags?post=59464"}],"curies":[{"name":"wp","href":"https:\/\/api.w.org\/{rel}","templated":true}]}}