{"id":59465,"date":"2024-10-24T10:35:34","date_gmt":"2024-10-24T13:35:34","guid":{"rendered":"https:\/\/noticiasribeiraopreto.com.br\/index.php\/2024\/10\/24\/cinco-pessoas-morrem-em-queda-de-aviao-no-interior-de-sp\/"},"modified":"2024-10-24T10:35:34","modified_gmt":"2024-10-24T13:35:34","slug":"cinco-pessoas-morrem-em-queda-de-aviao-no-interior-de-sp","status":"publish","type":"post","link":"https:\/\/noticiasribeiraopreto.com.br\/index.php\/2024\/10\/24\/cinco-pessoas-morrem-em-queda-de-aviao-no-interior-de-sp\/","title":{"rendered":"Cinco pessoas morrem em queda de avi\u00e3o no interior de SP"},"content":{"rendered":"<p> <br \/>\n<\/p>\n<div data-td-block-uid=\"tdi_106\">\n<div class=\"tdb-block-inner td-fix-index\">\n<p>Cinco pessoas morreram na queda de um avi\u00e3o de pequeno porte na noite da \u00faltima quarta-feira (23), em Paraibuna, no<strong> interior de S\u00e3o Paulo<\/strong>. Segundo o <strong>Corpo de Bombeiros<\/strong>, a aeronave <mark style=\"background-color:#fcb900\" class=\"has-inline-color has-black-color\">sobrevoava a regi\u00e3o em um per\u00edodo de forte tempestade e teria se chocado contra um morro e pegado fogo ap\u00f3s o impacto.<\/mark><\/p>\n<p>O avi\u00e3o, de matr\u00edcula PT-MBU, caiu na Estrada da Fazenda Capela \u2013 Fazenda Caet\u00ea, em uma \u00e1rea de dif\u00edcil acesso, localizada entre os s\u00edtios Carpir e Caet\u00ea, pr\u00f3xima ao munic\u00edpio de Santa Branca. O chamado para o resgate foi feito \u00e0s 18h46.<\/p>\n<figure class=\"wp-block-image size-full\"><img data-recalc-dims=\"1\" loading=\"lazy\" decoding=\"async\" width=\"1024\" height=\"683\" src=\"https:\/\/i0.wp.com\/www.acidadeon.com\/ribeiraopreto\/wp-content\/uploads\/sites\/3\/2024\/10\/xingu_2024-10-24_13-09-26_jpg_2024-10-24_13-09-27.webp?resize=1024%2C683&#038;ssl=1\" alt=\"embraer xingu\" class=\"wp-image-97490\" srcset=\"https:\/\/www.acidadeon.com\/ribeiraopreto\/wp-content\/uploads\/sites\/3\/2024\/10\/xingu_2024-10-24_13-09-26_jpg_2024-10-24_13-09-27.webp 1024w, https:\/\/www.acidadeon.com\/ribeiraopreto\/wp-content\/uploads\/sites\/3\/2024\/10\/xingu_2024-10-24_13-09-26_jpg_2024-10-24_13-09-27-300x200.webp 300w, https:\/\/www.acidadeon.com\/ribeiraopreto\/wp-content\/uploads\/sites\/3\/2024\/10\/xingu_2024-10-24_13-09-26_jpg_2024-10-24_13-09-27-768x512.webp 768w, https:\/\/www.acidadeon.com\/ribeiraopreto\/wp-content\/uploads\/sites\/3\/2024\/10\/xingu_2024-10-24_13-09-26_jpg_2024-10-24_13-09-27-696x464.webp 696w\" sizes=\"auto, (max-width: 1024px) 100vw, 1024px\"\/><figcaption class=\"wp-element-caption\">Passageiros viajavam em um avi\u00e3o Embraer \u2013 Xingu (Foto ilustrativa\/Wikimedia\/Creative Commons)<\/figcaption><\/figure>\n<p>As mortes das v\u00edtimas foram confirmadas na manh\u00e3 desta quarta-feira (24) pela empresa dona da aeronave. Estavam no avi\u00e3o o piloto, copiloto e tr\u00eas passageiros, que seguiam viagem entre Florian\u00f3polis e Belo Horizonte.<\/p>\n<p>As equipes da Defesa Civil Municipal de Paraibuna e do Corpo de Bombeiros foram acionadas j\u00e1 acessaram o local da queda da aeronave. A Pol\u00edcia Militar tamb\u00e9m est\u00e1 atendendo a ocorr\u00eancia.<\/p>\n<p>A<strong> FAB (For\u00e7a A\u00e9rea Brasileira) <\/strong>informou que investigadores dos \u00f3rg\u00e3os especializados da FAB foram mobilizados para realizar as apura\u00e7\u00f5es iniciais do acidente (com informa\u00e7\u00e3o Estad\u00e3o Conte\u00fado\/ TV Globo).<\/p>\n<p>SAIBA MAIS<br \/>Ciclone e frente fria deixam estado de SP em alerta para tempestades<\/p>\n<h4 class=\"wp-block-heading\"><strong>FIQUE ON<\/strong><\/h4>\n<p>Fique ligado em tudo que acontece em Ribeir\u00e3o Preto e regi\u00e3o. Siga os perfis do<strong> acidade on <\/strong>no <a href=\"https:\/\/www.instagram.com\/acidadeonribeirao\" target=\"_blank\" rel=\"noreferrer noopener nofollow\">Instagram<\/a> e no<a href=\"https:\/\/www.facebook.com\/acidadeonribeirao\/\" target=\"_blank\" rel=\"noreferrer noopener nofollow\"> Facebook<\/a>.<\/p>\n<p>Receba not\u00edcias do <strong>acidade on<\/strong> no WhatsApp.<a href=\"https:\/\/chat.whatsapp.com\/Fg4ok3aAVyB59DP63pRapr\" target=\"_blank\" rel=\"noreferrer noopener nofollow\"> Para entrar no grupo, basta clicar aqui.<\/a><\/p>\n<p>Fa\u00e7a uma den\u00fancia ou sugira uma reportagem sobre Ribeir\u00e3o Preto e regi\u00e3o pelo WhatsApp: 16 99117 7802.<\/p>\n<p>VEJA TAMB\u00c9M<br \/>Ciclone pode atingir S\u00e3o Paulo?<\/p>\n<p><!-- CONTENT END 1 -->\n<\/div>\n<\/div>\n<p><script async src=\"\/\/www.instagram.com\/embed.js\"><\/script><br \/>\n<br \/><br \/>\n<br \/><a href=\"https:\/\/www.acidadeon.com\/ribeiraopreto\/cotidiano\/cinco-pessoas-morrem-em-queda-de-aviao-no-interior-de-sp\/\">Source link <\/a><\/p>\n","protected":false},"excerpt":{"rendered":"<p>Cinco pessoas morreram na queda de um avi\u00e3o de pequeno porte na noite da \u00faltima quarta-feira (23), em Paraibuna, no interior de S\u00e3o Paulo. Segundo&#8230;<\/p>\n","protected":false},"author":1,"featured_media":59466,"comment_status":"open","ping_status":"open","sticky":false,"template":"","format":"standard","meta":{"advanced_seo_description":"","jetpack_seo_html_title":"","jetpack_seo_noindex":false,"jetpack_post_was_ever_published":false,"_jetpack_newsletter_access":"","_jetpack_dont_email_post_to_subs":false,"_jetpack_newsletter_tier_id":0,"_jetpack_memberships_contains_paywalled_content":false,"_jetpack_memberships_contains_paid_content":false,"footnotes":"","jetpack_publicize_message":"","jetpack_publicize_feature_enabled":true,"jetpack_social_post_already_shared":true,"jetpack_social_options":{"image_generator_settings":{"template":"highway","default_image_id":0,"font":"","enabled":false},"version":2}},"categories":[11],"tags":[],"class_list":["post-59465","post","type-post","status-publish","format-standard","has-post-thumbnail","hentry","category-noticias-de-ribeirao-preto-sp-e-regiao-ismael-colosi"],"jetpack_publicize_connections":[],"jetpack_featured_media_url":"https:\/\/i0.wp.com\/noticiasribeiraopreto.com.br\/wp-content\/uploads\/2024\/10\/represa-paraibuna.jpeg?fit=1600%2C719&ssl=1","jetpack-related-posts":[{"id":55614,"url":"https:\/\/noticiasribeiraopreto.com.br\/index.php\/2024\/08\/03\/tres-pessoas-morrem-em-queda-de-aviao-no-interior-de-sp\/","url_meta":{"origin":59465,"position":0},"title":"Tr\u00eas pessoas morrem em queda de avi\u00e3o no interior de SP","author":"noticiasribeiraopreto.com.br","date":"3 de August de 2024","format":false,"excerpt":"Tr\u00eas pessoas morreram neste s\u00e1bado (3), ap\u00f3s um avi\u00e3o de pequeno porte cair em uma propiedade rural no km 5 da rodovia Senador Teot\u00f4nio Vilela, em Birigui, munic\u00edpio do noroeste do estado de S\u00e3o Paulo. De acordo com o Corpo de Bombeiros, a aronave incendiou com a queda e ficou\u2026","rel":"","context":"In &quot;Not\u00edcias de Ribeir\u00e3o Preto-SP e Regi\u00e3o&quot;","block_context":{"text":"Not\u00edcias de Ribeir\u00e3o Preto-SP e Regi\u00e3o","link":"https:\/\/noticiasribeiraopreto.com.br\/index.php\/category\/noticias-de-ribeirao-preto-sp-e-regiao-ismael-colosi\/"},"img":{"alt_text":"","src":"https:\/\/i0.wp.com\/noticiasribeiraopreto.com.br\/wp-content\/uploads\/2024\/08\/AVIAO_2024-08-03_23-10-38_jpg_2024-08-03_23-10-38.webp.webp?fit=1200%2C717&ssl=1&resize=350%2C200","width":350,"height":200,"srcset":"https:\/\/i0.wp.com\/noticiasribeiraopreto.com.br\/wp-content\/uploads\/2024\/08\/AVIAO_2024-08-03_23-10-38_jpg_2024-08-03_23-10-38.webp.webp?fit=1200%2C717&ssl=1&resize=350%2C200 1x, https:\/\/i0.wp.com\/noticiasribeiraopreto.com.br\/wp-content\/uploads\/2024\/08\/AVIAO_2024-08-03_23-10-38_jpg_2024-08-03_23-10-38.webp.webp?fit=1200%2C717&ssl=1&resize=525%2C300 1.5x, https:\/\/i0.wp.com\/noticiasribeiraopreto.com.br\/wp-content\/uploads\/2024\/08\/AVIAO_2024-08-03_23-10-38_jpg_2024-08-03_23-10-38.webp.webp?fit=1200%2C717&ssl=1&resize=700%2C400 2x, https:\/\/i0.wp.com\/noticiasribeiraopreto.com.br\/wp-content\/uploads\/2024\/08\/AVIAO_2024-08-03_23-10-38_jpg_2024-08-03_23-10-38.webp.webp?fit=1200%2C717&ssl=1&resize=1050%2C600 3x"},"classes":[]},{"id":63544,"url":"https:\/\/noticiasribeiraopreto.com.br\/index.php\/2025\/02\/15\/aviao-cai-em-canavial-e-mata-duas-pessoas-no-interior-de-sp\/","url_meta":{"origin":59465,"position":1},"title":"Avi\u00e3o cai em canavial e mata duas pessoas no interior de SP","author":"noticiasribeiraopreto.com.br","date":"15 de February de 2025","format":false,"excerpt":"Um acidente envolvendo um avi\u00e3o de pequeno porte ocorreu na manh\u00e3 deste s\u00e1bado (15), em Quadra, no interior de S\u00e3o Paulo. A aeronave caiu em um canavial, resultando na morte de duas pessoas. De acordo com as equipes de resgate, as v\u00edtimas s\u00e3o um casal de S\u00e3o Paulo, embora a\u2026","rel":"","context":"In &quot;Not\u00edcias de Ribeir\u00e3o Preto-SP e Regi\u00e3o&quot;","block_context":{"text":"Not\u00edcias de Ribeir\u00e3o Preto-SP e Regi\u00e3o","link":"https:\/\/noticiasribeiraopreto.com.br\/index.php\/category\/noticias-de-ribeirao-preto-sp-e-regiao-ismael-colosi\/"},"img":{"alt_text":"","src":"https:\/\/i0.wp.com\/noticiasribeiraopreto.com.br\/wp-content\/uploads\/2025\/02\/Copia-de-Copia-de-Copia-de-TAMANHO-EXATO-PARA-FOTOS-NO-SISTEMA-NOVO-2025-02-15T142745.999_2025-02-15_17-28-17_png_2025-02-15_17-28-17.webp.webp?fit=1200%2C675&ssl=1&resize=350%2C200","width":350,"height":200,"srcset":"https:\/\/i0.wp.com\/noticiasribeiraopreto.com.br\/wp-content\/uploads\/2025\/02\/Copia-de-Copia-de-Copia-de-TAMANHO-EXATO-PARA-FOTOS-NO-SISTEMA-NOVO-2025-02-15T142745.999_2025-02-15_17-28-17_png_2025-02-15_17-28-17.webp.webp?fit=1200%2C675&ssl=1&resize=350%2C200 1x, https:\/\/i0.wp.com\/noticiasribeiraopreto.com.br\/wp-content\/uploads\/2025\/02\/Copia-de-Copia-de-Copia-de-TAMANHO-EXATO-PARA-FOTOS-NO-SISTEMA-NOVO-2025-02-15T142745.999_2025-02-15_17-28-17_png_2025-02-15_17-28-17.webp.webp?fit=1200%2C675&ssl=1&resize=525%2C300 1.5x, https:\/\/i0.wp.com\/noticiasribeiraopreto.com.br\/wp-content\/uploads\/2025\/02\/Copia-de-Copia-de-Copia-de-TAMANHO-EXATO-PARA-FOTOS-NO-SISTEMA-NOVO-2025-02-15T142745.999_2025-02-15_17-28-17_png_2025-02-15_17-28-17.webp.webp?fit=1200%2C675&ssl=1&resize=700%2C400 2x, https:\/\/i0.wp.com\/noticiasribeiraopreto.com.br\/wp-content\/uploads\/2025\/02\/Copia-de-Copia-de-Copia-de-TAMANHO-EXATO-PARA-FOTOS-NO-SISTEMA-NOVO-2025-02-15T142745.999_2025-02-15_17-28-17_png_2025-02-15_17-28-17.webp.webp?fit=1200%2C675&ssl=1&resize=1050%2C600 3x"},"classes":[]},{"id":20010,"url":"https:\/\/noticiasribeiraopreto.com.br\/index.php\/2023\/12\/23\/queda-de-aviao-deixa-cinco-mortos-em-jaboticabal\/","url_meta":{"origin":59465,"position":2},"title":"Queda de avi\u00e3o deixa cinco mortos em Jaboticabal","author":"noticiasribeiraopreto.com.br","date":"23 de December de 2023","format":false,"excerpt":"23 de dezembro de 2023 | 12:5223 de dezembro de 2023 | 13:19 1Uma aeronave de pequeno porte caiu na manh\u00e3 deste s\u00e1bado (23), em uma pra\u00e7a de Jaboticabal.Informa\u00e7\u00f5es confirmam que piloto do avi\u00e3o era o empres\u00e1rio Delcides Menezes Tiago e confirma mais quatro ocupantes, entre elas uma crian\u00e7a.Thiago estava\u2026","rel":"","context":"In &quot;Not\u00edcias de Ribeir\u00e3o Preto-SP e Regi\u00e3o&quot;","block_context":{"text":"Not\u00edcias de Ribeir\u00e3o Preto-SP e Regi\u00e3o","link":"https:\/\/noticiasribeiraopreto.com.br\/index.php\/category\/noticias-de-ribeirao-preto-sp-e-regiao-ismael-colosi\/"},"img":{"alt_text":"","src":"https:\/\/i0.wp.com\/noticiasribeiraopreto.com.br\/wp-content\/uploads\/2023\/12\/be93e0cc-5450-4555-853b-5271d2c39a09.jpg?fit=774%2C533&ssl=1&resize=350%2C200","width":350,"height":200,"srcset":"https:\/\/i0.wp.com\/noticiasribeiraopreto.com.br\/wp-content\/uploads\/2023\/12\/be93e0cc-5450-4555-853b-5271d2c39a09.jpg?fit=774%2C533&ssl=1&resize=350%2C200 1x, https:\/\/i0.wp.com\/noticiasribeiraopreto.com.br\/wp-content\/uploads\/2023\/12\/be93e0cc-5450-4555-853b-5271d2c39a09.jpg?fit=774%2C533&ssl=1&resize=525%2C300 1.5x, https:\/\/i0.wp.com\/noticiasribeiraopreto.com.br\/wp-content\/uploads\/2023\/12\/be93e0cc-5450-4555-853b-5271d2c39a09.jpg?fit=774%2C533&ssl=1&resize=700%2C400 2x"},"classes":[]},{"id":66162,"url":"https:\/\/noticiasribeiraopreto.com.br\/index.php\/2025\/03\/28\/piloto-morto-em-queda-de-aviao-agricola-no-interior-de-sp-e-identificado\/","url_meta":{"origin":59465,"position":3},"title":"Piloto morto em queda de avi\u00e3o agr\u00edcola no interior de SP \u00e9 identificado","author":"noticiasribeiraopreto.com.br","date":"28 de March de 2025","format":false,"excerpt":"O piloto que morreu ap\u00f3s a queda de um avi\u00e3o agr\u00edcola nesta sexta-feira (28), em uma \u00e1rea rural no interior de S\u00e3o Paulo, foi identificado. A aeronave caiu entre os munic\u00edpios de Gua\u00edra e Miguel\u00f3polis, na regi\u00e3o de Ribeir\u00e3o Preto. Segundo nota emitida pelo Grupo Precis\u00e3o, que atua com avia\u00e7\u00e3o\u2026","rel":"","context":"In &quot;Not\u00edcias de Ribeir\u00e3o Preto-SP e Regi\u00e3o&quot;","block_context":{"text":"Not\u00edcias de Ribeir\u00e3o Preto-SP e Regi\u00e3o","link":"https:\/\/noticiasribeiraopreto.com.br\/index.php\/category\/noticias-de-ribeirao-preto-sp-e-regiao-ismael-colosi\/"},"img":{"alt_text":"","src":"https:\/\/i0.wp.com\/noticiasribeiraopreto.com.br\/wp-content\/uploads\/2025\/03\/WhatsApp-Image-2025-03-28-at-12.21.10_2025-03-28_15-21-39_jpeg_2025-03-28_15-21-39.webp.webp?fit=1200%2C675&ssl=1&resize=350%2C200","width":350,"height":200,"srcset":"https:\/\/i0.wp.com\/noticiasribeiraopreto.com.br\/wp-content\/uploads\/2025\/03\/WhatsApp-Image-2025-03-28-at-12.21.10_2025-03-28_15-21-39_jpeg_2025-03-28_15-21-39.webp.webp?fit=1200%2C675&ssl=1&resize=350%2C200 1x, https:\/\/i0.wp.com\/noticiasribeiraopreto.com.br\/wp-content\/uploads\/2025\/03\/WhatsApp-Image-2025-03-28-at-12.21.10_2025-03-28_15-21-39_jpeg_2025-03-28_15-21-39.webp.webp?fit=1200%2C675&ssl=1&resize=525%2C300 1.5x, https:\/\/i0.wp.com\/noticiasribeiraopreto.com.br\/wp-content\/uploads\/2025\/03\/WhatsApp-Image-2025-03-28-at-12.21.10_2025-03-28_15-21-39_jpeg_2025-03-28_15-21-39.webp.webp?fit=1200%2C675&ssl=1&resize=700%2C400 2x, https:\/\/i0.wp.com\/noticiasribeiraopreto.com.br\/wp-content\/uploads\/2025\/03\/WhatsApp-Image-2025-03-28-at-12.21.10_2025-03-28_15-21-39_jpeg_2025-03-28_15-21-39.webp.webp?fit=1200%2C675&ssl=1&resize=1050%2C600 3x"},"classes":[]},{"id":56276,"url":"https:\/\/noticiasribeiraopreto.com.br\/index.php\/2024\/08\/12\/o-que-se-sabe-sobre-a-situacao-do-aviao-que-caiu-no-interior-de-sp\/","url_meta":{"origin":59465,"position":4},"title":"O que se sabe sobre a situa\u00e7\u00e3o do avi\u00e3o que caiu no interior de SP","author":"noticiasribeiraopreto.com.br","date":"12 de August de 2024","format":false,"excerpt":"O avi\u00e3o ATR-72-500, da Voepass, que caiu em Vinhedo, no interior de S\u00e3o Paulo, na \u00faltima sexta-feira (9), havia passado por manuten\u00e7\u00e3o ap\u00f3s \u201cdano estrutural\u201d, cinco meses antes do acidente. Ao todo, 62 pessoas morreram na trag\u00e9dia, entre passageiros e tripulantes da aeronave. Segundo reportagem do Fant\u00e1stico, da TV Globo\/EPTV,\u2026","rel":"","context":"In &quot;Not\u00edcias de Ribeir\u00e3o Preto-SP e Regi\u00e3o&quot;","block_context":{"text":"Not\u00edcias de Ribeir\u00e3o Preto-SP e Regi\u00e3o","link":"https:\/\/noticiasribeiraopreto.com.br\/index.php\/category\/noticias-de-ribeirao-preto-sp-e-regiao-ismael-colosi\/"},"img":{"alt_text":"","src":"https:\/\/i0.wp.com\/noticiasribeiraopreto.com.br\/wp-content\/uploads\/2024\/08\/aviao-atr-72-500_2024-08-12_15-17-56_jpg_2024-08-12_15-17-57.webp.webp?fit=1200%2C668&ssl=1&resize=350%2C200","width":350,"height":200,"srcset":"https:\/\/i0.wp.com\/noticiasribeiraopreto.com.br\/wp-content\/uploads\/2024\/08\/aviao-atr-72-500_2024-08-12_15-17-56_jpg_2024-08-12_15-17-57.webp.webp?fit=1200%2C668&ssl=1&resize=350%2C200 1x, https:\/\/i0.wp.com\/noticiasribeiraopreto.com.br\/wp-content\/uploads\/2024\/08\/aviao-atr-72-500_2024-08-12_15-17-56_jpg_2024-08-12_15-17-57.webp.webp?fit=1200%2C668&ssl=1&resize=525%2C300 1.5x, https:\/\/i0.wp.com\/noticiasribeiraopreto.com.br\/wp-content\/uploads\/2024\/08\/aviao-atr-72-500_2024-08-12_15-17-56_jpg_2024-08-12_15-17-57.webp.webp?fit=1200%2C668&ssl=1&resize=700%2C400 2x, https:\/\/i0.wp.com\/noticiasribeiraopreto.com.br\/wp-content\/uploads\/2024\/08\/aviao-atr-72-500_2024-08-12_15-17-56_jpg_2024-08-12_15-17-57.webp.webp?fit=1200%2C668&ssl=1&resize=1050%2C600 3x"},"classes":[]},{"id":56883,"url":"https:\/\/noticiasribeiraopreto.com.br\/index.php\/2024\/08\/16\/queda-de-aviao-no-interior-de-sp-completa-uma-semana-veja-o-que-se-sabe-ate-agora\/","url_meta":{"origin":59465,"position":5},"title":"Queda de avi\u00e3o no interior de SP completa uma semana; Veja o que se sabe at\u00e9 agora","author":"noticiasribeiraopreto.com.br","date":"16 de August de 2024","format":false,"excerpt":"O acidente a\u00e9reo com o avi\u00e3o da Voepass em Vinhedo, no interior de S\u00e3o Paulo, completa nesta sexta-feira (16) uma semana. A queda da aeronave deixou 62 pessoas mortas e o caso segue sob investiga\u00e7\u00e3o do Centro de Investiga\u00e7\u00e3o e Preven\u00e7\u00e3o de Acidentes Aeron\u00e1uticos, da For\u00e7a A\u00e9rea Brasileira (FAB), e\u2026","rel":"","context":"In &quot;Not\u00edcias de Ribeir\u00e3o Preto-SP e Regi\u00e3o&quot;","block_context":{"text":"Not\u00edcias de Ribeir\u00e3o Preto-SP e Regi\u00e3o","link":"https:\/\/noticiasribeiraopreto.com.br\/index.php\/category\/noticias-de-ribeirao-preto-sp-e-regiao-ismael-colosi\/"},"img":{"alt_text":"","src":"https:\/\/i0.wp.com\/noticiasribeiraopreto.com.br\/wp-content\/uploads\/2024\/08\/voepass_gru01_2024-08-16_17-12-18_jpg_2024-08-16_17-12-18.webp.webp?fit=1200%2C731&ssl=1&resize=350%2C200","width":350,"height":200,"srcset":"https:\/\/i0.wp.com\/noticiasribeiraopreto.com.br\/wp-content\/uploads\/2024\/08\/voepass_gru01_2024-08-16_17-12-18_jpg_2024-08-16_17-12-18.webp.webp?fit=1200%2C731&ssl=1&resize=350%2C200 1x, https:\/\/i0.wp.com\/noticiasribeiraopreto.com.br\/wp-content\/uploads\/2024\/08\/voepass_gru01_2024-08-16_17-12-18_jpg_2024-08-16_17-12-18.webp.webp?fit=1200%2C731&ssl=1&resize=525%2C300 1.5x, https:\/\/i0.wp.com\/noticiasribeiraopreto.com.br\/wp-content\/uploads\/2024\/08\/voepass_gru01_2024-08-16_17-12-18_jpg_2024-08-16_17-12-18.webp.webp?fit=1200%2C731&ssl=1&resize=700%2C400 2x, https:\/\/i0.wp.com\/noticiasribeiraopreto.com.br\/wp-content\/uploads\/2024\/08\/voepass_gru01_2024-08-16_17-12-18_jpg_2024-08-16_17-12-18.webp.webp?fit=1200%2C731&ssl=1&resize=1050%2C600 3x"},"classes":[]}],"jetpack_sharing_enabled":true,"jetpack_shortlink":"https:\/\/wp.me\/peQAOb-ft7","_links":{"self":[{"href":"https:\/\/noticiasribeiraopreto.com.br\/index.php\/wp-json\/wp\/v2\/posts\/59465","targetHints":{"allow":["GET"]}}],"collection":[{"href":"https:\/\/noticiasribeiraopreto.com.br\/index.php\/wp-json\/wp\/v2\/posts"}],"about":[{"href":"https:\/\/noticiasribeiraopreto.com.br\/index.php\/wp-json\/wp\/v2\/types\/post"}],"author":[{"embeddable":true,"href":"https:\/\/noticiasribeiraopreto.com.br\/index.php\/wp-json\/wp\/v2\/users\/1"}],"replies":[{"embeddable":true,"href":"https:\/\/noticiasribeiraopreto.com.br\/index.php\/wp-json\/wp\/v2\/comments?post=59465"}],"version-history":[{"count":0,"href":"https:\/\/noticiasribeiraopreto.com.br\/index.php\/wp-json\/wp\/v2\/posts\/59465\/revisions"}],"wp:featuredmedia":[{"embeddable":true,"href":"https:\/\/noticiasribeiraopreto.com.br\/index.php\/wp-json\/wp\/v2\/media\/59466"}],"wp:attachment":[{"href":"https:\/\/noticiasribeiraopreto.com.br\/index.php\/wp-json\/wp\/v2\/media?parent=59465"}],"wp:term":[{"taxonomy":"category","embeddable":true,"href":"https:\/\/noticiasribeiraopreto.com.br\/index.php\/wp-json\/wp\/v2\/categories?post=59465"},{"taxonomy":"post_tag","embeddable":true,"href":"https:\/\/noticiasribeiraopreto.com.br\/index.php\/wp-json\/wp\/v2\/tags?post=59465"}],"curies":[{"name":"wp","href":"https:\/\/api.w.org\/{rel}","templated":true}]}}