{"id":5948,"date":"2023-11-24T18:40:11","date_gmt":"2023-11-24T21:40:11","guid":{"rendered":"https:\/\/noticiasribeiraopreto.com.br\/index.php\/2023\/11\/24\/procon-lista-78-sites-onde-nao-comprar\/"},"modified":"2023-11-24T18:40:11","modified_gmt":"2023-11-24T21:40:11","slug":"procon-lista-78-sites-onde-nao-comprar","status":"publish","type":"post","link":"https:\/\/noticiasribeiraopreto.com.br\/index.php\/2023\/11\/24\/procon-lista-78-sites-onde-nao-comprar\/","title":{"rendered":"Procon lista 78 sites onde N\u00c3O comprar"},"content":{"rendered":"<div class='code-block code-block-1' style='margin: 8px 0 8px auto; text-align: right; display: block; clear: both;'>\n<p><a href=\"https:\/\/wa.link\/vpicfd\"><img data-recalc-dims=\"1\" class=\"wp-image-4922\" style=\"aspect-ratio: 2.0253164556962027; width: 561px; height: auto;\" src=\"https:\/\/i0.wp.com\/ismaelcolosi.com.br\/wp-content\/uploads\/2023\/11\/grupo-de-empregos-whatsapp-e-facebook-ismael-colosi-vagas.jpg?ssl=1\" alt=\"\" \/><\/a><\/p>\n<!-- \/wp:image -->\n<\/div>\n<p> <br \/>\n<\/p>\n<div>\n<p>Querendo aproveitar algum oferta de <a href=\"https:\/\/catracalivre.com.br\/cidadania\/a-melhor-noticia-para-quem-vai-comprar-online-na-black-friday-acaba-de-chegar\/\">Black Friday?<\/a> Antes \u00e9 bom dar um olhada na lista de sites n\u00e3o recomend\u00e1veis que da Funda\u00e7\u00e3o de Prote\u00e7\u00e3o e Defesa do Consumidor <a href=\"https:\/\/sistemas.procon.sp.gov.br\/evitesite\/list\/evitesites.php\">(Procon-SP)<\/a>.<\/p>\n<p>S\u00e3o 78 endere\u00e7os online que devem ser evitados. A maioria j\u00e1 saiu do ar.<\/p>\n<p>O alerta do Procon foi feito ap\u00f3s procedimentos internos que envolvem a pesquisa e a tentativa de contato com as empresas reclamadas.<\/p>\n<div id=\"attachment_2314042\" class=\"wp-caption alignnone\">\n<div class=\"d-flex justify-content-center\" data-attachment-id=\"2314042\">\n<div class=\"position-relative d-inline-block\"><img data-recalc-dims=\"1\" data-portal-copyright=\"oatawa\/istock\" decoding=\"async\" fetchpriority=\"high\" class=\"size-large wp-image-2314042\" src=\"https:\/\/i0.wp.com\/catracalivre.com.br\/wp-content\/uploads\/2023\/11\/istock-1336136316-910x607.jpg?resize=910%2C607&#038;ssl=1\" alt=\"Procon pede aten\u00e7\u00e3o dos consumidores principalmente durante a Black Friday\" width=\"910\" height=\"607\" srcset=\"https:\/\/catracalivre.com.br\/wp-content\/uploads\/2023\/11\/istock-1336136316-910x607.jpg 910w, https:\/\/catracalivre.com.br\/wp-content\/uploads\/2023\/11\/istock-1336136316-450x300.jpg 450w, https:\/\/catracalivre.com.br\/wp-content\/uploads\/2023\/11\/istock-1336136316-768x512.jpg 768w\" sizes=\"(max-width: 910px) 100vw, 910px\"\/><\/p>\n<p>Cr\u00e9ditos: oatawa\/istock<\/p>\n<\/div>\n<\/div>\n<p><span class=\"post-imagem__legenda\">Procon pede aten\u00e7\u00e3o dos consumidores principalmente durante a Black Friday<\/span><\/p>\n<\/div>\n<p>A lista \u00e9 composta por empresas que j\u00e1 tenham reclama\u00e7\u00f5es contra elas e se enquadrem nas condi\u00e7\u00f5es de n\u00e3o responderem \u00e0s notifica\u00e7\u00f5es ou n\u00e3o resolverem os problemas dos consumidores.<\/p>\n<p>Quando essas situa\u00e7\u00f5es s\u00e3o verificadas, o Procon-SP busca o CNPJ da empresa e faz v\u00e1rias tentativas de contato, por e-mail, telefone e outro canal que seja poss\u00edvel identificar. S\u00f3 ent\u00e3o o site passa a compor a lista.<\/p>\n<p>Veja os sites n\u00e3o recomendados pelo Procon-SP:<\/p>\n<ul>\n<li>123importados.com<\/li>\n<li>123multiofertas.com.br<\/li>\n<li>123multiofertas.net<\/li>\n<li>Acessivelmodasbras.com.br<\/li>\n<li>agachecomercial.net<\/li>\n<li>ascarishop.com<\/li>\n<li>bmjbaby.com.br<\/li>\n<li>boavistaacabamentos.com<\/li>\n<li>brasilmagazine.com<\/li>\n<li>brezzy.com.br<\/li>\n<li>caixamisteriosa.com<\/li>\n<li>casadonatebrasil.com<\/li>\n<li>casakith.com.br<\/li>\n<li>casamagazinebrasil.com<\/li>\n<li>centroofertas.com.br<\/li>\n<li>cintosbyhi.com.br<\/li>\n<li>cogumeloshop.com<\/li>\n<li>comandantedasofertas.com<\/li>\n<li>compufree.com.br<\/li>\n<li>dbellestore.com<\/li>\n<li>descontosbrasileiro.com<\/li>\n<li>dutrametais.com<\/li>\n<li>equipamentosrodrigues.com<\/li>\n<li>everestgroup.com.br<\/li>\n<li>fabricaauthenticite.com<\/li>\n<li>fabricashoes.com.br<\/li>\n<li>fazeventossp.com.br<\/li>\n<li>feme.com.br<\/li>\n<li>flystorebrasil.com.br<\/li>\n<li>frozenshop.com.br<\/li>\n<li>gelniche.com.br<\/li>\n<li>gigavarejo.com.br<\/li>\n<li>hofferta.com<\/li>\n<li>iluminim.com.br<\/li>\n<li>lbashop.com.br<\/li>\n<li>leggingbrasil.com<\/li>\n<li>leggingbrasil.com.br<\/li>\n<li>lewadoimports.com<\/li>\n<li>liquidashoes.com.br<\/li>\n<li>logusapostilas.com<\/li>\n<li>lojaatlantis.com<\/li>\n<li>lojabestvarejos.com<\/li>\n<li>lojacondi.com<\/li>\n<li>lojadigivarejista.com<\/li>\n<li>lojadubaiimports.com.br<\/li>\n<li>lojaskd.com.br<\/li>\n<li>lojavitesse.com<\/li>\n<li>lovelybox.com.br<\/li>\n<li>luadishop.com.br<\/li>\n<li>luxdecoracoes.com.br<\/li>\n<li>magazineal.com<\/li>\n<li>magazinedosatacados.com<\/li>\n<li>magazinestore.com<\/li>\n<li>magazinmulher.com.br<\/li>\n<li>mobyeletro.com<\/li>\n<li>nuvemdedescontos.com<\/li>\n<li>ofertastore.com<\/li>\n<li>offthewall.com.br<\/li>\n<li>outletdasfraldas.com.br<\/li>\n<li>peixeurbano.com.br<\/li>\n<li>pneusdrive.com.br<\/li>\n<li>premierexclusive.com.br<\/li>\n<li>rocklin.com.br<\/li>\n<li>rosafashion.com.br<\/li>\n<li>saldaocarioca.com.br<\/li>\n<li>santolarmoveis.com.br<\/li>\n<li>shopmaxx.com.br<\/li>\n<li>sigaofertas.com.br<\/li>\n<li>tecnotec.com.br<\/li>\n<li>tenisrun.com.br<\/li>\n<li>tiggoshop.com.br<\/li>\n<li>usenox.com<\/li>\n<li>usesofia.com.br<\/li>\n<li>vivadecor.com.br<\/li>\n<li>vivonestore.com<\/li>\n<li>zinnimodas.com<\/li>\n<\/ul>\n<h2>Fique atento!<\/h2>\n<p>O Procon-SP orienta que, antes de comprar, o consumidor verifique se o perfil ou o site possui reclama\u00e7\u00f5es.<\/p>\n<p>Um dos sinais de alerta \u00e9 observar se a plataforma tem coment\u00e1rios de outros consumidores. Caso n\u00e3o tenha, \u00e9 importante desconfiar.<\/p>\n<p>Pre\u00e7os baixos demais tamb\u00e9m podem ser uma armadilha. Outra dica \u00e9 dar prefer\u00eancia a fornecedores que informem canais de atendimento, CNPJ e endere\u00e7o f\u00edsico.<\/p>\n<p>O Procon-SP tamb\u00e9m recomenda n\u00e3o\u00a0 clicar em links enviados por e-mail, WhatsApp ou mensagens, sem antes checar no canal oficial do fornecedor se aquela forma de contato est\u00e1 correta.<\/p>\n<p>Para fazer o pagamento com seguran\u00e7a, \u00e9 fundamental conferir sempre os dados da empresa em boletos e\u00a0a titularidade de contas para dep\u00f3sito, entre\u00a0outras informa\u00e7\u00f5es.<\/p>\n<\/div>\n<p><script>\n\t\t! function(f, b, e, v, n, t, s) {\n\t\t\tif (f.fbq) return;\n\t\t\tn = f.fbq = function() {\n\t\t\t\tn.callMethod ?\n\t\t\t\t\tn.callMethod.apply(n, arguments) : n.queue.push(arguments)\n\t\t\t};\n\t\t\tif (!f._fbq) f._fbq = n;\n\t\t\tn.push = n;\n\t\t\tn.loaded = !0;\n\t\t\tn.version = '2.0';\n\t\t\tn.queue = [];\n\t\t\tt = b.createElement(e);\n\t\t\tt.async = !0;\n\t\t\tt.src = v;\n\t\t\ts = b.getElementsByTagName(e)[0];\n\t\t\ts.parentNode.insertBefore(t, s)\n\t\t}(window, document, 'script',\n\t\t\t'https:\/\/connect.facebook.net\/en_US\/fbevents.js');\n\t\tfbq('init', '338315473262380');\n\t\tfbq('track', 'PageView');\n\t<\/script><br \/>\n<br \/><br \/>\n<br \/><a href=\"https:\/\/catracalivre.com.br\/saude-bem-estar\/black-friday-procon-lista-78-sites-onde-nao-comprar\/\">Source link <\/a><\/p>\n<!-- CONTENT END 1 -->\n","protected":false},"excerpt":{"rendered":"<p>Querendo aproveitar algum oferta de Black Friday? Antes \u00e9 bom dar um olhada na lista de sites n\u00e3o recomend\u00e1veis que da Funda\u00e7\u00e3o de Prote\u00e7\u00e3o e&#8230;<\/p>\n","protected":false},"author":1,"featured_media":5949,"comment_status":"open","ping_status":"open","sticky":false,"template":"","format":"standard","meta":{"advanced_seo_description":"","jetpack_seo_html_title":"","jetpack_seo_noindex":false,"jetpack_post_was_ever_published":false,"_jetpack_newsletter_access":"","_jetpack_dont_email_post_to_subs":false,"_jetpack_newsletter_tier_id":0,"_jetpack_memberships_contains_paywalled_content":false,"_jetpack_memberships_contains_paid_content":false,"footnotes":"","jetpack_publicize_message":"","jetpack_publicize_feature_enabled":true,"jetpack_social_post_already_shared":true,"jetpack_social_options":{"image_generator_settings":{"template":"highway","default_image_id":0,"font":"","enabled":false},"version":2}},"categories":[19],"tags":[],"class_list":["post-5948","post","type-post","status-publish","format-standard","has-post-thumbnail","hentry","category-variedades"],"jetpack_publicize_connections":[],"jetpack_featured_media_url":"https:\/\/i0.wp.com\/noticiasribeiraopreto.com.br\/wp-content\/uploads\/2023\/11\/istock-1336136316.jpg?fit=1200%2C638&ssl=1","jetpack-related-posts":[{"id":5519,"url":"https:\/\/noticiasribeiraopreto.com.br\/index.php\/2023\/11\/23\/vai-aproveitar-a-black-friday-veja-78-sites-para-evitar-compras-de-acordo-com-o-procon\/","url_meta":{"origin":5948,"position":0},"title":"Vai aproveitar a Black Friday? Veja 78 sites para evitar compras, de acordo com o Procon","author":"noticiasribeiraopreto.com.br","date":"23 de November de 2023","format":false,"excerpt":"A Funda\u00e7\u00e3o de Prote\u00e7\u00e3o e Defesa do Consumidor (Procon-SP) listou\u00a078\u00a0sites\u00a0que devem ser evitados\u00a0para compras online, 13 deles ainda est\u00e3o no ar. Os nomes fazem parte da se\u00e7\u00e3o Evite esses Sites, feita ap\u00f3s procedimentos internos que envolvem a pesquisa e a tentativa de contato com as empresas reclamadas. O alerta chama\u2026","rel":"","context":"In &quot;Not\u00edcias de Ribeir\u00e3o Preto-SP e Regi\u00e3o&quot;","block_context":{"text":"Not\u00edcias de Ribeir\u00e3o Preto-SP e Regi\u00e3o","link":"https:\/\/noticiasribeiraopreto.com.br\/index.php\/category\/noticias-de-ribeirao-preto-sp-e-regiao-ismael-colosi\/"},"img":{"alt_text":"","src":"https:\/\/i0.wp.com\/noticiasribeiraopreto.com.br\/wp-content\/uploads\/2023\/11\/20220619_113047810_celular_telefone_1200x675_10032022080644.jpg?fit=1200%2C675&ssl=1&resize=350%2C200","width":350,"height":200,"srcset":"https:\/\/i0.wp.com\/noticiasribeiraopreto.com.br\/wp-content\/uploads\/2023\/11\/20220619_113047810_celular_telefone_1200x675_10032022080644.jpg?fit=1200%2C675&ssl=1&resize=350%2C200 1x, https:\/\/i0.wp.com\/noticiasribeiraopreto.com.br\/wp-content\/uploads\/2023\/11\/20220619_113047810_celular_telefone_1200x675_10032022080644.jpg?fit=1200%2C675&ssl=1&resize=525%2C300 1.5x, https:\/\/i0.wp.com\/noticiasribeiraopreto.com.br\/wp-content\/uploads\/2023\/11\/20220619_113047810_celular_telefone_1200x675_10032022080644.jpg?fit=1200%2C675&ssl=1&resize=700%2C400 2x, https:\/\/i0.wp.com\/noticiasribeiraopreto.com.br\/wp-content\/uploads\/2023\/11\/20220619_113047810_celular_telefone_1200x675_10032022080644.jpg?fit=1200%2C675&ssl=1&resize=1050%2C600 3x"},"classes":[]},{"id":27202,"url":"https:\/\/noticiasribeiraopreto.com.br\/index.php\/2024\/01\/11\/precos-de-materiais-escolares-tem-variacoes-de-mais-de-600-em-sites\/","url_meta":{"origin":5948,"position":1},"title":"Pre\u00e7os de materiais escolares t\u00eam varia\u00e7\u00f5es de mais de 600% em sites \u2013 Folha de Ribeir\u00e3o","author":"noticiasribeiraopreto.com.br","date":"11 de January de 2024","format":false,"excerpt":"Levantamento de pre\u00e7os de 157 itens escolares mais procurados neste in\u00edcio de ano, realizado pelo Procon do Estado do Rio de Janeiro (Procon RJ), encontrou varia\u00e7\u00f5es superiores a 600%, em dez\u00a0sites\u00a0pesquisados, entre produtos da mesma marca, como canetas, borrachas, l\u00e1pis, corretivos, entre outros. Como a pesquisa foi realizada entre os\u2026","rel":"","context":"In &quot;Not\u00edcias de Ribeir\u00e3o Preto-SP e Regi\u00e3o&quot;","block_context":{"text":"Not\u00edcias de Ribeir\u00e3o Preto-SP e Regi\u00e3o","link":"https:\/\/noticiasribeiraopreto.com.br\/index.php\/category\/noticias-de-ribeirao-preto-sp-e-regiao-ismael-colosi\/"},"img":{"alt_text":"","src":"","width":0,"height":0},"classes":[]},{"id":42348,"url":"https:\/\/noticiasribeiraopreto.com.br\/index.php\/2024\/03\/14\/procon-movel-ficara-estacionado-no-calcadao-rp-nesta-quinta-14\/","url_meta":{"origin":5948,"position":2},"title":"Procon M\u00f3vel ficar\u00e1 estacionado no Cal\u00e7ad\u00e3o RP nesta quinta, 14","author":"noticiasribeiraopreto.com.br","date":"14 de March de 2024","format":false,"excerpt":"14 de mar\u00e7o de 2024 | 8:3013 de mar\u00e7o de 2024 | 15:57 0Os consumidores de Ribeir\u00e3o Preto poder\u00e3o participar nesta quinta-feira, 14, no cal\u00e7ad\u00e3o da Pra\u00e7a Central, de uma a\u00e7\u00e3o de conscientiza\u00e7\u00e3o promovida pelo Procon-SP na \u201cSemana do Consumidor\u201d.O Procon M\u00f3vel ficar\u00e1 estacionado no local, no per\u00edodo das 9h\u2026","rel":"","context":"In &quot;Not\u00edcias de Ribeir\u00e3o Preto-SP e Regi\u00e3o&quot;","block_context":{"text":"Not\u00edcias de Ribeir\u00e3o Preto-SP e Regi\u00e3o","link":"https:\/\/noticiasribeiraopreto.com.br\/index.php\/category\/noticias-de-ribeirao-preto-sp-e-regiao-ismael-colosi\/"},"img":{"alt_text":"","src":"https:\/\/i0.wp.com\/noticiasribeiraopreto.com.br\/wp-content\/uploads\/2024\/03\/onibus_procon_-_foto_guilherme_sircili_11_-scaled.jpg?fit=968%2C645&ssl=1&resize=350%2C200","width":350,"height":200,"srcset":"https:\/\/i0.wp.com\/noticiasribeiraopreto.com.br\/wp-content\/uploads\/2024\/03\/onibus_procon_-_foto_guilherme_sircili_11_-scaled.jpg?fit=968%2C645&ssl=1&resize=350%2C200 1x, https:\/\/i0.wp.com\/noticiasribeiraopreto.com.br\/wp-content\/uploads\/2024\/03\/onibus_procon_-_foto_guilherme_sircili_11_-scaled.jpg?fit=968%2C645&ssl=1&resize=525%2C300 1.5x, https:\/\/i0.wp.com\/noticiasribeiraopreto.com.br\/wp-content\/uploads\/2024\/03\/onibus_procon_-_foto_guilherme_sircili_11_-scaled.jpg?fit=968%2C645&ssl=1&resize=700%2C400 2x"},"classes":[]},{"id":61877,"url":"https:\/\/noticiasribeiraopreto.com.br\/index.php\/2024\/12\/26\/vai-precisar-trocar-o-presente-de-natal-procon-sp-orienta\/","url_meta":{"origin":5948,"position":3},"title":"Vai precisar trocar o presente de Natal? Procon-SP orienta","author":"noticiasribeiraopreto.com.br","date":"26 de December de 2024","format":false,"excerpt":"A troca de presentes ap\u00f3s o Natal, que n\u00e3o serviram ou agradaram os gostos, n\u00e3o \u00e9 uma obriga\u00e7\u00e3o do comerciante, segundo o Procon-SP. De acordo com o C\u00f3digo de Defesa do Consumidor, as lojas nem sempre s\u00e3o obrigadas a fazer troca de um produto que n\u00e3o agradou ou n\u00e3o serviu.\u2026","rel":"","context":"In &quot;Not\u00edcias de Ribeir\u00e3o Preto-SP e Regi\u00e3o&quot;","block_context":{"text":"Not\u00edcias de Ribeir\u00e3o Preto-SP e Regi\u00e3o","link":"https:\/\/noticiasribeiraopreto.com.br\/index.php\/category\/noticias-de-ribeirao-preto-sp-e-regiao-ismael-colosi\/"},"img":{"alt_text":"","src":"https:\/\/i0.wp.com\/noticiasribeiraopreto.com.br\/wp-content\/uploads\/2024\/12\/calcadao_ribeirao_1024x576_08052021130028.jpg?fit=1024%2C575&ssl=1&resize=350%2C200","width":350,"height":200,"srcset":"https:\/\/i0.wp.com\/noticiasribeiraopreto.com.br\/wp-content\/uploads\/2024\/12\/calcadao_ribeirao_1024x576_08052021130028.jpg?fit=1024%2C575&ssl=1&resize=350%2C200 1x, https:\/\/i0.wp.com\/noticiasribeiraopreto.com.br\/wp-content\/uploads\/2024\/12\/calcadao_ribeirao_1024x576_08052021130028.jpg?fit=1024%2C575&ssl=1&resize=525%2C300 1.5x, https:\/\/i0.wp.com\/noticiasribeiraopreto.com.br\/wp-content\/uploads\/2024\/12\/calcadao_ribeirao_1024x576_08052021130028.jpg?fit=1024%2C575&ssl=1&resize=700%2C400 2x"},"classes":[]},{"id":77243,"url":"https:\/\/noticiasribeiraopreto.com.br\/index.php\/2025\/09\/15\/procon-sp-amplia-monitoramento-de-ligacoes-indevidas\/","url_meta":{"origin":5948,"position":4},"title":"Procon-SP amplia monitoramento de liga\u00e7\u00f5es indevidas","author":"noticiasribeiraopreto.com.br","date":"15 de September de 2025","format":false,"excerpt":"15 de setembro de 2025 07:3011 Compartilhar0 O Procon-SP vai monitorar de perto as reclama\u00e7\u00f5es feitas sobre liga\u00e7\u00f5es indevidas nos pr\u00f3ximos 90 dias. Isso porque uma mudan\u00e7a no Regulamento Geral de Telecomunica\u00e7\u00f5es desobriga as empresas de telemarketing a utilizarem o prefixo 0303 em suas chamadas, substituindo por uma nova tecnologia\u2026","rel":"","context":"In &quot;Not\u00edcias de Ribeir\u00e3o Preto-SP e Regi\u00e3o&quot;","block_context":{"text":"Not\u00edcias de Ribeir\u00e3o Preto-SP e Regi\u00e3o","link":"https:\/\/noticiasribeiraopreto.com.br\/index.php\/category\/noticias-de-ribeirao-preto-sp-e-regiao-ismael-colosi\/"},"img":{"alt_text":"","src":"https:\/\/i0.wp.com\/noticiasribeiraopreto.com.br\/wp-content\/uploads\/2025\/09\/905168-telefone-fixo-8-scaled-1.jpg?fit=700%2C419&ssl=1&resize=350%2C200","width":350,"height":200,"srcset":"https:\/\/i0.wp.com\/noticiasribeiraopreto.com.br\/wp-content\/uploads\/2025\/09\/905168-telefone-fixo-8-scaled-1.jpg?fit=700%2C419&ssl=1&resize=350%2C200 1x, https:\/\/i0.wp.com\/noticiasribeiraopreto.com.br\/wp-content\/uploads\/2025\/09\/905168-telefone-fixo-8-scaled-1.jpg?fit=700%2C419&ssl=1&resize=525%2C300 1.5x, https:\/\/i0.wp.com\/noticiasribeiraopreto.com.br\/wp-content\/uploads\/2025\/09\/905168-telefone-fixo-8-scaled-1.jpg?fit=700%2C419&ssl=1&resize=700%2C400 2x"},"classes":[]},{"id":85031,"url":"https:\/\/noticiasribeiraopreto.com.br\/index.php\/2026\/04\/20\/celular-bloqueado-por-divida-procon-faz-alerta-e-aponta-ilegalidade\/","url_meta":{"origin":5948,"position":5},"title":"Celular bloqueado por d\u00edvida? Procon faz alerta e aponta ilegalidade","author":"noticiasribeiraopreto.com.br","date":"20 de April de 2026","format":false,"excerpt":"Ler o resumo da not\u00edcia O Procon de Ribeir\u00e3o Preto alertou que o bloqueio remoto de celulares por d\u00edvida \u00e9 pr\u00e1tica ilegal. Empresas que utilizam sistemas \u201ckill switch\u201d para travar aparelhos podem ser fiscalizadas e multadas. A medida viola o C\u00f3digo de Defesa do Consumidor, pois priva o cidad\u00e3o de\u2026","rel":"","context":"In &quot;Not\u00edcias de Ribeir\u00e3o Preto-SP e Regi\u00e3o&quot;","block_context":{"text":"Not\u00edcias de Ribeir\u00e3o Preto-SP e Regi\u00e3o","link":"https:\/\/noticiasribeiraopreto.com.br\/index.php\/category\/noticias-de-ribeirao-preto-sp-e-regiao-ismael-colosi\/"},"img":{"alt_text":"","src":"https:\/\/i0.wp.com\/noticiasribeiraopreto.com.br\/wp-content\/uploads\/2026\/04\/idoso-celular_2025-05-19_17-31-50.webp.webp?fit=1200%2C798&ssl=1&resize=350%2C200","width":350,"height":200,"srcset":"https:\/\/i0.wp.com\/noticiasribeiraopreto.com.br\/wp-content\/uploads\/2026\/04\/idoso-celular_2025-05-19_17-31-50.webp.webp?fit=1200%2C798&ssl=1&resize=350%2C200 1x, https:\/\/i0.wp.com\/noticiasribeiraopreto.com.br\/wp-content\/uploads\/2026\/04\/idoso-celular_2025-05-19_17-31-50.webp.webp?fit=1200%2C798&ssl=1&resize=525%2C300 1.5x, https:\/\/i0.wp.com\/noticiasribeiraopreto.com.br\/wp-content\/uploads\/2026\/04\/idoso-celular_2025-05-19_17-31-50.webp.webp?fit=1200%2C798&ssl=1&resize=700%2C400 2x, https:\/\/i0.wp.com\/noticiasribeiraopreto.com.br\/wp-content\/uploads\/2026\/04\/idoso-celular_2025-05-19_17-31-50.webp.webp?fit=1200%2C798&ssl=1&resize=1050%2C600 3x"},"classes":[]}],"jetpack_sharing_enabled":true,"jetpack_shortlink":"https:\/\/wp.me\/peQAOb-1xW","_links":{"self":[{"href":"https:\/\/noticiasribeiraopreto.com.br\/index.php\/wp-json\/wp\/v2\/posts\/5948","targetHints":{"allow":["GET"]}}],"collection":[{"href":"https:\/\/noticiasribeiraopreto.com.br\/index.php\/wp-json\/wp\/v2\/posts"}],"about":[{"href":"https:\/\/noticiasribeiraopreto.com.br\/index.php\/wp-json\/wp\/v2\/types\/post"}],"author":[{"embeddable":true,"href":"https:\/\/noticiasribeiraopreto.com.br\/index.php\/wp-json\/wp\/v2\/users\/1"}],"replies":[{"embeddable":true,"href":"https:\/\/noticiasribeiraopreto.com.br\/index.php\/wp-json\/wp\/v2\/comments?post=5948"}],"version-history":[{"count":0,"href":"https:\/\/noticiasribeiraopreto.com.br\/index.php\/wp-json\/wp\/v2\/posts\/5948\/revisions"}],"wp:featuredmedia":[{"embeddable":true,"href":"https:\/\/noticiasribeiraopreto.com.br\/index.php\/wp-json\/wp\/v2\/media\/5949"}],"wp:attachment":[{"href":"https:\/\/noticiasribeiraopreto.com.br\/index.php\/wp-json\/wp\/v2\/media?parent=5948"}],"wp:term":[{"taxonomy":"category","embeddable":true,"href":"https:\/\/noticiasribeiraopreto.com.br\/index.php\/wp-json\/wp\/v2\/categories?post=5948"},{"taxonomy":"post_tag","embeddable":true,"href":"https:\/\/noticiasribeiraopreto.com.br\/index.php\/wp-json\/wp\/v2\/tags?post=5948"}],"curies":[{"name":"wp","href":"https:\/\/api.w.org\/{rel}","templated":true}]}}