{"id":59505,"date":"2024-10-25T07:02:56","date_gmt":"2024-10-25T10:02:56","guid":{"rendered":"https:\/\/noticiasribeiraopreto.com.br\/index.php\/2024\/10\/25\/adolescente-agressor-e-encaminhado-a-fundacao-casa-apos-ataque-em-escola-de-pitangueiras-sp\/"},"modified":"2024-10-25T07:02:56","modified_gmt":"2024-10-25T10:02:56","slug":"adolescente-agressor-e-encaminhado-a-fundacao-casa-apos-ataque-em-escola-de-pitangueiras-sp","status":"publish","type":"post","link":"https:\/\/noticiasribeiraopreto.com.br\/index.php\/2024\/10\/25\/adolescente-agressor-e-encaminhado-a-fundacao-casa-apos-ataque-em-escola-de-pitangueiras-sp\/","title":{"rendered":"Adolescente Agressor \u00e9 Encaminhado \u00e0 Funda\u00e7\u00e3o Casa ap\u00f3s Ataque em Escola de Pitangueiras, SP"},"content":{"rendered":"<div class='code-block code-block-1' style='margin: 8px 0 8px auto; text-align: right; display: block; clear: both;'>\n<p><a href=\"https:\/\/wa.link\/vpicfd\"><img data-recalc-dims=\"1\" class=\"wp-image-4922\" style=\"aspect-ratio: 2.0253164556962027; width: 561px; height: auto;\" src=\"https:\/\/i0.wp.com\/ismaelcolosi.com.br\/wp-content\/uploads\/2023\/11\/grupo-de-empregos-whatsapp-e-facebook-ismael-colosi-vagas.jpg?ssl=1\" alt=\"\" \/><\/a><\/p>\n<!-- \/wp:image -->\n<\/div>\n<p> <br \/>\n<\/p>\n<div>\n<p>Em Pitangueiras, SP, um incidente de viol\u00eancia escolar resultou no encaminhamento de um adolescente de 16 anos \u00e0 Funda\u00e7\u00e3o Casa, ap\u00f3s ele ter esfaqueado um colega dentro de uma escola. O epis\u00f3dio, que deixou a comunidade alarmada, reacendeu debates sobre a seguran\u00e7a escolar e a import\u00e2ncia de medidas preventivas para garantir um ambiente seguro para estudantes e profissionais de educa\u00e7\u00e3o.<\/p>\n<h3>O Incidente e as Consequ\u00eancias<\/h3>\n<p>O jovem envolvido no ataque foi apreendido e, ap\u00f3s audi\u00eancia, foi determinado seu encaminhamento \u00e0 Funda\u00e7\u00e3o Casa, onde cumprir\u00e1 medidas socioeducativas. Segundo relatos, o incidente teria ocorrido durante o hor\u00e1rio de aula, e o estudante atacado sofreu ferimentos que, felizmente, n\u00e3o foram fatais. Os motivos que levaram ao ataque ainda s\u00e3o apurados, mas as autoridades locais afirmaram que est\u00e3o investigando o caso com rigor.<\/p>\n<p>A diretoria da escola emitiu uma nota lamentando o ocorrido e ressaltou que j\u00e1 est\u00e1 colaborando com as investiga\u00e7\u00f5es para esclarecer os detalhes do caso. \u201cNosso compromisso \u00e9 com a seguran\u00e7a e o bem-estar de todos os alunos e funcion\u00e1rios. Estamos em contato direto com os pais e cuidando para que medidas adicionais sejam tomadas,\u201d destacou a nota oficial.<\/p>\n<h3>Refor\u00e7o na Seguran\u00e7a Escolar<\/h3>\n<p>Diante do ocorrido, a Secretaria de Educa\u00e7\u00e3o do Estado anunciou que ir\u00e1 refor\u00e7ar as medidas de seguran\u00e7a nas escolas da regi\u00e3o. A ideia \u00e9 ampliar as parcerias com as for\u00e7as policiais e adotar tecnologias de monitoramento, como c\u00e2meras e equipes de seguran\u00e7a, para prevenir novos epis\u00f3dios de viol\u00eancia. A presen\u00e7a de profissionais capacitados para lidar com conflitos e detectar situa\u00e7\u00f5es de risco tamb\u00e9m est\u00e1 entre as prioridades.<\/p>\n<p>O caso em Pitangueiras refor\u00e7a a necessidade de uma aten\u00e7\u00e3o especial \u00e0 seguran\u00e7a escolar, que, segundo especialistas, deve ir al\u00e9m do policiamento ostensivo. Para Mar\u00edlia Alves, especialista em psicologia educacional, as escolas precisam investir em uma abordagem preventiva que inclua o apoio psicol\u00f3gico aos alunos. \u201cMuitas vezes, esses comportamentos agressivos s\u00e3o resultado de quest\u00f5es emocionais n\u00e3o resolvidas e que acabam se manifestando de maneira tr\u00e1gica. A presen\u00e7a de psic\u00f3logos e mediadores pode ajudar a identificar e intervir antes que esses epis\u00f3dios ocorram,\u201d explica.<\/p>\n<h3>Impacto na Comunidade e o Papel da Fam\u00edlia<\/h3>\n<p>O ataque causou grande impacto entre os estudantes e os pais, que expressaram preocupa\u00e7\u00e3o com a seguran\u00e7a dos filhos nas escolas. Alguns pais relataram sentir inseguran\u00e7a ao deixar os filhos na escola e pediram \u00e0 administra\u00e7\u00e3o escolar e \u00e0s autoridades que redobrem os cuidados e a aten\u00e7\u00e3o.<\/p>\n<p>Para muitos, o caso \u00e9 um alerta sobre a import\u00e2ncia do di\u00e1logo e da educa\u00e7\u00e3o emocional dentro e fora da escola. Especialistas defendem que tanto escolas quanto fam\u00edlias devem trabalhar juntas para ensinar aos jovens a resolu\u00e7\u00e3o pac\u00edfica de conflitos e a import\u00e2ncia de lidar com as emo\u00e7\u00f5es de forma saud\u00e1vel. \u201cA parceria com a fam\u00edlia \u00e9 essencial para que o jovem se sinta amparado e saiba que existem alternativas ao comportamento agressivo,\u201d comenta Mar\u00edlia Alves.<\/p>\n<h3>Medidas para um Ambiente Escolar Seguro<\/h3>\n<p>As institui\u00e7\u00f5es de ensino t\u00eam refor\u00e7ado a implementa\u00e7\u00e3o de pr\u00e1ticas que promovam o conv\u00edvio harmonioso e previnam a viol\u00eancia. Em algumas escolas, programas de media\u00e7\u00e3o de conflitos e atividades de integra\u00e7\u00e3o social t\u00eam gerado bons resultados, al\u00e9m de promoverem o engajamento dos alunos em quest\u00f5es de cidadania e respeito m\u00fatuo.<\/p>\n<p>A expectativa \u00e9 que o incidente de Pitangueiras sirva como um alerta para a necessidade de pol\u00edticas educativas e preventivas que cuidem do bem-estar de todos. Ao adotar uma abordagem integrada e preventiva, as escolas podem se tornar espa\u00e7os seguros, onde os alunos possam se concentrar nos estudos e no desenvolvimento pessoal.<\/p>\n<p>&#13;<br \/>\n\t\t\t\t<span class=\"post-views-icon dashicons dashicons-chart-bar\"\/> <span class=\"post-views-label\">Visualiza\u00e7\u00f5es:<\/span> <span class=\"post-views-count\">3<\/span>&#13;\n\t\t\t<\/p>\n<\/p><\/div>\n<p><br \/>\n<br \/><a href=\"https:\/\/folhaderibeirao.com.br\/2024\/10\/25\/adolescente-agressor-e-encaminhado-a-fundacao-casa-apos-ataque-em-escola-de-pitangueiras-sp\/\">Source link <\/a><\/p>\n<!-- CONTENT END 1 -->\n","protected":false},"excerpt":{"rendered":"<p>Em Pitangueiras, SP, um incidente de viol\u00eancia escolar resultou no encaminhamento de um adolescente de 16 anos \u00e0 Funda\u00e7\u00e3o Casa, ap\u00f3s ele ter esfaqueado um&#8230;<\/p>\n","protected":false},"author":1,"featured_media":58349,"comment_status":"open","ping_status":"open","sticky":false,"template":"","format":"standard","meta":{"advanced_seo_description":"","jetpack_seo_html_title":"","jetpack_seo_noindex":false,"jetpack_post_was_ever_published":false,"_jetpack_newsletter_access":"","_jetpack_dont_email_post_to_subs":false,"_jetpack_newsletter_tier_id":0,"_jetpack_memberships_contains_paywalled_content":false,"_jetpack_memberships_contains_paid_content":false,"footnotes":"","jetpack_publicize_message":"","jetpack_publicize_feature_enabled":true,"jetpack_social_post_already_shared":true,"jetpack_social_options":{"image_generator_settings":{"template":"highway","default_image_id":0,"font":"","enabled":false},"version":2}},"categories":[11],"tags":[78,5937,37,2261,289,5938,1898,3320,3565],"class_list":["post-59505","post","type-post","status-publish","format-standard","has-post-thumbnail","hentry","category-noticias-de-ribeirao-preto-sp-e-regiao-ismael-colosi","tag-adolescente","tag-agressor","tag-apos","tag-ataque","tag-casa","tag-encaminhado","tag-escola","tag-fundacao","tag-pitangueiras"],"jetpack_publicize_connections":[],"jetpack_featured_media_url":"https:\/\/i0.wp.com\/noticiasribeiraopreto.com.br\/wp-content\/uploads\/2024\/09\/Policia-Militar-e1717532645165.webp.webp?fit=800%2C450&ssl=1","jetpack-related-posts":[{"id":59471,"url":"https:\/\/noticiasribeiraopreto.com.br\/index.php\/2024\/10\/24\/adolescente-fica-em-estado-grave-apos-briga-em-unidade-de-ensino-em-pitangueiras\/","url_meta":{"origin":59505,"position":0},"title":"Adolescente fica em estado grave ap\u00f3s briga em unidade de ensino em Pitangueiras","author":"noticiasribeiraopreto.com.br","date":"24 de October de 2024","format":false,"excerpt":"Um estudante, de 16 anos, ficou ferido e em estado grave ap\u00f3s briga em uma unidade de ensino em Pitangueiras, na regi\u00e3o de Ribeir\u00e3o Preto, na manh\u00e3 desta quinta-feira (24). A v\u00edtima foi socorrida para Santa Casa de Pitangueiras, contudo, foi transferido para o HC-UE (Hospital das Cl\u00ednicas \u2013 Unidade\u2026","rel":"","context":"In &quot;Not\u00edcias de Ribeir\u00e3o Preto-SP e Regi\u00e3o&quot;","block_context":{"text":"Not\u00edcias de Ribeir\u00e3o Preto-SP e Regi\u00e3o","link":"https:\/\/noticiasribeiraopreto.com.br\/index.php\/category\/noticias-de-ribeirao-preto-sp-e-regiao-ismael-colosi\/"},"img":{"alt_text":"","src":"https:\/\/i0.wp.com\/noticiasribeiraopreto.com.br\/wp-content\/uploads\/2024\/10\/Copia-de-Copia-de-Copia-de-TAMANHO-EXATO-PARA-FOTOS-NO-SISTEMA-NOVO-2024-10-24T122856.043_2024-10-24_15-29-22_png_2024-10-24_15-29-22.webp.webp?fit=1200%2C675&ssl=1&resize=350%2C200","width":350,"height":200,"srcset":"https:\/\/i0.wp.com\/noticiasribeiraopreto.com.br\/wp-content\/uploads\/2024\/10\/Copia-de-Copia-de-Copia-de-TAMANHO-EXATO-PARA-FOTOS-NO-SISTEMA-NOVO-2024-10-24T122856.043_2024-10-24_15-29-22_png_2024-10-24_15-29-22.webp.webp?fit=1200%2C675&ssl=1&resize=350%2C200 1x, https:\/\/i0.wp.com\/noticiasribeiraopreto.com.br\/wp-content\/uploads\/2024\/10\/Copia-de-Copia-de-Copia-de-TAMANHO-EXATO-PARA-FOTOS-NO-SISTEMA-NOVO-2024-10-24T122856.043_2024-10-24_15-29-22_png_2024-10-24_15-29-22.webp.webp?fit=1200%2C675&ssl=1&resize=525%2C300 1.5x, https:\/\/i0.wp.com\/noticiasribeiraopreto.com.br\/wp-content\/uploads\/2024\/10\/Copia-de-Copia-de-Copia-de-TAMANHO-EXATO-PARA-FOTOS-NO-SISTEMA-NOVO-2024-10-24T122856.043_2024-10-24_15-29-22_png_2024-10-24_15-29-22.webp.webp?fit=1200%2C675&ssl=1&resize=700%2C400 2x, https:\/\/i0.wp.com\/noticiasribeiraopreto.com.br\/wp-content\/uploads\/2024\/10\/Copia-de-Copia-de-Copia-de-TAMANHO-EXATO-PARA-FOTOS-NO-SISTEMA-NOVO-2024-10-24T122856.043_2024-10-24_15-29-22_png_2024-10-24_15-29-22.webp.webp?fit=1200%2C675&ssl=1&resize=1050%2C600 3x"},"classes":[]},{"id":64016,"url":"https:\/\/noticiasribeiraopreto.com.br\/index.php\/2025\/02\/27\/seguranca-escolar-em-xeque-adolescente-e-detido-com-faca-e-replica-de-arma-proximo-a-escola-em-ribeirao-preto\/","url_meta":{"origin":59505,"position":1},"title":"Seguran\u00e7a Escolar em Xeque: Adolescente \u00e9 Detido com Faca e R\u00e9plica de Arma Pr\u00f3ximo a Escola em Ribeir\u00e3o Preto","author":"noticiasribeiraopreto.com.br","date":"27 de February de 2025","format":false,"excerpt":"Na manh\u00e3 de [data n\u00e3o informada], um incidente ocorrido em Ribeir\u00e3o Preto chamou a aten\u00e7\u00e3o das autoridades e da comunidade escolar. Durante uma patrulha de rotina nas imedia\u00e7\u00f5es de uma escola, agentes de seguran\u00e7a identificaram um comportamento suspeito: um adolescente portava uma faca e uma r\u00e9plica de arma de fogo.\u2026","rel":"","context":"In &quot;Not\u00edcias de Ribeir\u00e3o Preto-SP e Regi\u00e3o&quot;","block_context":{"text":"Not\u00edcias de Ribeir\u00e3o Preto-SP e Regi\u00e3o","link":"https:\/\/noticiasribeiraopreto.com.br\/index.php\/category\/noticias-de-ribeirao-preto-sp-e-regiao-ismael-colosi\/"},"img":{"alt_text":"","src":"https:\/\/i0.wp.com\/noticiasribeiraopreto.com.br\/wp-content\/uploads\/2025\/02\/290620221656541218capturar.jpg?fit=1200%2C608&ssl=1&resize=350%2C200","width":350,"height":200,"srcset":"https:\/\/i0.wp.com\/noticiasribeiraopreto.com.br\/wp-content\/uploads\/2025\/02\/290620221656541218capturar.jpg?fit=1200%2C608&ssl=1&resize=350%2C200 1x, https:\/\/i0.wp.com\/noticiasribeiraopreto.com.br\/wp-content\/uploads\/2025\/02\/290620221656541218capturar.jpg?fit=1200%2C608&ssl=1&resize=525%2C300 1.5x, https:\/\/i0.wp.com\/noticiasribeiraopreto.com.br\/wp-content\/uploads\/2025\/02\/290620221656541218capturar.jpg?fit=1200%2C608&ssl=1&resize=700%2C400 2x, https:\/\/i0.wp.com\/noticiasribeiraopreto.com.br\/wp-content\/uploads\/2025\/02\/290620221656541218capturar.jpg?fit=1200%2C608&ssl=1&resize=1050%2C600 3x"},"classes":[]},{"id":33537,"url":"https:\/\/noticiasribeiraopreto.com.br\/index.php\/2024\/01\/29\/adolescentes-sao-detidos-por-policial-que-deixava-o-filho-na-escola-em-ribeirao\/","url_meta":{"origin":59505,"position":2},"title":"Adolescentes s\u00e3o detidos por policial que deixava o filho na escola em Ribeir\u00e3o","author":"noticiasribeiraopreto.com.br","date":"29 de January de 2024","format":false,"excerpt":"Dois adolescentes foram detidos por uma policial que havia deixado o filho na escola, ap\u00f3s se envolverem em um roubo, na tarde desta segunda-feira (29), em Ribeir\u00e3o Preto. De acordo com o boletim de ocorr\u00eancia (BO), a policial civil estava voltando para o seu carro, que estava estacionada na rua\u2026","rel":"","context":"In &quot;Not\u00edcias de Ribeir\u00e3o Preto-SP e Regi\u00e3o&quot;","block_context":{"text":"Not\u00edcias de Ribeir\u00e3o Preto-SP e Regi\u00e3o","link":"https:\/\/noticiasribeiraopreto.com.br\/index.php\/category\/noticias-de-ribeirao-preto-sp-e-regiao-ismael-colosi\/"},"img":{"alt_text":"","src":"https:\/\/i0.wp.com\/noticiasribeiraopreto.com.br\/wp-content\/uploads\/2024\/01\/policia_civil_1200x675_20122021140226.jpg?fit=1200%2C679&ssl=1&resize=350%2C200","width":350,"height":200,"srcset":"https:\/\/i0.wp.com\/noticiasribeiraopreto.com.br\/wp-content\/uploads\/2024\/01\/policia_civil_1200x675_20122021140226.jpg?fit=1200%2C679&ssl=1&resize=350%2C200 1x, https:\/\/i0.wp.com\/noticiasribeiraopreto.com.br\/wp-content\/uploads\/2024\/01\/policia_civil_1200x675_20122021140226.jpg?fit=1200%2C679&ssl=1&resize=525%2C300 1.5x, https:\/\/i0.wp.com\/noticiasribeiraopreto.com.br\/wp-content\/uploads\/2024\/01\/policia_civil_1200x675_20122021140226.jpg?fit=1200%2C679&ssl=1&resize=700%2C400 2x, https:\/\/i0.wp.com\/noticiasribeiraopreto.com.br\/wp-content\/uploads\/2024\/01\/policia_civil_1200x675_20122021140226.jpg?fit=1200%2C679&ssl=1&resize=1050%2C600 3x"},"classes":[]},{"id":64432,"url":"https:\/\/noticiasribeiraopreto.com.br\/index.php\/2025\/03\/08\/jovens-da-fundacao-casa-de-franca-participam-de-projeto-com-artista-plastico-reconhecido-internacionalmente\/","url_meta":{"origin":59505,"position":3},"title":"Jovens da Funda\u00e7\u00e3o CASA de Franca participam de projeto com artista pl\u00e1stico reconhecido internacionalmente","author":"noticiasribeiraopreto.com.br","date":"8 de March de 2025","format":false,"excerpt":"Os adolescentes que cumprem medida de interna\u00e7\u00e3o na Funda\u00e7\u00e3o Casa (Centro de Atendimento Socioeducativo ao Adolescente de Franca participaram da primeira aula do curso de \u201cDesenho Realista\u201d, ministrado pelo artista pl\u00e1stico Eduardo Carvalho. A atividade aconteceu no dia 24\/02 e divulgada neste dia 7\/3. O desenhista, reconhecido internacionalmente por sua\u2026","rel":"","context":"In &quot;Not\u00edcias de Franca-SP&quot;","block_context":{"text":"Not\u00edcias de Franca-SP","link":"https:\/\/noticiasribeiraopreto.com.br\/index.php\/category\/noticias-de-ribeirao-preto-sp-e-regiao-ismael-colosi\/noticias-franca-sp\/"},"img":{"alt_text":"","src":"https:\/\/i0.wp.com\/noticiasribeiraopreto.com.br\/wp-content\/uploads\/2025\/03\/foto_oficina_desenho-fundacao-casa.jpg?fit=1147%2C929&ssl=1&resize=350%2C200","width":350,"height":200,"srcset":"https:\/\/i0.wp.com\/noticiasribeiraopreto.com.br\/wp-content\/uploads\/2025\/03\/foto_oficina_desenho-fundacao-casa.jpg?fit=1147%2C929&ssl=1&resize=350%2C200 1x, https:\/\/i0.wp.com\/noticiasribeiraopreto.com.br\/wp-content\/uploads\/2025\/03\/foto_oficina_desenho-fundacao-casa.jpg?fit=1147%2C929&ssl=1&resize=525%2C300 1.5x, https:\/\/i0.wp.com\/noticiasribeiraopreto.com.br\/wp-content\/uploads\/2025\/03\/foto_oficina_desenho-fundacao-casa.jpg?fit=1147%2C929&ssl=1&resize=700%2C400 2x, https:\/\/i0.wp.com\/noticiasribeiraopreto.com.br\/wp-content\/uploads\/2025\/03\/foto_oficina_desenho-fundacao-casa.jpg?fit=1147%2C929&ssl=1&resize=1050%2C600 3x"},"classes":[]},{"id":66531,"url":"https:\/\/noticiasribeiraopreto.com.br\/index.php\/2025\/04\/02\/adolescente-da-fundacao-casa-realiza-sonho-em-jogo-historico-do-sesi-franca-basquete\/","url_meta":{"origin":59505,"position":4},"title":"Adolescente da Funda\u00e7\u00e3o CASA realiza sonho em jogo hist\u00f3rico do Sesi Franca Basquete","author":"noticiasribeiraopreto.com.br","date":"2 de April de 2025","format":false,"excerpt":"O jovem Alex (nome fict\u00edcio), que cumpre medida socioeducativa na Funda\u00e7\u00e3o Centro de Atendimento Socioeducativo ao Adolescente (CASA) de Franca, \u00e9 apaixonado por basquete e, sempre que poss\u00edvel, acompanha \u00e0 dist\u00e2ncia os resultados dos seus times preferidos. Nesta segunda ele realizou um sonho com o Sesi Franca Basquete. Ao tomar\u2026","rel":"","context":"In &quot;Not\u00edcias de Franca-SP&quot;","block_context":{"text":"Not\u00edcias de Franca-SP","link":"https:\/\/noticiasribeiraopreto.com.br\/index.php\/category\/noticias-de-ribeirao-preto-sp-e-regiao-ismael-colosi\/noticias-franca-sp\/"},"img":{"alt_text":"","src":"https:\/\/i0.wp.com\/noticiasribeiraopreto.com.br\/wp-content\/uploads\/2025\/04\/franca_basquete-e1743611291953.jpg?fit=1147%2C1025&ssl=1&resize=350%2C200","width":350,"height":200,"srcset":"https:\/\/i0.wp.com\/noticiasribeiraopreto.com.br\/wp-content\/uploads\/2025\/04\/franca_basquete-e1743611291953.jpg?fit=1147%2C1025&ssl=1&resize=350%2C200 1x, https:\/\/i0.wp.com\/noticiasribeiraopreto.com.br\/wp-content\/uploads\/2025\/04\/franca_basquete-e1743611291953.jpg?fit=1147%2C1025&ssl=1&resize=525%2C300 1.5x, https:\/\/i0.wp.com\/noticiasribeiraopreto.com.br\/wp-content\/uploads\/2025\/04\/franca_basquete-e1743611291953.jpg?fit=1147%2C1025&ssl=1&resize=700%2C400 2x, https:\/\/i0.wp.com\/noticiasribeiraopreto.com.br\/wp-content\/uploads\/2025\/04\/franca_basquete-e1743611291953.jpg?fit=1147%2C1025&ssl=1&resize=1050%2C600 3x"},"classes":[]},{"id":23400,"url":"https:\/\/noticiasribeiraopreto.com.br\/index.php\/2024\/01\/02\/adolescentes-sao-apreendidos-apos-roubo-de-carro-em-bonfim-paulista\/","url_meta":{"origin":59505,"position":5},"title":"Adolescentes s\u00e3o apreendidos ap\u00f3s roubo de carro em Bonfim Paulista","author":"noticiasribeiraopreto.com.br","date":"2 de January de 2024","format":false,"excerpt":"A Pol\u00edcia Militar apreendeu tr\u00eas adolescentes ap\u00f3s o roubo de uma Jeep Renegade no distrito de Bonfim Paulista, em Ribeir\u00e3o Preto, na madrugada desta ter\u00e7a-feira (2). A v\u00edtima, um homem de 57 anos, precisou ser internada ap\u00f3s ser agredido e esfaqueado. De acordo com o B.O. (boletim de ocorr\u00eancia), os\u2026","rel":"","context":"In &quot;Not\u00edcias de Ribeir\u00e3o Preto-SP e Regi\u00e3o&quot;","block_context":{"text":"Not\u00edcias de Ribeir\u00e3o Preto-SP e Regi\u00e3o","link":"https:\/\/noticiasribeiraopreto.com.br\/index.php\/category\/noticias-de-ribeirao-preto-sp-e-regiao-ismael-colosi\/"},"img":{"alt_text":"","src":"https:\/\/i0.wp.com\/noticiasribeiraopreto.com.br\/wp-content\/uploads\/2024\/01\/sirene_giroflex_1024x576_11032021085239.jpg?fit=1024%2C576&ssl=1&resize=350%2C200","width":350,"height":200,"srcset":"https:\/\/i0.wp.com\/noticiasribeiraopreto.com.br\/wp-content\/uploads\/2024\/01\/sirene_giroflex_1024x576_11032021085239.jpg?fit=1024%2C576&ssl=1&resize=350%2C200 1x, https:\/\/i0.wp.com\/noticiasribeiraopreto.com.br\/wp-content\/uploads\/2024\/01\/sirene_giroflex_1024x576_11032021085239.jpg?fit=1024%2C576&ssl=1&resize=525%2C300 1.5x, https:\/\/i0.wp.com\/noticiasribeiraopreto.com.br\/wp-content\/uploads\/2024\/01\/sirene_giroflex_1024x576_11032021085239.jpg?fit=1024%2C576&ssl=1&resize=700%2C400 2x"},"classes":[]}],"jetpack_sharing_enabled":true,"jetpack_shortlink":"https:\/\/wp.me\/peQAOb-ftL","_links":{"self":[{"href":"https:\/\/noticiasribeiraopreto.com.br\/index.php\/wp-json\/wp\/v2\/posts\/59505","targetHints":{"allow":["GET"]}}],"collection":[{"href":"https:\/\/noticiasribeiraopreto.com.br\/index.php\/wp-json\/wp\/v2\/posts"}],"about":[{"href":"https:\/\/noticiasribeiraopreto.com.br\/index.php\/wp-json\/wp\/v2\/types\/post"}],"author":[{"embeddable":true,"href":"https:\/\/noticiasribeiraopreto.com.br\/index.php\/wp-json\/wp\/v2\/users\/1"}],"replies":[{"embeddable":true,"href":"https:\/\/noticiasribeiraopreto.com.br\/index.php\/wp-json\/wp\/v2\/comments?post=59505"}],"version-history":[{"count":0,"href":"https:\/\/noticiasribeiraopreto.com.br\/index.php\/wp-json\/wp\/v2\/posts\/59505\/revisions"}],"wp:featuredmedia":[{"embeddable":true,"href":"https:\/\/noticiasribeiraopreto.com.br\/index.php\/wp-json\/wp\/v2\/media\/58349"}],"wp:attachment":[{"href":"https:\/\/noticiasribeiraopreto.com.br\/index.php\/wp-json\/wp\/v2\/media?parent=59505"}],"wp:term":[{"taxonomy":"category","embeddable":true,"href":"https:\/\/noticiasribeiraopreto.com.br\/index.php\/wp-json\/wp\/v2\/categories?post=59505"},{"taxonomy":"post_tag","embeddable":true,"href":"https:\/\/noticiasribeiraopreto.com.br\/index.php\/wp-json\/wp\/v2\/tags?post=59505"}],"curies":[{"name":"wp","href":"https:\/\/api.w.org\/{rel}","templated":true}]}}