{"id":59508,"date":"2024-10-25T07:31:10","date_gmt":"2024-10-25T10:31:10","guid":{"rendered":"https:\/\/noticiasribeiraopreto.com.br\/index.php\/2024\/10\/25\/interior-de-sp-tem-alerta-para-risco-de-novos-temporais-veja-previsao\/"},"modified":"2024-10-25T07:31:10","modified_gmt":"2024-10-25T10:31:10","slug":"interior-de-sp-tem-alerta-para-risco-de-novos-temporais-veja-previsao","status":"publish","type":"post","link":"https:\/\/noticiasribeiraopreto.com.br\/index.php\/2024\/10\/25\/interior-de-sp-tem-alerta-para-risco-de-novos-temporais-veja-previsao\/","title":{"rendered":"Interior de SP tem alerta para risco de novos temporais; Veja previs\u00e3o"},"content":{"rendered":"<p> <br \/>\n<\/p>\n<div data-td-block-uid=\"tdi_106\">\n<div class=\"tdb-block-inner td-fix-index\">\n<p><strong>O avan\u00e7o de uma frente fria deve refor\u00e7ar as instabilidades sobre o interior de S\u00e3o Paulo nesta sexta-feira (25).<\/strong><\/p>\n<p>Segundo a <a href=\"https:\/\/www.climatempo.com.br\/\" target=\"_blank\" rel=\"noreferrer noopener\">Climatempo<\/a>, as regi\u00f5es de Ribeir\u00e3o Preto, S\u00e3o Carlos e Campinas est\u00e3o em alerta para temporais localizados, que podem ocorrer com fortes rajadas de vento, raios e granizo.<\/p>\n<p>O tempo deve permanecer inst\u00e1vel e favor\u00e1vel a pancadas de chuva ao longo do dia.<\/p>\n<h4 class=\"wp-block-heading\"><strong>Chuva continua<\/strong><\/h4>\n<p>A sexta-feira (25) registra chuva desde a madrugada desta sexta em Ribeir\u00e3o Preto.<\/p>\n<p>A Defesa Civil informou que a rotat\u00f3ria de acesso \u00e0 Comunidade da Locomotiva ficou alagada, na zona Norte. Contudo, a \u00e1gua n\u00e3o atingiu as moradias e j\u00e1 escoou.<\/p>\n<p>Nesta quinta-feira (24), houve registro de quedas de \u00e1rvores pela cidade. Os ventos chegaram a 80 km\/h.<\/p>\n<h4 class=\"wp-block-heading\"><strong>Desaparecidos<\/strong><\/h4>\n<p>Duas pessoas seguem desaparecidas nesta sexta-feira, ap\u00f3s um temporal que atingiu Campinas nesta quinta-feira.<\/p>\n<p>O Corpo de Bombeiros mant\u00e9m as buscas.\u00a0<\/p>\n<p>Em Jaborandi, cidade a aproximadamente 110 quil\u00f4metros de Ribeir\u00e3o Preto, 24 pessoas ficaram desalojadas, depois do destelhamento de resid\u00eancias no munic\u00edpio.<\/p>\n<p>As informa\u00e7\u00f5es s\u00e3o da Defesa Civil do Estado de S\u00e3o Paulo.<\/p>\n<blockquote class=\"instagram-media\" data-instgrm-permalink=\"https:\/\/www.instagram.com\/reel\/DBity79umCp\/?utm_source=ig_embed&amp;utm_campaign=loading\" data-instgrm-version=\"14\" style=\" background:#FFF; border:0; border-radius:3px; box-shadow:0 0 1px 0 rgba(0,0,0,0.5),0 1px 10px 0 rgba(0,0,0,0.15); margin: 1px; max-width:540px; min-width:326px; padding:0; width:99.375%; width:-webkit-calc(100% - 2px); width:calc(100% - 2px);\"\/>\n<p>SAIBA MAIS<\/p>\n<p>Ribeir\u00e3o Preto registra rajadas de vento de 80km\/h nesta quinta-feira; veja v\u00eddeo<\/p>\n<h4 class=\"wp-block-heading\"><strong>FIQUE ON<\/strong><\/h4>\n<p>Fique ligado em tudo que acontece em Ribeir\u00e3o Preto e regi\u00e3o. Siga os perfis do\u00a0<strong>acidade on<\/strong>\u00a0no\u00a0<a href=\"https:\/\/www.instagram.com\/acidadeonribeirao\" target=\"_blank\" rel=\"noreferrer noopener\">Instagram\u00a0<\/a>e no\u00a0<a href=\"https:\/\/www.facebook.com\/acidadeonribeirao\/\" target=\"_blank\" rel=\"noreferrer noopener\">Facebook<\/a>.<\/p>\n<p>Receba not\u00edcias do\u00a0<strong>acidade on\u00a0<\/strong>no WhatsApp.\u00a0<a href=\"https:\/\/chat.whatsapp.com\/Fg4ok3aAVyB59DP63pRapr\" target=\"_blank\" rel=\"noreferrer noopener\">Para entrar no grupo, basta clicar aqui.<\/a><\/p>\n<p>Fa\u00e7a uma den\u00fancia ou sugira uma reportagem sobre Ribeir\u00e3o Preto e regi\u00e3o pelo WhatsApp: 16 99117 7802.<\/p>\n<p>VEJA TAMB\u00c9M<\/p>\n<p>Como consultar o lote residual do Imposto de Renda 2024?<\/p>\n<p><!-- CONTENT END 3 -->\n<\/div>\n<\/div>\n<p><script async src=\"\/\/www.instagram.com\/embed.js\"><\/script><br \/>\n<br \/><br \/>\n<br \/><a href=\"https:\/\/www.acidadeon.com\/ribeiraopreto\/cotidiano\/interior-de-sp-tem-alerta-para-risco-de-novos-temporais-veja-previsao\/\">Source link <\/a><\/p>\n","protected":false},"excerpt":{"rendered":"<p>O avan\u00e7o de uma frente fria deve refor\u00e7ar as instabilidades sobre o interior de S\u00e3o Paulo nesta sexta-feira (25). Segundo a Climatempo, as regi\u00f5es de&#8230;<\/p>\n","protected":false},"author":1,"featured_media":59509,"comment_status":"open","ping_status":"open","sticky":false,"template":"","format":"standard","meta":{"advanced_seo_description":"","jetpack_seo_html_title":"","jetpack_seo_noindex":false,"jetpack_post_was_ever_published":false,"_jetpack_newsletter_access":"","_jetpack_dont_email_post_to_subs":false,"_jetpack_newsletter_tier_id":0,"_jetpack_memberships_contains_paywalled_content":false,"_jetpack_memberships_contains_paid_content":false,"footnotes":"","jetpack_publicize_message":"","jetpack_publicize_feature_enabled":true,"jetpack_social_post_already_shared":true,"jetpack_social_options":{"image_generator_settings":{"template":"highway","default_image_id":0,"font":"","enabled":false},"version":2}},"categories":[11],"tags":[],"class_list":["post-59508","post","type-post","status-publish","format-standard","has-post-thumbnail","hentry","category-noticias-de-ribeirao-preto-sp-e-regiao-ismael-colosi"],"jetpack_publicize_connections":[],"jetpack_featured_media_url":"https:\/\/i0.wp.com\/noticiasribeiraopreto.com.br\/wp-content\/uploads\/2024\/10\/1729852271_WhatsApp-Image-2024-02-15-at-08.13.35-1.jpeg?fit=1600%2C720&ssl=1","jetpack-related-posts":[{"id":76451,"url":"https:\/\/noticiasribeiraopreto.com.br\/index.php\/2025\/08\/29\/chuva-marca-a-manha-em-ribeirao-preto-interior-de-sp-tem-alerta-de-temporais\/","url_meta":{"origin":59508,"position":0},"title":"Chuva marca a manh\u00e3 em Ribeir\u00e3o Preto; Interior de SP tem alerta de temporais","author":"noticiasribeiraopreto.com.br","date":"29 de August de 2025","format":false,"excerpt":"A \u00faltima sexta-feira (29) de agosto come\u00e7ou com chuva e c\u00e9u nublado em Ribeir\u00e3o Preto. As temperaturas variam entre 18\u00baC e 28\u00baC ao longo do dia. Segundo a Climatempo, a previs\u00e3o indica sol entre muitas nuvens pela manh\u00e3, com possibilidade de chuva a qualquer hora. Um cavado meteorol\u00f3gico, que avan\u00e7a\u2026","rel":"","context":"In &quot;Not\u00edcias de Ribeir\u00e3o Preto-SP e Regi\u00e3o&quot;","block_context":{"text":"Not\u00edcias de Ribeir\u00e3o Preto-SP e Regi\u00e3o","link":"https:\/\/noticiasribeiraopreto.com.br\/index.php\/category\/noticias-de-ribeirao-preto-sp-e-regiao-ismael-colosi\/"},"img":{"alt_text":"","src":"https:\/\/i0.wp.com\/noticiasribeiraopreto.com.br\/wp-content\/uploads\/2025\/08\/Copia-de-Copia-de-Copia-de-TAMANHO-EXATO-PARA-FOTOS-NO-SISTEMA-NOVO-2025-08-29T075213.748_2025-08-29_10-52-19.webp.webp?fit=1200%2C675&ssl=1&resize=350%2C200","width":350,"height":200,"srcset":"https:\/\/i0.wp.com\/noticiasribeiraopreto.com.br\/wp-content\/uploads\/2025\/08\/Copia-de-Copia-de-Copia-de-TAMANHO-EXATO-PARA-FOTOS-NO-SISTEMA-NOVO-2025-08-29T075213.748_2025-08-29_10-52-19.webp.webp?fit=1200%2C675&ssl=1&resize=350%2C200 1x, https:\/\/i0.wp.com\/noticiasribeiraopreto.com.br\/wp-content\/uploads\/2025\/08\/Copia-de-Copia-de-Copia-de-TAMANHO-EXATO-PARA-FOTOS-NO-SISTEMA-NOVO-2025-08-29T075213.748_2025-08-29_10-52-19.webp.webp?fit=1200%2C675&ssl=1&resize=525%2C300 1.5x, https:\/\/i0.wp.com\/noticiasribeiraopreto.com.br\/wp-content\/uploads\/2025\/08\/Copia-de-Copia-de-Copia-de-TAMANHO-EXATO-PARA-FOTOS-NO-SISTEMA-NOVO-2025-08-29T075213.748_2025-08-29_10-52-19.webp.webp?fit=1200%2C675&ssl=1&resize=700%2C400 2x, https:\/\/i0.wp.com\/noticiasribeiraopreto.com.br\/wp-content\/uploads\/2025\/08\/Copia-de-Copia-de-Copia-de-TAMANHO-EXATO-PARA-FOTOS-NO-SISTEMA-NOVO-2025-08-29T075213.748_2025-08-29_10-52-19.webp.webp?fit=1200%2C675&ssl=1&resize=1050%2C600 3x"},"classes":[]},{"id":60203,"url":"https:\/\/noticiasribeiraopreto.com.br\/index.php\/2024\/11\/08\/alerta-de-temporais-continua-em-todo-o-estado-de-sp-nesta-sexta\/","url_meta":{"origin":59508,"position":1},"title":"Alerta de temporais continua em todo o estado de SP nesta sexta","author":"noticiasribeiraopreto.com.br","date":"8 de November de 2024","format":false,"excerpt":"O alerta emitido pela Defesa Civil Estadual para chuvas intensas e temporais continua nesta sexta-feira (7), em todo o estado de S\u00e3o Paulo. Nesta quinta-feira (6), uma forte chuva causou alagamentos em Ribeir\u00e3o Preto. A cidade registrou 100 mil\u00edmetros de precipita\u00e7\u00e3o em um per\u00edodo de 24 horas, segundo dados do\u2026","rel":"","context":"In &quot;Not\u00edcias de Ribeir\u00e3o Preto-SP e Regi\u00e3o&quot;","block_context":{"text":"Not\u00edcias de Ribeir\u00e3o Preto-SP e Regi\u00e3o","link":"https:\/\/noticiasribeiraopreto.com.br\/index.php\/category\/noticias-de-ribeirao-preto-sp-e-regiao-ismael-colosi\/"},"img":{"alt_text":"","src":"https:\/\/i0.wp.com\/noticiasribeiraopreto.com.br\/wp-content\/uploads\/2024\/10\/WhatsApp-Image-2024-10-23-at-18.14.43_2024-10-23_22-19-38_jpeg_2024-10-23_22-19-39-scaled.webp.webp?fit=1200%2C675&ssl=1&resize=350%2C200","width":350,"height":200,"srcset":"https:\/\/i0.wp.com\/noticiasribeiraopreto.com.br\/wp-content\/uploads\/2024\/10\/WhatsApp-Image-2024-10-23-at-18.14.43_2024-10-23_22-19-38_jpeg_2024-10-23_22-19-39-scaled.webp.webp?fit=1200%2C675&ssl=1&resize=350%2C200 1x, https:\/\/i0.wp.com\/noticiasribeiraopreto.com.br\/wp-content\/uploads\/2024\/10\/WhatsApp-Image-2024-10-23-at-18.14.43_2024-10-23_22-19-38_jpeg_2024-10-23_22-19-39-scaled.webp.webp?fit=1200%2C675&ssl=1&resize=525%2C300 1.5x, https:\/\/i0.wp.com\/noticiasribeiraopreto.com.br\/wp-content\/uploads\/2024\/10\/WhatsApp-Image-2024-10-23-at-18.14.43_2024-10-23_22-19-38_jpeg_2024-10-23_22-19-39-scaled.webp.webp?fit=1200%2C675&ssl=1&resize=700%2C400 2x, https:\/\/i0.wp.com\/noticiasribeiraopreto.com.br\/wp-content\/uploads\/2024\/10\/WhatsApp-Image-2024-10-23-at-18.14.43_2024-10-23_22-19-38_jpeg_2024-10-23_22-19-39-scaled.webp.webp?fit=1200%2C675&ssl=1&resize=1050%2C600 3x"},"classes":[]},{"id":62496,"url":"https:\/\/noticiasribeiraopreto.com.br\/index.php\/2025\/01\/16\/interior-de-sp-tem-alerta-para-temporais-nesta-quinta-confira-a-previsao-do-tempo\/","url_meta":{"origin":59508,"position":2},"title":"Interior de SP tem alerta para temporais nesta quinta; Confira a previs\u00e3o do tempo","author":"noticiasribeiraopreto.com.br","date":"16 de January de 2025","format":false,"excerpt":"O interior de S\u00e3o Paulo est\u00e1 em alerta para o risco de temporais nesta quinta-feira (16). Segundo a Climatempo, a mudan\u00e7a no padr\u00e3o da circula\u00e7\u00e3o dos ventos estimula o fluxo de umidade em dire\u00e7\u00e3o ao estado de S\u00e3o Paulo, o que deixa o tempo inst\u00e1vel. As regi\u00f5es de Ribeir\u00e3o Preto,\u2026","rel":"","context":"In &quot;Not\u00edcias de Ribeir\u00e3o Preto-SP e Regi\u00e3o&quot;","block_context":{"text":"Not\u00edcias de Ribeir\u00e3o Preto-SP e Regi\u00e3o","link":"https:\/\/noticiasribeiraopreto.com.br\/index.php\/category\/noticias-de-ribeirao-preto-sp-e-regiao-ismael-colosi\/"},"img":{"alt_text":"","src":"https:\/\/i0.wp.com\/noticiasribeiraopreto.com.br\/wp-content\/uploads\/2024\/10\/WhatsApp-Image-2024-10-23-at-18.14.43_2024-10-23_22-19-38_jpeg_2024-10-23_22-19-39-scaled.webp.webp?fit=1200%2C675&ssl=1&resize=350%2C200","width":350,"height":200,"srcset":"https:\/\/i0.wp.com\/noticiasribeiraopreto.com.br\/wp-content\/uploads\/2024\/10\/WhatsApp-Image-2024-10-23-at-18.14.43_2024-10-23_22-19-38_jpeg_2024-10-23_22-19-39-scaled.webp.webp?fit=1200%2C675&ssl=1&resize=350%2C200 1x, https:\/\/i0.wp.com\/noticiasribeiraopreto.com.br\/wp-content\/uploads\/2024\/10\/WhatsApp-Image-2024-10-23-at-18.14.43_2024-10-23_22-19-38_jpeg_2024-10-23_22-19-39-scaled.webp.webp?fit=1200%2C675&ssl=1&resize=525%2C300 1.5x, https:\/\/i0.wp.com\/noticiasribeiraopreto.com.br\/wp-content\/uploads\/2024\/10\/WhatsApp-Image-2024-10-23-at-18.14.43_2024-10-23_22-19-38_jpeg_2024-10-23_22-19-39-scaled.webp.webp?fit=1200%2C675&ssl=1&resize=700%2C400 2x, https:\/\/i0.wp.com\/noticiasribeiraopreto.com.br\/wp-content\/uploads\/2024\/10\/WhatsApp-Image-2024-10-23-at-18.14.43_2024-10-23_22-19-38_jpeg_2024-10-23_22-19-39-scaled.webp.webp?fit=1200%2C675&ssl=1&resize=1050%2C600 3x"},"classes":[]},{"id":78416,"url":"https:\/\/noticiasribeiraopreto.com.br\/index.php\/2025\/10\/10\/interior-de-sp-tem-alerta-para-temporais-nesta-sexta-veja-regioes\/","url_meta":{"origin":59508,"position":3},"title":"Interior de SP tem alerta para temporais nesta sexta; Veja regi\u00f5es","author":"noticiasribeiraopreto.com.br","date":"10 de October de 2025","format":false,"excerpt":"A sexta-feira (10) come\u00e7a com alerta para temporais no interior de S\u00e3o Paulo. Segundo a Climatempo, a faixa que aponta risco para chuva de moderada a forte, com ventos de at\u00e9 70 km\/h, abrange parte do norte, do centro, o leste e sul do estado paulista. Confira o mapa abaixo.\u2026","rel":"","context":"In &quot;Not\u00edcias de Ribeir\u00e3o Preto-SP e Regi\u00e3o&quot;","block_context":{"text":"Not\u00edcias de Ribeir\u00e3o Preto-SP e Regi\u00e3o","link":"https:\/\/noticiasribeiraopreto.com.br\/index.php\/category\/noticias-de-ribeirao-preto-sp-e-regiao-ismael-colosi\/"},"img":{"alt_text":"","src":"https:\/\/i0.wp.com\/noticiasribeiraopreto.com.br\/wp-content\/uploads\/2025\/10\/WhatsApp-Image-2025-03-11-at-08.31.43_2025-03-11_11-32-18_jpeg_2025-03-11_11-32-18.webp.webp?fit=1200%2C900&ssl=1&resize=350%2C200","width":350,"height":200,"srcset":"https:\/\/i0.wp.com\/noticiasribeiraopreto.com.br\/wp-content\/uploads\/2025\/10\/WhatsApp-Image-2025-03-11-at-08.31.43_2025-03-11_11-32-18_jpeg_2025-03-11_11-32-18.webp.webp?fit=1200%2C900&ssl=1&resize=350%2C200 1x, https:\/\/i0.wp.com\/noticiasribeiraopreto.com.br\/wp-content\/uploads\/2025\/10\/WhatsApp-Image-2025-03-11-at-08.31.43_2025-03-11_11-32-18_jpeg_2025-03-11_11-32-18.webp.webp?fit=1200%2C900&ssl=1&resize=525%2C300 1.5x, https:\/\/i0.wp.com\/noticiasribeiraopreto.com.br\/wp-content\/uploads\/2025\/10\/WhatsApp-Image-2025-03-11-at-08.31.43_2025-03-11_11-32-18_jpeg_2025-03-11_11-32-18.webp.webp?fit=1200%2C900&ssl=1&resize=700%2C400 2x, https:\/\/i0.wp.com\/noticiasribeiraopreto.com.br\/wp-content\/uploads\/2025\/10\/WhatsApp-Image-2025-03-11-at-08.31.43_2025-03-11_11-32-18_jpeg_2025-03-11_11-32-18.webp.webp?fit=1200%2C900&ssl=1&resize=1050%2C600 3x"},"classes":[]},{"id":12569,"url":"https:\/\/noticiasribeiraopreto.com.br\/index.php\/2023\/12\/08\/frente-fria-avanca-e-deixa-interior-de-sp-em-alerta-para-temporais-nesta-sexta\/","url_meta":{"origin":59508,"position":4},"title":"Frente fria avan\u00e7a e deixa interior de SP em alerta para temporais nesta sexta","author":"noticiasribeiraopreto.com.br","date":"8 de December de 2023","format":false,"excerpt":"A passagem de uma frente fria, o ar quente e a umidade estimulam a forma\u00e7\u00e3o de nuvens carregadas nesta sexta-feira (8), que podem provocar temporais no interior de S\u00e3o Paulo. Segundo o Climatempo, o sol aparece, o ar fica abafado e h\u00e1 previs\u00e3o de pancadas de chuva com raios, principalmente\u2026","rel":"","context":"In &quot;Not\u00edcias de Ribeir\u00e3o Preto-SP e Regi\u00e3o&quot;","block_context":{"text":"Not\u00edcias de Ribeir\u00e3o Preto-SP e Regi\u00e3o","link":"https:\/\/noticiasribeiraopreto.com.br\/index.php\/category\/noticias-de-ribeirao-preto-sp-e-regiao-ismael-colosi\/"},"img":{"alt_text":"","src":"https:\/\/i0.wp.com\/noticiasribeiraopreto.com.br\/wp-content\/uploads\/2023\/12\/1702037593_WhatsApp-Image-2023-11-24-at-11.08.54.jpeg?fit=1200%2C523&ssl=1&resize=350%2C200","width":350,"height":200,"srcset":"https:\/\/i0.wp.com\/noticiasribeiraopreto.com.br\/wp-content\/uploads\/2023\/12\/1702037593_WhatsApp-Image-2023-11-24-at-11.08.54.jpeg?fit=1200%2C523&ssl=1&resize=350%2C200 1x, https:\/\/i0.wp.com\/noticiasribeiraopreto.com.br\/wp-content\/uploads\/2023\/12\/1702037593_WhatsApp-Image-2023-11-24-at-11.08.54.jpeg?fit=1200%2C523&ssl=1&resize=525%2C300 1.5x, https:\/\/i0.wp.com\/noticiasribeiraopreto.com.br\/wp-content\/uploads\/2023\/12\/1702037593_WhatsApp-Image-2023-11-24-at-11.08.54.jpeg?fit=1200%2C523&ssl=1&resize=700%2C400 2x, https:\/\/i0.wp.com\/noticiasribeiraopreto.com.br\/wp-content\/uploads\/2023\/12\/1702037593_WhatsApp-Image-2023-11-24-at-11.08.54.jpeg?fit=1200%2C523&ssl=1&resize=1050%2C600 3x"},"classes":[]},{"id":84335,"url":"https:\/\/noticiasribeiraopreto.com.br\/index.php\/2026\/04\/07\/frente-fria-vira-o-tempo-no-interior-de-sp-e-traz-risco-de-temporais-veja-previsao\/","url_meta":{"origin":59508,"position":5},"title":"Frente fria vira o tempo no interior de SP e traz risco de temporais; Veja previs\u00e3o","author":"noticiasribeiraopreto.com.br","date":"7 de April de 2026","format":false,"excerpt":"Ler o resumo da not\u00edcia Frente fria muda o tempo no interior de SP a partir desta quarta-feira (8), com risco de temporais. Pancadas de chuva podem ocorrer desde as primeiras horas do dia, especialmente no nordeste Paulista e divisa com Minas Gerais. Instabilidades devem se intensificar e atuar de\u2026","rel":"","context":"In &quot;Not\u00edcias de Ribeir\u00e3o Preto-SP e Regi\u00e3o&quot;","block_context":{"text":"Not\u00edcias de Ribeir\u00e3o Preto-SP e Regi\u00e3o","link":"https:\/\/noticiasribeiraopreto.com.br\/index.php\/category\/noticias-de-ribeirao-preto-sp-e-regiao-ismael-colosi\/"},"img":{"alt_text":"","src":"https:\/\/i0.wp.com\/noticiasribeiraopreto.com.br\/wp-content\/uploads\/2026\/04\/chuva_sexta_08_2024-12-30_19-10-10_jpg_2024-12-30_19-10-11-1024x683.webp.webp?fit=1024%2C683&ssl=1&resize=350%2C200","width":350,"height":200,"srcset":"https:\/\/i0.wp.com\/noticiasribeiraopreto.com.br\/wp-content\/uploads\/2026\/04\/chuva_sexta_08_2024-12-30_19-10-10_jpg_2024-12-30_19-10-11-1024x683.webp.webp?fit=1024%2C683&ssl=1&resize=350%2C200 1x, https:\/\/i0.wp.com\/noticiasribeiraopreto.com.br\/wp-content\/uploads\/2026\/04\/chuva_sexta_08_2024-12-30_19-10-10_jpg_2024-12-30_19-10-11-1024x683.webp.webp?fit=1024%2C683&ssl=1&resize=525%2C300 1.5x, https:\/\/i0.wp.com\/noticiasribeiraopreto.com.br\/wp-content\/uploads\/2026\/04\/chuva_sexta_08_2024-12-30_19-10-10_jpg_2024-12-30_19-10-11-1024x683.webp.webp?fit=1024%2C683&ssl=1&resize=700%2C400 2x"},"classes":[]}],"jetpack_sharing_enabled":true,"jetpack_shortlink":"https:\/\/wp.me\/peQAOb-ftO","_links":{"self":[{"href":"https:\/\/noticiasribeiraopreto.com.br\/index.php\/wp-json\/wp\/v2\/posts\/59508","targetHints":{"allow":["GET"]}}],"collection":[{"href":"https:\/\/noticiasribeiraopreto.com.br\/index.php\/wp-json\/wp\/v2\/posts"}],"about":[{"href":"https:\/\/noticiasribeiraopreto.com.br\/index.php\/wp-json\/wp\/v2\/types\/post"}],"author":[{"embeddable":true,"href":"https:\/\/noticiasribeiraopreto.com.br\/index.php\/wp-json\/wp\/v2\/users\/1"}],"replies":[{"embeddable":true,"href":"https:\/\/noticiasribeiraopreto.com.br\/index.php\/wp-json\/wp\/v2\/comments?post=59508"}],"version-history":[{"count":0,"href":"https:\/\/noticiasribeiraopreto.com.br\/index.php\/wp-json\/wp\/v2\/posts\/59508\/revisions"}],"wp:featuredmedia":[{"embeddable":true,"href":"https:\/\/noticiasribeiraopreto.com.br\/index.php\/wp-json\/wp\/v2\/media\/59509"}],"wp:attachment":[{"href":"https:\/\/noticiasribeiraopreto.com.br\/index.php\/wp-json\/wp\/v2\/media?parent=59508"}],"wp:term":[{"taxonomy":"category","embeddable":true,"href":"https:\/\/noticiasribeiraopreto.com.br\/index.php\/wp-json\/wp\/v2\/categories?post=59508"},{"taxonomy":"post_tag","embeddable":true,"href":"https:\/\/noticiasribeiraopreto.com.br\/index.php\/wp-json\/wp\/v2\/tags?post=59508"}],"curies":[{"name":"wp","href":"https:\/\/api.w.org\/{rel}","templated":true}]}}