{"id":59510,"date":"2024-10-25T07:40:28","date_gmt":"2024-10-25T10:40:28","guid":{"rendered":"https:\/\/noticiasribeiraopreto.com.br\/index.php\/2024\/10\/25\/morre-o-ex-pugilista-maguila-icone-do-boxe-brasileiro-aos-66-anos\/"},"modified":"2024-10-25T07:40:28","modified_gmt":"2024-10-25T10:40:28","slug":"morre-o-ex-pugilista-maguila-icone-do-boxe-brasileiro-aos-66-anos","status":"publish","type":"post","link":"https:\/\/noticiasribeiraopreto.com.br\/index.php\/2024\/10\/25\/morre-o-ex-pugilista-maguila-icone-do-boxe-brasileiro-aos-66-anos\/","title":{"rendered":"Morre o Ex-Pugilista Maguila, \u00cdcone do Boxe Brasileiro, aos 66 Anos"},"content":{"rendered":"<div class='code-block code-block-1' style='margin: 8px 0 8px auto; text-align: right; display: block; clear: both;'>\n<p><a href=\"https:\/\/wa.link\/vpicfd\"><img data-recalc-dims=\"1\" class=\"wp-image-4922\" style=\"aspect-ratio: 2.0253164556962027; width: 561px; height: auto;\" src=\"https:\/\/i0.wp.com\/ismaelcolosi.com.br\/wp-content\/uploads\/2023\/11\/grupo-de-empregos-whatsapp-e-facebook-ismael-colosi-vagas.jpg?ssl=1\" alt=\"\" \/><\/a><\/p>\n<!-- \/wp:image -->\n<\/div>\n<p> <br \/>\n<\/p>\n<div>\n<p>O Brasil se despede de um dos maiores \u00edcones do boxe nacional: Ad\u00edlson Rodrigues, conhecido como Maguila, faleceu aos 66 anos. O ex-pugilista, que cativou o p\u00fablico brasileiro com seu carisma e determina\u00e7\u00e3o, lutava h\u00e1 anos contra complica\u00e7\u00f5es de sa\u00fade, incluindo o diagn\u00f3stico de dem\u00eancia pugil\u00edstica, uma condi\u00e7\u00e3o relacionada ao trauma repetitivo na cabe\u00e7a, comum entre boxeadores.<\/p>\n<p>Natural de Aracaju, Maguila come\u00e7ou sua trajet\u00f3ria no boxe de maneira humilde, mas rapidamente chamou a aten\u00e7\u00e3o pelo estilo combativo e pela for\u00e7a de vontade. Nos anos 1980 e 1990, ele se tornou o rosto do boxe no Brasil, enfrentando advers\u00e1rios internacionais e construindo uma carreira que inspirou novos talentos do esporte. Sua personalidade carism\u00e1tica e suas declara\u00e7\u00f5es ic\u00f4nicas transformaram-no em uma figura querida n\u00e3o apenas no ringue, mas tamb\u00e9m na m\u00eddia e entre f\u00e3s.<\/p>\n<h3>Uma Carreira de Destaque no Boxe Internacional<\/h3>\n<p>Maguila estreou no boxe profissional em 1983 e logo conquistou vit\u00f3rias que o levariam a combates decisivos, incluindo lutas memor\u00e1veis contra lendas do boxe como Evander Holyfield e George Foreman. Ao longo de sua carreira, acumulou 85 vit\u00f3rias, com 66 por nocaute, e perdeu apenas sete lutas. Ele conquistou importantes t\u00edtulos, como o Campeonato Sul-Americano e o Campeonato Mundial de Boxe na categoria peso-pesado, representando o Brasil e elevando o boxe nacional a um novo patamar.<\/p>\n<p>Seus confrontos eram transmitidos em hor\u00e1rio nobre na TV brasileira, e Maguila rapidamente se tornou um her\u00f3i popular, atraindo multid\u00f5es para acompanhar suas lutas. Al\u00e9m de sua habilidade no ringue, o ex-pugilista conquistava o p\u00fablico com um jeito irreverente e espont\u00e2neo, tornando-se um \u00eddolo de muitos brasileiros que viam em sua trajet\u00f3ria de supera\u00e7\u00e3o um exemplo de resili\u00eancia.<\/p>\n<h3>A Luta Fora dos Ringues<\/h3>\n<p>Nos \u00faltimos anos, Maguila enfrentou uma batalha contra a dem\u00eancia pugil\u00edstica, condi\u00e7\u00e3o agravada pelo impacto dos golpes recebidos ao longo de sua carreira. A doen\u00e7a afetou sua mem\u00f3ria e outras fun\u00e7\u00f5es cognitivas, tornando-se um desafio di\u00e1rio para ele e sua fam\u00edlia. Sua esposa, Irani Pinheiro, cuidou de Maguila e tornou-se uma defensora dos direitos dos atletas que sofrem com as consequ\u00eancias das les\u00f5es do esporte.<\/p>\n<p>O caso de Maguila trouxe \u00e0 tona o debate sobre a sa\u00fade de boxeadores e atletas de esportes de alto impacto, promovendo discuss\u00f5es sobre a necessidade de assist\u00eancia m\u00e9dica para aqueles que dedicaram a vida ao esporte. Diversas iniciativas surgiram para garantir acompanhamento m\u00e9dico especializado a ex-atletas, e Maguila se tornou um s\u00edmbolo dessa luta por dignidade e reconhecimento.<\/p>\n<h3>Um Legado de Inspira\u00e7\u00e3o e Supera\u00e7\u00e3o<\/h3>\n<p>Maguila deixa um legado duradouro no esporte brasileiro. Ele n\u00e3o foi apenas um campe\u00e3o no ringue, mas tamb\u00e9m um s\u00edmbolo de supera\u00e7\u00e3o para milh\u00f5es de brasileiros que acompanhavam cada vit\u00f3ria e derrota com emo\u00e7\u00e3o. Sua trajet\u00f3ria de vida, de menino humilde de Aracaju a \u00eddolo do boxe, serve de inspira\u00e7\u00e3o para jovens atletas que sonham em conquistar o mundo do esporte.<\/p>\n<p>Com sua partida, o boxe nacional perde um de seus maiores \u00edcones, e o Brasil se despede de um her\u00f3i popular. Maguila ser\u00e1 lembrado n\u00e3o s\u00f3 pelos cintur\u00f5es e t\u00edtulos conquistados, mas pelo impacto profundo que teve na hist\u00f3ria do esporte e pelo carinho com que tratava seu p\u00fablico, que sempre o acompanhou fielmente.<\/p>\n<p>&#13;<br \/>\n\t\t\t\t<span class=\"post-views-icon dashicons dashicons-chart-bar\"\/> <span class=\"post-views-label\">Visualiza\u00e7\u00f5es:<\/span> <span class=\"post-views-count\">2<\/span>&#13;\n\t\t\t<\/p>\n<\/p><\/div>\n<p><br \/>\n<br \/><a href=\"https:\/\/folhaderibeirao.com.br\/2024\/10\/25\/morre-o-ex-pugilista-maguila-icone-do-boxe-brasileiro-aos-66-anos\/\">Source link <\/a><\/p>\n<!-- CONTENT END 1 -->\n","protected":false},"excerpt":{"rendered":"<p>O Brasil se despede de um dos maiores \u00edcones do boxe nacional: Ad\u00edlson Rodrigues, conhecido como Maguila, faleceu aos 66 anos. O ex-pugilista, que cativou&#8230;<\/p>\n","protected":false},"author":1,"featured_media":59511,"comment_status":"open","ping_status":"open","sticky":false,"template":"","format":"standard","meta":{"advanced_seo_description":"","jetpack_seo_html_title":"","jetpack_seo_noindex":false,"jetpack_post_was_ever_published":false,"_jetpack_newsletter_access":"","_jetpack_dont_email_post_to_subs":false,"_jetpack_newsletter_tier_id":0,"_jetpack_memberships_contains_paywalled_content":false,"_jetpack_memberships_contains_paid_content":false,"footnotes":"","jetpack_publicize_message":"","jetpack_publicize_feature_enabled":true,"jetpack_social_post_already_shared":true,"jetpack_social_options":{"image_generator_settings":{"template":"highway","default_image_id":0,"font":"","enabled":false},"version":2}},"categories":[11],"tags":[84,1428,5942,484,5940,5744,5941,271],"class_list":["post-59510","post","type-post","status-publish","format-standard","has-post-thumbnail","hentry","category-noticias-de-ribeirao-preto-sp-e-regiao-ismael-colosi","tag-anos","tag-aos","tag-boxe","tag-brasileiro","tag-expugilista","tag-icone","tag-maguila","tag-morre"],"jetpack_publicize_connections":[],"jetpack_featured_media_url":"https:\/\/i0.wp.com\/noticiasribeiraopreto.com.br\/wp-content\/uploads\/2024\/10\/snapinsta.app_180693816_463544268089229_5380552696734499788_n_1080.webp.webp?fit=1170%2C700&ssl=1","jetpack-related-posts":[{"id":59514,"url":"https:\/\/noticiasribeiraopreto.com.br\/index.php\/2024\/10\/25\/morre-o-cineasta-vladimir-carvalho-icone-do-documentario-brasileiro-aos-89-anos\/","url_meta":{"origin":59510,"position":0},"title":"Morre o Cineasta Vladimir Carvalho, \u00edcone do Document\u00e1rio Brasileiro, aos 89 Anos","author":"noticiasribeiraopreto.com.br","date":"25 de October de 2024","format":false,"excerpt":"Faleceu em Bras\u00edlia, aos 89 anos, o cineasta e professor Vladimir Carvalho, um dos grandes nomes do cinema documental brasileiro. Conhecido por sua dedica\u00e7\u00e3o em retratar o Brasil de forma aut\u00eantica e corajosa, Carvalho deixa um legado marcante, com obras que exploram temas sociais, culturais e hist\u00f3ricos, al\u00e9m de uma\u2026","rel":"","context":"In &quot;Not\u00edcias de Ribeir\u00e3o Preto-SP e Regi\u00e3o&quot;","block_context":{"text":"Not\u00edcias de Ribeir\u00e3o Preto-SP e Regi\u00e3o","link":"https:\/\/noticiasribeiraopreto.com.br\/index.php\/category\/noticias-de-ribeirao-preto-sp-e-regiao-ismael-colosi\/"},"img":{"alt_text":"","src":"https:\/\/i0.wp.com\/noticiasribeiraopreto.com.br\/wp-content\/uploads\/2024\/10\/1047640-edit_02841.webp.webp?fit=1170%2C700&ssl=1&resize=350%2C200","width":350,"height":200,"srcset":"https:\/\/i0.wp.com\/noticiasribeiraopreto.com.br\/wp-content\/uploads\/2024\/10\/1047640-edit_02841.webp.webp?fit=1170%2C700&ssl=1&resize=350%2C200 1x, https:\/\/i0.wp.com\/noticiasribeiraopreto.com.br\/wp-content\/uploads\/2024\/10\/1047640-edit_02841.webp.webp?fit=1170%2C700&ssl=1&resize=525%2C300 1.5x, https:\/\/i0.wp.com\/noticiasribeiraopreto.com.br\/wp-content\/uploads\/2024\/10\/1047640-edit_02841.webp.webp?fit=1170%2C700&ssl=1&resize=700%2C400 2x, https:\/\/i0.wp.com\/noticiasribeiraopreto.com.br\/wp-content\/uploads\/2024\/10\/1047640-edit_02841.webp.webp?fit=1170%2C700&ssl=1&resize=1050%2C600 3x"},"classes":[]},{"id":75452,"url":"https:\/\/noticiasribeiraopreto.com.br\/index.php\/2025\/08\/08\/morre-arlindo-cruz-icone-do-samba-aos-66-anos-2\/","url_meta":{"origin":59510,"position":1},"title":"Morre Arlindo Cruz, \u00edcone do samba, aos 66 anos","author":"noticiasribeiraopreto.com.br","date":"8 de August de 2025","format":false,"excerpt":"O cantor, multi-instrumentista e compositor Arlindo Cruz morreu no Rio de Janeiro nesta sexta-feira (8), aos 66 anos. A mulher do artista, Babi Cruz, confirmou a not\u00edcia. Arlindo faleceu no hospital Barra D\u2019Or, na Zona Oeste da cidade. O sambista lutava contra as sequelas de um acidente vascular cerebral (AVC)\u2026","rel":"","context":"In &quot;Not\u00edcias de Ribeir\u00e3o Preto-SP e Regi\u00e3o&quot;","block_context":{"text":"Not\u00edcias de Ribeir\u00e3o Preto-SP e Regi\u00e3o","link":"https:\/\/noticiasribeiraopreto.com.br\/index.php\/category\/noticias-de-ribeirao-preto-sp-e-regiao-ismael-colosi\/"},"img":{"alt_text":"","src":"https:\/\/i0.wp.com\/noticiasribeiraopreto.com.br\/wp-content\/uploads\/2025\/08\/Copia-de-Copia-de-Copia-de-TAMANHO-EXATO-PARA-FOTOS-NO-SISTEMA-NOVO-2025-08-08T153135.776_2025-08-08_18-31-47.webp.webp?fit=1200%2C675&ssl=1&resize=350%2C200","width":350,"height":200,"srcset":"https:\/\/i0.wp.com\/noticiasribeiraopreto.com.br\/wp-content\/uploads\/2025\/08\/Copia-de-Copia-de-Copia-de-TAMANHO-EXATO-PARA-FOTOS-NO-SISTEMA-NOVO-2025-08-08T153135.776_2025-08-08_18-31-47.webp.webp?fit=1200%2C675&ssl=1&resize=350%2C200 1x, https:\/\/i0.wp.com\/noticiasribeiraopreto.com.br\/wp-content\/uploads\/2025\/08\/Copia-de-Copia-de-Copia-de-TAMANHO-EXATO-PARA-FOTOS-NO-SISTEMA-NOVO-2025-08-08T153135.776_2025-08-08_18-31-47.webp.webp?fit=1200%2C675&ssl=1&resize=525%2C300 1.5x, https:\/\/i0.wp.com\/noticiasribeiraopreto.com.br\/wp-content\/uploads\/2025\/08\/Copia-de-Copia-de-Copia-de-TAMANHO-EXATO-PARA-FOTOS-NO-SISTEMA-NOVO-2025-08-08T153135.776_2025-08-08_18-31-47.webp.webp?fit=1200%2C675&ssl=1&resize=700%2C400 2x, https:\/\/i0.wp.com\/noticiasribeiraopreto.com.br\/wp-content\/uploads\/2025\/08\/Copia-de-Copia-de-Copia-de-TAMANHO-EXATO-PARA-FOTOS-NO-SISTEMA-NOVO-2025-08-08T153135.776_2025-08-08_18-31-47.webp.webp?fit=1200%2C675&ssl=1&resize=1050%2C600 3x"},"classes":[]},{"id":75431,"url":"https:\/\/noticiasribeiraopreto.com.br\/index.php\/2025\/08\/08\/morre-arlindo-cruz-icone-do-samba-aos-66-anos\/","url_meta":{"origin":59510,"position":2},"title":"Morre Arlindo Cruz, \u00edcone do samba, aos 66 anos","author":"noticiasribeiraopreto.com.br","date":"8 de August de 2025","format":false,"excerpt":"8 de agosto de 2025 15:480 Compartilhar0 O cantor, compositor e multi-instrumentista Arlindo Domingos da Cruz Filho, conhecido como Arlindo Cruz, faleceu hoje aos 66 anos no Rio de Janeiro. A confirma\u00e7\u00e3o foi feita por sua esposa, Babi Cruz. Arlindo sofreu um Acidente Vascular Cerebral hemorr\u00e1gico em mar\u00e7o de 2017.\u2026","rel":"","context":"In &quot;Not\u00edcias de Ribeir\u00e3o Preto-SP e Regi\u00e3o&quot;","block_context":{"text":"Not\u00edcias de Ribeir\u00e3o Preto-SP e Regi\u00e3o","link":"https:\/\/noticiasribeiraopreto.com.br\/index.php\/category\/noticias-de-ribeirao-preto-sp-e-regiao-ismael-colosi\/"},"img":{"alt_text":"","src":"https:\/\/i0.wp.com\/noticiasribeiraopreto.com.br\/wp-content\/uploads\/2025\/08\/arlindocruz.jpg?fit=960%2C640&ssl=1&resize=350%2C200","width":350,"height":200,"srcset":"https:\/\/i0.wp.com\/noticiasribeiraopreto.com.br\/wp-content\/uploads\/2025\/08\/arlindocruz.jpg?fit=960%2C640&ssl=1&resize=350%2C200 1x, https:\/\/i0.wp.com\/noticiasribeiraopreto.com.br\/wp-content\/uploads\/2025\/08\/arlindocruz.jpg?fit=960%2C640&ssl=1&resize=525%2C300 1.5x, https:\/\/i0.wp.com\/noticiasribeiraopreto.com.br\/wp-content\/uploads\/2025\/08\/arlindocruz.jpg?fit=960%2C640&ssl=1&resize=700%2C400 2x"},"classes":[]},{"id":59487,"url":"https:\/\/noticiasribeiraopreto.com.br\/index.php\/2024\/10\/24\/ex-boxeador-maguila-morre-aos-66-anos\/","url_meta":{"origin":59510,"position":3},"title":"Ex-boxeador Maguila morre aos 66 anos","author":"noticiasribeiraopreto.com.br","date":"24 de October de 2024","format":false,"excerpt":"Morreu nesta quinta-feira (24), aos 66 anos, o ex-boxeador Jos\u00e9 Adilson dos Santos, mais conhecido como Maguila. A informa\u00e7\u00e3o foi confirmada pela esposa do ex-atleta \u00e0 Record TV. Considerado um dos maiores boxeadores da hist\u00f3ria do esporte no Brasil, o Maguila sofria de encefalopatia traum\u00e1tica cr\u00f4nica, doen\u00e7a conhecida como \u201cdem\u00eancia\u2026","rel":"","context":"In &quot;Not\u00edcias de Ribeir\u00e3o Preto-SP e Regi\u00e3o&quot;","block_context":{"text":"Not\u00edcias de Ribeir\u00e3o Preto-SP e Regi\u00e3o","link":"https:\/\/noticiasribeiraopreto.com.br\/index.php\/category\/noticias-de-ribeirao-preto-sp-e-regiao-ismael-colosi\/"},"img":{"alt_text":"","src":"https:\/\/i0.wp.com\/noticiasribeiraopreto.com.br\/wp-content\/uploads\/2024\/10\/Copia-de-Copia-de-Copia-de-TAMANHO-EXATO-PARA-FOTOS-NO-SISTEMA-NOVO-2024-10-24T154738.316_2024-10-24_18-48-39_png_2024-10-24_18-48-40.webp.webp?fit=1200%2C675&ssl=1&resize=350%2C200","width":350,"height":200,"srcset":"https:\/\/i0.wp.com\/noticiasribeiraopreto.com.br\/wp-content\/uploads\/2024\/10\/Copia-de-Copia-de-Copia-de-TAMANHO-EXATO-PARA-FOTOS-NO-SISTEMA-NOVO-2024-10-24T154738.316_2024-10-24_18-48-39_png_2024-10-24_18-48-40.webp.webp?fit=1200%2C675&ssl=1&resize=350%2C200 1x, https:\/\/i0.wp.com\/noticiasribeiraopreto.com.br\/wp-content\/uploads\/2024\/10\/Copia-de-Copia-de-Copia-de-TAMANHO-EXATO-PARA-FOTOS-NO-SISTEMA-NOVO-2024-10-24T154738.316_2024-10-24_18-48-39_png_2024-10-24_18-48-40.webp.webp?fit=1200%2C675&ssl=1&resize=525%2C300 1.5x, https:\/\/i0.wp.com\/noticiasribeiraopreto.com.br\/wp-content\/uploads\/2024\/10\/Copia-de-Copia-de-Copia-de-TAMANHO-EXATO-PARA-FOTOS-NO-SISTEMA-NOVO-2024-10-24T154738.316_2024-10-24_18-48-39_png_2024-10-24_18-48-40.webp.webp?fit=1200%2C675&ssl=1&resize=700%2C400 2x, https:\/\/i0.wp.com\/noticiasribeiraopreto.com.br\/wp-content\/uploads\/2024\/10\/Copia-de-Copia-de-Copia-de-TAMANHO-EXATO-PARA-FOTOS-NO-SISTEMA-NOVO-2024-10-24T154738.316_2024-10-24_18-48-39_png_2024-10-24_18-48-40.webp.webp?fit=1200%2C675&ssl=1&resize=1050%2C600 3x"},"classes":[]},{"id":84911,"url":"https:\/\/noticiasribeiraopreto.com.br\/index.php\/2026\/04\/17\/morre-oscar-schmidt-idolo-do-basquete-brasileiro-aos-68-anos\/","url_meta":{"origin":59510,"position":4},"title":"Morre Oscar Schmidt, \u00eddolo do basquete brasileiro, aos 68 anos","author":"noticiasribeiraopreto.com.br","date":"17 de April de 2026","format":false,"excerpt":"\r Ex-atleta sofreu mal-estar e chegou a ser internado; causa da morte n\u00e3o foi revelada\r \r 17 de abril de 2026 17:04 \r Compartilhar1 O basquetebol brasileiro perdeu um de seus maiores \u00edcones nesta sexta-feira (17). Oscar Schmidt morreu aos 68 anos de idade, em Santana de Parna\u00edba (SP), ap\u00f3s\u2026","rel":"","context":"In &quot;Not\u00edcias de Ribeir\u00e3o Preto-SP e Regi\u00e3o&quot;","block_context":{"text":"Not\u00edcias de Ribeir\u00e3o Preto-SP e Regi\u00e3o","link":"https:\/\/noticiasribeiraopreto.com.br\/index.php\/category\/noticias-de-ribeirao-preto-sp-e-regiao-ismael-colosi\/"},"img":{"alt_text":"","src":"https:\/\/i0.wp.com\/noticiasribeiraopreto.com.br\/wp-content\/uploads\/2026\/04\/Oscar-Schmidt-Instagram.jpeg?fit=450%2C280&ssl=1&resize=350%2C200","width":350,"height":200},"classes":[]},{"id":62615,"url":"https:\/\/noticiasribeiraopreto.com.br\/index.php\/2025\/01\/19\/morre-aos-92-anos-leo-batista-a-voz-marcante-do-jornalismo-brasileiro\/","url_meta":{"origin":59510,"position":5},"title":"Morre aos 92 anos, L\u00e9o Batista, a &#8216;voz marcante&#8217; do jornalismo brasileiro","author":"noticiasribeiraopreto.com.br","date":"19 de January de 2025","format":false,"excerpt":"Morreu neste domingo (19), o jornalista, apresentador e locutor L\u00e9o Batista, um dos grandes nomes na hist\u00f3ria do jornalismo esportivo do Brasil. Ele tinha 92 anos e estava internado desde o dia 6 de janeiro, no Hospital Rios D\u2019Or, no Rio de Janeiro, devido ao diagnostico de um de um\u2026","rel":"","context":"In &quot;Not\u00edcias de Ribeir\u00e3o Preto-SP e Regi\u00e3o&quot;","block_context":{"text":"Not\u00edcias de Ribeir\u00e3o Preto-SP e Regi\u00e3o","link":"https:\/\/noticiasribeiraopreto.com.br\/index.php\/category\/noticias-de-ribeirao-preto-sp-e-regiao-ismael-colosi\/"},"img":{"alt_text":"","src":"https:\/\/i0.wp.com\/noticiasribeiraopreto.com.br\/wp-content\/uploads\/2025\/01\/Copia-de-Copia-de-Copia-de-TAMANHO-EXATO-PARA-FOTOS-NO-SISTEMA-NOVO-2025-01-19T160625.679_2025-01-19_19-06-30_png_2025-01-19_19-06-30.webp.webp?fit=1200%2C675&ssl=1&resize=350%2C200","width":350,"height":200,"srcset":"https:\/\/i0.wp.com\/noticiasribeiraopreto.com.br\/wp-content\/uploads\/2025\/01\/Copia-de-Copia-de-Copia-de-TAMANHO-EXATO-PARA-FOTOS-NO-SISTEMA-NOVO-2025-01-19T160625.679_2025-01-19_19-06-30_png_2025-01-19_19-06-30.webp.webp?fit=1200%2C675&ssl=1&resize=350%2C200 1x, https:\/\/i0.wp.com\/noticiasribeiraopreto.com.br\/wp-content\/uploads\/2025\/01\/Copia-de-Copia-de-Copia-de-TAMANHO-EXATO-PARA-FOTOS-NO-SISTEMA-NOVO-2025-01-19T160625.679_2025-01-19_19-06-30_png_2025-01-19_19-06-30.webp.webp?fit=1200%2C675&ssl=1&resize=525%2C300 1.5x, https:\/\/i0.wp.com\/noticiasribeiraopreto.com.br\/wp-content\/uploads\/2025\/01\/Copia-de-Copia-de-Copia-de-TAMANHO-EXATO-PARA-FOTOS-NO-SISTEMA-NOVO-2025-01-19T160625.679_2025-01-19_19-06-30_png_2025-01-19_19-06-30.webp.webp?fit=1200%2C675&ssl=1&resize=700%2C400 2x, https:\/\/i0.wp.com\/noticiasribeiraopreto.com.br\/wp-content\/uploads\/2025\/01\/Copia-de-Copia-de-Copia-de-TAMANHO-EXATO-PARA-FOTOS-NO-SISTEMA-NOVO-2025-01-19T160625.679_2025-01-19_19-06-30_png_2025-01-19_19-06-30.webp.webp?fit=1200%2C675&ssl=1&resize=1050%2C600 3x"},"classes":[]}],"jetpack_sharing_enabled":true,"jetpack_shortlink":"https:\/\/wp.me\/peQAOb-ftQ","_links":{"self":[{"href":"https:\/\/noticiasribeiraopreto.com.br\/index.php\/wp-json\/wp\/v2\/posts\/59510","targetHints":{"allow":["GET"]}}],"collection":[{"href":"https:\/\/noticiasribeiraopreto.com.br\/index.php\/wp-json\/wp\/v2\/posts"}],"about":[{"href":"https:\/\/noticiasribeiraopreto.com.br\/index.php\/wp-json\/wp\/v2\/types\/post"}],"author":[{"embeddable":true,"href":"https:\/\/noticiasribeiraopreto.com.br\/index.php\/wp-json\/wp\/v2\/users\/1"}],"replies":[{"embeddable":true,"href":"https:\/\/noticiasribeiraopreto.com.br\/index.php\/wp-json\/wp\/v2\/comments?post=59510"}],"version-history":[{"count":0,"href":"https:\/\/noticiasribeiraopreto.com.br\/index.php\/wp-json\/wp\/v2\/posts\/59510\/revisions"}],"wp:featuredmedia":[{"embeddable":true,"href":"https:\/\/noticiasribeiraopreto.com.br\/index.php\/wp-json\/wp\/v2\/media\/59511"}],"wp:attachment":[{"href":"https:\/\/noticiasribeiraopreto.com.br\/index.php\/wp-json\/wp\/v2\/media?parent=59510"}],"wp:term":[{"taxonomy":"category","embeddable":true,"href":"https:\/\/noticiasribeiraopreto.com.br\/index.php\/wp-json\/wp\/v2\/categories?post=59510"},{"taxonomy":"post_tag","embeddable":true,"href":"https:\/\/noticiasribeiraopreto.com.br\/index.php\/wp-json\/wp\/v2\/tags?post=59510"}],"curies":[{"name":"wp","href":"https:\/\/api.w.org\/{rel}","templated":true}]}}