{"id":59518,"date":"2024-10-25T08:08:19","date_gmt":"2024-10-25T11:08:19","guid":{"rendered":"https:\/\/noticiasribeiraopreto.com.br\/index.php\/2024\/10\/25\/violencia-infantil-quase-200-criancas-e-adolescentes-sao-vitimas-de-agressao-diariamente-no-brasil\/"},"modified":"2024-10-25T08:08:19","modified_gmt":"2024-10-25T11:08:19","slug":"violencia-infantil-quase-200-criancas-e-adolescentes-sao-vitimas-de-agressao-diariamente-no-brasil","status":"publish","type":"post","link":"https:\/\/noticiasribeiraopreto.com.br\/index.php\/2024\/10\/25\/violencia-infantil-quase-200-criancas-e-adolescentes-sao-vitimas-de-agressao-diariamente-no-brasil\/","title":{"rendered":"Viol\u00eancia Infantil: Quase 200 Crian\u00e7as e Adolescentes S\u00e3o V\u00edtimas de Agress\u00e3o Diariamente no Brasil"},"content":{"rendered":"<div class='code-block code-block-1' style='margin: 8px 0 8px auto; text-align: right; display: block; clear: both;'>\n<p><a href=\"https:\/\/wa.link\/vpicfd\"><img data-recalc-dims=\"1\" class=\"wp-image-4922\" style=\"aspect-ratio: 2.0253164556962027; width: 561px; height: auto;\" src=\"https:\/\/i0.wp.com\/ismaelcolosi.com.br\/wp-content\/uploads\/2023\/11\/grupo-de-empregos-whatsapp-e-facebook-ismael-colosi-vagas.jpg?ssl=1\" alt=\"\" \/><\/a><\/p>\n<!-- \/wp:image -->\n<\/div>\n<p> <br \/>\n<\/p>\n<div>\n<p>Dados divulgados pelo Sistema Nacional de Informa\u00e7\u00f5es de Sa\u00fade (SINAN) revelam um dado alarmante: cerca de 200 crian\u00e7as e adolescentes s\u00e3o v\u00edtimas de agress\u00f5es todos os dias no Brasil. A situa\u00e7\u00e3o, que representa um grave problema de direitos humanos, envolve viol\u00eancia f\u00edsica, psicol\u00f3gica e sexual, e destaca a necessidade urgente de pol\u00edticas p\u00fablicas e a\u00e7\u00f5es efetivas para a prote\u00e7\u00e3o dos jovens brasileiros.<\/p>\n<p>O levantamento, que abrange notifica\u00e7\u00f5es em institui\u00e7\u00f5es de sa\u00fade p\u00fablica e privada, mostra que as v\u00edtimas geralmente possuem entre 0 e 19 anos, sendo a maioria meninas. Al\u00e9m disso, a maioria das agress\u00f5es ocorre no ambiente familiar, um espa\u00e7o que deveria ser de prote\u00e7\u00e3o e acolhimento. A viol\u00eancia familiar, segundo especialistas, pode gerar traumas profundos e persistentes, afetando o desenvolvimento social, emocional e educacional das v\u00edtimas.<\/p>\n<h3>Causas e Consequ\u00eancias da Viol\u00eancia Infantil<\/h3>\n<p>A viol\u00eancia contra crian\u00e7as e adolescentes est\u00e1 ligada a uma s\u00e9rie de fatores, incluindo situa\u00e7\u00f5es de pobreza, falta de suporte social e o uso de subst\u00e2ncias psicoativas por parte de familiares. Al\u00e9m disso, em muitos casos, a viol\u00eancia \u00e9 perpetuada por ciclos de agress\u00e3o, onde os adultos agressores tamb\u00e9m foram v\u00edtimas de abusos durante a inf\u00e2ncia.<\/p>\n<p>As consequ\u00eancias da viol\u00eancia infantil v\u00e3o muito al\u00e9m do f\u00edsico. Estudos apontam que jovens v\u00edtimas de agress\u00f5es enfrentam maiores dificuldades de aprendizado, apresentam comportamentos de risco, e podem desenvolver problemas de sa\u00fade mental, como depress\u00e3o e ansiedade. Esses traumas, se n\u00e3o tratados, podem interferir na vida adulta, criando um ciclo vicioso de viol\u00eancia e sofrimento.<\/p>\n<h3>Medidas Necess\u00e1rias para a Prote\u00e7\u00e3o de Jovens<\/h3>\n<p>Diante desse cen\u00e1rio, organiza\u00e7\u00f5es de direitos humanos, como o Fundo das Na\u00e7\u00f5es Unidas para a Inf\u00e2ncia (UNICEF), e institui\u00e7\u00f5es de prote\u00e7\u00e3o \u00e0 inf\u00e2ncia, t\u00eam pressionado o governo brasileiro a intensificar programas de preven\u00e7\u00e3o e conscientiza\u00e7\u00e3o sobre o tema. Entre as medidas recomendadas est\u00e3o:<\/p>\n<ol>\n<li><strong>Aumento da Fiscaliza\u00e7\u00e3o e Den\u00fancia:<\/strong> Fortalecer canais de den\u00fancia, como o Disque 100, e garantir a prote\u00e7\u00e3o dos denunciantes \u00e9 fundamental para identificar e impedir novos casos de viol\u00eancia.<\/li>\n<li><strong>Capacita\u00e7\u00e3o de Profissionais de Sa\u00fade e Educa\u00e7\u00e3o:<\/strong> Treinar profissionais para reconhecer sinais de abuso e saber como lidar com esses casos pode ser essencial para uma interven\u00e7\u00e3o precoce.<\/li>\n<li><strong>Programas de Apoio e Orienta\u00e7\u00e3o Familiar:<\/strong> Muitas situa\u00e7\u00f5es de viol\u00eancia ocorrem em fam\u00edlias em situa\u00e7\u00e3o de vulnerabilidade social. Programas de apoio podem ajudar a prevenir agress\u00f5es, fornecendo recursos e orienta\u00e7\u00e3o para lidar com conflitos de forma saud\u00e1vel.<\/li>\n<\/ol>\n<h3>A Import\u00e2ncia da Conscientiza\u00e7\u00e3o e da Educa\u00e7\u00e3o<\/h3>\n<p>A conscientiza\u00e7\u00e3o sobre o impacto da viol\u00eancia infantil e a cria\u00e7\u00e3o de uma cultura de n\u00e3o-viol\u00eancia s\u00e3o a\u00e7\u00f5es indispens\u00e1veis para mudar a realidade atual. A sociedade precisa estar ciente dos sinais de abuso e saber como denunciar, enquanto as escolas desempenham um papel importante na orienta\u00e7\u00e3o de crian\u00e7as e adolescentes sobre o que constitui uma situa\u00e7\u00e3o de abuso e como buscar ajuda.<\/p>\n<p>Al\u00e9m disso, educar os jovens sobre seus direitos e promover um ambiente escolar inclusivo e seguro pode ser uma estrat\u00e9gia poderosa para fortalecer a autoestima e o desenvolvimento saud\u00e1vel de crian\u00e7as e adolescentes. Institui\u00e7\u00f5es e comunidades t\u00eam um papel essencial na luta pela erradica\u00e7\u00e3o da viol\u00eancia infantil, promovendo atividades de conscientiza\u00e7\u00e3o e prote\u00e7\u00e3o cont\u00ednuas.<\/p>\n<h3>Um Compromisso Social e Governamental<\/h3>\n<p>Combater a viol\u00eancia contra crian\u00e7as e adolescentes requer um compromisso conjunto entre governo, sociedade e organiza\u00e7\u00f5es de direitos humanos. Pol\u00edticas p\u00fablicas voltadas para a prote\u00e7\u00e3o dos jovens e investimentos em programas de preven\u00e7\u00e3o s\u00e3o necess\u00e1rios para reduzir os \u00edndices alarmantes de viol\u00eancia.<\/p>\n<p>A prote\u00e7\u00e3o das crian\u00e7as \u00e9 um direito humano fundamental, e o Brasil, como signat\u00e1rio de conven\u00e7\u00f5es internacionais de prote\u00e7\u00e3o \u00e0 inf\u00e2ncia, precisa intensificar os esfor\u00e7os para garantir que todos os jovens possam crescer em um ambiente seguro, sem medo ou viol\u00eancia. Somente com a\u00e7\u00f5es coordenadas e uma mobiliza\u00e7\u00e3o nacional ser\u00e1 poss\u00edvel construir uma sociedade mais justa e acolhedora para as futuras gera\u00e7\u00f5es.<\/p>\n<p>&#13;<br \/>\n\t\t\t\t<span class=\"post-views-icon dashicons dashicons-chart-bar\"\/> <span class=\"post-views-label\">Visualiza\u00e7\u00f5es:<\/span> <span class=\"post-views-count\">2<\/span>&#13;\n\t\t\t<\/p>\n<\/p><\/div>\n<p><br \/>\n<br \/><a href=\"https:\/\/folhaderibeirao.com.br\/2024\/10\/25\/violencia-infantil-quase-200-criancas-e-adolescentes-sao-vitimas-de-agressao-diariamente-no-brasil\/\">Source link <\/a><\/p>\n<!-- CONTENT END 1 -->\n","protected":false},"excerpt":{"rendered":"<p>Dados divulgados pelo Sistema Nacional de Informa\u00e7\u00f5es de Sa\u00fade (SINAN) revelam um dado alarmante: cerca de 200 crian\u00e7as e adolescentes s\u00e3o v\u00edtimas de agress\u00f5es todos&#8230;<\/p>\n","protected":false},"author":1,"featured_media":59519,"comment_status":"open","ping_status":"open","sticky":false,"template":"","format":"standard","meta":{"advanced_seo_description":"","jetpack_seo_html_title":"","jetpack_seo_noindex":false,"jetpack_post_was_ever_published":false,"_jetpack_newsletter_access":"","_jetpack_dont_email_post_to_subs":false,"_jetpack_newsletter_tier_id":0,"_jetpack_memberships_contains_paywalled_content":false,"_jetpack_memberships_contains_paid_content":false,"footnotes":"","jetpack_publicize_message":"","jetpack_publicize_feature_enabled":true,"jetpack_social_post_already_shared":true,"jetpack_social_options":{"image_generator_settings":{"template":"highway","default_image_id":0,"font":"","enabled":false},"version":2}},"categories":[11],"tags":[2483,3538,137,1175,5950,3848,349,50,1587,1856],"class_list":["post-59518","post","type-post","status-publish","format-standard","has-post-thumbnail","hentry","category-noticias-de-ribeirao-preto-sp-e-regiao-ismael-colosi","tag-adolescentes","tag-agressao","tag-brasil","tag-criancas","tag-diariamente","tag-infantil","tag-quase","tag-sao","tag-violencia","tag-vitimas"],"jetpack_publicize_connections":[],"jetpack_featured_media_url":"https:\/\/i0.wp.com\/noticiasribeiraopreto.com.br\/wp-content\/uploads\/2024\/10\/rbr4212_0.webp.webp?fit=1170%2C700&ssl=1","jetpack-related-posts":[{"id":59609,"url":"https:\/\/noticiasribeiraopreto.com.br\/index.php\/2024\/10\/27\/a-cada-tres-horas-um-medico-e-vitima-de-violencia-no-brasil-revela-cfm\/","url_meta":{"origin":59518,"position":0},"title":"A Cada Tr\u00eas Horas, Um M\u00e9dico \u00e9 V\u00edtima de Viol\u00eancia no Brasil, Revela CFM","author":"noticiasribeiraopreto.com.br","date":"27 de October de 2024","format":false,"excerpt":"O Conselho Federal de Medicina (CFM) divulgou um levantamento alarmante: a cada tr\u00eas horas, um m\u00e9dico \u00e9 v\u00edtima de viol\u00eancia no Brasil. O estudo, realizado em parceria com entidades m\u00e9dicas e sindicatos, traz \u00e0 tona a dif\u00edcil realidade enfrentada pelos profissionais de sa\u00fade em todo o pa\u00eds, que n\u00e3o apenas\u2026","rel":"","context":"In &quot;Not\u00edcias de Ribeir\u00e3o Preto-SP e Regi\u00e3o&quot;","block_context":{"text":"Not\u00edcias de Ribeir\u00e3o Preto-SP e Regi\u00e3o","link":"https:\/\/noticiasribeiraopreto.com.br\/index.php\/category\/noticias-de-ribeirao-preto-sp-e-regiao-ismael-colosi\/"},"img":{"alt_text":"","src":"https:\/\/i0.wp.com\/noticiasribeiraopreto.com.br\/wp-content\/uploads\/2024\/10\/marcelo-leal-k7ll1hpdhfa-unsplash.webp.webp?fit=1170%2C700&ssl=1&resize=350%2C200","width":350,"height":200,"srcset":"https:\/\/i0.wp.com\/noticiasribeiraopreto.com.br\/wp-content\/uploads\/2024\/10\/marcelo-leal-k7ll1hpdhfa-unsplash.webp.webp?fit=1170%2C700&ssl=1&resize=350%2C200 1x, https:\/\/i0.wp.com\/noticiasribeiraopreto.com.br\/wp-content\/uploads\/2024\/10\/marcelo-leal-k7ll1hpdhfa-unsplash.webp.webp?fit=1170%2C700&ssl=1&resize=525%2C300 1.5x, https:\/\/i0.wp.com\/noticiasribeiraopreto.com.br\/wp-content\/uploads\/2024\/10\/marcelo-leal-k7ll1hpdhfa-unsplash.webp.webp?fit=1170%2C700&ssl=1&resize=700%2C400 2x, https:\/\/i0.wp.com\/noticiasribeiraopreto.com.br\/wp-content\/uploads\/2024\/10\/marcelo-leal-k7ll1hpdhfa-unsplash.webp.webp?fit=1170%2C700&ssl=1&resize=1050%2C600 3x"},"classes":[]},{"id":39347,"url":"https:\/\/noticiasribeiraopreto.com.br\/index.php\/2024\/02\/25\/o-silencio-das-inocentes\/","url_meta":{"origin":59518,"position":1},"title":"O sil\u00eancio das inocentes\u00a0 &#8211; Jornal Tribuna Ribeir\u00e3o","author":"noticiasribeiraopreto.com.br","date":"25 de February de 2024","format":false,"excerpt":"Por Adalberto Luque\u00a0Noite de 08 de setembro de 2023. Uma crian\u00e7a de apenas quatro anos \u00e9 levada pelos pais \u00e0 Unidade de Pronto Atendimento (UPA) do Simioni, na zona Norte de Ribeir\u00e3o Preto. Eles relataram estar \u00e0 procura de ajuda m\u00e9dica para a filha, estava aparentemente desacordada.\u00a0Funcion\u00e1rios que atenderam a\u2026","rel":"","context":"In &quot;Not\u00edcias de Ribeir\u00e3o Preto-SP e Regi\u00e3o&quot;","block_context":{"text":"Not\u00edcias de Ribeir\u00e3o Preto-SP e Regi\u00e3o","link":"https:\/\/noticiasribeiraopreto.com.br\/index.php\/category\/noticias-de-ribeirao-preto-sp-e-regiao-ismael-colosi\/"},"img":{"alt_text":"","src":"https:\/\/i0.wp.com\/noticiasribeiraopreto.com.br\/wp-content\/uploads\/2024\/02\/FOTO-01-Estupro-Foto-Getty-Imagens.jpg?fit=984%2C553&ssl=1&resize=350%2C200","width":350,"height":200,"srcset":"https:\/\/i0.wp.com\/noticiasribeiraopreto.com.br\/wp-content\/uploads\/2024\/02\/FOTO-01-Estupro-Foto-Getty-Imagens.jpg?fit=984%2C553&ssl=1&resize=350%2C200 1x, https:\/\/i0.wp.com\/noticiasribeiraopreto.com.br\/wp-content\/uploads\/2024\/02\/FOTO-01-Estupro-Foto-Getty-Imagens.jpg?fit=984%2C553&ssl=1&resize=525%2C300 1.5x, https:\/\/i0.wp.com\/noticiasribeiraopreto.com.br\/wp-content\/uploads\/2024\/02\/FOTO-01-Estupro-Foto-Getty-Imagens.jpg?fit=984%2C553&ssl=1&resize=700%2C400 2x"},"classes":[]},{"id":70351,"url":"https:\/\/noticiasribeiraopreto.com.br\/index.php\/2025\/05\/25\/encontros-com-a-cidadania-debateu-sobre-o-combate-ao-abuso-e-exploracao-sexual-de-criancas-e-adolescentes\/","url_meta":{"origin":59518,"position":2},"title":"\u201cEncontros com a Cidadania\u201d\u00a0debateu sobre o combate ao abuso e explora\u00e7\u00e3o sexual de crian\u00e7as e adolescentes\u00a0\u00a0","author":"noticiasribeiraopreto.com.br","date":"25 de May de 2025","format":false,"excerpt":"Por Adriana Cristofoli\u00a0 O combate ao abuso e explora\u00e7\u00e3o sexual de crian\u00e7as e adolescentes foi o tema do debate do 2\u00ba \u201cEncontros com a Cidadania\u201d, que aconteceu nesta na segunda-feira, dia 19 de maio, no Cine Clube Cauim. O projeto \u00e9 uma parceria do Cauim com o Jornal Tribuna Ribeir\u00e3o\u2026","rel":"","context":"In &quot;Not\u00edcias de Ribeir\u00e3o Preto-SP e Regi\u00e3o&quot;","block_context":{"text":"Not\u00edcias de Ribeir\u00e3o Preto-SP e Regi\u00e3o","link":"https:\/\/noticiasribeiraopreto.com.br\/index.php\/category\/noticias-de-ribeirao-preto-sp-e-regiao-ismael-colosi\/"},"img":{"alt_text":"","src":"https:\/\/i0.wp.com\/noticiasribeiraopreto.com.br\/wp-content\/uploads\/2025\/05\/capa-1.jpg?fit=1200%2C900&ssl=1&resize=350%2C200","width":350,"height":200,"srcset":"https:\/\/i0.wp.com\/noticiasribeiraopreto.com.br\/wp-content\/uploads\/2025\/05\/capa-1.jpg?fit=1200%2C900&ssl=1&resize=350%2C200 1x, https:\/\/i0.wp.com\/noticiasribeiraopreto.com.br\/wp-content\/uploads\/2025\/05\/capa-1.jpg?fit=1200%2C900&ssl=1&resize=525%2C300 1.5x, https:\/\/i0.wp.com\/noticiasribeiraopreto.com.br\/wp-content\/uploads\/2025\/05\/capa-1.jpg?fit=1200%2C900&ssl=1&resize=700%2C400 2x, https:\/\/i0.wp.com\/noticiasribeiraopreto.com.br\/wp-content\/uploads\/2025\/05\/capa-1.jpg?fit=1200%2C900&ssl=1&resize=1050%2C600 3x"},"classes":[]},{"id":64670,"url":"https:\/\/noticiasribeiraopreto.com.br\/index.php\/2025\/03\/11\/estupro-de-criancas-em-todo-o-estado-de-sao-paulo-cresce-quase-13-no-periodo-de-3-anos\/","url_meta":{"origin":59518,"position":3},"title":"Estupro de crian\u00e7as em todo o estado de S\u00e3o Paulo cresce quase 13% no per\u00edodo de 3 anos","author":"noticiasribeiraopreto.com.br","date":"11 de March de 2025","format":false,"excerpt":"O n\u00famero de estupro de vulner\u00e1vel no estado de S\u00e3o Paulo cresceu 12,33% nos \u00faltimos tr\u00eas anos. \u00c9 o que alerta a presidente do Instituto Brasileiro de Aten\u00e7\u00e3o Integral \u00e0 V\u00edtima (Pr\u00f3-V\u00edtima), a promotora de Justi\u00e7a (MPSP) Celeste Leite dos Santos. Desde 2022, os casos consumados em crian\u00e7as apresentaram eleva\u00e7\u00e3o\u2026","rel":"","context":"In &quot;Not\u00edcias de Franca-SP&quot;","block_context":{"text":"Not\u00edcias de Franca-SP","link":"https:\/\/noticiasribeiraopreto.com.br\/index.php\/category\/noticias-de-ribeirao-preto-sp-e-regiao-ismael-colosi\/noticias-franca-sp\/"},"img":{"alt_text":"","src":"https:\/\/i0.wp.com\/noticiasribeiraopreto.com.br\/wp-content\/uploads\/2025\/03\/giroflex.jpg?fit=600%2C357&ssl=1&resize=350%2C200","width":350,"height":200,"srcset":"https:\/\/i0.wp.com\/noticiasribeiraopreto.com.br\/wp-content\/uploads\/2025\/03\/giroflex.jpg?fit=600%2C357&ssl=1&resize=350%2C200 1x, https:\/\/i0.wp.com\/noticiasribeiraopreto.com.br\/wp-content\/uploads\/2025\/03\/giroflex.jpg?fit=600%2C357&ssl=1&resize=525%2C300 1.5x"},"classes":[]},{"id":75374,"url":"https:\/\/noticiasribeiraopreto.com.br\/index.php\/2025\/08\/07\/lei-maria-da-penha-completa-19-anos\/","url_meta":{"origin":59518,"position":4},"title":"Lei Maria da Penha completa 19 anos","author":"noticiasribeiraopreto.com.br","date":"7 de August de 2025","format":false,"excerpt":"Por: Adalberto Luque A Lei Maria da Penha (11.340\/2006) completou 19 anos nesta quarta-feira (7). Criada para enfrentar a viol\u00eancia dom\u00e9stica e familiar contra a mulher, a legisla\u00e7\u00e3o \u00e9 considerada um marco na prote\u00e7\u00e3o dos direitos femininos no Brasil. Desde ent\u00e3o, o pa\u00eds passou a reconhecer, de forma mais clara,\u2026","rel":"","context":"In &quot;Not\u00edcias de Ribeir\u00e3o Preto-SP e Regi\u00e3o&quot;","block_context":{"text":"Not\u00edcias de Ribeir\u00e3o Preto-SP e Regi\u00e3o","link":"https:\/\/noticiasribeiraopreto.com.br\/index.php\/category\/noticias-de-ribeirao-preto-sp-e-regiao-ismael-colosi\/"},"img":{"alt_text":"","src":"https:\/\/i0.wp.com\/noticiasribeiraopreto.com.br\/wp-content\/uploads\/2025\/08\/07-ago-2025-leimariadapenha3.jpg?fit=800%2C500&ssl=1&resize=350%2C200","width":350,"height":200,"srcset":"https:\/\/i0.wp.com\/noticiasribeiraopreto.com.br\/wp-content\/uploads\/2025\/08\/07-ago-2025-leimariadapenha3.jpg?fit=800%2C500&ssl=1&resize=350%2C200 1x, https:\/\/i0.wp.com\/noticiasribeiraopreto.com.br\/wp-content\/uploads\/2025\/08\/07-ago-2025-leimariadapenha3.jpg?fit=800%2C500&ssl=1&resize=525%2C300 1.5x, https:\/\/i0.wp.com\/noticiasribeiraopreto.com.br\/wp-content\/uploads\/2025\/08\/07-ago-2025-leimariadapenha3.jpg?fit=800%2C500&ssl=1&resize=700%2C400 2x"},"classes":[]},{"id":57770,"url":"https:\/\/noticiasribeiraopreto.com.br\/index.php\/2024\/09\/10\/pf-prende-vagabundo-safado-com-conteudo-sexual-de-criancas-e-adolescentes-em-ribeirao-preto-x-tudo-ribeirao\/","url_meta":{"origin":59518,"position":5},"title":"PF PRENDE VAGABUNDO SAFADO COM CONTE\u00daDO SEXUAL DE CRIAN\u00c7AS E ADOLESCENTES EM RIBEIR\u00c3O PRETO \u2013 X Tudo Ribeir\u00e3o","author":"noticiasribeiraopreto.com.br","date":"10 de September de 2024","format":false,"excerpt":"A Pol\u00edcia Federal deflagrou, nesta ter\u00e7a-feira, (10\/9), por meio da Delegacia de Pol\u00edcia Federal em Ribeir\u00e3o Preto, mais uma fase da \u201cOPERA\u00c7\u00c3O LEAFDOWN\u201d, visando desarticular um grupo criminoso voltado \u00e0 dissemina\u00e7\u00e3o de conte\u00fado de arquivos de viol\u00eancia sexual contra crian\u00e7as e adolescentes na internet. No final de julho, foram cumpridos\u2026","rel":"","context":"In &quot;Not\u00edcias de Ribeir\u00e3o Preto-SP e Regi\u00e3o&quot;","block_context":{"text":"Not\u00edcias de Ribeir\u00e3o Preto-SP e Regi\u00e3o","link":"https:\/\/noticiasribeiraopreto.com.br\/index.php\/category\/noticias-de-ribeirao-preto-sp-e-regiao-ismael-colosi\/"},"img":{"alt_text":"","src":"https:\/\/i0.wp.com\/noticiasribeiraopreto.com.br\/wp-content\/uploads\/2024\/09\/Titulo-da-noticia-manchete-post-feed-Instagram.png?fit=1080%2C1080&ssl=1&resize=350%2C200","width":350,"height":200,"srcset":"https:\/\/i0.wp.com\/noticiasribeiraopreto.com.br\/wp-content\/uploads\/2024\/09\/Titulo-da-noticia-manchete-post-feed-Instagram.png?fit=1080%2C1080&ssl=1&resize=350%2C200 1x, https:\/\/i0.wp.com\/noticiasribeiraopreto.com.br\/wp-content\/uploads\/2024\/09\/Titulo-da-noticia-manchete-post-feed-Instagram.png?fit=1080%2C1080&ssl=1&resize=525%2C300 1.5x, https:\/\/i0.wp.com\/noticiasribeiraopreto.com.br\/wp-content\/uploads\/2024\/09\/Titulo-da-noticia-manchete-post-feed-Instagram.png?fit=1080%2C1080&ssl=1&resize=700%2C400 2x, https:\/\/i0.wp.com\/noticiasribeiraopreto.com.br\/wp-content\/uploads\/2024\/09\/Titulo-da-noticia-manchete-post-feed-Instagram.png?fit=1080%2C1080&ssl=1&resize=1050%2C600 3x"},"classes":[]}],"jetpack_sharing_enabled":true,"jetpack_shortlink":"https:\/\/wp.me\/peQAOb-ftY","_links":{"self":[{"href":"https:\/\/noticiasribeiraopreto.com.br\/index.php\/wp-json\/wp\/v2\/posts\/59518","targetHints":{"allow":["GET"]}}],"collection":[{"href":"https:\/\/noticiasribeiraopreto.com.br\/index.php\/wp-json\/wp\/v2\/posts"}],"about":[{"href":"https:\/\/noticiasribeiraopreto.com.br\/index.php\/wp-json\/wp\/v2\/types\/post"}],"author":[{"embeddable":true,"href":"https:\/\/noticiasribeiraopreto.com.br\/index.php\/wp-json\/wp\/v2\/users\/1"}],"replies":[{"embeddable":true,"href":"https:\/\/noticiasribeiraopreto.com.br\/index.php\/wp-json\/wp\/v2\/comments?post=59518"}],"version-history":[{"count":0,"href":"https:\/\/noticiasribeiraopreto.com.br\/index.php\/wp-json\/wp\/v2\/posts\/59518\/revisions"}],"wp:featuredmedia":[{"embeddable":true,"href":"https:\/\/noticiasribeiraopreto.com.br\/index.php\/wp-json\/wp\/v2\/media\/59519"}],"wp:attachment":[{"href":"https:\/\/noticiasribeiraopreto.com.br\/index.php\/wp-json\/wp\/v2\/media?parent=59518"}],"wp:term":[{"taxonomy":"category","embeddable":true,"href":"https:\/\/noticiasribeiraopreto.com.br\/index.php\/wp-json\/wp\/v2\/categories?post=59518"},{"taxonomy":"post_tag","embeddable":true,"href":"https:\/\/noticiasribeiraopreto.com.br\/index.php\/wp-json\/wp\/v2\/tags?post=59518"}],"curies":[{"name":"wp","href":"https:\/\/api.w.org\/{rel}","templated":true}]}}