{"id":5952,"date":"2023-11-24T18:56:07","date_gmt":"2023-11-24T21:56:07","guid":{"rendered":"https:\/\/noticiasribeiraopreto.com.br\/index.php\/2023\/11\/24\/black-fraldas-da-droga-raia-tem-ate-50-off-em-itens-para-bebes\/"},"modified":"2023-11-24T18:56:07","modified_gmt":"2023-11-24T21:56:07","slug":"black-fraldas-da-droga-raia-tem-ate-50-off-em-itens-para-bebes","status":"publish","type":"post","link":"https:\/\/noticiasribeiraopreto.com.br\/index.php\/2023\/11\/24\/black-fraldas-da-droga-raia-tem-ate-50-off-em-itens-para-bebes\/","title":{"rendered":"Black Fraldas da Droga Raia tem at\u00e9 50% off em itens para beb\u00eas"},"content":{"rendered":"<div class='code-block code-block-1' style='margin: 8px 0 8px auto; text-align: right; display: block; clear: both;'>\n<p><a href=\"https:\/\/wa.link\/vpicfd\"><img data-recalc-dims=\"1\" class=\"wp-image-4922\" style=\"aspect-ratio: 2.0253164556962027; width: 561px; height: auto;\" src=\"https:\/\/i0.wp.com\/ismaelcolosi.com.br\/wp-content\/uploads\/2023\/11\/grupo-de-empregos-whatsapp-e-facebook-ismael-colosi-vagas.jpg?ssl=1\" alt=\"\" \/><\/a><\/p>\n<!-- \/wp:image -->\n<\/div>\n<p> <br \/>\n<\/p>\n<div>\n<header class=\"header-do-post mb-3\">\n<div class=\"header-do-post__conteudo\">\n<h2 class=\"subtitulo-post\">Al\u00e9m dos produtos para os pequenos, o site tem descontos em itens das marcas Eudora, Quem Disse Berenice? e Principia. Vem saber mais:<\/h2>\n<div class=\"editorial-box pb-1\">\n<div class=\"meta-dados mb-0\">\n<p>\n<time class=\"data-do-post\"><br \/>\n<span>24 de novembro de 2023 \u00e0s 14:15<\/span> <\/time>\n<\/p>\n<p>\n<span class=\"editorial-box__author d-inline-block\"><br \/>\nPor: Oferecimento Droga Raia <\/span>\n<\/p>\n<\/div>\n<\/div>\n<\/div>\n<\/header>\n<p>Aten\u00e7\u00e3o, papais e mam\u00e3es! \u00c9 agora que voc\u00eas v\u00e3o garantir o estoque das fraldas do(a) seu\/sua pequeno(a)! Isso porque <a href=\"https:\/\/click.linksynergy.com\/deeplink?id=mYwfeqej\/z4&amp;mid=43356&amp;murl=https%3A%2F%2Fwww.drogaraia.com.br%2Fblack-fraldas-231123.html\" target=\"_blank\" rel=\"noopener\">a Black Friday da Droga Raia oferece at\u00e9 50% de desconto<\/a> em v\u00e1rios tipos de produtos de cuidados com os beb\u00eas.<\/p>\n<p>E n\u00e3o s\u00e3o s\u00f3 fraldas que est\u00e3o no precinho! Voc\u00ea pode levar pra casa creme\/pomada para assaduras, lencinho umedecido, carrinho de beb\u00ea, cadeirinha para autom\u00f3veis, banheira com trocador, cadeirinha de alimenta\u00e7\u00e3o, bab\u00e1 eletr\u00f4nica e muito mais.<\/p>\n<hr\/>\n<p>Eita que seu filh\u00e3o vai receber todo cuidado que ele merece com estes produtos!<\/p>\n<p>Pensa que acabou? Os papais e mam\u00e3es tamb\u00e9m v\u00e3o ganhar um agradinho na Black Friday da Droga Raia, pois o site est\u00e1 com descontos em itens das marcas <a href=\"https:\/\/click.linksynergy.com\/fs-bin\/click?id=mYwfeqej\/z4&amp;offerid=770644.1142&amp;type=3&amp;subid=0\" target=\"_blank\" rel=\"noopener\">Principia<\/a>, <a href=\"https:\/\/click.linksynergy.com\/fs-bin\/click?id=mYwfeqej\/z4&amp;offerid=770644.1143&amp;type=3&amp;subid=0\" target=\"_blank\" rel=\"noopener\">Eudora<\/a> e <a href=\"https:\/\/click.linksynergy.com\/fs-bin\/click?id=mYwfeqej\/z4&amp;offerid=770644.1144&amp;type=3&amp;subid=0\" target=\"_blank\" rel=\"noopener\">Quem Disse, Berenice?<\/a>!<\/p>\n<p>S\u00f3 fica ligado porque a as ofertas s\u00e3o v\u00e1lidas apenas at\u00e9 o dia 26 de novembro ou at\u00e9 o fim dos estoques dos produtos! Al\u00e9m disso, para obter alguns descontos, \u00e9 preciso aplicar os cupons mencionados a seguir.<\/p>\n<p>D\u00e1 uma olhada nestas ofertas:<\/p>\n<\/div>\n<p><script>\n\t\t! function(f, b, e, v, n, t, s) {\n\t\t\tif (f.fbq) return;\n\t\t\tn = f.fbq = function() {\n\t\t\t\tn.callMethod ?\n\t\t\t\t\tn.callMethod.apply(n, arguments) : n.queue.push(arguments)\n\t\t\t};\n\t\t\tif (!f._fbq) f._fbq = n;\n\t\t\tn.push = n;\n\t\t\tn.loaded = !0;\n\t\t\tn.version = '2.0';\n\t\t\tn.queue = [];\n\t\t\tt = b.createElement(e);\n\t\t\tt.async = !0;\n\t\t\tt.src = v;\n\t\t\ts = b.getElementsByTagName(e)[0];\n\t\t\ts.parentNode.insertBefore(t, s)\n\t\t}(window, document, 'script',\n\t\t\t'https:\/\/connect.facebook.net\/en_US\/fbevents.js');\n\t\tfbq('init', '338315473262380');\n\t\tfbq('track', 'PageView');\n\t<\/script><br \/>\n<br \/><br \/>\n<br \/><a href=\"https:\/\/catracalivre.com.br\/economize\/black-fraldas-da-droga-raia-tem-descontos-de-ate-50-em-produtos-de-cuidados-para-o-seu-bebe\/\">Source link <\/a><\/p>\n<!-- CONTENT END 1 -->\n","protected":false},"excerpt":{"rendered":"<p>Al\u00e9m dos produtos para os pequenos, o site tem descontos em itens das marcas Eudora, Quem Disse Berenice? e Principia. Vem saber mais: 24 de&#8230;<\/p>\n","protected":false},"author":1,"featured_media":5953,"comment_status":"open","ping_status":"open","sticky":false,"template":"","format":"standard","meta":{"advanced_seo_description":"","jetpack_seo_html_title":"","jetpack_seo_noindex":false,"jetpack_post_was_ever_published":false,"_jetpack_newsletter_access":"","_jetpack_dont_email_post_to_subs":false,"_jetpack_newsletter_tier_id":0,"_jetpack_memberships_contains_paywalled_content":false,"_jetpack_memberships_contains_paid_content":false,"footnotes":"","jetpack_publicize_message":"","jetpack_publicize_feature_enabled":true,"jetpack_social_post_already_shared":true,"jetpack_social_options":{"image_generator_settings":{"template":"highway","default_image_id":0,"font":"","enabled":false},"version":2}},"categories":[19],"tags":[],"class_list":["post-5952","post","type-post","status-publish","format-standard","has-post-thumbnail","hentry","category-variedades"],"jetpack_publicize_connections":[],"jetpack_featured_media_url":"https:\/\/i0.wp.com\/noticiasribeiraopreto.com.br\/wp-content\/uploads\/2023\/11\/black-friday-droga-raia.jpg?fit=1200%2C638&ssl=1","jetpack-related-posts":[{"id":22703,"url":"https:\/\/noticiasribeiraopreto.com.br\/index.php\/2023\/12\/30\/droga-raia-abre-cargos-para-atendente-orientador-e-mais\/","url_meta":{"origin":5952,"position":0},"title":"Droga Raia ABRE CARGOS para Atendente, Orientador e mais!","author":"noticiasribeiraopreto.com.br","date":"30 de December de 2023","format":false,"excerpt":"A Droga Raia, empresa que \u00e9 uma das bandeiras do Grupo RD (Raia Drogasil S.A.), est\u00e1 contratando novas pessoas em alguns estados do pa\u00eds. Dito isso, antes de falar mais sobre a companhia que possui mais de 800 lojas em todo o Brasil, visualize quais s\u00e3o os postos de trabalho\u2026","rel":"","context":"In &quot;Vagas de Emprego em Ribeir\u00e3o Preto-SP&quot;","block_context":{"text":"Vagas de Emprego em Ribeir\u00e3o Preto-SP","link":"https:\/\/noticiasribeiraopreto.com.br\/index.php\/category\/empregos-classificados-vagas-trabalho\/vagas-de-empregos-em-ribeirao-preto-regiao-brasil\/"},"img":{"alt_text":"","src":"https:\/\/i0.wp.com\/noticiasribeiraopreto.com.br\/wp-content\/uploads\/2023\/12\/noticiasconcursos.com_.br-droga-raia-abre-cargos-para-atendente-orientador-e-mais-352217439-985702359119970-3416356074227773142-n-e1703971121452.png?fit=1200%2C670&ssl=1&resize=350%2C200","width":350,"height":200,"srcset":"https:\/\/i0.wp.com\/noticiasribeiraopreto.com.br\/wp-content\/uploads\/2023\/12\/noticiasconcursos.com_.br-droga-raia-abre-cargos-para-atendente-orientador-e-mais-352217439-985702359119970-3416356074227773142-n-e1703971121452.png?fit=1200%2C670&ssl=1&resize=350%2C200 1x, https:\/\/i0.wp.com\/noticiasribeiraopreto.com.br\/wp-content\/uploads\/2023\/12\/noticiasconcursos.com_.br-droga-raia-abre-cargos-para-atendente-orientador-e-mais-352217439-985702359119970-3416356074227773142-n-e1703971121452.png?fit=1200%2C670&ssl=1&resize=525%2C300 1.5x, https:\/\/i0.wp.com\/noticiasribeiraopreto.com.br\/wp-content\/uploads\/2023\/12\/noticiasconcursos.com_.br-droga-raia-abre-cargos-para-atendente-orientador-e-mais-352217439-985702359119970-3416356074227773142-n-e1703971121452.png?fit=1200%2C670&ssl=1&resize=700%2C400 2x, https:\/\/i0.wp.com\/noticiasribeiraopreto.com.br\/wp-content\/uploads\/2023\/12\/noticiasconcursos.com_.br-droga-raia-abre-cargos-para-atendente-orientador-e-mais-352217439-985702359119970-3416356074227773142-n-e1703971121452.png?fit=1200%2C670&ssl=1&resize=1050%2C600 3x"},"classes":[]},{"id":19877,"url":"https:\/\/noticiasribeiraopreto.com.br\/index.php\/2023\/12\/23\/droga-raia-esta-com-438-vagas-abertas-em-processo-seletivo-para-pessoas-com-e-sem-experiencia-em-todo-o-brasil\/","url_meta":{"origin":5952,"position":1},"title":"Droga Raia est\u00e1 com 438 vagas abertas em processo seletivo para pessoas com e sem experi\u00eancia em todo o Brasil\u00a0","author":"noticiasribeiraopreto.com.br","date":"23 de December de 2023","format":false,"excerpt":"Foto: Divulga\u00e7\u00e3o\/Droga Raia A Droga Raia, empresa do setor farmac\u00eautico com mais de 600 lojas espalhadas pelo Brasil, anunciou nesta sexta-feira (22) a abertura de um novo processo seletivo com novas vagas de emprego para candidatos com e sem experi\u00eancia de v\u00e1rias regi\u00f5es do Brasil. As vagas est\u00e3o abertas para\u2026","rel":"","context":"In &quot;Vagas de Emprego em Ribeir\u00e3o Preto-SP&quot;","block_context":{"text":"Vagas de Emprego em Ribeir\u00e3o Preto-SP","link":"https:\/\/noticiasribeiraopreto.com.br\/index.php\/category\/empregos-classificados-vagas-trabalho\/vagas-de-empregos-em-ribeirao-preto-regiao-brasil\/"},"img":{"alt_text":"","src":"https:\/\/i0.wp.com\/noticiasribeiraopreto.com.br\/wp-content\/uploads\/2023\/12\/Droga-Raia-esta-com-438-vagas-abertas-em-processo-seletivo-para-pessoas-com-e-sem-experiencia-em-todo-o-Brasil-830x450.jpg?fit=830%2C450&ssl=1&resize=350%2C200","width":350,"height":200,"srcset":"https:\/\/i0.wp.com\/noticiasribeiraopreto.com.br\/wp-content\/uploads\/2023\/12\/Droga-Raia-esta-com-438-vagas-abertas-em-processo-seletivo-para-pessoas-com-e-sem-experiencia-em-todo-o-Brasil-830x450.jpg?fit=830%2C450&ssl=1&resize=350%2C200 1x, https:\/\/i0.wp.com\/noticiasribeiraopreto.com.br\/wp-content\/uploads\/2023\/12\/Droga-Raia-esta-com-438-vagas-abertas-em-processo-seletivo-para-pessoas-com-e-sem-experiencia-em-todo-o-Brasil-830x450.jpg?fit=830%2C450&ssl=1&resize=525%2C300 1.5x, https:\/\/i0.wp.com\/noticiasribeiraopreto.com.br\/wp-content\/uploads\/2023\/12\/Droga-Raia-esta-com-438-vagas-abertas-em-processo-seletivo-para-pessoas-com-e-sem-experiencia-em-todo-o-Brasil-830x450.jpg?fit=830%2C450&ssl=1&resize=700%2C400 2x"},"classes":[]},{"id":17702,"url":"https:\/\/noticiasribeiraopreto.com.br\/index.php\/2023\/12\/18\/raia-drogasil-abre-mais-um-processo-seletivo-135-vagas-de-emprego-2\/","url_meta":{"origin":5952,"position":2},"title":"Raia Drogasil abre mais um processo seletivo 135 vagas de emprego","author":"noticiasribeiraopreto.com.br","date":"18 de December de 2023","format":false,"excerpt":"A Raia Drogasil, um dos maiores grupos de varejo farmac\u00eautico do Brasil, est\u00e1 com 135 vagas de emprego abertas neste fim de ano. S\u00e3o 100 oportunidades para farmac\u00eauticos e 35 para atendentes, distribu\u00eddas por todo o pa\u00eds. N\u00e3o \u00e9 preciso ter experi\u00eancia pr\u00e9via para se candidatar. Para concorrer \u00e0s vagas\u2026","rel":"","context":"In &quot;Vagas de Emprego em Ribeir\u00e3o Preto-SP&quot;","block_context":{"text":"Vagas de Emprego em Ribeir\u00e3o Preto-SP","link":"https:\/\/noticiasribeiraopreto.com.br\/index.php\/category\/empregos-classificados-vagas-trabalho\/vagas-de-empregos-em-ribeirao-preto-regiao-brasil\/"},"img":{"alt_text":"","src":"https:\/\/i0.wp.com\/noticiasribeiraopreto.com.br\/wp-content\/uploads\/2023\/12\/raiadrogasil-raia-drogasil-canva.jpg?fit=1200%2C675&ssl=1&resize=350%2C200","width":350,"height":200,"srcset":"https:\/\/i0.wp.com\/noticiasribeiraopreto.com.br\/wp-content\/uploads\/2023\/12\/raiadrogasil-raia-drogasil-canva.jpg?fit=1200%2C675&ssl=1&resize=350%2C200 1x, https:\/\/i0.wp.com\/noticiasribeiraopreto.com.br\/wp-content\/uploads\/2023\/12\/raiadrogasil-raia-drogasil-canva.jpg?fit=1200%2C675&ssl=1&resize=525%2C300 1.5x, https:\/\/i0.wp.com\/noticiasribeiraopreto.com.br\/wp-content\/uploads\/2023\/12\/raiadrogasil-raia-drogasil-canva.jpg?fit=1200%2C675&ssl=1&resize=700%2C400 2x, https:\/\/i0.wp.com\/noticiasribeiraopreto.com.br\/wp-content\/uploads\/2023\/12\/raiadrogasil-raia-drogasil-canva.jpg?fit=1200%2C675&ssl=1&resize=1050%2C600 3x"},"classes":[]},{"id":51158,"url":"https:\/\/noticiasribeiraopreto.com.br\/index.php\/2024\/05\/23\/toda-inovacao-vale-a-pena\/","url_meta":{"origin":5952,"position":3},"title":"Toda inova\u00e7\u00e3o vale a pena?","author":"noticiasribeiraopreto.com.br","date":"23 de May de 2024","format":false,"excerpt":"Acessibilidade L L A- A+ \u25d0 Pense s\u00f3: quantas vezes j\u00e1 vimos aquela hist\u00f3ria incr\u00edvel de um neg\u00f3cio pequeno que se transforma em gigante? Como aquele quiosque de caf\u00e9 da esquina que se transforma em um imp\u00e9rio. Come\u00e7a s\u00f3 com um cafezinho saboroso e, de repente, expande a oferta. Conquista\u2026","rel":"","context":"In &quot;Blog&quot;","block_context":{"text":"Blog","link":"https:\/\/noticiasribeiraopreto.com.br\/index.php\/category\/blog\/"},"img":{"alt_text":"","src":"https:\/\/i0.wp.com\/noticiasribeiraopreto.com.br\/wp-content\/uploads\/2024\/05\/coluna-andre-felicissimo_maio24-1024x683.jpg?fit=1024%2C683&ssl=1&resize=350%2C200","width":350,"height":200,"srcset":"https:\/\/i0.wp.com\/noticiasribeiraopreto.com.br\/wp-content\/uploads\/2024\/05\/coluna-andre-felicissimo_maio24-1024x683.jpg?fit=1024%2C683&ssl=1&resize=350%2C200 1x, https:\/\/i0.wp.com\/noticiasribeiraopreto.com.br\/wp-content\/uploads\/2024\/05\/coluna-andre-felicissimo_maio24-1024x683.jpg?fit=1024%2C683&ssl=1&resize=525%2C300 1.5x, https:\/\/i0.wp.com\/noticiasribeiraopreto.com.br\/wp-content\/uploads\/2024\/05\/coluna-andre-felicissimo_maio24-1024x683.jpg?fit=1024%2C683&ssl=1&resize=700%2C400 2x"},"classes":[]},{"id":81036,"url":"https:\/\/noticiasribeiraopreto.com.br\/index.php\/2025\/12\/22\/policia-rodoviaria-faz-campanha-para-arrecadar-fraldas-geriatricas-em-ribeirao-preto-veja-como-ajudar\/","url_meta":{"origin":5952,"position":4},"title":"Pol\u00edcia Rodovi\u00e1ria faz campanha para arrecadar fraldas geri\u00e1tricas em Ribeir\u00e3o Preto; Veja como ajudar","author":"noticiasribeiraopreto.com.br","date":"22 de December de 2025","format":false,"excerpt":"A PMR (Pol\u00edcia Militar Rodovi\u00e1ria) em Ribeir\u00e3o Preto realiza uma campanha para arrecada\u00e7\u00e3o de fraldas geri\u00e1tricas. As doa\u00e7\u00f5es podem ser entregues na base da PMR, no km 305 da rodovia Anhanguera (SP- 330), em qualquer dia e hor\u00e1rio, at\u00e9 10 de janeiro de 2006. Al\u00e9m de ser ponto de coleta,\u2026","rel":"","context":"In &quot;Not\u00edcias de Ribeir\u00e3o Preto-SP e Regi\u00e3o&quot;","block_context":{"text":"Not\u00edcias de Ribeir\u00e3o Preto-SP e Regi\u00e3o","link":"https:\/\/noticiasribeiraopreto.com.br\/index.php\/category\/noticias-de-ribeirao-preto-sp-e-regiao-ismael-colosi\/"},"img":{"alt_text":"","src":"https:\/\/i0.wp.com\/noticiasribeiraopreto.com.br\/wp-content\/uploads\/2025\/12\/policia-rodoviaria_2025-12-21_19-08-13.webp.webp?fit=1200%2C847&ssl=1&resize=350%2C200","width":350,"height":200,"srcset":"https:\/\/i0.wp.com\/noticiasribeiraopreto.com.br\/wp-content\/uploads\/2025\/12\/policia-rodoviaria_2025-12-21_19-08-13.webp.webp?fit=1200%2C847&ssl=1&resize=350%2C200 1x, https:\/\/i0.wp.com\/noticiasribeiraopreto.com.br\/wp-content\/uploads\/2025\/12\/policia-rodoviaria_2025-12-21_19-08-13.webp.webp?fit=1200%2C847&ssl=1&resize=525%2C300 1.5x, https:\/\/i0.wp.com\/noticiasribeiraopreto.com.br\/wp-content\/uploads\/2025\/12\/policia-rodoviaria_2025-12-21_19-08-13.webp.webp?fit=1200%2C847&ssl=1&resize=700%2C400 2x, https:\/\/i0.wp.com\/noticiasribeiraopreto.com.br\/wp-content\/uploads\/2025\/12\/policia-rodoviaria_2025-12-21_19-08-13.webp.webp?fit=1200%2C847&ssl=1&resize=1050%2C600 3x"},"classes":[]},{"id":63466,"url":"https:\/\/noticiasribeiraopreto.com.br\/index.php\/2025\/02\/13\/farmacia-popular-tera-gratuidade-total-em-41-medicamentos-anuncia-ministerio\/","url_meta":{"origin":5952,"position":5},"title":"Farm\u00e1cia Popular ter\u00e1 gratuidade total em 41 medicamentos, anuncia Minist\u00e9rio","author":"noticiasribeiraopreto.com.br","date":"13 de February de 2025","format":false,"excerpt":"O Minist\u00e9rio da Sa\u00fade anunciou, nesta quinta-feira (13), a expans\u00e3o do programa Farm\u00e1cia Popular, que agora oferece 100% de gratuidade em 41 medicamentos e itens essenciais. Anteriormente, 38 produtos j\u00e1 eram disponibilizados sem custos para a popula\u00e7\u00e3o. Entre os novos produtos inclusos est\u00e3o: Dapagliflozina: Medicamento utilizado no tratamento de diabetes,\u2026","rel":"","context":"In &quot;Not\u00edcias de Ribeir\u00e3o Preto-SP e Regi\u00e3o&quot;","block_context":{"text":"Not\u00edcias de Ribeir\u00e3o Preto-SP e Regi\u00e3o","link":"https:\/\/noticiasribeiraopreto.com.br\/index.php\/category\/noticias-de-ribeirao-preto-sp-e-regiao-ismael-colosi\/"},"img":{"alt_text":"","src":"https:\/\/i0.wp.com\/noticiasribeiraopreto.com.br\/wp-content\/uploads\/2025\/02\/Copia-de-Copia-de-TAMANHO-EXATO-PARA-FOTOS-NO-SISTEMA-NOVO-2_2024-07-10_16-42-05_jpg_2024-07-10_16-42-05.webp.webp?fit=1200%2C675&ssl=1&resize=350%2C200","width":350,"height":200,"srcset":"https:\/\/i0.wp.com\/noticiasribeiraopreto.com.br\/wp-content\/uploads\/2025\/02\/Copia-de-Copia-de-TAMANHO-EXATO-PARA-FOTOS-NO-SISTEMA-NOVO-2_2024-07-10_16-42-05_jpg_2024-07-10_16-42-05.webp.webp?fit=1200%2C675&ssl=1&resize=350%2C200 1x, https:\/\/i0.wp.com\/noticiasribeiraopreto.com.br\/wp-content\/uploads\/2025\/02\/Copia-de-Copia-de-TAMANHO-EXATO-PARA-FOTOS-NO-SISTEMA-NOVO-2_2024-07-10_16-42-05_jpg_2024-07-10_16-42-05.webp.webp?fit=1200%2C675&ssl=1&resize=525%2C300 1.5x, https:\/\/i0.wp.com\/noticiasribeiraopreto.com.br\/wp-content\/uploads\/2025\/02\/Copia-de-Copia-de-TAMANHO-EXATO-PARA-FOTOS-NO-SISTEMA-NOVO-2_2024-07-10_16-42-05_jpg_2024-07-10_16-42-05.webp.webp?fit=1200%2C675&ssl=1&resize=700%2C400 2x, https:\/\/i0.wp.com\/noticiasribeiraopreto.com.br\/wp-content\/uploads\/2025\/02\/Copia-de-Copia-de-TAMANHO-EXATO-PARA-FOTOS-NO-SISTEMA-NOVO-2_2024-07-10_16-42-05_jpg_2024-07-10_16-42-05.webp.webp?fit=1200%2C675&ssl=1&resize=1050%2C600 3x"},"classes":[]}],"jetpack_sharing_enabled":true,"jetpack_shortlink":"https:\/\/wp.me\/peQAOb-1y0","_links":{"self":[{"href":"https:\/\/noticiasribeiraopreto.com.br\/index.php\/wp-json\/wp\/v2\/posts\/5952","targetHints":{"allow":["GET"]}}],"collection":[{"href":"https:\/\/noticiasribeiraopreto.com.br\/index.php\/wp-json\/wp\/v2\/posts"}],"about":[{"href":"https:\/\/noticiasribeiraopreto.com.br\/index.php\/wp-json\/wp\/v2\/types\/post"}],"author":[{"embeddable":true,"href":"https:\/\/noticiasribeiraopreto.com.br\/index.php\/wp-json\/wp\/v2\/users\/1"}],"replies":[{"embeddable":true,"href":"https:\/\/noticiasribeiraopreto.com.br\/index.php\/wp-json\/wp\/v2\/comments?post=5952"}],"version-history":[{"count":0,"href":"https:\/\/noticiasribeiraopreto.com.br\/index.php\/wp-json\/wp\/v2\/posts\/5952\/revisions"}],"wp:featuredmedia":[{"embeddable":true,"href":"https:\/\/noticiasribeiraopreto.com.br\/index.php\/wp-json\/wp\/v2\/media\/5953"}],"wp:attachment":[{"href":"https:\/\/noticiasribeiraopreto.com.br\/index.php\/wp-json\/wp\/v2\/media?parent=5952"}],"wp:term":[{"taxonomy":"category","embeddable":true,"href":"https:\/\/noticiasribeiraopreto.com.br\/index.php\/wp-json\/wp\/v2\/categories?post=5952"},{"taxonomy":"post_tag","embeddable":true,"href":"https:\/\/noticiasribeiraopreto.com.br\/index.php\/wp-json\/wp\/v2\/tags?post=5952"}],"curies":[{"name":"wp","href":"https:\/\/api.w.org\/{rel}","templated":true}]}}