{"id":5956,"date":"2023-11-24T19:04:51","date_gmt":"2023-11-24T22:04:51","guid":{"rendered":"https:\/\/noticiasribeiraopreto.com.br\/index.php\/2023\/11\/24\/bebe-morre-apos-se-afogar-em-caixa-dagua-em-ribeirao-preto\/"},"modified":"2023-11-24T19:04:51","modified_gmt":"2023-11-24T22:04:51","slug":"bebe-morre-apos-se-afogar-em-caixa-dagua-em-ribeirao-preto","status":"publish","type":"post","link":"https:\/\/noticiasribeiraopreto.com.br\/index.php\/2023\/11\/24\/bebe-morre-apos-se-afogar-em-caixa-dagua-em-ribeirao-preto\/","title":{"rendered":"Beb\u00ea morre ap\u00f3s se afogar em caixa d\u2019\u00e1gua em Ribeir\u00e3o Preto"},"content":{"rendered":"<div class='code-block code-block-1' style='margin: 8px 0 8px auto; text-align: right; display: block; clear: both;'>\n<p><a href=\"https:\/\/wa.link\/vpicfd\"><img data-recalc-dims=\"1\" class=\"wp-image-4922\" style=\"aspect-ratio: 2.0253164556962027; width: 561px; height: auto;\" src=\"https:\/\/i0.wp.com\/ismaelcolosi.com.br\/wp-content\/uploads\/2023\/11\/grupo-de-empregos-whatsapp-e-facebook-ismael-colosi-vagas.jpg?ssl=1\" alt=\"\" \/><\/a><\/p>\n<!-- \/wp:image -->\n<\/div>\n<p> <br \/>\n<\/p>\n<p><strong>Uma beb\u00ea de apenas 1 ano morreu afogado na caixa d\u2019\u00e1gua de uma resid\u00eancia no Parque dos Pinus, na zona Norte de Ribeir\u00e3o Preto, na tarde desta sexta-feira (24).<\/strong><\/p>\n<p>De acordo com a <strong><a href=\"https:\/\/www.ssp.sp.gov.br\/\" target=\"_blank\" rel=\"noreferrer noopener nofollow\">SSP-SP (Secretaria de Seguran\u00e7a P\u00fablica de S\u00e3o Paulo)<\/a><\/strong>, o caso foi registrado como morte suspeita na <strong>CPJ (Central de Pol\u00edcia Judici\u00e1ria) <\/strong>de Ribeir\u00e3o Preto.<\/p>\n<p>O beb\u00ea estava em uma casa, que fica na avenida Ernesto Guevara La Serna. A SSP-SP informou que os detalhes do caso ser\u00e3o preservados por envolver menor de idade.<\/p>\n<p>VEJA TAMB\u00c9M<br \/>Papagaia Lorica \u00e9 encontrada ap\u00f3s quase um m\u00eas desaparecida em Ribeir\u00e3o; Veja o v\u00eddeo<\/p>\n<h4 class=\"wp-block-heading\"><strong>FIQUE ON<\/strong><\/h4>\n<p>Fique ligado em tudo que acontece em Ribeir\u00e3o Preto e regi\u00e3o. Siga os perfis do <strong>acidade on<\/strong> no <a href=\"https:\/\/www.instagram.com\/acidadeonribeirao\" target=\"_blank\" rel=\"noreferrer noopener nofollow\">Instagram<\/a> e no <a href=\"https:\/\/www.facebook.com\/acidadeonribeirao\" target=\"_blank\" rel=\"noreferrer noopener nofollow\">Facebook<\/a>.<\/p>\n<p>Receba not\u00edcias do <strong>acidade on<\/strong> no WhatsApp.<a href=\"https:\/\/chat.whatsapp.com\/Bnv2w66ZT4VDyZW3oiZ69n\" target=\"_blank\" rel=\"noreferrer noopener nofollow\"> Para entrar no grupo, basta clicar aqui.<\/a><\/p>\n<p>Fa\u00e7a uma den\u00fancia ou sugira uma reportagem sobre a Ribeir\u00e3o Preto e regi\u00e3o pelo WhatsApp: (16) 99117 7802.<\/p>\n<p>LEIA MAIS<br \/><a href=\"veja quais suplementos foram proibidos pela Anvisa\" target=\"_blank\" rel=\"noreferrer noopener nofollow\">Vitafor: veja quais suplementos foram proibidos pela Anvisa<\/a><\/p>\n<p>O post Beb\u00ea morre ap\u00f3s se afogar em caixa d\u2019\u00e1gua em Ribeir\u00e3o Preto apareceu primeiro em ACidade ON Ribeir\u00e3o Preto.<\/p>\n<p><script async src=\"\/\/www.instagram.com\/embed.js\"><\/script><br \/>\n<br \/><br \/>\n<br \/><a href=\"https:\/\/www.acidadeon.com\/ribeiraopreto\/cotidiano\/bebe-morre-apos-se-afogar-em-caixa-dagua-em-ribeirao-preto\/\">Source link <\/a><\/p>\n<!-- CONTENT END 1 -->\n","protected":false},"excerpt":{"rendered":"<p>Uma beb\u00ea de apenas 1 ano morreu afogado na caixa d\u2019\u00e1gua de uma resid\u00eancia no Parque dos Pinus, na zona Norte de Ribeir\u00e3o Preto, na&#8230;<\/p>\n","protected":false},"author":1,"featured_media":5957,"comment_status":"open","ping_status":"open","sticky":false,"template":"","format":"standard","meta":{"advanced_seo_description":"","jetpack_seo_html_title":"","jetpack_seo_noindex":false,"jetpack_post_was_ever_published":false,"_jetpack_newsletter_access":"","_jetpack_dont_email_post_to_subs":false,"_jetpack_newsletter_tier_id":0,"_jetpack_memberships_contains_paywalled_content":false,"_jetpack_memberships_contains_paid_content":false,"footnotes":"","jetpack_publicize_message":"","jetpack_publicize_feature_enabled":true,"jetpack_social_post_already_shared":true,"jetpack_social_options":{"image_generator_settings":{"template":"highway","default_image_id":0,"font":"","enabled":false},"version":2}},"categories":[11],"tags":[668,37,270,669,252,271,27,26],"class_list":["post-5956","post","type-post","status-publish","format-standard","has-post-thumbnail","hentry","category-noticias-de-ribeirao-preto-sp-e-regiao-ismael-colosi","tag-afogar","tag-apos","tag-bebe","tag-caixa","tag-dagua","tag-morre","tag-preto","tag-ribeirao"],"jetpack_publicize_connections":[],"jetpack_featured_media_url":"https:\/\/noticiasribeiraopreto.com.br\/wp-content\/uploads\/2023\/11\/whatsapp_image_2022-08-14_at_12_10_03.jpe","jetpack-related-posts":[{"id":58534,"url":"https:\/\/noticiasribeiraopreto.com.br\/index.php\/2024\/09\/30\/bebe-morre-apos-se-afogar-na-piscina-de-casa-em-ribeirao-preto\/","url_meta":{"origin":5956,"position":0},"title":"Beb\u00ea morre ap\u00f3s se afogar na piscina de casa em Ribeir\u00e3o Preto","author":"noticiasribeiraopreto.com.br","date":"30 de September de 2024","format":false,"excerpt":"Um beb\u00ea de apenas 1 ano morreu no \u00faltimo domingo (29) depois de se afogar na piscina de casa, na zona Norte de Ribeir\u00e3o Preto. A crian\u00e7a estava internada no HC-UE (Hospital das Cl\u00ednicas \u2013 Unidade de Emerg\u00eancia) desde quarta-feira (25). Segundo o B.O. (boletim de ocorr\u00eancia), o beb\u00ea estava\u2026","rel":"","context":"In &quot;Not\u00edcias de Ribeir\u00e3o Preto-SP e Regi\u00e3o&quot;","block_context":{"text":"Not\u00edcias de Ribeir\u00e3o Preto-SP e Regi\u00e3o","link":"https:\/\/noticiasribeiraopreto.com.br\/index.php\/category\/noticias-de-ribeirao-preto-sp-e-regiao-ismael-colosi\/"},"img":{"alt_text":"","src":"https:\/\/i0.wp.com\/noticiasribeiraopreto.com.br\/wp-content\/uploads\/2024\/09\/1727701917_cpj_1024x576_04082020121137.jpg?fit=1024%2C575&ssl=1&resize=350%2C200","width":350,"height":200,"srcset":"https:\/\/i0.wp.com\/noticiasribeiraopreto.com.br\/wp-content\/uploads\/2024\/09\/1727701917_cpj_1024x576_04082020121137.jpg?fit=1024%2C575&ssl=1&resize=350%2C200 1x, https:\/\/i0.wp.com\/noticiasribeiraopreto.com.br\/wp-content\/uploads\/2024\/09\/1727701917_cpj_1024x576_04082020121137.jpg?fit=1024%2C575&ssl=1&resize=525%2C300 1.5x, https:\/\/i0.wp.com\/noticiasribeiraopreto.com.br\/wp-content\/uploads\/2024\/09\/1727701917_cpj_1024x576_04082020121137.jpg?fit=1024%2C575&ssl=1&resize=700%2C400 2x"},"classes":[]},{"id":39241,"url":"https:\/\/noticiasribeiraopreto.com.br\/index.php\/2024\/02\/24\/bebe-morre-apos-ser-atacado-por-cachorro-na-regiao-de-ribeirao-preto\/","url_meta":{"origin":5956,"position":1},"title":"Beb\u00ea morre ap\u00f3s ser atacado por cachorro na regi\u00e3o de Ribeir\u00e3o Preto","author":"noticiasribeiraopreto.com.br","date":"24 de February de 2024","format":false,"excerpt":"Um beb\u00ea de apenas 11 meses morreu ap\u00f3s ser atacado por um cachorro na noite da \u00faltima sexta-feira (23), em Bebedouro, na regi\u00e3o de Ribeir\u00e3o Preto. A crian\u00e7a chegou a ser levada para UPA (Unidade de Pronto Atendimento) da cidade, mas n\u00e3o resistiu aos ferimentos. De acordo com a Guarda\u2026","rel":"","context":"In &quot;Not\u00edcias de Ribeir\u00e3o Preto-SP e Regi\u00e3o&quot;","block_context":{"text":"Not\u00edcias de Ribeir\u00e3o Preto-SP e Regi\u00e3o","link":"https:\/\/noticiasribeiraopreto.com.br\/index.php\/category\/noticias-de-ribeirao-preto-sp-e-regiao-ismael-colosi\/"},"img":{"alt_text":"","src":"https:\/\/i0.wp.com\/noticiasribeiraopreto.com.br\/wp-content\/uploads\/2024\/02\/WhatsApp-Image-2023-10-16-at-09.34.32-1.jpeg?fit=1080%2C1080&ssl=1&resize=350%2C200","width":350,"height":200,"srcset":"https:\/\/i0.wp.com\/noticiasribeiraopreto.com.br\/wp-content\/uploads\/2024\/02\/WhatsApp-Image-2023-10-16-at-09.34.32-1.jpeg?fit=1080%2C1080&ssl=1&resize=350%2C200 1x, https:\/\/i0.wp.com\/noticiasribeiraopreto.com.br\/wp-content\/uploads\/2024\/02\/WhatsApp-Image-2023-10-16-at-09.34.32-1.jpeg?fit=1080%2C1080&ssl=1&resize=525%2C300 1.5x, https:\/\/i0.wp.com\/noticiasribeiraopreto.com.br\/wp-content\/uploads\/2024\/02\/WhatsApp-Image-2023-10-16-at-09.34.32-1.jpeg?fit=1080%2C1080&ssl=1&resize=700%2C400 2x, https:\/\/i0.wp.com\/noticiasribeiraopreto.com.br\/wp-content\/uploads\/2024\/02\/WhatsApp-Image-2023-10-16-at-09.34.32-1.jpeg?fit=1080%2C1080&ssl=1&resize=1050%2C600 3x"},"classes":[]},{"id":57477,"url":"https:\/\/noticiasribeiraopreto.com.br\/index.php\/2024\/09\/02\/bebe-de-3-meses-morre-com-suspeita-de-engasgo-em-ribeirao-preto\/","url_meta":{"origin":5956,"position":2},"title":"Beb\u00ea de 3 meses morre com suspeita de engasgo em Ribeir\u00e3o Preto","author":"noticiasribeiraopreto.com.br","date":"2 de September de 2024","format":false,"excerpt":"Uma beb\u00ea de 3 meses morreu na manh\u00e3 do \u00faltimo s\u00e1bado (31) com suspeita de engasgamento ap\u00f3s a amamenta\u00e7\u00e3o em casa, no Jardim Orestes Lopes de Camargo, zona Norte de Ribeir\u00e3o Preto. Segundo o boletim de ocorr\u00eancia (BO), a crian\u00e7a foi levada para a UPA Norte j\u00e1 sem a pulsa\u00e7\u00e3o,\u2026","rel":"","context":"In &quot;Not\u00edcias de Ribeir\u00e3o Preto-SP e Regi\u00e3o&quot;","block_context":{"text":"Not\u00edcias de Ribeir\u00e3o Preto-SP e Regi\u00e3o","link":"https:\/\/noticiasribeiraopreto.com.br\/index.php\/category\/noticias-de-ribeirao-preto-sp-e-regiao-ismael-colosi\/"},"img":{"alt_text":"","src":"https:\/\/i0.wp.com\/noticiasribeiraopreto.com.br\/wp-content\/uploads\/2024\/09\/UPA-NORTE.jpg?fit=1200%2C799&ssl=1&resize=350%2C200","width":350,"height":200,"srcset":"https:\/\/i0.wp.com\/noticiasribeiraopreto.com.br\/wp-content\/uploads\/2024\/09\/UPA-NORTE.jpg?fit=1200%2C799&ssl=1&resize=350%2C200 1x, https:\/\/i0.wp.com\/noticiasribeiraopreto.com.br\/wp-content\/uploads\/2024\/09\/UPA-NORTE.jpg?fit=1200%2C799&ssl=1&resize=525%2C300 1.5x, https:\/\/i0.wp.com\/noticiasribeiraopreto.com.br\/wp-content\/uploads\/2024\/09\/UPA-NORTE.jpg?fit=1200%2C799&ssl=1&resize=700%2C400 2x, https:\/\/i0.wp.com\/noticiasribeiraopreto.com.br\/wp-content\/uploads\/2024\/09\/UPA-NORTE.jpg?fit=1200%2C799&ssl=1&resize=1050%2C600 3x"},"classes":[]},{"id":66861,"url":"https:\/\/noticiasribeiraopreto.com.br\/index.php\/2025\/04\/06\/adolescente-morre-apos-se-afogar-em-lagoa-no-interior-de-sp\/","url_meta":{"origin":5956,"position":3},"title":"Adolescente morre ap\u00f3s se afogar em lagoa no interior de SP","author":"noticiasribeiraopreto.com.br","date":"6 de April de 2025","format":false,"excerpt":"Uma adolescente, de apenas 14 anos, morreu ap\u00f3s se afogar em uma lagoa, em Barretos, no interior de S\u00e3o Paulo. O corpo da v\u00edtima foi encontrado pelos Bombeiros na manh\u00e3 deste domingo (6). Segundo o BO (boletim de ocorr\u00eancia), a v\u00edtima estava com uma amiga, de 17 anos, na lagoa,\u2026","rel":"","context":"In &quot;Not\u00edcias de Ribeir\u00e3o Preto-SP e Regi\u00e3o&quot;","block_context":{"text":"Not\u00edcias de Ribeir\u00e3o Preto-SP e Regi\u00e3o","link":"https:\/\/noticiasribeiraopreto.com.br\/index.php\/category\/noticias-de-ribeirao-preto-sp-e-regiao-ismael-colosi\/"},"img":{"alt_text":"","src":"https:\/\/i0.wp.com\/noticiasribeiraopreto.com.br\/wp-content\/uploads\/2025\/04\/lagoa-barretos_2025-04-06_15-38-52_jpg_2025-04-06_15-38-52.webp.webp?fit=1051%2C663&ssl=1&resize=350%2C200","width":350,"height":200,"srcset":"https:\/\/i0.wp.com\/noticiasribeiraopreto.com.br\/wp-content\/uploads\/2025\/04\/lagoa-barretos_2025-04-06_15-38-52_jpg_2025-04-06_15-38-52.webp.webp?fit=1051%2C663&ssl=1&resize=350%2C200 1x, https:\/\/i0.wp.com\/noticiasribeiraopreto.com.br\/wp-content\/uploads\/2025\/04\/lagoa-barretos_2025-04-06_15-38-52_jpg_2025-04-06_15-38-52.webp.webp?fit=1051%2C663&ssl=1&resize=525%2C300 1.5x, https:\/\/i0.wp.com\/noticiasribeiraopreto.com.br\/wp-content\/uploads\/2025\/04\/lagoa-barretos_2025-04-06_15-38-52_jpg_2025-04-06_15-38-52.webp.webp?fit=1051%2C663&ssl=1&resize=700%2C400 2x, https:\/\/i0.wp.com\/noticiasribeiraopreto.com.br\/wp-content\/uploads\/2025\/04\/lagoa-barretos_2025-04-06_15-38-52_jpg_2025-04-06_15-38-52.webp.webp?fit=1051%2C663&ssl=1&resize=1050%2C600 3x"},"classes":[]},{"id":65790,"url":"https:\/\/noticiasribeiraopreto.com.br\/index.php\/2025\/03\/24\/crianca-morre-apos-se-afogar-em-piscina-na-regiao-de-ribeirao-preto\/","url_meta":{"origin":5956,"position":4},"title":"Crian\u00e7a morre ap\u00f3s se afogar em piscina na regi\u00e3o de Ribeir\u00e3o Preto","author":"noticiasribeiraopreto.com.br","date":"24 de March de 2025","format":false,"excerpt":"Um menino de 4 anos morreu nesta segunda-feira (24), depois de se afogar na piscina de uma ch\u00e1cara, neste domingo (23), durante uma confraterniza\u00e7\u00e3o familiar na \u00e1rea rural de Igarapava, cidade a aproximadamente 130 quil\u00f4metros de Ribeir\u00e3o Preto. Segundo o boletim de ocorr\u00eancia (BO), a crian\u00e7a estava na parte mais\u2026","rel":"","context":"In &quot;Not\u00edcias de Ribeir\u00e3o Preto-SP e Regi\u00e3o&quot;","block_context":{"text":"Not\u00edcias de Ribeir\u00e3o Preto-SP e Regi\u00e3o","link":"https:\/\/noticiasribeiraopreto.com.br\/index.php\/category\/noticias-de-ribeirao-preto-sp-e-regiao-ismael-colosi\/"},"img":{"alt_text":"","src":"https:\/\/i0.wp.com\/noticiasribeiraopreto.com.br\/wp-content\/uploads\/2025\/03\/pool-3105769_1920.jpg?fit=1200%2C799&ssl=1&resize=350%2C200","width":350,"height":200,"srcset":"https:\/\/i0.wp.com\/noticiasribeiraopreto.com.br\/wp-content\/uploads\/2025\/03\/pool-3105769_1920.jpg?fit=1200%2C799&ssl=1&resize=350%2C200 1x, https:\/\/i0.wp.com\/noticiasribeiraopreto.com.br\/wp-content\/uploads\/2025\/03\/pool-3105769_1920.jpg?fit=1200%2C799&ssl=1&resize=525%2C300 1.5x, https:\/\/i0.wp.com\/noticiasribeiraopreto.com.br\/wp-content\/uploads\/2025\/03\/pool-3105769_1920.jpg?fit=1200%2C799&ssl=1&resize=700%2C400 2x, https:\/\/i0.wp.com\/noticiasribeiraopreto.com.br\/wp-content\/uploads\/2025\/03\/pool-3105769_1920.jpg?fit=1200%2C799&ssl=1&resize=1050%2C600 3x"},"classes":[]},{"id":68895,"url":"https:\/\/noticiasribeiraopreto.com.br\/index.php\/2025\/04\/30\/bebe-e-salva-pela-gcm-apos-se-engasgar-na-regiao-de-ribeirao-preto\/","url_meta":{"origin":5956,"position":5},"title":"Beb\u00ea \u00e9 salva pela GCM ap\u00f3s se engasgar na regi\u00e3o de Ribeir\u00e3o Preto","author":"noticiasribeiraopreto.com.br","date":"30 de April de 2025","format":false,"excerpt":"Uma beb\u00ea de um m\u00eas foi salva nesta ter\u00e7a-feira (29), ap\u00f3s se engasgar com leite materno em Batatais, cidade a aproximadamente 40 quil\u00f4metros de Ribeir\u00e3o Preto. A av\u00f3 da crian\u00e7a foi at\u00e9 a sede da corpora\u00e7\u00e3o em busca de socorro. Imediatamente, foi realizada a manobra de Heimlich adaptada para beb\u00eas,\u2026","rel":"","context":"In &quot;Not\u00edcias de Ribeir\u00e3o Preto-SP e Regi\u00e3o&quot;","block_context":{"text":"Not\u00edcias de Ribeir\u00e3o Preto-SP e Regi\u00e3o","link":"https:\/\/noticiasribeiraopreto.com.br\/index.php\/category\/noticias-de-ribeirao-preto-sp-e-regiao-ismael-colosi\/"},"img":{"alt_text":"","src":"https:\/\/i0.wp.com\/noticiasribeiraopreto.com.br\/wp-content\/uploads\/2025\/04\/BEBE_2025-04-30_09-50-08.webp.webp?fit=1200%2C813&ssl=1&resize=350%2C200","width":350,"height":200,"srcset":"https:\/\/i0.wp.com\/noticiasribeiraopreto.com.br\/wp-content\/uploads\/2025\/04\/BEBE_2025-04-30_09-50-08.webp.webp?fit=1200%2C813&ssl=1&resize=350%2C200 1x, https:\/\/i0.wp.com\/noticiasribeiraopreto.com.br\/wp-content\/uploads\/2025\/04\/BEBE_2025-04-30_09-50-08.webp.webp?fit=1200%2C813&ssl=1&resize=525%2C300 1.5x, https:\/\/i0.wp.com\/noticiasribeiraopreto.com.br\/wp-content\/uploads\/2025\/04\/BEBE_2025-04-30_09-50-08.webp.webp?fit=1200%2C813&ssl=1&resize=700%2C400 2x, https:\/\/i0.wp.com\/noticiasribeiraopreto.com.br\/wp-content\/uploads\/2025\/04\/BEBE_2025-04-30_09-50-08.webp.webp?fit=1200%2C813&ssl=1&resize=1050%2C600 3x"},"classes":[]}],"jetpack_sharing_enabled":true,"jetpack_shortlink":"https:\/\/wp.me\/peQAOb-1y4","_links":{"self":[{"href":"https:\/\/noticiasribeiraopreto.com.br\/index.php\/wp-json\/wp\/v2\/posts\/5956","targetHints":{"allow":["GET"]}}],"collection":[{"href":"https:\/\/noticiasribeiraopreto.com.br\/index.php\/wp-json\/wp\/v2\/posts"}],"about":[{"href":"https:\/\/noticiasribeiraopreto.com.br\/index.php\/wp-json\/wp\/v2\/types\/post"}],"author":[{"embeddable":true,"href":"https:\/\/noticiasribeiraopreto.com.br\/index.php\/wp-json\/wp\/v2\/users\/1"}],"replies":[{"embeddable":true,"href":"https:\/\/noticiasribeiraopreto.com.br\/index.php\/wp-json\/wp\/v2\/comments?post=5956"}],"version-history":[{"count":0,"href":"https:\/\/noticiasribeiraopreto.com.br\/index.php\/wp-json\/wp\/v2\/posts\/5956\/revisions"}],"wp:featuredmedia":[{"embeddable":true,"href":"https:\/\/noticiasribeiraopreto.com.br\/index.php\/wp-json\/wp\/v2\/media\/5957"}],"wp:attachment":[{"href":"https:\/\/noticiasribeiraopreto.com.br\/index.php\/wp-json\/wp\/v2\/media?parent=5956"}],"wp:term":[{"taxonomy":"category","embeddable":true,"href":"https:\/\/noticiasribeiraopreto.com.br\/index.php\/wp-json\/wp\/v2\/categories?post=5956"},{"taxonomy":"post_tag","embeddable":true,"href":"https:\/\/noticiasribeiraopreto.com.br\/index.php\/wp-json\/wp\/v2\/tags?post=5956"}],"curies":[{"name":"wp","href":"https:\/\/api.w.org\/{rel}","templated":true}]}}