{"id":59574,"date":"2024-10-26T03:57:06","date_gmt":"2024-10-26T06:57:06","guid":{"rendered":"https:\/\/noticiasribeiraopreto.com.br\/index.php\/2024\/10\/26\/estudo-revela-ineficiencias-no-tratamento-tradicional-contra-drogas\/"},"modified":"2024-10-26T03:57:06","modified_gmt":"2024-10-26T06:57:06","slug":"estudo-revela-ineficiencias-no-tratamento-tradicional-contra-drogas","status":"publish","type":"post","link":"https:\/\/noticiasribeiraopreto.com.br\/index.php\/2024\/10\/26\/estudo-revela-ineficiencias-no-tratamento-tradicional-contra-drogas\/","title":{"rendered":"Estudo Revela Inefici\u00eancias no Tratamento Tradicional contra Drogas"},"content":{"rendered":"<div class='code-block code-block-1' style='margin: 8px 0 8px auto; text-align: right; display: block; clear: both;'>\n<p><a href=\"https:\/\/wa.link\/vpicfd\"><img data-recalc-dims=\"1\" class=\"wp-image-4922\" style=\"aspect-ratio: 2.0253164556962027; width: 561px; height: auto;\" src=\"https:\/\/i0.wp.com\/ismaelcolosi.com.br\/wp-content\/uploads\/2023\/11\/grupo-de-empregos-whatsapp-e-facebook-ismael-colosi-vagas.jpg?ssl=1\" alt=\"\" \/><\/a><\/p>\n<!-- \/wp:image -->\n<\/div>\n<p> <br \/>\n<\/p>\n<div>\n<p>Um estudo recente divulgado por especialistas em sa\u00fade mental e depend\u00eancia qu\u00edmica trouxe \u00e0 tona falhas significativas nas abordagens tradicionais de tratamento contra o uso de drogas. A pesquisa, que envolveu institui\u00e7\u00f5es brasileiras e internacionais, aponta que os m\u00e9todos convencionais de tratamento, como terapias de abstin\u00eancia e programas de reabilita\u00e7\u00e3o em comunidades terap\u00eauticas, t\u00eam se mostrado insuficientes para lidar com a complexidade da depend\u00eancia qu\u00edmica.<\/p>\n<h3>Principais Defici\u00eancias no Tratamento Tradicional<\/h3>\n<p>O relat\u00f3rio aponta que muitos tratamentos atuais falham em considerar as necessidades individuais dos pacientes, tratando a depend\u00eancia de maneira uniforme, sem levar em conta fatores como o hist\u00f3rico pessoal, psicol\u00f3gico e social dos usu\u00e1rios. A falta de personaliza\u00e7\u00e3o no tratamento tem contribu\u00eddo para elevadas taxas de reca\u00edda e abandono do processo terap\u00eautico.<\/p>\n<p>\u201cA depend\u00eancia qu\u00edmica n\u00e3o \u00e9 apenas uma quest\u00e3o biol\u00f3gica ou comportamental, mas envolve uma complexa intera\u00e7\u00e3o de fatores que precisam ser abordados em conjunto. O tratamento precisa ser mais individualizado, levando em considera\u00e7\u00e3o os traumas, as quest\u00f5es emocionais e as condi\u00e7\u00f5es sociais de cada paciente\u201d, afirmou uma das autoras do estudo, a psic\u00f3loga e especialista em depend\u00eancia qu\u00edmica, Dra. Vanessa Duarte.<\/p>\n<h3>Defici\u00eancias na Abordagem de Preven\u00e7\u00e3o<\/h3>\n<p>Al\u00e9m das falhas no tratamento, o estudo tamb\u00e9m destacou a aus\u00eancia de pol\u00edticas preventivas eficazes. Segundo os pesquisadores, campanhas focadas exclusivamente na criminaliza\u00e7\u00e3o do uso de drogas ou na abstin\u00eancia total n\u00e3o s\u00e3o suficientes para reduzir o consumo. O estudo prop\u00f5e a inclus\u00e3o de programas de educa\u00e7\u00e3o e conscientiza\u00e7\u00e3o voltados para jovens e comunidades vulner\u00e1veis, com foco em sa\u00fade mental, redu\u00e7\u00e3o de danos e acesso a tratamento de qualidade.<\/p>\n<p>\u201cAs pol\u00edticas de preven\u00e7\u00e3o devem ir al\u00e9m do medo e da repress\u00e3o. Precisamos educar as pessoas sobre os riscos do uso de drogas, mas tamb\u00e9m sobre como buscar ajuda de maneira segura e sem preconceitos. O foco em sa\u00fade p\u00fablica, em vez de criminaliza\u00e7\u00e3o, pode salvar vidas\u201d, explica Dra. Vanessa.<\/p>\n<h3>Necessidade de Novas Estrat\u00e9gias<\/h3>\n<p>Entre as sugest\u00f5es apresentadas no estudo, destaca-se a ado\u00e7\u00e3o de m\u00e9todos mais integrados e hol\u00edsticos de tratamento. Uma das propostas \u00e9 a amplia\u00e7\u00e3o do acesso a terapias alternativas e inovadoras, como o uso de tratamentos baseados em evid\u00eancias cient\u00edficas, apoio psicol\u00f3gico intensivo e a inclus\u00e3o de programas de reintegra\u00e7\u00e3o social, que auxiliem na recupera\u00e7\u00e3o a longo prazo.<\/p>\n<p>O estudo tamb\u00e9m enfatiza a import\u00e2ncia da capacita\u00e7\u00e3o de profissionais de sa\u00fade que atuam na linha de frente do atendimento aos dependentes qu\u00edmicos. Muitos desses profissionais, segundo a pesquisa, carecem de treinamento especializado, o que compromete a qualidade do atendimento prestado aos pacientes.<\/p>\n<p>\u201cPrecisamos investir na forma\u00e7\u00e3o continuada de m\u00e9dicos, psic\u00f3logos, assistentes sociais e demais profissionais envolvidos. Somente com conhecimento t\u00e9cnico e sensibilidade podemos oferecer um tratamento mais eficaz e humano\u201d, afirma Dr. Carlos Bastos, psiquiatra e coautor do estudo.<\/p>\n<h3>Propostas para o Futuro<\/h3>\n<p>Os autores do estudo defendem que o Brasil deve seguir o exemplo de pa\u00edses que t\u00eam adotado pol\u00edticas de redu\u00e7\u00e3o de danos, como Portugal e Canad\u00e1. Nesses pa\u00edses, o enfoque est\u00e1 na sa\u00fade p\u00fablica e na redu\u00e7\u00e3o dos danos associados ao uso de drogas, ao inv\u00e9s da simples criminaliza\u00e7\u00e3o. Programas de troca de seringas, salas seguras para consumo supervisionado e a descriminaliza\u00e7\u00e3o do uso pessoal de certas subst\u00e2ncias t\u00eam mostrado resultados positivos, com a diminui\u00e7\u00e3o de mortes por overdose e infec\u00e7\u00f5es, como o HIV.<\/p>\n<p>\u201cNo Brasil, ainda h\u00e1 uma forte resist\u00eancia a adotar essas pol\u00edticas, principalmente por quest\u00f5es morais e pol\u00edticas. No entanto, os resultados internacionais mostram que elas podem ser uma solu\u00e7\u00e3o vi\u00e1vel para reduzir os danos causados pelo uso de drogas e salvar vidas\u201d, acrescenta Dr. Bastos.<\/p>\n<h3>O Desafio da Reabilita\u00e7\u00e3o<\/h3>\n<p>Outro ponto destacado \u00e9 o desafio da reintegra\u00e7\u00e3o social de dependentes qu\u00edmicos. A falta de apoio p\u00f3s-tratamento e a exclus\u00e3o social s\u00e3o alguns dos fatores que levam muitos pacientes a reca\u00edrem ap\u00f3s passarem por programas de reabilita\u00e7\u00e3o. O estudo sugere que, al\u00e9m do tratamento m\u00e9dico, os pacientes necessitam de apoio cont\u00ednuo para reintegrar-se \u00e0 sociedade, com acesso a emprego, educa\u00e7\u00e3o e suporte familiar.<\/p>\n<h3>A Necessidade de Reformula\u00e7\u00e3o<\/h3>\n<p>Em um cen\u00e1rio onde o n\u00famero de usu\u00e1rios de drogas continua a crescer, especialmente entre jovens e pessoas em situa\u00e7\u00e3o de vulnerabilidade, o estudo faz um apelo por uma reformula\u00e7\u00e3o urgente das pol\u00edticas p\u00fablicas no Brasil. Os pesquisadores concluem que, sem uma mudan\u00e7a de paradigma que coloque o cuidado integral no centro da pol\u00edtica de drogas, os resultados continuar\u00e3o sendo insuficientes.<\/p>\n<p>\u201cPrecisamos de uma abordagem mais humana e menos punitiva. O foco deve ser na sa\u00fade e no cuidado dos indiv\u00edduos, garantindo que todos tenham acesso ao tratamento de qualidade, independentemente de sua condi\u00e7\u00e3o social ou econ\u00f4mica\u201d, conclui Dra. Vanessa.<\/p>\n<p>&#13;<br \/>\n\t\t\t\t<span class=\"post-views-icon dashicons dashicons-chart-bar\"\/> <span class=\"post-views-label\">Visualiza\u00e7\u00f5es:<\/span> <span class=\"post-views-count\">3<\/span>&#13;\n\t\t\t<\/p>\n<\/p><\/div>\n<p><br \/>\n<br \/><a href=\"https:\/\/folhaderibeirao.com.br\/2024\/10\/26\/estudo-revela-ineficiencias-no-tratamento-tradicional-contra-drogas\/\">Source link <\/a><\/p>\n<!-- CONTENT END 1 -->\n","protected":false},"excerpt":{"rendered":"<p>Um estudo recente divulgado por especialistas em sa\u00fade mental e depend\u00eancia qu\u00edmica trouxe \u00e0 tona falhas significativas nas abordagens tradicionais de tratamento contra o uso&#8230;<\/p>\n","protected":false},"author":1,"featured_media":59575,"comment_status":"open","ping_status":"open","sticky":false,"template":"","format":"standard","meta":{"advanced_seo_description":"","jetpack_seo_html_title":"","jetpack_seo_noindex":false,"jetpack_post_was_ever_published":false,"_jetpack_newsletter_access":"","_jetpack_dont_email_post_to_subs":false,"_jetpack_newsletter_tier_id":0,"_jetpack_memberships_contains_paywalled_content":false,"_jetpack_memberships_contains_paid_content":false,"footnotes":"","jetpack_publicize_message":"","jetpack_publicize_feature_enabled":true,"jetpack_social_post_already_shared":true,"jetpack_social_options":{"image_generator_settings":{"template":"highway","default_image_id":0,"font":"","enabled":false},"version":2}},"categories":[11],"tags":[109,1050,2378,5963,718,528,2074],"class_list":["post-59574","post","type-post","status-publish","format-standard","has-post-thumbnail","hentry","category-noticias-de-ribeirao-preto-sp-e-regiao-ismael-colosi","tag-contra","tag-drogas","tag-estudo","tag-ineficiencias","tag-revela","tag-tradicional","tag-tratamento"],"jetpack_publicize_connections":[],"jetpack_featured_media_url":"https:\/\/i0.wp.com\/noticiasribeiraopreto.com.br\/wp-content\/uploads\/2024\/10\/12.webp.webp?fit=1170%2C700&ssl=1","jetpack-related-posts":[{"id":72290,"url":"https:\/\/noticiasribeiraopreto.com.br\/index.php\/2025\/06\/15\/estudo-da-usp-aponta-que-remedio-contra-obesidade-pode-melhorar-respiracao-no-sono\/","url_meta":{"origin":59574,"position":0},"title":"Estudo da USP aponta que rem\u00e9dio contra obesidade pode melhorar respira\u00e7\u00e3o no sono","author":"noticiasribeiraopreto.com.br","date":"15 de June de 2025","format":false,"excerpt":"Uma pesquisa do Departamento de Fisiologia da FMRP (Faculdade de Medicina de Ribeir\u00e3o Preto) da USP revelou que um medicamento j\u00e1 utilizado para tratar formas raras de obesidade tamb\u00e9m melhora a respira\u00e7\u00e3o durante o sono em animais com obesidade. O estudo, publicado na revista Journal of Clinical Investigation, foi realizado\u2026","rel":"","context":"In &quot;Not\u00edcias de Ribeir\u00e3o Preto-SP e Regi\u00e3o&quot;","block_context":{"text":"Not\u00edcias de Ribeir\u00e3o Preto-SP e Regi\u00e3o","link":"https:\/\/noticiasribeiraopreto.com.br\/index.php\/category\/noticias-de-ribeirao-preto-sp-e-regiao-ismael-colosi\/"},"img":{"alt_text":"","src":"https:\/\/i0.wp.com\/noticiasribeiraopreto.com.br\/wp-content\/uploads\/2025\/06\/woman-wearing-anti-snoring-chin-straps_2025-06-15_16-20-32.webp.webp?fit=1200%2C793&ssl=1&resize=350%2C200","width":350,"height":200,"srcset":"https:\/\/i0.wp.com\/noticiasribeiraopreto.com.br\/wp-content\/uploads\/2025\/06\/woman-wearing-anti-snoring-chin-straps_2025-06-15_16-20-32.webp.webp?fit=1200%2C793&ssl=1&resize=350%2C200 1x, https:\/\/i0.wp.com\/noticiasribeiraopreto.com.br\/wp-content\/uploads\/2025\/06\/woman-wearing-anti-snoring-chin-straps_2025-06-15_16-20-32.webp.webp?fit=1200%2C793&ssl=1&resize=525%2C300 1.5x, https:\/\/i0.wp.com\/noticiasribeiraopreto.com.br\/wp-content\/uploads\/2025\/06\/woman-wearing-anti-snoring-chin-straps_2025-06-15_16-20-32.webp.webp?fit=1200%2C793&ssl=1&resize=700%2C400 2x, https:\/\/i0.wp.com\/noticiasribeiraopreto.com.br\/wp-content\/uploads\/2025\/06\/woman-wearing-anti-snoring-chin-straps_2025-06-15_16-20-32.webp.webp?fit=1200%2C793&ssl=1&resize=1050%2C600 3x"},"classes":[]},{"id":4130,"url":"https:\/\/noticiasribeiraopreto.com.br\/index.php\/2023\/11\/20\/cogumelo-magico-ajuda-no-tratamento-de-anorexia-indica-estudo\/","url_meta":{"origin":59574,"position":1},"title":"&#8216;Cogumelo m\u00e1gico&#8217; ajuda no tratamento de anorexia, indica estudo","author":"noticiasribeiraopreto.com.br","date":"20 de November de 2023","format":false,"excerpt":"Cr\u00e9ditos: Getty Images\/iStockphotoSubst\u00e2ncia presente no cogumelo surpreende especialistas ao indicar efic\u00e1cia em tratamento contra a anorexia \u2013 iStock\/Getty Images Uma subst\u00e2ncia alucin\u00f3gena presente nos \u2018cogumelos m\u00e1gicos\u2019, conhecida como\u00a0psilocibina, pode representar um grande avan\u00e7o no tratamento da anorexia nervosa, considerada um dist\u00farbio alimentar complexo. A descoberta foi anunciada por pesquisadores da\u2026","rel":"","context":"In &quot;Variedades&quot;","block_context":{"text":"Variedades","link":"https:\/\/noticiasribeiraopreto.com.br\/index.php\/category\/variedades\/"},"img":{"alt_text":"","src":"https:\/\/i0.wp.com\/noticiasribeiraopreto.com.br\/wp-content\/uploads\/2023\/11\/istock-1029308000.jpg?fit=1200%2C638&ssl=1&resize=350%2C200","width":350,"height":200,"srcset":"https:\/\/i0.wp.com\/noticiasribeiraopreto.com.br\/wp-content\/uploads\/2023\/11\/istock-1029308000.jpg?fit=1200%2C638&ssl=1&resize=350%2C200 1x, https:\/\/i0.wp.com\/noticiasribeiraopreto.com.br\/wp-content\/uploads\/2023\/11\/istock-1029308000.jpg?fit=1200%2C638&ssl=1&resize=525%2C300 1.5x, https:\/\/i0.wp.com\/noticiasribeiraopreto.com.br\/wp-content\/uploads\/2023\/11\/istock-1029308000.jpg?fit=1200%2C638&ssl=1&resize=700%2C400 2x, https:\/\/i0.wp.com\/noticiasribeiraopreto.com.br\/wp-content\/uploads\/2023\/11\/istock-1029308000.jpg?fit=1200%2C638&ssl=1&resize=1050%2C600 3x"},"classes":[]},{"id":42260,"url":"https:\/\/noticiasribeiraopreto.com.br\/index.php\/2024\/03\/13\/ccj-do-senado-aprova-por-23-votos-a-4-pec-que-criminaliza-porte-de-drogas\/","url_meta":{"origin":59574,"position":2},"title":"CCJ do Senado aprova, por 23 votos a 4, PEC que criminaliza porte de drogas","author":"noticiasribeiraopreto.com.br","date":"13 de March de 2024","format":false,"excerpt":"A Comiss\u00e3o de Constitui\u00e7\u00e3o e Justi\u00e7a (CCJ) do Senado aprovou nesta quarta-feira, 13, a Proposta de Emenda \u00e0 Constitui\u00e7\u00e3o (PEC) que criminaliza o porte de drogas, endurecendo a legisla\u00e7\u00e3o atual. O texto inclui na Constitui\u00e7\u00e3o que tanto o consumo quanto a venda de drogas s\u00e3o igualmente crimes \u2013 apesar de\u2026","rel":"","context":"In &quot;Not\u00edcias de Ribeir\u00e3o Preto-SP e Regi\u00e3o&quot;","block_context":{"text":"Not\u00edcias de Ribeir\u00e3o Preto-SP e Regi\u00e3o","link":"https:\/\/noticiasribeiraopreto.com.br\/index.php\/category\/noticias-de-ribeirao-preto-sp-e-regiao-ismael-colosi\/"},"img":{"alt_text":"","src":"https:\/\/i0.wp.com\/noticiasribeiraopreto.com.br\/wp-content\/uploads\/2024\/03\/84cd24e4-42a2-49ff-9d04-46f1ac9fb1cc-scaled.jpg?fit=1000%2C598&ssl=1&resize=350%2C200","width":350,"height":200,"srcset":"https:\/\/i0.wp.com\/noticiasribeiraopreto.com.br\/wp-content\/uploads\/2024\/03\/84cd24e4-42a2-49ff-9d04-46f1ac9fb1cc-scaled.jpg?fit=1000%2C598&ssl=1&resize=350%2C200 1x, https:\/\/i0.wp.com\/noticiasribeiraopreto.com.br\/wp-content\/uploads\/2024\/03\/84cd24e4-42a2-49ff-9d04-46f1ac9fb1cc-scaled.jpg?fit=1000%2C598&ssl=1&resize=525%2C300 1.5x, https:\/\/i0.wp.com\/noticiasribeiraopreto.com.br\/wp-content\/uploads\/2024\/03\/84cd24e4-42a2-49ff-9d04-46f1ac9fb1cc-scaled.jpg?fit=1000%2C598&ssl=1&resize=700%2C400 2x"},"classes":[]},{"id":42294,"url":"https:\/\/noticiasribeiraopreto.com.br\/index.php\/2024\/03\/13\/entenda-como-funciona-a-terapia-celular-contra-o-cancer-do-hc-de-ribeirao\/","url_meta":{"origin":59574,"position":3},"title":"Entenda como funciona a terapia celular contra o c\u00e2ncer do HC de Ribeir\u00e3o","author":"noticiasribeiraopreto.com.br","date":"13 de March de 2024","format":false,"excerpt":"O Hospital das Cl\u00ednicas de Ribeir\u00e3o Preto come\u00e7a nesta sexta-feira (15) os testes sobre o tratamento celular contra o c\u00e2ncer. Na primeira etapa, o tratamento com c\u00e9lulas CAR-T ser\u00e1 aplicado em quatro pacientes com linfoma e leucemia. O tratamento com c\u00e9lulas CAR-T foi desenvolvido em 2017 nos Estados Unidos e,\u2026","rel":"","context":"In &quot;Not\u00edcias de Ribeir\u00e3o Preto-SP e Regi\u00e3o&quot;","block_context":{"text":"Not\u00edcias de Ribeir\u00e3o Preto-SP e Regi\u00e3o","link":"https:\/\/noticiasribeiraopreto.com.br\/index.php\/category\/noticias-de-ribeirao-preto-sp-e-regiao-ismael-colosi\/"},"img":{"alt_text":"","src":"https:\/\/i0.wp.com\/noticiasribeiraopreto.com.br\/wp-content\/uploads\/2024\/03\/AnyConv.com__celula-cart.webp.webp?fit=1200%2C630&ssl=1&resize=350%2C200","width":350,"height":200,"srcset":"https:\/\/i0.wp.com\/noticiasribeiraopreto.com.br\/wp-content\/uploads\/2024\/03\/AnyConv.com__celula-cart.webp.webp?fit=1200%2C630&ssl=1&resize=350%2C200 1x, https:\/\/i0.wp.com\/noticiasribeiraopreto.com.br\/wp-content\/uploads\/2024\/03\/AnyConv.com__celula-cart.webp.webp?fit=1200%2C630&ssl=1&resize=525%2C300 1.5x, https:\/\/i0.wp.com\/noticiasribeiraopreto.com.br\/wp-content\/uploads\/2024\/03\/AnyConv.com__celula-cart.webp.webp?fit=1200%2C630&ssl=1&resize=700%2C400 2x, https:\/\/i0.wp.com\/noticiasribeiraopreto.com.br\/wp-content\/uploads\/2024\/03\/AnyConv.com__celula-cart.webp.webp?fit=1200%2C630&ssl=1&resize=1050%2C600 3x"},"classes":[]},{"id":44112,"url":"https:\/\/noticiasribeiraopreto.com.br\/index.php\/2024\/03\/25\/ministra-da-saude-participa-de-lancamento-de-estudo-clinico-contra-cancer-no-hc-de-ribeirao\/","url_meta":{"origin":59574,"position":4},"title":"Ministra da Sa\u00fade participa de lan\u00e7amento de estudo cl\u00ednico contra c\u00e2ncer no HC de Ribeir\u00e3o","author":"noticiasribeiraopreto.com.br","date":"25 de March de 2024","format":false,"excerpt":"A ministra da Sa\u00fade, N\u00edsia Trindade, esteve em Ribeir\u00e3o Preto, nesta segunda-feira (25), para participar do lan\u00e7amento de um estudo cl\u00ednico com a terapia que usa as c\u00e9lulas CAR-T para combate a linfoma n\u00e3o Hodgkin de c\u00e9lulas B e leucemia linf\u00f3ide de c\u00e9lulas B. Na ocasi\u00e3o, a ministra tamb\u00e9m conheceu\u2026","rel":"","context":"In &quot;Not\u00edcias de Ribeir\u00e3o Preto-SP e Regi\u00e3o&quot;","block_context":{"text":"Not\u00edcias de Ribeir\u00e3o Preto-SP e Regi\u00e3o","link":"https:\/\/noticiasribeiraopreto.com.br\/index.php\/category\/noticias-de-ribeirao-preto-sp-e-regiao-ismael-colosi\/"},"img":{"alt_text":"","src":"https:\/\/i0.wp.com\/noticiasribeiraopreto.com.br\/wp-content\/uploads\/2024\/03\/AnyConv.com__Copia-de-Copia-de-TAMANHO-EXATO-PARA-FOTOS-NO-SISTEMA-NOVO.webp.webp?fit=1200%2C675&ssl=1&resize=350%2C200","width":350,"height":200,"srcset":"https:\/\/i0.wp.com\/noticiasribeiraopreto.com.br\/wp-content\/uploads\/2024\/03\/AnyConv.com__Copia-de-Copia-de-TAMANHO-EXATO-PARA-FOTOS-NO-SISTEMA-NOVO.webp.webp?fit=1200%2C675&ssl=1&resize=350%2C200 1x, https:\/\/i0.wp.com\/noticiasribeiraopreto.com.br\/wp-content\/uploads\/2024\/03\/AnyConv.com__Copia-de-Copia-de-TAMANHO-EXATO-PARA-FOTOS-NO-SISTEMA-NOVO.webp.webp?fit=1200%2C675&ssl=1&resize=525%2C300 1.5x, https:\/\/i0.wp.com\/noticiasribeiraopreto.com.br\/wp-content\/uploads\/2024\/03\/AnyConv.com__Copia-de-Copia-de-TAMANHO-EXATO-PARA-FOTOS-NO-SISTEMA-NOVO.webp.webp?fit=1200%2C675&ssl=1&resize=700%2C400 2x, https:\/\/i0.wp.com\/noticiasribeiraopreto.com.br\/wp-content\/uploads\/2024\/03\/AnyConv.com__Copia-de-Copia-de-TAMANHO-EXATO-PARA-FOTOS-NO-SISTEMA-NOVO.webp.webp?fit=1200%2C675&ssl=1&resize=1050%2C600 3x"},"classes":[]},{"id":44194,"url":"https:\/\/noticiasribeiraopreto.com.br\/index.php\/2024\/03\/26\/ministra-da-saude-participa-de-lancamento-de-estudo-clinico-contra-cancer-no-hc-de-ribeirao-2\/","url_meta":{"origin":59574,"position":5},"title":"Ministra da Sa\u00fade participa de lan\u00e7amento de estudo cl\u00ednico contra c\u00e2ncer no HC de Ribeir\u00e3o","author":"noticiasribeiraopreto.com.br","date":"26 de March de 2024","format":false,"excerpt":"A ministra da Sa\u00fade, N\u00edsia Trindade, esteve em Ribeir\u00e3o Preto, nesta segunda-feira (25), para participar do lan\u00e7amento de um estudo cl\u00ednico com a terapia que usa as c\u00e9lulas CAR-T para combate a linfoma n\u00e3o Hodgkin de c\u00e9lulas B e leucemia linf\u00f3ide de c\u00e9lulas B. Na ocasi\u00e3o, a ministra tamb\u00e9m conheceu\u2026","rel":"","context":"In &quot;Not\u00edcias de Ribeir\u00e3o Preto-SP e Regi\u00e3o&quot;","block_context":{"text":"Not\u00edcias de Ribeir\u00e3o Preto-SP e Regi\u00e3o","link":"https:\/\/noticiasribeiraopreto.com.br\/index.php\/category\/noticias-de-ribeirao-preto-sp-e-regiao-ismael-colosi\/"},"img":{"alt_text":"","src":"https:\/\/i0.wp.com\/noticiasribeiraopreto.com.br\/wp-content\/uploads\/2024\/03\/AnyConv.com__Copia-de-Copia-de-TAMANHO-EXATO-PARA-FOTOS-NO-SISTEMA-NOVO.webp.webp?fit=1200%2C675&ssl=1&resize=350%2C200","width":350,"height":200,"srcset":"https:\/\/i0.wp.com\/noticiasribeiraopreto.com.br\/wp-content\/uploads\/2024\/03\/AnyConv.com__Copia-de-Copia-de-TAMANHO-EXATO-PARA-FOTOS-NO-SISTEMA-NOVO.webp.webp?fit=1200%2C675&ssl=1&resize=350%2C200 1x, https:\/\/i0.wp.com\/noticiasribeiraopreto.com.br\/wp-content\/uploads\/2024\/03\/AnyConv.com__Copia-de-Copia-de-TAMANHO-EXATO-PARA-FOTOS-NO-SISTEMA-NOVO.webp.webp?fit=1200%2C675&ssl=1&resize=525%2C300 1.5x, https:\/\/i0.wp.com\/noticiasribeiraopreto.com.br\/wp-content\/uploads\/2024\/03\/AnyConv.com__Copia-de-Copia-de-TAMANHO-EXATO-PARA-FOTOS-NO-SISTEMA-NOVO.webp.webp?fit=1200%2C675&ssl=1&resize=700%2C400 2x, https:\/\/i0.wp.com\/noticiasribeiraopreto.com.br\/wp-content\/uploads\/2024\/03\/AnyConv.com__Copia-de-Copia-de-TAMANHO-EXATO-PARA-FOTOS-NO-SISTEMA-NOVO.webp.webp?fit=1200%2C675&ssl=1&resize=1050%2C600 3x"},"classes":[]}],"jetpack_sharing_enabled":true,"jetpack_shortlink":"https:\/\/wp.me\/peQAOb-fuS","_links":{"self":[{"href":"https:\/\/noticiasribeiraopreto.com.br\/index.php\/wp-json\/wp\/v2\/posts\/59574","targetHints":{"allow":["GET"]}}],"collection":[{"href":"https:\/\/noticiasribeiraopreto.com.br\/index.php\/wp-json\/wp\/v2\/posts"}],"about":[{"href":"https:\/\/noticiasribeiraopreto.com.br\/index.php\/wp-json\/wp\/v2\/types\/post"}],"author":[{"embeddable":true,"href":"https:\/\/noticiasribeiraopreto.com.br\/index.php\/wp-json\/wp\/v2\/users\/1"}],"replies":[{"embeddable":true,"href":"https:\/\/noticiasribeiraopreto.com.br\/index.php\/wp-json\/wp\/v2\/comments?post=59574"}],"version-history":[{"count":0,"href":"https:\/\/noticiasribeiraopreto.com.br\/index.php\/wp-json\/wp\/v2\/posts\/59574\/revisions"}],"wp:featuredmedia":[{"embeddable":true,"href":"https:\/\/noticiasribeiraopreto.com.br\/index.php\/wp-json\/wp\/v2\/media\/59575"}],"wp:attachment":[{"href":"https:\/\/noticiasribeiraopreto.com.br\/index.php\/wp-json\/wp\/v2\/media?parent=59574"}],"wp:term":[{"taxonomy":"category","embeddable":true,"href":"https:\/\/noticiasribeiraopreto.com.br\/index.php\/wp-json\/wp\/v2\/categories?post=59574"},{"taxonomy":"post_tag","embeddable":true,"href":"https:\/\/noticiasribeiraopreto.com.br\/index.php\/wp-json\/wp\/v2\/tags?post=59574"}],"curies":[{"name":"wp","href":"https:\/\/api.w.org\/{rel}","templated":true}]}}