{"id":59584,"date":"2024-10-26T10:14:10","date_gmt":"2024-10-26T13:14:10","guid":{"rendered":"https:\/\/noticiasribeiraopreto.com.br\/index.php\/2024\/10\/26\/ribeirao-pretano-pagara-mais-barato-na-conta-de-luz-a-partir-de-novembro\/"},"modified":"2024-10-26T10:14:10","modified_gmt":"2024-10-26T13:14:10","slug":"ribeirao-pretano-pagara-mais-barato-na-conta-de-luz-a-partir-de-novembro","status":"publish","type":"post","link":"https:\/\/noticiasribeiraopreto.com.br\/index.php\/2024\/10\/26\/ribeirao-pretano-pagara-mais-barato-na-conta-de-luz-a-partir-de-novembro\/","title":{"rendered":"Ribeir\u00e3o-pretano pagar\u00e1 mais barato na conta de luz a partir de novembro"},"content":{"rendered":"<p> <br \/>\n<\/p>\n<div data-td-block-uid=\"tdi_106\">\n<div class=\"tdb-block-inner td-fix-index\">\n<p>A <a href=\"https:\/\/www.gov.br\/aneel\/pt-br\" target=\"_blank\" rel=\"noreferrer noopener nofollow\">Ag\u00eancia Nacional de Energia El\u00e9trica (Aneel)<\/a> anunciou,<strong> nesta sexta-feira (25)<\/strong>, que a <strong>bandeira tarif\u00e1ria da conta de luz mudar\u00e1 para amarela em novembro<\/strong>, <mark style=\"background-color:#fcb900\" class=\"has-inline-color\">ap\u00f3s dois meses no patamar vermelho.<\/mark><\/p>\n<p>O valor extra cobrado para cada 100 kwh consumidos passa <strong>de R$ 7,877<\/strong> para <strong>R$ 1,885.<\/strong> <mark style=\"background-color:#fcb900\" class=\"has-inline-color\">Uma mudan\u00e7a positiva para o bolso dos consumidores.<\/mark><\/p>\n<p><strong>A mudan\u00e7a acontece<\/strong> por conta da melhoria nas condi\u00e7\u00f5es de gera\u00e7\u00e3o de energia no pa\u00eds, principalmente com o <strong>aumento do volume de chuvas. <\/strong><\/p>\n<h4 class=\"wp-block-heading\"><strong>Entenda as bandeiras<\/strong><\/h4>\n<ul>\n<li><mark style=\"background-color:#00d084\" class=\"has-inline-color\"><strong>Bandeira verde<\/strong><\/mark> \u2013 sem custo extra<br \/><em><sub>(condi\u00e7\u00f5es favor\u00e1veis de gera\u00e7\u00e3o de energia)<\/sub> <\/em><\/li>\n<li><mark style=\"background-color:#fcb900\" class=\"has-inline-color\"><strong>Bandeira amarela<\/strong><\/mark> \u2013 R$ 18,85 por MWh utilizado ou R$ 1,88 a cada 100kWh<br \/><sub><em>(condi\u00e7\u00f5es menos favor\u00e1veis)<\/em><\/sub><\/li>\n<li><mark style=\"background-color:#cf2e2e\" class=\"has-inline-color\"><strong>Bandeira vermelha patamar 1<\/strong><\/mark> \u2013 R$ 44,63 por MWh utilizado ou R$ 4,46 a cada 100 kWh<br \/><em><sub>(condi\u00e7\u00f5es desfavor\u00e1veis)<\/sub><\/em><\/li>\n<li><mark style=\"background-color:#cf2e2e\" class=\"has-inline-color\"><strong>Bandeira vermelha patamar 2 <\/strong><\/mark>\u2013 R$ 78,77 por MWh utilizado ou R$ 7,87 a cada kWh<br \/><em><sub>(condi\u00e7\u00f5es muito desfavor\u00e1veis)<\/sub><\/em><\/li>\n<\/ul>\n<p>SAIBA MAIS<\/p>\n<p>2\u00ba turno: Veja mapa interativo com todos os locais de vota\u00e7\u00e3o em Ribeir\u00e3o Preto<\/p>\n<h4 class=\"wp-block-heading\"><strong>FIQUE ON<\/strong><\/h4>\n<p>Fique ligado em tudo que acontece em Ribeir\u00e3o Preto e regi\u00e3o. Siga os perfis do\u00a0<strong>acidade on<\/strong>\u00a0no\u00a0<a href=\"https:\/\/www.instagram.com\/acidadeonribeirao\" target=\"_blank\" rel=\"noreferrer noopener\">Instagram\u00a0<\/a>e no\u00a0<a href=\"https:\/\/www.facebook.com\/acidadeonribeirao\/\" target=\"_blank\" rel=\"noreferrer noopener\">Facebook<\/a>.<\/p>\n<p>Receba not\u00edcias do\u00a0<strong>acidade on\u00a0<\/strong>no WhatsApp.\u00a0<a href=\"https:\/\/chat.whatsapp.com\/Fg4ok3aAVyB59DP63pRapr\" target=\"_blank\" rel=\"noreferrer noopener\">Para entrar no grupo, basta clicar aqui.<\/a><\/p>\n<p>Fa\u00e7a uma den\u00fancia ou sugira uma reportagem sobre Ribeir\u00e3o Preto e regi\u00e3o pelo WhatsApp: 16 99117 7802.<\/p>\n<p>VEJA TAMB\u00c9M<\/p>\n<p>Qual o line up do Monsters of Rock 2025?<\/p>\n<p><!-- CONTENT END 1 -->\n<\/div>\n<\/div>\n<p><script async src=\"\/\/www.instagram.com\/embed.js\"><\/script><br \/>\n<br \/><br \/>\n<br \/><a href=\"https:\/\/www.acidadeon.com\/ribeiraopreto\/economia\/ribeirao-pretano-pagara-mais-barato-na-conta-de-luz-a-partir-de-novembro\/\">Source link <\/a><\/p>\n","protected":false},"excerpt":{"rendered":"<p>A Ag\u00eancia Nacional de Energia El\u00e9trica (Aneel) anunciou, nesta sexta-feira (25), que a bandeira tarif\u00e1ria da conta de luz mudar\u00e1 para amarela em novembro, ap\u00f3s&#8230;<\/p>\n","protected":false},"author":1,"featured_media":59585,"comment_status":"open","ping_status":"open","sticky":false,"template":"","format":"standard","meta":{"advanced_seo_description":"","jetpack_seo_html_title":"","jetpack_seo_noindex":false,"jetpack_post_was_ever_published":false,"_jetpack_newsletter_access":"","_jetpack_dont_email_post_to_subs":false,"_jetpack_newsletter_tier_id":0,"_jetpack_memberships_contains_paywalled_content":false,"_jetpack_memberships_contains_paid_content":false,"footnotes":"","jetpack_publicize_message":"","jetpack_publicize_feature_enabled":true,"jetpack_social_post_already_shared":true,"jetpack_social_options":{"image_generator_settings":{"template":"highway","default_image_id":0,"font":"","enabled":false},"version":2}},"categories":[11],"tags":[],"class_list":["post-59584","post","type-post","status-publish","format-standard","has-post-thumbnail","hentry","category-noticias-de-ribeirao-preto-sp-e-regiao-ismael-colosi"],"jetpack_publicize_connections":[],"jetpack_featured_media_url":"https:\/\/i0.wp.com\/noticiasribeiraopreto.com.br\/wp-content\/uploads\/2024\/10\/Copia-de-Copia-de-Copia-de-TAMANHO-EXATO-PARA-FOTOS-NO-SISTEMA-NOVO-48_2024-10-26_13-01-22_png_2024-10-26_13-01-22.webp.webp?fit=1200%2C675&ssl=1","jetpack-related-posts":[{"id":59582,"url":"https:\/\/noticiasribeiraopreto.com.br\/index.php\/2024\/10\/26\/aneel-anuncia-bandeira-tarifaria-amarela-para-novembro-reducao-de-custos-na-conta-de-luz\/","url_meta":{"origin":59584,"position":0},"title":"ANEEL Anuncia Bandeira Tarif\u00e1ria Amarela para Novembro: Redu\u00e7\u00e3o de Custos na Conta de Luz","author":"noticiasribeiraopreto.com.br","date":"26 de October de 2024","format":false,"excerpt":"A Ag\u00eancia Nacional de Energia El\u00e9trica (ANEEL) anunciou que, a partir de novembro, a bandeira tarif\u00e1ria ser\u00e1 alterada para amarela. A mudan\u00e7a significa uma redu\u00e7\u00e3o nos custos adicionais nas contas de luz, uma vez que o cen\u00e1rio hidrol\u00f3gico tem mostrado melhorias, permitindo menor depend\u00eancia das usinas termel\u00e9tricas, que possuem um\u2026","rel":"","context":"In &quot;Not\u00edcias de Ribeir\u00e3o Preto-SP e Regi\u00e3o&quot;","block_context":{"text":"Not\u00edcias de Ribeir\u00e3o Preto-SP e Regi\u00e3o","link":"https:\/\/noticiasribeiraopreto.com.br\/index.php\/category\/noticias-de-ribeirao-preto-sp-e-regiao-ismael-colosi\/"},"img":{"alt_text":"","src":"https:\/\/i0.wp.com\/noticiasribeiraopreto.com.br\/wp-content\/uploads\/2024\/10\/energia_eletrica_interruptor_de_luz_energia070720211247.webp.webp?fit=1170%2C700&ssl=1&resize=350%2C200","width":350,"height":200,"srcset":"https:\/\/i0.wp.com\/noticiasribeiraopreto.com.br\/wp-content\/uploads\/2024\/10\/energia_eletrica_interruptor_de_luz_energia070720211247.webp.webp?fit=1170%2C700&ssl=1&resize=350%2C200 1x, https:\/\/i0.wp.com\/noticiasribeiraopreto.com.br\/wp-content\/uploads\/2024\/10\/energia_eletrica_interruptor_de_luz_energia070720211247.webp.webp?fit=1170%2C700&ssl=1&resize=525%2C300 1.5x, https:\/\/i0.wp.com\/noticiasribeiraopreto.com.br\/wp-content\/uploads\/2024\/10\/energia_eletrica_interruptor_de_luz_energia070720211247.webp.webp?fit=1170%2C700&ssl=1&resize=700%2C400 2x, https:\/\/i0.wp.com\/noticiasribeiraopreto.com.br\/wp-content\/uploads\/2024\/10\/energia_eletrica_interruptor_de_luz_energia070720211247.webp.webp?fit=1170%2C700&ssl=1&resize=1050%2C600 3x"},"classes":[]},{"id":70892,"url":"https:\/\/noticiasribeiraopreto.com.br\/index.php\/2025\/05\/30\/conta-de-luz-vai-ficar-mais-cara-veja-a-partir-de-quando\/","url_meta":{"origin":59584,"position":1},"title":"Conta de luz vai ficar mais cara? Veja a partir de quando","author":"noticiasribeiraopreto.com.br","date":"30 de May de 2025","format":false,"excerpt":"A Ag\u00eancia Nacional de Energia El\u00e9trica (Aneel) anunciou nesta sexta-feira (30) que a bandeira vermelha, patamar 1, ser\u00e1 acionada em junho deste ano. A decis\u00e3o indica aumento no custo da energia el\u00e9trica para os consumidores. Com a medida, as contas de luz ter\u00e3o uma cobran\u00e7a adicional de R$ 4,46 a\u2026","rel":"","context":"In &quot;Not\u00edcias de Ribeir\u00e3o Preto-SP e Regi\u00e3o&quot;","block_context":{"text":"Not\u00edcias de Ribeir\u00e3o Preto-SP e Regi\u00e3o","link":"https:\/\/noticiasribeiraopreto.com.br\/index.php\/category\/noticias-de-ribeirao-preto-sp-e-regiao-ismael-colosi\/"},"img":{"alt_text":"","src":"https:\/\/i0.wp.com\/noticiasribeiraopreto.com.br\/wp-content\/uploads\/2025\/01\/luz_2025-01-24_15-39-11_jpg_2025-01-24_15-39-11.webp.webp?fit=1200%2C859&ssl=1&resize=350%2C200","width":350,"height":200,"srcset":"https:\/\/i0.wp.com\/noticiasribeiraopreto.com.br\/wp-content\/uploads\/2025\/01\/luz_2025-01-24_15-39-11_jpg_2025-01-24_15-39-11.webp.webp?fit=1200%2C859&ssl=1&resize=350%2C200 1x, https:\/\/i0.wp.com\/noticiasribeiraopreto.com.br\/wp-content\/uploads\/2025\/01\/luz_2025-01-24_15-39-11_jpg_2025-01-24_15-39-11.webp.webp?fit=1200%2C859&ssl=1&resize=525%2C300 1.5x, https:\/\/i0.wp.com\/noticiasribeiraopreto.com.br\/wp-content\/uploads\/2025\/01\/luz_2025-01-24_15-39-11_jpg_2025-01-24_15-39-11.webp.webp?fit=1200%2C859&ssl=1&resize=700%2C400 2x, https:\/\/i0.wp.com\/noticiasribeiraopreto.com.br\/wp-content\/uploads\/2025\/01\/luz_2025-01-24_15-39-11_jpg_2025-01-24_15-39-11.webp.webp?fit=1200%2C859&ssl=1&resize=1050%2C600 3x"},"classes":[]},{"id":60962,"url":"https:\/\/noticiasribeiraopreto.com.br\/index.php\/2024\/11\/29\/conta-de-luz-vai-ficar-mais-barata-aneel-aciona-nova-bandeira-em-dezembro\/","url_meta":{"origin":59584,"position":2},"title":"Conta de luz vai ficar mais barata? Aneel aciona nova bandeira em dezembro","author":"noticiasribeiraopreto.com.br","date":"29 de November de 2024","format":false,"excerpt":"A bandeira tarif\u00e1ria para o m\u00eas de dezembro ser\u00e1 verde, sem cobran\u00e7a extra na conta de luz. Segundo a Ag\u00eancia Nacional de Energia El\u00e9trica (Aneel), a mudan\u00e7a foi poss\u00edvel gra\u00e7as \u00e0 \u201cexpressiva melhora das condi\u00e7\u00f5es de gera\u00e7\u00e3o de energia\u201d no pa\u00eds.\u00a0 \u201cNas \u00faltimas semanas, o per\u00edodo chuvoso mais intenso favoreceu\u2026","rel":"","context":"In &quot;Not\u00edcias de Ribeir\u00e3o Preto-SP e Regi\u00e3o&quot;","block_context":{"text":"Not\u00edcias de Ribeir\u00e3o Preto-SP e Regi\u00e3o","link":"https:\/\/noticiasribeiraopreto.com.br\/index.php\/category\/noticias-de-ribeirao-preto-sp-e-regiao-ismael-colosi\/"},"img":{"alt_text":"","src":"https:\/\/i0.wp.com\/noticiasribeiraopreto.com.br\/wp-content\/uploads\/2024\/11\/energia_elxtrica_luz_lxmpada_interruptor.jpg_231334169.png?fit=600%2C400&ssl=1&resize=350%2C200","width":350,"height":200,"srcset":"https:\/\/i0.wp.com\/noticiasribeiraopreto.com.br\/wp-content\/uploads\/2024\/11\/energia_elxtrica_luz_lxmpada_interruptor.jpg_231334169.png?fit=600%2C400&ssl=1&resize=350%2C200 1x, https:\/\/i0.wp.com\/noticiasribeiraopreto.com.br\/wp-content\/uploads\/2024\/11\/energia_elxtrica_luz_lxmpada_interruptor.jpg_231334169.png?fit=600%2C400&ssl=1&resize=525%2C300 1.5x"},"classes":[]},{"id":71069,"url":"https:\/\/noticiasribeiraopreto.com.br\/index.php\/2025\/06\/02\/jornal-da-franca-aneel-aciona-bandeira-vermelha-para-junho-e-conta-de-luz-fica-mais-cara\/","url_meta":{"origin":59584,"position":3},"title":"Jornal da Franca &#8211; Aneel aciona bandeira vermelha para junho, e conta de luz fica mais cara","author":"noticiasribeiraopreto.com.br","date":"2 de June de 2025","format":false,"excerpt":"compartilhar no whatsapp compartilhar no telegram compartilhar no facebook compartilhar no linkedin A medida foi adotada diante da queda no volume de chuvas e da diminui\u00e7\u00e3o da gera\u00e7\u00e3o de energia por hidrel\u00e9tricas Energia el\u00e9trica vai ficar mais cara para os brasileiros no m\u00eas de junho \u2013 foto Arquivo \u00a0 A\u2026","rel":"","context":"In &quot;Not\u00edcias de Franca-SP&quot;","block_context":{"text":"Not\u00edcias de Franca-SP","link":"https:\/\/noticiasribeiraopreto.com.br\/index.php\/category\/noticias-de-ribeirao-preto-sp-e-regiao-ismael-colosi\/noticias-franca-sp\/"},"img":{"alt_text":"","src":"https:\/\/i0.wp.com\/noticiasribeiraopreto.com.br\/wp-content\/uploads\/2025\/06\/conta-de-luz-bandeira-vermelha.jpg?fit=1000%2C683&ssl=1&resize=350%2C200","width":350,"height":200,"srcset":"https:\/\/i0.wp.com\/noticiasribeiraopreto.com.br\/wp-content\/uploads\/2025\/06\/conta-de-luz-bandeira-vermelha.jpg?fit=1000%2C683&ssl=1&resize=350%2C200 1x, https:\/\/i0.wp.com\/noticiasribeiraopreto.com.br\/wp-content\/uploads\/2025\/06\/conta-de-luz-bandeira-vermelha.jpg?fit=1000%2C683&ssl=1&resize=525%2C300 1.5x, https:\/\/i0.wp.com\/noticiasribeiraopreto.com.br\/wp-content\/uploads\/2025\/06\/conta-de-luz-bandeira-vermelha.jpg?fit=1000%2C683&ssl=1&resize=700%2C400 2x"},"classes":[]},{"id":68492,"url":"https:\/\/noticiasribeiraopreto.com.br\/index.php\/2025\/04\/25\/conta-de-luz-mais-cara-a-partir-de-maio-entenda-o-que-muda\/","url_meta":{"origin":59584,"position":4},"title":"Conta de luz mais cara a partir de maio? Entenda o que muda","author":"noticiasribeiraopreto.com.br","date":"25 de April de 2025","format":false,"excerpt":"A Ag\u00eancia Nacional de Energia El\u00e9trica (Aneel) anunciou que, a partir de maio de 2025, a bandeira tarif\u00e1ria das contas de luz ser\u00e1 amarela. A medida encerra um per\u00edodo de cinco meses de bandeira verde, que vigorou de dezembro de 2024 a abril de 2025, sem cobran\u00e7a adicional. Com a\u2026","rel":"","context":"In &quot;Not\u00edcias de Ribeir\u00e3o Preto-SP e Regi\u00e3o&quot;","block_context":{"text":"Not\u00edcias de Ribeir\u00e3o Preto-SP e Regi\u00e3o","link":"https:\/\/noticiasribeiraopreto.com.br\/index.php\/category\/noticias-de-ribeirao-preto-sp-e-regiao-ismael-colosi\/"},"img":{"alt_text":"","src":"https:\/\/i0.wp.com\/noticiasribeiraopreto.com.br\/wp-content\/uploads\/2024\/10\/Copia-de-Copia-de-Copia-de-TAMANHO-EXATO-PARA-FOTOS-NO-SISTEMA-NOVO-48_2024-10-26_13-01-22_png_2024-10-26_13-01-22.webp.webp?fit=1200%2C675&ssl=1&resize=350%2C200","width":350,"height":200,"srcset":"https:\/\/i0.wp.com\/noticiasribeiraopreto.com.br\/wp-content\/uploads\/2024\/10\/Copia-de-Copia-de-Copia-de-TAMANHO-EXATO-PARA-FOTOS-NO-SISTEMA-NOVO-48_2024-10-26_13-01-22_png_2024-10-26_13-01-22.webp.webp?fit=1200%2C675&ssl=1&resize=350%2C200 1x, https:\/\/i0.wp.com\/noticiasribeiraopreto.com.br\/wp-content\/uploads\/2024\/10\/Copia-de-Copia-de-Copia-de-TAMANHO-EXATO-PARA-FOTOS-NO-SISTEMA-NOVO-48_2024-10-26_13-01-22_png_2024-10-26_13-01-22.webp.webp?fit=1200%2C675&ssl=1&resize=525%2C300 1.5x, https:\/\/i0.wp.com\/noticiasribeiraopreto.com.br\/wp-content\/uploads\/2024\/10\/Copia-de-Copia-de-Copia-de-TAMANHO-EXATO-PARA-FOTOS-NO-SISTEMA-NOVO-48_2024-10-26_13-01-22_png_2024-10-26_13-01-22.webp.webp?fit=1200%2C675&ssl=1&resize=700%2C400 2x, https:\/\/i0.wp.com\/noticiasribeiraopreto.com.br\/wp-content\/uploads\/2024\/10\/Copia-de-Copia-de-Copia-de-TAMANHO-EXATO-PARA-FOTOS-NO-SISTEMA-NOVO-48_2024-10-26_13-01-22_png_2024-10-26_13-01-22.webp.webp?fit=1200%2C675&ssl=1&resize=1050%2C600 3x"},"classes":[]},{"id":66199,"url":"https:\/\/noticiasribeiraopreto.com.br\/index.php\/2025\/03\/28\/aneel-mantem-bandeira-verde-e-conta-de-luz-nao-aumenta-no-proximo-mes\/","url_meta":{"origin":59584,"position":5},"title":"Aneel mant\u00e9m bandeira verde e conta de luz n\u00e3o aumenta no pr\u00f3ximo m\u00eas","author":"noticiasribeiraopreto.com.br","date":"28 de March de 2025","format":false,"excerpt":"Nesta sexta-feira (28), a Ag\u00eancia Nacional de Energia El\u00e9trica (Aneel) anunciou que a bandeira verde seguir\u00e1 no m\u00eas de abril. Com essa decis\u00e3o, os consumidores de energia el\u00e9trica n\u00e3o ter\u00e3o custos adicionais nas contas de energia. Desde dezembro de 2024 que n\u00e3o h\u00e1 mudan\u00e7a na bandeira tarif\u00e1ria. A pasta afirma\u2026","rel":"","context":"In &quot;Not\u00edcias de Ribeir\u00e3o Preto-SP e Regi\u00e3o&quot;","block_context":{"text":"Not\u00edcias de Ribeir\u00e3o Preto-SP e Regi\u00e3o","link":"https:\/\/noticiasribeiraopreto.com.br\/index.php\/category\/noticias-de-ribeirao-preto-sp-e-regiao-ismael-colosi\/"},"img":{"alt_text":"","src":"https:\/\/i0.wp.com\/noticiasribeiraopreto.com.br\/wp-content\/uploads\/2025\/01\/luz_2025-01-24_15-39-11_jpg_2025-01-24_15-39-11.webp.webp?fit=1200%2C859&ssl=1&resize=350%2C200","width":350,"height":200,"srcset":"https:\/\/i0.wp.com\/noticiasribeiraopreto.com.br\/wp-content\/uploads\/2025\/01\/luz_2025-01-24_15-39-11_jpg_2025-01-24_15-39-11.webp.webp?fit=1200%2C859&ssl=1&resize=350%2C200 1x, https:\/\/i0.wp.com\/noticiasribeiraopreto.com.br\/wp-content\/uploads\/2025\/01\/luz_2025-01-24_15-39-11_jpg_2025-01-24_15-39-11.webp.webp?fit=1200%2C859&ssl=1&resize=525%2C300 1.5x, https:\/\/i0.wp.com\/noticiasribeiraopreto.com.br\/wp-content\/uploads\/2025\/01\/luz_2025-01-24_15-39-11_jpg_2025-01-24_15-39-11.webp.webp?fit=1200%2C859&ssl=1&resize=700%2C400 2x, https:\/\/i0.wp.com\/noticiasribeiraopreto.com.br\/wp-content\/uploads\/2025\/01\/luz_2025-01-24_15-39-11_jpg_2025-01-24_15-39-11.webp.webp?fit=1200%2C859&ssl=1&resize=1050%2C600 3x"},"classes":[]}],"jetpack_sharing_enabled":true,"jetpack_shortlink":"https:\/\/wp.me\/peQAOb-fv2","_links":{"self":[{"href":"https:\/\/noticiasribeiraopreto.com.br\/index.php\/wp-json\/wp\/v2\/posts\/59584","targetHints":{"allow":["GET"]}}],"collection":[{"href":"https:\/\/noticiasribeiraopreto.com.br\/index.php\/wp-json\/wp\/v2\/posts"}],"about":[{"href":"https:\/\/noticiasribeiraopreto.com.br\/index.php\/wp-json\/wp\/v2\/types\/post"}],"author":[{"embeddable":true,"href":"https:\/\/noticiasribeiraopreto.com.br\/index.php\/wp-json\/wp\/v2\/users\/1"}],"replies":[{"embeddable":true,"href":"https:\/\/noticiasribeiraopreto.com.br\/index.php\/wp-json\/wp\/v2\/comments?post=59584"}],"version-history":[{"count":0,"href":"https:\/\/noticiasribeiraopreto.com.br\/index.php\/wp-json\/wp\/v2\/posts\/59584\/revisions"}],"wp:featuredmedia":[{"embeddable":true,"href":"https:\/\/noticiasribeiraopreto.com.br\/index.php\/wp-json\/wp\/v2\/media\/59585"}],"wp:attachment":[{"href":"https:\/\/noticiasribeiraopreto.com.br\/index.php\/wp-json\/wp\/v2\/media?parent=59584"}],"wp:term":[{"taxonomy":"category","embeddable":true,"href":"https:\/\/noticiasribeiraopreto.com.br\/index.php\/wp-json\/wp\/v2\/categories?post=59584"},{"taxonomy":"post_tag","embeddable":true,"href":"https:\/\/noticiasribeiraopreto.com.br\/index.php\/wp-json\/wp\/v2\/tags?post=59584"}],"curies":[{"name":"wp","href":"https:\/\/api.w.org\/{rel}","templated":true}]}}