{"id":59615,"date":"2024-10-27T07:48:42","date_gmt":"2024-10-27T10:48:42","guid":{"rendered":"https:\/\/noticiasribeiraopreto.com.br\/index.php\/2024\/10\/27\/ministra-carmen-lucia-o-voto-e-um-poderoso-instrumento-de-transformacao-social\/"},"modified":"2024-10-27T07:48:42","modified_gmt":"2024-10-27T10:48:42","slug":"ministra-carmen-lucia-o-voto-e-um-poderoso-instrumento-de-transformacao-social","status":"publish","type":"post","link":"https:\/\/noticiasribeiraopreto.com.br\/index.php\/2024\/10\/27\/ministra-carmen-lucia-o-voto-e-um-poderoso-instrumento-de-transformacao-social\/","title":{"rendered":"Ministra C\u00e1rmen L\u00facia: &#8220;O Voto \u00e9 um Poderoso Instrumento de Transforma\u00e7\u00e3o Social&#8221;"},"content":{"rendered":"<div class='code-block code-block-1' style='margin: 8px 0 8px auto; text-align: right; display: block; clear: both;'>\n<p><a href=\"https:\/\/wa.link\/vpicfd\"><img data-recalc-dims=\"1\" class=\"wp-image-4922\" style=\"aspect-ratio: 2.0253164556962027; width: 561px; height: auto;\" src=\"https:\/\/i0.wp.com\/ismaelcolosi.com.br\/wp-content\/uploads\/2023\/11\/grupo-de-empregos-whatsapp-e-facebook-ismael-colosi-vagas.jpg?ssl=1\" alt=\"\" \/><\/a><\/p>\n<!-- \/wp:image -->\n<\/div>\n<p> <br \/>\n<\/p>\n<div>\n<p>Durante um evento recente, a ministra C\u00e1rmen L\u00facia, do Supremo Tribunal Federal (STF), enfatizou o poder transformador do voto, destacando a relev\u00e2ncia do processo eleitoral como uma ferramenta essencial para promover mudan\u00e7as sociais. Sua fala ocorre em um momento decisivo para o Brasil, \u00e0s v\u00e9speras do segundo turno das elei\u00e7\u00f5es de 2024, quando milh\u00f5es de eleitores voltam \u00e0s urnas para escolher seus representantes.<\/p>\n<h3>O Papel do Voto na Democracia<\/h3>\n<p>Para C\u00e1rmen L\u00facia, o voto \u00e9 mais do que um direito; \u00e9 um instrumento de cidadania que permite que os cidad\u00e3os influenciem diretamente o rumo do pa\u00eds. \u201cVotar \u00e9 exercer um poder que cada eleitor tem de transformar a sociedade. As mudan\u00e7as que todos queremos no Brasil passam pelo voto consciente e pela participa\u00e7\u00e3o ativa na pol\u00edtica\u201d, afirmou a ministra.<\/p>\n<p>Ela ressaltou que, em tempos de desconfian\u00e7a e polariza\u00e7\u00e3o pol\u00edtica, \u00e9 ainda mais importante que os eleitores se conscientizem do impacto de suas escolhas. Segundo C\u00e1rmen L\u00facia, a participa\u00e7\u00e3o nas urnas \u00e9 uma maneira de consolidar a democracia, que depende da inclus\u00e3o de todos os segmentos da sociedade para ser verdadeiramente representativa.<\/p>\n<h3>A Import\u00e2ncia do Voto Consciente<\/h3>\n<p>C\u00e1rmen L\u00facia fez quest\u00e3o de destacar a responsabilidade dos eleitores de fazer escolhas informadas. \u201cO voto n\u00e3o \u00e9 um ato isolado; ele reflete o que queremos para o nosso presente e, sobretudo, para o futuro das pr\u00f3ximas gera\u00e7\u00f5es\u201d, disse. Ela ressaltou que \u00e9 dever do eleitor investigar as propostas e a trajet\u00f3ria dos candidatos para garantir que os escolhidos estejam comprometidos com o bem comum.<\/p>\n<p>Esse ponto \u00e9 crucial, pois as elei\u00e7\u00f5es de 2024 envolvem debates importantes sobre pol\u00edticas p\u00fablicas, direitos sociais e econ\u00f4micos, al\u00e9m de temas como educa\u00e7\u00e3o, sa\u00fade e combate \u00e0 desigualdade. A ministra relembrou que cada voto pode moldar pol\u00edticas que impactam diretamente a vida de milh\u00f5es de brasileiros, especialmente os mais vulner\u00e1veis.<\/p>\n<h3>O STF e a Defesa da Democracia<\/h3>\n<p>Al\u00e9m de refor\u00e7ar o papel do voto, C\u00e1rmen L\u00facia destacou o papel do Supremo Tribunal Federal na defesa da ordem democr\u00e1tica e do respeito \u00e0s institui\u00e7\u00f5es. Segundo a ministra, o STF est\u00e1 comprometido em garantir que o processo eleitoral seja justo, transparente e acess\u00edvel a todos os cidad\u00e3os.<\/p>\n<p>Ela tamb\u00e9m lembrou que a participa\u00e7\u00e3o da sociedade no processo eleitoral vai al\u00e9m do ato de votar. \u201cA democracia se constr\u00f3i diariamente, n\u00e3o apenas no dia das elei\u00e7\u00f5es. Exercer a cidadania \u00e9 acompanhar os atos dos governantes, exigir presta\u00e7\u00e3o de contas e garantir que as promessas de campanha sejam cumpridas\u201d, concluiu.<\/p>\n<h3>O Contexto das Elei\u00e7\u00f5es de 2024<\/h3>\n<p>As elei\u00e7\u00f5es de 2024 t\u00eam um significado especial no contexto brasileiro. O pa\u00eds enfrenta desafios complexos, como a recupera\u00e7\u00e3o econ\u00f4mica, a desigualdade social e a crise ambiental, al\u00e9m de uma crescente polariza\u00e7\u00e3o pol\u00edtica. Nesse cen\u00e1rio, o voto de cada cidad\u00e3o pode ser determinante para definir os rumos do Brasil nos pr\u00f3ximos anos.<\/p>\n<p>Com a fala de C\u00e1rmen L\u00facia, refor\u00e7a-se a import\u00e2ncia de uma participa\u00e7\u00e3o ativa e consciente da popula\u00e7\u00e3o nas urnas. Ela espera que os eleitores utilizem esse \u201cpoderoso instrumento de transforma\u00e7\u00e3o social\u201d para fortalecer a democracia e promover um futuro mais justo e inclusivo para todos os brasileiros.<\/p>\n<p>&#13;<br \/>\n\t\t\t\t<span class=\"post-views-icon dashicons dashicons-chart-bar\"\/> <span class=\"post-views-label\">Visualiza\u00e7\u00f5es:<\/span> <span class=\"post-views-count\">5<\/span>&#13;\n\t\t\t<\/p>\n<\/p><\/div>\n<p><br \/>\n<br \/><a href=\"https:\/\/folhaderibeirao.com.br\/2024\/10\/27\/ministra-carmen-lucia-o-voto-e-um-poderoso-instrumento-de-transformacao-social\/\">Source link <\/a><\/p>\n<!-- CONTENT END 1 -->\n","protected":false},"excerpt":{"rendered":"<p>Durante um evento recente, a ministra C\u00e1rmen L\u00facia, do Supremo Tribunal Federal (STF), enfatizou o poder transformador do voto, destacando a relev\u00e2ncia do processo eleitoral&#8230;<\/p>\n","protected":false},"author":1,"featured_media":59616,"comment_status":"open","ping_status":"open","sticky":false,"template":"","format":"standard","meta":{"advanced_seo_description":"","jetpack_seo_html_title":"","jetpack_seo_noindex":false,"jetpack_post_was_ever_published":false,"_jetpack_newsletter_access":"","_jetpack_dont_email_post_to_subs":false,"_jetpack_newsletter_tier_id":0,"_jetpack_memberships_contains_paywalled_content":false,"_jetpack_memberships_contains_paid_content":false,"footnotes":"","jetpack_publicize_message":"","jetpack_publicize_feature_enabled":true,"jetpack_social_post_already_shared":true,"jetpack_social_options":{"image_generator_settings":{"template":"highway","default_image_id":0,"font":"","enabled":false},"version":2}},"categories":[11],"tags":[119,5975,2619,2620,5974,1754,5743,1416],"class_list":["post-59615","post","type-post","status-publish","format-standard","has-post-thumbnail","hentry","category-noticias-de-ribeirao-preto-sp-e-regiao-ismael-colosi","tag-carmen","tag-instrumento","tag-lucia","tag-ministra","tag-poderoso","tag-social","tag-transformacao","tag-voto"],"jetpack_publicize_connections":[],"jetpack_featured_media_url":"https:\/\/i0.wp.com\/noticiasribeiraopreto.com.br\/wp-content\/uploads\/2024\/10\/captura_de_tela_2024-10-05_as_20.49.53.webp.webp?fit=1170%2C700&ssl=1","jetpack-related-posts":[{"id":77105,"url":"https:\/\/noticiasribeiraopreto.com.br\/index.php\/2025\/09\/11\/carmen-lucia-forma-maioria-pela-condenacao-de-bolsonaro-e-aliados\/","url_meta":{"origin":59615,"position":0},"title":"C\u00e1rmen L\u00facia forma maioria pela condena\u00e7\u00e3o de Bolsonaro e aliados","author":"noticiasribeiraopreto.com.br","date":"11 de September de 2025","format":false,"excerpt":"11 de setembro de 2025 17:161 Compartilhar0 A Primeira Turma do Supremo Tribunal Federal (STF) formou nesta quinta-feira (11) maioria de votos para condenar o ex-presidente Jair Bolsonaro e mais sete aliados na a\u00e7\u00e3o penal da trama golpista. A maioria foi formada com o voto da ministra C\u00e1rmen L\u00facia. Com\u2026","rel":"","context":"In &quot;Not\u00edcias de Ribeir\u00e3o Preto-SP e Regi\u00e3o&quot;","block_context":{"text":"Not\u00edcias de Ribeir\u00e3o Preto-SP e Regi\u00e3o","link":"https:\/\/noticiasribeiraopreto.com.br\/index.php\/category\/noticias-de-ribeirao-preto-sp-e-regiao-ismael-colosi\/"},"img":{"alt_text":"","src":"https:\/\/i0.wp.com\/noticiasribeiraopreto.com.br\/wp-content\/uploads\/2025\/09\/carmen-.webp.webp?fit=1170%2C700&ssl=1&resize=350%2C200","width":350,"height":200,"srcset":"https:\/\/i0.wp.com\/noticiasribeiraopreto.com.br\/wp-content\/uploads\/2025\/09\/carmen-.webp.webp?fit=1170%2C700&ssl=1&resize=350%2C200 1x, https:\/\/i0.wp.com\/noticiasribeiraopreto.com.br\/wp-content\/uploads\/2025\/09\/carmen-.webp.webp?fit=1170%2C700&ssl=1&resize=525%2C300 1.5x, https:\/\/i0.wp.com\/noticiasribeiraopreto.com.br\/wp-content\/uploads\/2025\/09\/carmen-.webp.webp?fit=1170%2C700&ssl=1&resize=700%2C400 2x, https:\/\/i0.wp.com\/noticiasribeiraopreto.com.br\/wp-content\/uploads\/2025\/09\/carmen-.webp.webp?fit=1170%2C700&ssl=1&resize=1050%2C600 3x"},"classes":[]},{"id":39712,"url":"https:\/\/noticiasribeiraopreto.com.br\/index.php\/2024\/02\/27\/carmen-lucia-vota-pela-condenacao-de-barquet-miguel-junior\/","url_meta":{"origin":59615,"position":1},"title":"C\u00e1rmen L\u00facia vota pela condena\u00e7\u00e3o de Barquet Miguel J\u00fanior","author":"noticiasribeiraopreto.com.br","date":"27 de February de 2024","format":false,"excerpt":"27 de fevereiro de 2024 | 17:09 0A ministra C\u00e1rmen L\u00facia do Supremo Tribunal Federal (STF), acompanhou, nesta ter\u00e7a-feira, 27 de fevereiro, o voto do relator do processo dos atos antidemocr\u00e1ticos de 8 de janeiro do ano passado, o ministro Alexandre de Moraes. Ele quer a condena\u00e7\u00e3o do corretor de\u2026","rel":"","context":"In &quot;Not\u00edcias de Ribeir\u00e3o Preto-SP e Regi\u00e3o&quot;","block_context":{"text":"Not\u00edcias de Ribeir\u00e3o Preto-SP e Regi\u00e3o","link":"https:\/\/noticiasribeiraopreto.com.br\/index.php\/category\/noticias-de-ribeirao-preto-sp-e-regiao-ismael-colosi\/"},"img":{"alt_text":"","src":"https:\/\/i0.wp.com\/noticiasribeiraopreto.com.br\/wp-content\/uploads\/2024\/02\/carmen_lucia-scaled.jpg?fit=1000%2C552&ssl=1&resize=350%2C200","width":350,"height":200,"srcset":"https:\/\/i0.wp.com\/noticiasribeiraopreto.com.br\/wp-content\/uploads\/2024\/02\/carmen_lucia-scaled.jpg?fit=1000%2C552&ssl=1&resize=350%2C200 1x, https:\/\/i0.wp.com\/noticiasribeiraopreto.com.br\/wp-content\/uploads\/2024\/02\/carmen_lucia-scaled.jpg?fit=1000%2C552&ssl=1&resize=525%2C300 1.5x, https:\/\/i0.wp.com\/noticiasribeiraopreto.com.br\/wp-content\/uploads\/2024\/02\/carmen_lucia-scaled.jpg?fit=1000%2C552&ssl=1&resize=700%2C400 2x"},"classes":[]},{"id":77113,"url":"https:\/\/noticiasribeiraopreto.com.br\/index.php\/2025\/09\/11\/1a-turma-do-stf-forma-maioria-para-condenar-bolsonaro-assista\/","url_meta":{"origin":59615,"position":2},"title":"1\u00aa Turma do STF forma maioria para condenar Bolsonaro; Assista","author":"noticiasribeiraopreto.com.br","date":"11 de September de 2025","format":false,"excerpt":"A Primeira Turma do STF (Supremo Tribunal Federal) formou na tarde desta quinta-feira (11) maioria para condenar Jair Bolsonaro e os outros sete r\u00e9us por organiza\u00e7\u00e3o criminosa, tentativa de golpe de Estado, tentativa de aboli\u00e7\u00e3o violenta do Estado democr\u00e1tico de direito, dano ao patrim\u00f4nio da Uni\u00e3o e deteriora\u00e7\u00e3o de patrim\u00f4nio\u2026","rel":"","context":"In &quot;Not\u00edcias de Ribeir\u00e3o Preto-SP e Regi\u00e3o&quot;","block_context":{"text":"Not\u00edcias de Ribeir\u00e3o Preto-SP e Regi\u00e3o","link":"https:\/\/noticiasribeiraopreto.com.br\/index.php\/category\/noticias-de-ribeirao-preto-sp-e-regiao-ismael-colosi\/"},"img":{"alt_text":"","src":"https:\/\/i0.wp.com\/noticiasribeiraopreto.com.br\/wp-content\/uploads\/2025\/09\/lula5925.webp.webp?fit=1170%2C700&ssl=1&resize=350%2C200","width":350,"height":200,"srcset":"https:\/\/i0.wp.com\/noticiasribeiraopreto.com.br\/wp-content\/uploads\/2025\/09\/lula5925.webp.webp?fit=1170%2C700&ssl=1&resize=350%2C200 1x, https:\/\/i0.wp.com\/noticiasribeiraopreto.com.br\/wp-content\/uploads\/2025\/09\/lula5925.webp.webp?fit=1170%2C700&ssl=1&resize=525%2C300 1.5x, https:\/\/i0.wp.com\/noticiasribeiraopreto.com.br\/wp-content\/uploads\/2025\/09\/lula5925.webp.webp?fit=1170%2C700&ssl=1&resize=700%2C400 2x, https:\/\/i0.wp.com\/noticiasribeiraopreto.com.br\/wp-content\/uploads\/2025\/09\/lula5925.webp.webp?fit=1170%2C700&ssl=1&resize=1050%2C600 3x"},"classes":[]},{"id":55814,"url":"https:\/\/noticiasribeiraopreto.com.br\/index.php\/2024\/08\/06\/tse-lanca-canal-para-receber-denuncias-de-desinformacao-nas-eleicoes\/","url_meta":{"origin":59615,"position":3},"title":"TSE lan\u00e7a canal para receber den\u00fancias de desinforma\u00e7\u00e3o nas elei\u00e7\u00f5es","author":"noticiasribeiraopreto.com.br","date":"6 de August de 2024","format":false,"excerpt":"A presidente do Tribunal Superior Eleitoral (TSE), ministra C\u00e1rmen L\u00facia, informou nesta ter\u00e7a-feira (6) que os eleitores poder\u00e3o denunciar casos de desinforma\u00e7\u00e3o durante a campanha eleitoral.\u00a0 A Justi\u00e7a Eleitoral vai disponibilizar o n\u00famero telef\u00f4nico 1491, pelo qual o cidad\u00e3o poder\u00e1 informar \u00e0 Justi\u00e7a Eleitoral qualquer tipo de desinforma\u00e7\u00e3o que tiver\u2026","rel":"","context":"In &quot;Not\u00edcias de Ribeir\u00e3o Preto-SP e Regi\u00e3o&quot;","block_context":{"text":"Not\u00edcias de Ribeir\u00e3o Preto-SP e Regi\u00e3o","link":"https:\/\/noticiasribeiraopreto.com.br\/index.php\/category\/noticias-de-ribeirao-preto-sp-e-regiao-ismael-colosi\/"},"img":{"alt_text":"","src":"https:\/\/i0.wp.com\/noticiasribeiraopreto.com.br\/wp-content\/uploads\/2024\/08\/08-10-2020_tse-3.jpg?fit=1170%2C700&ssl=1&resize=350%2C200","width":350,"height":200,"srcset":"https:\/\/i0.wp.com\/noticiasribeiraopreto.com.br\/wp-content\/uploads\/2024\/08\/08-10-2020_tse-3.jpg?fit=1170%2C700&ssl=1&resize=350%2C200 1x, https:\/\/i0.wp.com\/noticiasribeiraopreto.com.br\/wp-content\/uploads\/2024\/08\/08-10-2020_tse-3.jpg?fit=1170%2C700&ssl=1&resize=525%2C300 1.5x, https:\/\/i0.wp.com\/noticiasribeiraopreto.com.br\/wp-content\/uploads\/2024\/08\/08-10-2020_tse-3.jpg?fit=1170%2C700&ssl=1&resize=700%2C400 2x, https:\/\/i0.wp.com\/noticiasribeiraopreto.com.br\/wp-content\/uploads\/2024\/08\/08-10-2020_tse-3.jpg?fit=1170%2C700&ssl=1&resize=1050%2C600 3x"},"classes":[]},{"id":15361,"url":"https:\/\/noticiasribeiraopreto.com.br\/index.php\/2023\/12\/13\/stf-retoma-julgamento-sobre-licenca-paternidade\/","url_meta":{"origin":59615,"position":4},"title":"STF retoma julgamento sobre licen\u00e7a-paternidade","author":"noticiasribeiraopreto.com.br","date":"13 de December de 2023","format":false,"excerpt":"O Supremo Tribunal Federal (STF) retoma nesta quarta-feira, 13, o julgamento que discute a omiss\u00e3o do Congresso Nacional em regulamentar a licen\u00e7a-paternidade no Pa\u00eds. O direito est\u00e1 previsto na Consolida\u00e7\u00e3o das Leis do Trabalho (CLT), criado com a promulga\u00e7\u00e3o da Constitui\u00e7\u00e3o de 1988. Mas desde ent\u00e3o, 35 anos depois, a\u2026","rel":"","context":"In &quot;Not\u00edcias de Ribeir\u00e3o Preto-SP e Regi\u00e3o&quot;","block_context":{"text":"Not\u00edcias de Ribeir\u00e3o Preto-SP e Regi\u00e3o","link":"https:\/\/noticiasribeiraopreto.com.br\/index.php\/category\/noticias-de-ribeirao-preto-sp-e-regiao-ismael-colosi\/"},"img":{"alt_text":"","src":"https:\/\/i0.wp.com\/noticiasribeiraopreto.com.br\/wp-content\/uploads\/2023\/12\/bebe.png?fit=980%2C536&ssl=1&resize=350%2C200","width":350,"height":200,"srcset":"https:\/\/i0.wp.com\/noticiasribeiraopreto.com.br\/wp-content\/uploads\/2023\/12\/bebe.png?fit=980%2C536&ssl=1&resize=350%2C200 1x, https:\/\/i0.wp.com\/noticiasribeiraopreto.com.br\/wp-content\/uploads\/2023\/12\/bebe.png?fit=980%2C536&ssl=1&resize=525%2C300 1.5x, https:\/\/i0.wp.com\/noticiasribeiraopreto.com.br\/wp-content\/uploads\/2023\/12\/bebe.png?fit=980%2C536&ssl=1&resize=700%2C400 2x"},"classes":[]},{"id":66928,"url":"https:\/\/noticiasribeiraopreto.com.br\/index.php\/2025\/04\/07\/entenda-o-que-e-voto-distrital-misto-presidente-da-camara-defende-troca\/","url_meta":{"origin":59615,"position":5},"title":"Entenda o que \u00e9 voto distrital misto; presidente da C\u00e2mara defende troca","author":"noticiasribeiraopreto.com.br","date":"7 de April de 2025","format":false,"excerpt":"O presidente da C\u00e2mara dos Deputados, Hugo Motta (REP), defendeu nesta segunda-feira (7) a troca do sistema pol\u00edtico brasileiro a partir de uma mudan\u00e7a no sistema eleitoral. Motta defende o voto distrital misto para elei\u00e7\u00f5es parlamentares. O presidente da C\u00e2mara fez a declara\u00e7\u00e3o durante um evento da Associa\u00e7\u00e3o Comercial de\u2026","rel":"","context":"In &quot;Not\u00edcias de Ribeir\u00e3o Preto-SP e Regi\u00e3o&quot;","block_context":{"text":"Not\u00edcias de Ribeir\u00e3o Preto-SP e Regi\u00e3o","link":"https:\/\/noticiasribeiraopreto.com.br\/index.php\/category\/noticias-de-ribeirao-preto-sp-e-regiao-ismael-colosi\/"},"img":{"alt_text":"","src":"https:\/\/i0.wp.com\/noticiasribeiraopreto.com.br\/wp-content\/uploads\/2025\/04\/urna-eletronica.jpg?fit=1170%2C700&ssl=1&resize=350%2C200","width":350,"height":200,"srcset":"https:\/\/i0.wp.com\/noticiasribeiraopreto.com.br\/wp-content\/uploads\/2025\/04\/urna-eletronica.jpg?fit=1170%2C700&ssl=1&resize=350%2C200 1x, https:\/\/i0.wp.com\/noticiasribeiraopreto.com.br\/wp-content\/uploads\/2025\/04\/urna-eletronica.jpg?fit=1170%2C700&ssl=1&resize=525%2C300 1.5x, https:\/\/i0.wp.com\/noticiasribeiraopreto.com.br\/wp-content\/uploads\/2025\/04\/urna-eletronica.jpg?fit=1170%2C700&ssl=1&resize=700%2C400 2x, https:\/\/i0.wp.com\/noticiasribeiraopreto.com.br\/wp-content\/uploads\/2025\/04\/urna-eletronica.jpg?fit=1170%2C700&ssl=1&resize=1050%2C600 3x"},"classes":[]}],"jetpack_sharing_enabled":true,"jetpack_shortlink":"https:\/\/wp.me\/peQAOb-fvx","_links":{"self":[{"href":"https:\/\/noticiasribeiraopreto.com.br\/index.php\/wp-json\/wp\/v2\/posts\/59615","targetHints":{"allow":["GET"]}}],"collection":[{"href":"https:\/\/noticiasribeiraopreto.com.br\/index.php\/wp-json\/wp\/v2\/posts"}],"about":[{"href":"https:\/\/noticiasribeiraopreto.com.br\/index.php\/wp-json\/wp\/v2\/types\/post"}],"author":[{"embeddable":true,"href":"https:\/\/noticiasribeiraopreto.com.br\/index.php\/wp-json\/wp\/v2\/users\/1"}],"replies":[{"embeddable":true,"href":"https:\/\/noticiasribeiraopreto.com.br\/index.php\/wp-json\/wp\/v2\/comments?post=59615"}],"version-history":[{"count":0,"href":"https:\/\/noticiasribeiraopreto.com.br\/index.php\/wp-json\/wp\/v2\/posts\/59615\/revisions"}],"wp:featuredmedia":[{"embeddable":true,"href":"https:\/\/noticiasribeiraopreto.com.br\/index.php\/wp-json\/wp\/v2\/media\/59616"}],"wp:attachment":[{"href":"https:\/\/noticiasribeiraopreto.com.br\/index.php\/wp-json\/wp\/v2\/media?parent=59615"}],"wp:term":[{"taxonomy":"category","embeddable":true,"href":"https:\/\/noticiasribeiraopreto.com.br\/index.php\/wp-json\/wp\/v2\/categories?post=59615"},{"taxonomy":"post_tag","embeddable":true,"href":"https:\/\/noticiasribeiraopreto.com.br\/index.php\/wp-json\/wp\/v2\/tags?post=59615"}],"curies":[{"name":"wp","href":"https:\/\/api.w.org\/{rel}","templated":true}]}}