{"id":59644,"date":"2024-10-27T16:05:06","date_gmt":"2024-10-27T19:05:06","guid":{"rendered":"https:\/\/noticiasribeiraopreto.com.br\/index.php\/2024\/10\/27\/domingo-de-eleicoes-em-ribeirao-preto-cidadaos-exercem-seu-direito-ao-voto-em-meio-a-chuvas\/"},"modified":"2024-10-27T16:05:06","modified_gmt":"2024-10-27T19:05:06","slug":"domingo-de-eleicoes-em-ribeirao-preto-cidadaos-exercem-seu-direito-ao-voto-em-meio-a-chuvas","status":"publish","type":"post","link":"https:\/\/noticiasribeiraopreto.com.br\/index.php\/2024\/10\/27\/domingo-de-eleicoes-em-ribeirao-preto-cidadaos-exercem-seu-direito-ao-voto-em-meio-a-chuvas\/","title":{"rendered":"Domingo de Elei\u00e7\u00f5es em Ribeir\u00e3o Preto: Cidad\u00e3os Exercem seu Direito ao Voto em Meio a Chuvas"},"content":{"rendered":"<div class='code-block code-block-1' style='margin: 8px 0 8px auto; text-align: right; display: block; clear: both;'>\n<p><a href=\"https:\/\/wa.link\/vpicfd\"><img data-recalc-dims=\"1\" class=\"wp-image-4922\" style=\"aspect-ratio: 2.0253164556962027; width: 561px; height: auto;\" src=\"https:\/\/i0.wp.com\/ismaelcolosi.com.br\/wp-content\/uploads\/2023\/11\/grupo-de-empregos-whatsapp-e-facebook-ismael-colosi-vagas.jpg?ssl=1\" alt=\"\" \/><\/a><\/p>\n<!-- \/wp:image -->\n<\/div>\n<p> <br \/>\n<\/p>\n<div>\n<p>Neste domingo, Ribeir\u00e3o Preto se prepara para um dia decisivo: as elei\u00e7\u00f5es municipais. Mesmo com a intensidade das chuvas que ca\u00edram na cidade, os ribeir\u00e3o-pretanos est\u00e3o determinados a exercer seu direito ao voto.<\/p>\n<p>Com mais de 30% de precipita\u00e7\u00e3o na zona leste, a chuva trouxe um al\u00edvio necess\u00e1rio ap\u00f3s um per\u00edodo de seca. No entanto, tamb\u00e9m gerou preocupa\u00e7\u00f5es com poss\u00edveis alagamentos em algumas \u00e1reas. A organiza\u00e7\u00e3o das urnas e o transporte dos eleitores est\u00e3o sendo monitorados pela Justi\u00e7a Eleitoral e pela Defesa Civil, que trabalham em conjunto para garantir a seguran\u00e7a nas se\u00e7\u00f5es eleitorais.<\/p>\n<p>A expectativa \u00e9 de que a popula\u00e7\u00e3o compare\u00e7a \u00e0s urnas, contribuindo para o futuro da cidade. A revitaliza\u00e7\u00e3o de espa\u00e7os, como a lagoa do Jardim Interlagos, tamb\u00e9m serve como um lembrete sobre a import\u00e2ncia de escolher representantes comprometidos com a preserva\u00e7\u00e3o ambiental e o bem-estar da comunidade.<\/p>\n<p>\u00c0 medida que o dia avan\u00e7a, o clima de cidadania e esperan\u00e7a permeia Ribeir\u00e3o Preto, ressaltando a import\u00e2ncia da participa\u00e7\u00e3o democr\u00e1tica, mesmo diante das adversidades clim\u00e1ticas.<\/p>\n<p>&#13;<br \/>\n\t\t\t\t<span class=\"post-views-icon dashicons dashicons-chart-bar\"\/> <span class=\"post-views-label\">Visualiza\u00e7\u00f5es:<\/span> <span class=\"post-views-count\">5<\/span>&#13;\n\t\t\t<\/p>\n<\/p><\/div>\n<p><br \/>\n<br \/><a href=\"https:\/\/folhaderibeirao.com.br\/2024\/10\/27\/domingo-de-eleicoes-em-ribeirao-preto-cidadaos-exercem-seu-direito-ao-voto-em-meio-a-chuvas\/\">Source link <\/a><\/p>\n<!-- CONTENT END 1 -->\n","protected":false},"excerpt":{"rendered":"<p>Neste domingo, Ribeir\u00e3o Preto se prepara para um dia decisivo: as elei\u00e7\u00f5es municipais. Mesmo com a intensidade das chuvas que ca\u00edram na cidade, os ribeir\u00e3o-pretanos&#8230;<\/p>\n","protected":false},"author":1,"featured_media":59645,"comment_status":"open","ping_status":"open","sticky":false,"template":"","format":"standard","meta":{"advanced_seo_description":"","jetpack_seo_html_title":"","jetpack_seo_noindex":false,"jetpack_post_was_ever_published":false,"_jetpack_newsletter_access":"","_jetpack_dont_email_post_to_subs":false,"_jetpack_newsletter_tier_id":0,"_jetpack_memberships_contains_paywalled_content":false,"_jetpack_memberships_contains_paid_content":false,"footnotes":"","jetpack_publicize_message":"","jetpack_publicize_feature_enabled":true,"jetpack_social_post_already_shared":true,"jetpack_social_options":{"image_generator_settings":{"template":"highway","default_image_id":0,"font":"","enabled":false},"version":2}},"categories":[11],"tags":[164,5984,230,338,1328,5985,794,27,26,1750,1416],"class_list":["post-59644","post","type-post","status-publish","format-standard","has-post-thumbnail","hentry","category-noticias-de-ribeirao-preto-sp-e-regiao-ismael-colosi","tag-chuvas","tag-cidadaos","tag-direito","tag-domingo","tag-eleicoes","tag-exercem","tag-meio","tag-preto","tag-ribeirao","tag-seu","tag-voto"],"jetpack_publicize_connections":[],"jetpack_featured_media_url":"https:\/\/i0.wp.com\/noticiasribeiraopreto.com.br\/wp-content\/uploads\/2024\/10\/IMG_9287-scaled.jpeg?fit=1920%2C2560&ssl=1","jetpack-related-posts":[{"id":59653,"url":"https:\/\/noticiasribeiraopreto.com.br\/index.php\/2024\/10\/27\/ao-vivo-termina-o-2o-turno-das-eleicoes-2024-em-ribeirao-preto-e-franca-siga-a-apuracao\/","url_meta":{"origin":59644,"position":0},"title":"AO VIVO: Termina o 2\u00ba Turno das Elei\u00e7\u00f5es 2024 em Ribeir\u00e3o Preto e Franca; SIGA A APURA\u00c7\u00c3O","author":"noticiasribeiraopreto.com.br","date":"27 de October de 2024","format":false,"excerpt":"Neste domingo, 27, Ribeir\u00e3o Preto e Franca encerram o 2\u00ba turno das elei\u00e7\u00f5es 2024, com os cidad\u00e3os exercendo seu direito ao voto em meio a um clima de expectativa. A apura\u00e7\u00e3o dos votos j\u00e1 come\u00e7ou, e a Folha de Ribeir\u00e3o traz todas as informa\u00e7\u00f5es em tempo real sobre o processo\u2026","rel":"","context":"In &quot;Not\u00edcias de Ribeir\u00e3o Preto-SP e Regi\u00e3o&quot;","block_context":{"text":"Not\u00edcias de Ribeir\u00e3o Preto-SP e Regi\u00e3o","link":"https:\/\/noticiasribeiraopreto.com.br\/index.php\/category\/noticias-de-ribeirao-preto-sp-e-regiao-ismael-colosi\/"},"img":{"alt_text":"","src":"https:\/\/i0.wp.com\/noticiasribeiraopreto.com.br\/wp-content\/uploads\/2024\/10\/eleicao.webp.webp?fit=1200%2C675&ssl=1&resize=350%2C200","width":350,"height":200,"srcset":"https:\/\/i0.wp.com\/noticiasribeiraopreto.com.br\/wp-content\/uploads\/2024\/10\/eleicao.webp.webp?fit=1200%2C675&ssl=1&resize=350%2C200 1x, https:\/\/i0.wp.com\/noticiasribeiraopreto.com.br\/wp-content\/uploads\/2024\/10\/eleicao.webp.webp?fit=1200%2C675&ssl=1&resize=525%2C300 1.5x, https:\/\/i0.wp.com\/noticiasribeiraopreto.com.br\/wp-content\/uploads\/2024\/10\/eleicao.webp.webp?fit=1200%2C675&ssl=1&resize=700%2C400 2x, https:\/\/i0.wp.com\/noticiasribeiraopreto.com.br\/wp-content\/uploads\/2024\/10\/eleicao.webp.webp?fit=1200%2C675&ssl=1&resize=1050%2C600 3x"},"classes":[]},{"id":59384,"url":"https:\/\/noticiasribeiraopreto.com.br\/index.php\/2024\/10\/22\/quem-nao-votou-no-1o-turno-pode-votar-no-2o-turno-das-eleicoes\/","url_meta":{"origin":59644,"position":1},"title":"Quem n\u00e3o votou no 1\u00ba turno pode votar no 2\u00ba turno das elei\u00e7\u00f5es?","author":"noticiasribeiraopreto.com.br","date":"22 de October de 2024","format":false,"excerpt":"Quem n\u00e3o votou no 1\u00ba turno das Elei\u00e7\u00f5es Municipais de 2024, pode participar do 2\u00ba turno do pleito. Os eleitores de 15 capitais e 36 munic\u00edpios, incluindo Ribeir\u00e3o Preto, voltam \u00e0s urnas neste domingo (27), para eleger um dos candidatos que disputam o cargo de prefeito. Conforme o TSE (Tribunal\u2026","rel":"","context":"In &quot;Not\u00edcias de Ribeir\u00e3o Preto-SP e Regi\u00e3o&quot;","block_context":{"text":"Not\u00edcias de Ribeir\u00e3o Preto-SP e Regi\u00e3o","link":"https:\/\/noticiasribeiraopreto.com.br\/index.php\/category\/noticias-de-ribeirao-preto-sp-e-regiao-ismael-colosi\/"},"img":{"alt_text":"","src":"https:\/\/i0.wp.com\/noticiasribeiraopreto.com.br\/wp-content\/uploads\/2024\/10\/pin0304_2024-10-22_20-04-05_jpg_2024-10-22_20-04-06-scaled.webp.webp?fit=1200%2C800&ssl=1&resize=350%2C200","width":350,"height":200,"srcset":"https:\/\/i0.wp.com\/noticiasribeiraopreto.com.br\/wp-content\/uploads\/2024\/10\/pin0304_2024-10-22_20-04-05_jpg_2024-10-22_20-04-06-scaled.webp.webp?fit=1200%2C800&ssl=1&resize=350%2C200 1x, https:\/\/i0.wp.com\/noticiasribeiraopreto.com.br\/wp-content\/uploads\/2024\/10\/pin0304_2024-10-22_20-04-05_jpg_2024-10-22_20-04-06-scaled.webp.webp?fit=1200%2C800&ssl=1&resize=525%2C300 1.5x, https:\/\/i0.wp.com\/noticiasribeiraopreto.com.br\/wp-content\/uploads\/2024\/10\/pin0304_2024-10-22_20-04-05_jpg_2024-10-22_20-04-06-scaled.webp.webp?fit=1200%2C800&ssl=1&resize=700%2C400 2x, https:\/\/i0.wp.com\/noticiasribeiraopreto.com.br\/wp-content\/uploads\/2024\/10\/pin0304_2024-10-22_20-04-05_jpg_2024-10-22_20-04-06-scaled.webp.webp?fit=1200%2C800&ssl=1&resize=1050%2C600 3x"},"classes":[]},{"id":59849,"url":"https:\/\/noticiasribeiraopreto.com.br\/index.php\/2024\/10\/31\/pedido-de-recontagem-de-votos-agita-eleicoes-em-ribeirao-preto\/","url_meta":{"origin":59644,"position":2},"title":"Pedido de Recontagem de Votos Agita Elei\u00e7\u00f5es em Ribeir\u00e3o Preto","author":"noticiasribeiraopreto.com.br","date":"31 de October de 2024","format":false,"excerpt":"As elei\u00e7\u00f5es municipais em Ribeir\u00e3o Preto ganharam um novo cap\u00edtulo ap\u00f3s a solicita\u00e7\u00e3o de recontagem de votos feita pelo candidato Marco Aur\u00e9lio (Novo) e pelo partido. A medida busca verificar poss\u00edveis inconsist\u00eancias nos resultados oficiais divulgados, uma iniciativa que levantou debates sobre a transpar\u00eancia e a confian\u00e7a nas urnas eletr\u00f4nicas.\u2026","rel":"","context":"In &quot;Not\u00edcias de Ribeir\u00e3o Preto-SP e Regi\u00e3o&quot;","block_context":{"text":"Not\u00edcias de Ribeir\u00e3o Preto-SP e Regi\u00e3o","link":"https:\/\/noticiasribeiraopreto.com.br\/index.php\/category\/noticias-de-ribeirao-preto-sp-e-regiao-ismael-colosi\/"},"img":{"alt_text":"","src":"https:\/\/i0.wp.com\/noticiasribeiraopreto.com.br\/wp-content\/uploads\/2024\/10\/f40e856be2edae160e7a1f1f3766b370.jpg?fit=618%2C454&ssl=1&resize=350%2C200","width":350,"height":200,"srcset":"https:\/\/i0.wp.com\/noticiasribeiraopreto.com.br\/wp-content\/uploads\/2024\/10\/f40e856be2edae160e7a1f1f3766b370.jpg?fit=618%2C454&ssl=1&resize=350%2C200 1x, https:\/\/i0.wp.com\/noticiasribeiraopreto.com.br\/wp-content\/uploads\/2024\/10\/f40e856be2edae160e7a1f1f3766b370.jpg?fit=618%2C454&ssl=1&resize=525%2C300 1.5x"},"classes":[]},{"id":59623,"url":"https:\/\/noticiasribeiraopreto.com.br\/index.php\/2024\/10\/27\/eleitores-voltam-as-urnas-para-o-2o-turno-das-eleicoes-regras-e-orientacoes-essenciais\/","url_meta":{"origin":59644,"position":3},"title":"Eleitores Voltam \u00e0s Urnas para o 2\u00ba Turno das Elei\u00e7\u00f5es: Regras e Orienta\u00e7\u00f5es Essenciais","author":"noticiasribeiraopreto.com.br","date":"27 de October de 2024","format":false,"excerpt":"Neste domingo, milh\u00f5es de brasileiros voltar\u00e3o \u00e0s urnas para decidir o 2\u00ba turno das elei\u00e7\u00f5es municipais e estaduais. Em disputa, est\u00e3o as prefeituras de diversas capitais e cidades importantes, al\u00e9m do cargo de governador em estados onde nenhum candidato atingiu mais de 50% dos votos no primeiro turno. Com um\u2026","rel":"","context":"In &quot;Not\u00edcias de Ribeir\u00e3o Preto-SP e Regi\u00e3o&quot;","block_context":{"text":"Not\u00edcias de Ribeir\u00e3o Preto-SP e Regi\u00e3o","link":"https:\/\/noticiasribeiraopreto.com.br\/index.php\/category\/noticias-de-ribeirao-preto-sp-e-regiao-ismael-colosi\/"},"img":{"alt_text":"","src":"https:\/\/i0.wp.com\/noticiasribeiraopreto.com.br\/wp-content\/uploads\/2024\/10\/mg_2141_01.webp.webp?fit=1170%2C700&ssl=1&resize=350%2C200","width":350,"height":200,"srcset":"https:\/\/i0.wp.com\/noticiasribeiraopreto.com.br\/wp-content\/uploads\/2024\/10\/mg_2141_01.webp.webp?fit=1170%2C700&ssl=1&resize=350%2C200 1x, https:\/\/i0.wp.com\/noticiasribeiraopreto.com.br\/wp-content\/uploads\/2024\/10\/mg_2141_01.webp.webp?fit=1170%2C700&ssl=1&resize=525%2C300 1.5x, https:\/\/i0.wp.com\/noticiasribeiraopreto.com.br\/wp-content\/uploads\/2024\/10\/mg_2141_01.webp.webp?fit=1170%2C700&ssl=1&resize=700%2C400 2x, https:\/\/i0.wp.com\/noticiasribeiraopreto.com.br\/wp-content\/uploads\/2024\/10\/mg_2141_01.webp.webp?fit=1170%2C700&ssl=1&resize=1050%2C600 3x"},"classes":[]},{"id":45399,"url":"https:\/\/noticiasribeiraopreto.com.br\/index.php\/2024\/04\/04\/jovens-de-16-a-18-anos-podem-tirar-1o-titulo-de-eleitor-ate-8-de-maio\/","url_meta":{"origin":59644,"position":4},"title":"Jovens de 16 a 18 anos podem tirar 1\u00ba t\u00edtulo de eleitor at\u00e9 8 de maio","author":"noticiasribeiraopreto.com.br","date":"4 de April de 2024","format":false,"excerpt":"Jovens de 16 a 18 anos que querem participar das elei\u00e7\u00f5es municipais deste ano t\u00eam at\u00e9 8 de maio para tirar o t\u00edtulo eleitoral, que habilita o cidad\u00e3o ou a cidad\u00e3 a exercer o direito do voto. Em outubro, as elei\u00e7\u00f5es ser\u00e3o para escolher os representantes que ocupar\u00e3o pelos pr\u00f3ximos\u2026","rel":"","context":"In &quot;Not\u00edcias de Ribeir\u00e3o Preto-SP e Regi\u00e3o&quot;","block_context":{"text":"Not\u00edcias de Ribeir\u00e3o Preto-SP e Regi\u00e3o","link":"https:\/\/noticiasribeiraopreto.com.br\/index.php\/category\/noticias-de-ribeirao-preto-sp-e-regiao-ismael-colosi\/"},"img":{"alt_text":"","src":"","width":0,"height":0},"classes":[]},{"id":59615,"url":"https:\/\/noticiasribeiraopreto.com.br\/index.php\/2024\/10\/27\/ministra-carmen-lucia-o-voto-e-um-poderoso-instrumento-de-transformacao-social\/","url_meta":{"origin":59644,"position":5},"title":"Ministra C\u00e1rmen L\u00facia: &#8220;O Voto \u00e9 um Poderoso Instrumento de Transforma\u00e7\u00e3o Social&#8221;","author":"noticiasribeiraopreto.com.br","date":"27 de October de 2024","format":false,"excerpt":"Durante um evento recente, a ministra C\u00e1rmen L\u00facia, do Supremo Tribunal Federal (STF), enfatizou o poder transformador do voto, destacando a relev\u00e2ncia do processo eleitoral como uma ferramenta essencial para promover mudan\u00e7as sociais. Sua fala ocorre em um momento decisivo para o Brasil, \u00e0s v\u00e9speras do segundo turno das elei\u00e7\u00f5es\u2026","rel":"","context":"In &quot;Not\u00edcias de Ribeir\u00e3o Preto-SP e Regi\u00e3o&quot;","block_context":{"text":"Not\u00edcias de Ribeir\u00e3o Preto-SP e Regi\u00e3o","link":"https:\/\/noticiasribeiraopreto.com.br\/index.php\/category\/noticias-de-ribeirao-preto-sp-e-regiao-ismael-colosi\/"},"img":{"alt_text":"","src":"https:\/\/i0.wp.com\/noticiasribeiraopreto.com.br\/wp-content\/uploads\/2024\/10\/captura_de_tela_2024-10-05_as_20.49.53.webp.webp?fit=1170%2C700&ssl=1&resize=350%2C200","width":350,"height":200,"srcset":"https:\/\/i0.wp.com\/noticiasribeiraopreto.com.br\/wp-content\/uploads\/2024\/10\/captura_de_tela_2024-10-05_as_20.49.53.webp.webp?fit=1170%2C700&ssl=1&resize=350%2C200 1x, https:\/\/i0.wp.com\/noticiasribeiraopreto.com.br\/wp-content\/uploads\/2024\/10\/captura_de_tela_2024-10-05_as_20.49.53.webp.webp?fit=1170%2C700&ssl=1&resize=525%2C300 1.5x, https:\/\/i0.wp.com\/noticiasribeiraopreto.com.br\/wp-content\/uploads\/2024\/10\/captura_de_tela_2024-10-05_as_20.49.53.webp.webp?fit=1170%2C700&ssl=1&resize=700%2C400 2x, https:\/\/i0.wp.com\/noticiasribeiraopreto.com.br\/wp-content\/uploads\/2024\/10\/captura_de_tela_2024-10-05_as_20.49.53.webp.webp?fit=1170%2C700&ssl=1&resize=1050%2C600 3x"},"classes":[]}],"jetpack_sharing_enabled":true,"jetpack_shortlink":"https:\/\/wp.me\/peQAOb-fw0","_links":{"self":[{"href":"https:\/\/noticiasribeiraopreto.com.br\/index.php\/wp-json\/wp\/v2\/posts\/59644","targetHints":{"allow":["GET"]}}],"collection":[{"href":"https:\/\/noticiasribeiraopreto.com.br\/index.php\/wp-json\/wp\/v2\/posts"}],"about":[{"href":"https:\/\/noticiasribeiraopreto.com.br\/index.php\/wp-json\/wp\/v2\/types\/post"}],"author":[{"embeddable":true,"href":"https:\/\/noticiasribeiraopreto.com.br\/index.php\/wp-json\/wp\/v2\/users\/1"}],"replies":[{"embeddable":true,"href":"https:\/\/noticiasribeiraopreto.com.br\/index.php\/wp-json\/wp\/v2\/comments?post=59644"}],"version-history":[{"count":0,"href":"https:\/\/noticiasribeiraopreto.com.br\/index.php\/wp-json\/wp\/v2\/posts\/59644\/revisions"}],"wp:featuredmedia":[{"embeddable":true,"href":"https:\/\/noticiasribeiraopreto.com.br\/index.php\/wp-json\/wp\/v2\/media\/59645"}],"wp:attachment":[{"href":"https:\/\/noticiasribeiraopreto.com.br\/index.php\/wp-json\/wp\/v2\/media?parent=59644"}],"wp:term":[{"taxonomy":"category","embeddable":true,"href":"https:\/\/noticiasribeiraopreto.com.br\/index.php\/wp-json\/wp\/v2\/categories?post=59644"},{"taxonomy":"post_tag","embeddable":true,"href":"https:\/\/noticiasribeiraopreto.com.br\/index.php\/wp-json\/wp\/v2\/tags?post=59644"}],"curies":[{"name":"wp","href":"https:\/\/api.w.org\/{rel}","templated":true}]}}