{"id":59648,"date":"2024-10-27T17:41:29","date_gmt":"2024-10-27T20:41:29","guid":{"rendered":"https:\/\/noticiasribeiraopreto.com.br\/index.php\/2024\/10\/27\/projecao-mostra-disputa-apertada-pela-prefeitura-de-ribeirao-preto\/"},"modified":"2024-10-27T17:41:29","modified_gmt":"2024-10-27T20:41:29","slug":"projecao-mostra-disputa-apertada-pela-prefeitura-de-ribeirao-preto","status":"publish","type":"post","link":"https:\/\/noticiasribeiraopreto.com.br\/index.php\/2024\/10\/27\/projecao-mostra-disputa-apertada-pela-prefeitura-de-ribeirao-preto\/","title":{"rendered":"Proje\u00e7\u00e3o mostra disputa apertada pela Prefeitura de Ribeir\u00e3o Preto"},"content":{"rendered":"<p> <br \/>\n<\/p>\n<div data-td-block-uid=\"tdi_106\">\n<div class=\"tdb-block-inner td-fix-index\">\n<p>A proje\u00e7\u00e3o de votos da <strong>EPTV<\/strong>, em parceria com a <strong>Unaerp<\/strong>, aponta para disputa acirrada pela <strong>Prefeitura de Ribeir\u00e3o Preto<\/strong>. Os eleitores foram \u00e0s urnas neste domingo (27) para escolha do pr\u00f3ximo prefeito de Ribeir\u00e3o Preto.<\/p>\n<p>At\u00e9 as 17h30, mais de 36 mil votos haviam sido apurados na proje\u00e7\u00e3o da EPTV e apontava Marco Aur\u00e9lio com 51% dos votos v\u00e1lidos e Ricardo Silva com 49% dos votos.<\/p>\n<p>A proje\u00e7\u00e3o \u00e9 uma iniciativa da<strong> EPTV<\/strong>, em parceria com a Unaerp, e \u00e9 feita por amostragem sobre os boletins das urnas afixados na porta das se\u00e7\u00f5es dos col\u00e9gios eleitorais. A coleta foi realizada em 20 locais de vota\u00e7\u00e3o em Ribeir\u00e3o Preto.<\/p>\n<h4 class=\"wp-block-heading\"><strong>Apura\u00e7\u00e3o em tempo real<\/strong><\/h4>\n<p>O <strong>acidade on <\/strong>divulga os n\u00fameros da apura\u00e7\u00e3o das elei\u00e7\u00f5es 2024 em tempo real desde \u00e0s 17h \u2013 <a href=\"https:\/\/apuracao.acidadeon.com\/ribeiraopreto\/?cidade=Ribeir%C3%A3o%20Preto&amp;turno=2\" rel=\"nofollow\">clique aqui<\/a>.<\/p>\n<p>O internauta escolhe o munic\u00edpio que quer ver a apura\u00e7\u00e3o. Os n\u00fameros ser\u00e3o atualizados pelo TSE logo em seguida ao t\u00e9rmino da vota\u00e7\u00e3o.<\/p>\n<p>Pela primeira vez, uma elei\u00e7\u00e3o municipal foi realizada em hor\u00e1rio \u00fanico em todo o pa\u00eds: das 8h \u00e0s 17h, conforme o hor\u00e1rio de Bras\u00edlia.<\/p>\n<p>Com a unifica\u00e7\u00e3o do hor\u00e1rio da vota\u00e7\u00e3o, a apura\u00e7\u00e3o dos resultados deve ter in\u00edcio a partir das 17h pelo hor\u00e1rio oficial de Bras\u00edlia.<\/p>\n<p><!-- CONTENT END 1 -->\n<\/div>\n<\/div>\n<p><br \/>\n<br \/><a href=\"https:\/\/www.acidadeon.com\/ribeiraopreto\/politica\/eleicoes\/projecao-mostra-disputa-apertada-pela-prefeitura-de-ribeirao-preto\/\">Source link <\/a><\/p>\n","protected":false},"excerpt":{"rendered":"<p>A proje\u00e7\u00e3o de votos da EPTV, em parceria com a Unaerp, aponta para disputa acirrada pela Prefeitura de Ribeir\u00e3o Preto. Os eleitores foram \u00e0s urnas&#8230;<\/p>\n","protected":false},"author":1,"featured_media":59056,"comment_status":"open","ping_status":"open","sticky":false,"template":"","format":"standard","meta":{"advanced_seo_description":"","jetpack_seo_html_title":"","jetpack_seo_noindex":false,"jetpack_post_was_ever_published":false,"_jetpack_newsletter_access":"","_jetpack_dont_email_post_to_subs":false,"_jetpack_newsletter_tier_id":0,"_jetpack_memberships_contains_paywalled_content":false,"_jetpack_memberships_contains_paid_content":false,"footnotes":"","jetpack_publicize_message":"","jetpack_publicize_feature_enabled":true,"jetpack_social_post_already_shared":true,"jetpack_social_options":{"image_generator_settings":{"template":"highway","default_image_id":0,"font":"","enabled":false},"version":2}},"categories":[11],"tags":[],"class_list":["post-59648","post","type-post","status-publish","format-standard","has-post-thumbnail","hentry","category-noticias-de-ribeirao-preto-sp-e-regiao-ismael-colosi"],"jetpack_publicize_connections":[],"jetpack_featured_media_url":"https:\/\/i0.wp.com\/noticiasribeiraopreto.com.br\/wp-content\/uploads\/2024\/10\/ricardo-silva-marco-aurelio-entrevista_2024-10-12_22-13-15_jpeg_2024-10-12_22-13-15.webp.webp?fit=1600%2C899&ssl=1","jetpack-related-posts":[{"id":59646,"url":"https:\/\/noticiasribeiraopreto.com.br\/index.php\/2024\/10\/27\/tempo-real-acompanhe-a-apuracao-dos-votos-do-2o-turno-em-ribeirao-preto\/","url_meta":{"origin":59648,"position":0},"title":"Tempo real: Acompanhe a apura\u00e7\u00e3o dos votos do 2\u00ba turno em Ribeir\u00e3o Preto","author":"noticiasribeiraopreto.com.br","date":"27 de October de 2024","format":false,"excerpt":"Carregando... N\u00e3o foram encontrados candidatos com o nome pesquisado. MARCO AURELIO (30) NOVO VICE: ANTONIO CARLOS DA FREIRIA 0.00% (0 votos) RICARDO SILVA (55) PSD VICE: ALESSANDRO DA SILVA FIRMINO 0.00% (0 votos) O 2\u00ba turno das elei\u00e7\u00f5es municipais acontece neste domingo (27) para escolha do pr\u00f3ximo prefeito de Ribeir\u00e3o\u2026","rel":"","context":"In &quot;Not\u00edcias de Ribeir\u00e3o Preto-SP e Regi\u00e3o&quot;","block_context":{"text":"Not\u00edcias de Ribeir\u00e3o Preto-SP e Regi\u00e3o","link":"https:\/\/noticiasribeiraopreto.com.br\/index.php\/category\/noticias-de-ribeirao-preto-sp-e-regiao-ismael-colosi\/"},"img":{"alt_text":"","src":"https:\/\/i0.wp.com\/noticiasribeiraopreto.com.br\/wp-content\/uploads\/2024\/09\/urna-nova_2024-09-20_19-00-21_jpg_2024-09-20_19-00-21.webp.webp?fit=1170%2C700&ssl=1&resize=350%2C200","width":350,"height":200,"srcset":"https:\/\/i0.wp.com\/noticiasribeiraopreto.com.br\/wp-content\/uploads\/2024\/09\/urna-nova_2024-09-20_19-00-21_jpg_2024-09-20_19-00-21.webp.webp?fit=1170%2C700&ssl=1&resize=350%2C200 1x, https:\/\/i0.wp.com\/noticiasribeiraopreto.com.br\/wp-content\/uploads\/2024\/09\/urna-nova_2024-09-20_19-00-21_jpg_2024-09-20_19-00-21.webp.webp?fit=1170%2C700&ssl=1&resize=525%2C300 1.5x, https:\/\/i0.wp.com\/noticiasribeiraopreto.com.br\/wp-content\/uploads\/2024\/09\/urna-nova_2024-09-20_19-00-21_jpg_2024-09-20_19-00-21.webp.webp?fit=1170%2C700&ssl=1&resize=700%2C400 2x, https:\/\/i0.wp.com\/noticiasribeiraopreto.com.br\/wp-content\/uploads\/2024\/09\/urna-nova_2024-09-20_19-00-21_jpg_2024-09-20_19-00-21.webp.webp?fit=1170%2C700&ssl=1&resize=1050%2C600 3x"},"classes":[]},{"id":59605,"url":"https:\/\/noticiasribeiraopreto.com.br\/index.php\/2024\/10\/26\/quaest-veja-os-numeros-da-ultima-pesquisa-antes-do-2o-turno-em-ribeirao-preto\/","url_meta":{"origin":59648,"position":1},"title":"Quaest: Veja os n\u00fameros da \u00faltima pesquisa antes do 2\u00ba turno em Ribeir\u00e3o Preto","author":"noticiasribeiraopreto.com.br","date":"26 de October de 2024","format":false,"excerpt":"A pesquisa Quaest divulgada na noite deste s\u00e1bado (26) mostra Ricardo Silva (PSD) liderando a disputa pela Prefeitura de Ribeir\u00e3o Preto com 46% dos votos. O candidato Marco Aur\u00e9lio (NOVO) aparece em segundo lugar, com 33% dos votos. Essa \u00e9 a \u00faltima pesquisa sobre a inten\u00e7\u00e3o de voto no 2\u00ba\u2026","rel":"","context":"In &quot;Not\u00edcias de Ribeir\u00e3o Preto-SP e Regi\u00e3o&quot;","block_context":{"text":"Not\u00edcias de Ribeir\u00e3o Preto-SP e Regi\u00e3o","link":"https:\/\/noticiasribeiraopreto.com.br\/index.php\/category\/noticias-de-ribeirao-preto-sp-e-regiao-ismael-colosi\/"},"img":{"alt_text":"","src":"https:\/\/i0.wp.com\/noticiasribeiraopreto.com.br\/wp-content\/uploads\/2024\/10\/ricardo-silva-marco-aurelio-entrevista_2024-10-12_22-13-15_jpeg_2024-10-12_22-13-15.webp.webp?fit=1200%2C674&ssl=1&resize=350%2C200","width":350,"height":200,"srcset":"https:\/\/i0.wp.com\/noticiasribeiraopreto.com.br\/wp-content\/uploads\/2024\/10\/ricardo-silva-marco-aurelio-entrevista_2024-10-12_22-13-15_jpeg_2024-10-12_22-13-15.webp.webp?fit=1200%2C674&ssl=1&resize=350%2C200 1x, https:\/\/i0.wp.com\/noticiasribeiraopreto.com.br\/wp-content\/uploads\/2024\/10\/ricardo-silva-marco-aurelio-entrevista_2024-10-12_22-13-15_jpeg_2024-10-12_22-13-15.webp.webp?fit=1200%2C674&ssl=1&resize=525%2C300 1.5x, https:\/\/i0.wp.com\/noticiasribeiraopreto.com.br\/wp-content\/uploads\/2024\/10\/ricardo-silva-marco-aurelio-entrevista_2024-10-12_22-13-15_jpeg_2024-10-12_22-13-15.webp.webp?fit=1200%2C674&ssl=1&resize=700%2C400 2x, https:\/\/i0.wp.com\/noticiasribeiraopreto.com.br\/wp-content\/uploads\/2024\/10\/ricardo-silva-marco-aurelio-entrevista_2024-10-12_22-13-15_jpeg_2024-10-12_22-13-15.webp.webp?fit=1200%2C674&ssl=1&resize=1050%2C600 3x"},"classes":[]},{"id":59225,"url":"https:\/\/noticiasribeiraopreto.com.br\/index.php\/2024\/10\/17\/quaest-2o-turno-veja-os-numeros-da-pesquisa-eleitoral-em-ribeirao-preto\/","url_meta":{"origin":59648,"position":2},"title":"Quaest 2\u00ba turno: Veja os n\u00fameros da pesquisa eleitoral em Ribeir\u00e3o Preto","author":"noticiasribeiraopreto.com.br","date":"17 de October de 2024","format":false,"excerpt":"A pesquisa Quaest divulgada na noite desta quinta-feira (17) mostra Ricardo Silva (PSD) liderando a disputa pela Prefeitura de Ribeir\u00e3o Preto com 48% dos votos. O candidato Marco Aur\u00e9lio (NOVO) aparece em segundo lugar, com 31% dos votos. Essa \u00e9 a primeira pesquisa sobre a inten\u00e7\u00e3o de voto no 2\u00ba\u2026","rel":"","context":"In &quot;Not\u00edcias de Ribeir\u00e3o Preto-SP e Regi\u00e3o&quot;","block_context":{"text":"Not\u00edcias de Ribeir\u00e3o Preto-SP e Regi\u00e3o","link":"https:\/\/noticiasribeiraopreto.com.br\/index.php\/category\/noticias-de-ribeirao-preto-sp-e-regiao-ismael-colosi\/"},"img":{"alt_text":"","src":"https:\/\/i0.wp.com\/noticiasribeiraopreto.com.br\/wp-content\/uploads\/2024\/10\/Copia-de-Copia-de-Copia-de-TAMANHO-EXATO-PARA-FOTOS-NO-SISTEMA-NOVO-95_2024-10-06_22-19-13_png_2024-10-06_22-19-13.webp.webp?fit=1200%2C675&ssl=1&resize=350%2C200","width":350,"height":200,"srcset":"https:\/\/i0.wp.com\/noticiasribeiraopreto.com.br\/wp-content\/uploads\/2024\/10\/Copia-de-Copia-de-Copia-de-TAMANHO-EXATO-PARA-FOTOS-NO-SISTEMA-NOVO-95_2024-10-06_22-19-13_png_2024-10-06_22-19-13.webp.webp?fit=1200%2C675&ssl=1&resize=350%2C200 1x, https:\/\/i0.wp.com\/noticiasribeiraopreto.com.br\/wp-content\/uploads\/2024\/10\/Copia-de-Copia-de-Copia-de-TAMANHO-EXATO-PARA-FOTOS-NO-SISTEMA-NOVO-95_2024-10-06_22-19-13_png_2024-10-06_22-19-13.webp.webp?fit=1200%2C675&ssl=1&resize=525%2C300 1.5x, https:\/\/i0.wp.com\/noticiasribeiraopreto.com.br\/wp-content\/uploads\/2024\/10\/Copia-de-Copia-de-Copia-de-TAMANHO-EXATO-PARA-FOTOS-NO-SISTEMA-NOVO-95_2024-10-06_22-19-13_png_2024-10-06_22-19-13.webp.webp?fit=1200%2C675&ssl=1&resize=700%2C400 2x, https:\/\/i0.wp.com\/noticiasribeiraopreto.com.br\/wp-content\/uploads\/2024\/10\/Copia-de-Copia-de-Copia-de-TAMANHO-EXATO-PARA-FOTOS-NO-SISTEMA-NOVO-95_2024-10-06_22-19-13_png_2024-10-06_22-19-13.webp.webp?fit=1200%2C675&ssl=1&resize=1050%2C600 3x"},"classes":[]},{"id":58758,"url":"https:\/\/noticiasribeiraopreto.com.br\/index.php\/2024\/10\/05\/quaest-confira-votos-validos-para-prefeitura-de-ribeirao-preto\/","url_meta":{"origin":59648,"position":3},"title":"Quaest: Confira votos v\u00e1lidos para Prefeitura de Ribeir\u00e3o Preto","author":"noticiasribeiraopreto.com.br","date":"5 de October de 2024","format":false,"excerpt":"A Quaest\u00a0divulgou neste s\u00e1bado (5) os n\u00fameros da pesquisa antes do primeiro turno das elei\u00e7\u00f5es em Ribeir\u00e3o Preto. Este \u00e9 o\u00a0terceiro levantamento\u00a0da\u00a0s\u00e9rie contratada pela EPTV\u00a0sobre a\u00a0inten\u00e7\u00e3o de voto a prefeito.\u00a0 Confira os n\u00fameros de votos v\u00e1lidos: Ricardo Silva (PSD) \u2013 63% Jorge Roque (PT) \u2013 17% Marco Aur\u00e9lio (Novo) \u2013\u2026","rel":"","context":"In &quot;Not\u00edcias de Ribeir\u00e3o Preto-SP e Regi\u00e3o&quot;","block_context":{"text":"Not\u00edcias de Ribeir\u00e3o Preto-SP e Regi\u00e3o","link":"https:\/\/noticiasribeiraopreto.com.br\/index.php\/category\/noticias-de-ribeirao-preto-sp-e-regiao-ismael-colosi\/"},"img":{"alt_text":"","src":"https:\/\/i0.wp.com\/noticiasribeiraopreto.com.br\/wp-content\/uploads\/2024\/10\/ribeirao-preto-prefeitura.jpg?fit=1200%2C900&ssl=1&resize=350%2C200","width":350,"height":200,"srcset":"https:\/\/i0.wp.com\/noticiasribeiraopreto.com.br\/wp-content\/uploads\/2024\/10\/ribeirao-preto-prefeitura.jpg?fit=1200%2C900&ssl=1&resize=350%2C200 1x, https:\/\/i0.wp.com\/noticiasribeiraopreto.com.br\/wp-content\/uploads\/2024\/10\/ribeirao-preto-prefeitura.jpg?fit=1200%2C900&ssl=1&resize=525%2C300 1.5x, https:\/\/i0.wp.com\/noticiasribeiraopreto.com.br\/wp-content\/uploads\/2024\/10\/ribeirao-preto-prefeitura.jpg?fit=1200%2C900&ssl=1&resize=700%2C400 2x, https:\/\/i0.wp.com\/noticiasribeiraopreto.com.br\/wp-content\/uploads\/2024\/10\/ribeirao-preto-prefeitura.jpg?fit=1200%2C900&ssl=1&resize=1050%2C600 3x"},"classes":[]},{"id":59752,"url":"https:\/\/noticiasribeiraopreto.com.br\/index.php\/2024\/10\/29\/mapa-veja-onde-cada-candidato-venceu-uma-das-eleicoes-mais-concorridas-de-ribeirao-preto\/","url_meta":{"origin":59648,"position":4},"title":"Mapa: Veja onde cada candidato venceu uma das elei\u00e7\u00f5es mais concorridas de Ribeir\u00e3o Preto","author":"noticiasribeiraopreto.com.br","date":"29 de October de 2024","format":false,"excerpt":"Conforme dados do TSE (Tribunal Superior Eleitoral), 297.836 mil cidad\u00e3os foram \u00e0s urnas durante o 2\u00ba turno das elei\u00e7\u00f5es no \u00faltimo domingo (27), e elegeram Ricardo Silva (PSD) como o novo prefeito de Ribeir\u00e3o Preto. O deputado federal venceu uma das elei\u00e7\u00f5es mais concorridas de Ribeir\u00e3o Preto ao derrotar o\u2026","rel":"","context":"In &quot;Not\u00edcias de Ribeir\u00e3o Preto-SP e Regi\u00e3o&quot;","block_context":{"text":"Not\u00edcias de Ribeir\u00e3o Preto-SP e Regi\u00e3o","link":"https:\/\/noticiasribeiraopreto.com.br\/index.php\/category\/noticias-de-ribeirao-preto-sp-e-regiao-ismael-colosi\/"},"img":{"alt_text":"","src":"https:\/\/i0.wp.com\/noticiasribeiraopreto.com.br\/wp-content\/uploads\/2024\/10\/Copia-de-Copia-de-Copia-de-TAMANHO-EXATO-PARA-FOTOS-NO-SISTEMA-NOVO-2024-10-29T151843.722_2024-10-29_18-18-51_png_2024-10-29_18-18-51.webp.webp?fit=1200%2C675&ssl=1&resize=350%2C200","width":350,"height":200,"srcset":"https:\/\/i0.wp.com\/noticiasribeiraopreto.com.br\/wp-content\/uploads\/2024\/10\/Copia-de-Copia-de-Copia-de-TAMANHO-EXATO-PARA-FOTOS-NO-SISTEMA-NOVO-2024-10-29T151843.722_2024-10-29_18-18-51_png_2024-10-29_18-18-51.webp.webp?fit=1200%2C675&ssl=1&resize=350%2C200 1x, https:\/\/i0.wp.com\/noticiasribeiraopreto.com.br\/wp-content\/uploads\/2024\/10\/Copia-de-Copia-de-Copia-de-TAMANHO-EXATO-PARA-FOTOS-NO-SISTEMA-NOVO-2024-10-29T151843.722_2024-10-29_18-18-51_png_2024-10-29_18-18-51.webp.webp?fit=1200%2C675&ssl=1&resize=525%2C300 1.5x, https:\/\/i0.wp.com\/noticiasribeiraopreto.com.br\/wp-content\/uploads\/2024\/10\/Copia-de-Copia-de-Copia-de-TAMANHO-EXATO-PARA-FOTOS-NO-SISTEMA-NOVO-2024-10-29T151843.722_2024-10-29_18-18-51_png_2024-10-29_18-18-51.webp.webp?fit=1200%2C675&ssl=1&resize=700%2C400 2x, https:\/\/i0.wp.com\/noticiasribeiraopreto.com.br\/wp-content\/uploads\/2024\/10\/Copia-de-Copia-de-Copia-de-TAMANHO-EXATO-PARA-FOTOS-NO-SISTEMA-NOVO-2024-10-29T151843.722_2024-10-29_18-18-51_png_2024-10-29_18-18-51.webp.webp?fit=1200%2C675&ssl=1&resize=1050%2C600 3x"},"classes":[]},{"id":58791,"url":"https:\/\/noticiasribeiraopreto.com.br\/index.php\/2024\/10\/06\/tempo-real-acompanhe-a-apuracao-dos-votos-do-1o-turno-em-ribeirao-preto\/","url_meta":{"origin":59648,"position":5},"title":"Tempo real: Acompanhe a apura\u00e7\u00e3o dos votos do 1\u00ba turno em Ribeir\u00e3o Preto","author":"noticiasribeiraopreto.com.br","date":"6 de October de 2024","format":false,"excerpt":"Carregando... Cidades: ... Mais cidades ...BARRINHABARRETOSTAQUARALRIBEIR\u00c3O PRETOSANTA CRUZ DA ESPERAN\u00c7AGUA\u00cdRAARAMINAALTIN\u00d3POLISCRISTAIS PAULISTADOBRADAMONTE AZUL PAULISTANUPORANGABATATAISFRANCAGUATAPAR\u00c1DUMONTBRODOWSKICOL\u00d4MBIACRAVINHOSIPU\u00c3 N\u00e3o foram encontrados candidatos com o nome pesquisado. \u00daltima atualiza\u00e7\u00e3o: 06\/10\/2024 17:08:59 MARCO AURELIO MARTINS DE SOUSA (30) NOVO VICE: ANTONIO CARLOS DA FREIRIA 0.00% (0 votos) ANDR\u00c9 RUBENS TRINDADE (44) UNI\u00c3O VICE: ALESSANDRO HIRATA 0.00% (0\u2026","rel":"","context":"In &quot;Not\u00edcias de Ribeir\u00e3o Preto-SP e Regi\u00e3o&quot;","block_context":{"text":"Not\u00edcias de Ribeir\u00e3o Preto-SP e Regi\u00e3o","link":"https:\/\/noticiasribeiraopreto.com.br\/index.php\/category\/noticias-de-ribeirao-preto-sp-e-regiao-ismael-colosi\/"},"img":{"alt_text":"","src":"https:\/\/i0.wp.com\/noticiasribeiraopreto.com.br\/wp-content\/uploads\/2024\/09\/urna_2024-09-06_19-24-20_jpg_2024-09-06_19-24-20.webp.webp?fit=1170%2C700&ssl=1&resize=350%2C200","width":350,"height":200,"srcset":"https:\/\/i0.wp.com\/noticiasribeiraopreto.com.br\/wp-content\/uploads\/2024\/09\/urna_2024-09-06_19-24-20_jpg_2024-09-06_19-24-20.webp.webp?fit=1170%2C700&ssl=1&resize=350%2C200 1x, https:\/\/i0.wp.com\/noticiasribeiraopreto.com.br\/wp-content\/uploads\/2024\/09\/urna_2024-09-06_19-24-20_jpg_2024-09-06_19-24-20.webp.webp?fit=1170%2C700&ssl=1&resize=525%2C300 1.5x, https:\/\/i0.wp.com\/noticiasribeiraopreto.com.br\/wp-content\/uploads\/2024\/09\/urna_2024-09-06_19-24-20_jpg_2024-09-06_19-24-20.webp.webp?fit=1170%2C700&ssl=1&resize=700%2C400 2x, https:\/\/i0.wp.com\/noticiasribeiraopreto.com.br\/wp-content\/uploads\/2024\/09\/urna_2024-09-06_19-24-20_jpg_2024-09-06_19-24-20.webp.webp?fit=1170%2C700&ssl=1&resize=1050%2C600 3x"},"classes":[]}],"jetpack_sharing_enabled":true,"jetpack_shortlink":"https:\/\/wp.me\/peQAOb-fw4","_links":{"self":[{"href":"https:\/\/noticiasribeiraopreto.com.br\/index.php\/wp-json\/wp\/v2\/posts\/59648","targetHints":{"allow":["GET"]}}],"collection":[{"href":"https:\/\/noticiasribeiraopreto.com.br\/index.php\/wp-json\/wp\/v2\/posts"}],"about":[{"href":"https:\/\/noticiasribeiraopreto.com.br\/index.php\/wp-json\/wp\/v2\/types\/post"}],"author":[{"embeddable":true,"href":"https:\/\/noticiasribeiraopreto.com.br\/index.php\/wp-json\/wp\/v2\/users\/1"}],"replies":[{"embeddable":true,"href":"https:\/\/noticiasribeiraopreto.com.br\/index.php\/wp-json\/wp\/v2\/comments?post=59648"}],"version-history":[{"count":0,"href":"https:\/\/noticiasribeiraopreto.com.br\/index.php\/wp-json\/wp\/v2\/posts\/59648\/revisions"}],"wp:featuredmedia":[{"embeddable":true,"href":"https:\/\/noticiasribeiraopreto.com.br\/index.php\/wp-json\/wp\/v2\/media\/59056"}],"wp:attachment":[{"href":"https:\/\/noticiasribeiraopreto.com.br\/index.php\/wp-json\/wp\/v2\/media?parent=59648"}],"wp:term":[{"taxonomy":"category","embeddable":true,"href":"https:\/\/noticiasribeiraopreto.com.br\/index.php\/wp-json\/wp\/v2\/categories?post=59648"},{"taxonomy":"post_tag","embeddable":true,"href":"https:\/\/noticiasribeiraopreto.com.br\/index.php\/wp-json\/wp\/v2\/tags?post=59648"}],"curies":[{"name":"wp","href":"https:\/\/api.w.org\/{rel}","templated":true}]}}