{"id":59649,"date":"2024-10-27T18:12:19","date_gmt":"2024-10-27T21:12:19","guid":{"rendered":"https:\/\/noticiasribeiraopreto.com.br\/index.php\/2024\/10\/27\/ricardo-silva-passa-marco-aurelio-na-apuracao-dos-votos-em-ribeirao-preto\/"},"modified":"2024-10-27T18:12:19","modified_gmt":"2024-10-27T21:12:19","slug":"ricardo-silva-passa-marco-aurelio-na-apuracao-dos-votos-em-ribeirao-preto","status":"publish","type":"post","link":"https:\/\/noticiasribeiraopreto.com.br\/index.php\/2024\/10\/27\/ricardo-silva-passa-marco-aurelio-na-apuracao-dos-votos-em-ribeirao-preto\/","title":{"rendered":"Ricardo Silva passa Marco Aur\u00e9lio na apura\u00e7\u00e3o dos votos em Ribeir\u00e3o Preto"},"content":{"rendered":"<div class='code-block code-block-1' style='margin: 8px 0 8px auto; text-align: right; display: block; clear: both;'>\n<p><a href=\"https:\/\/wa.link\/vpicfd\"><img data-recalc-dims=\"1\" class=\"wp-image-4922\" style=\"aspect-ratio: 2.0253164556962027; width: 561px; height: auto;\" src=\"https:\/\/i0.wp.com\/ismaelcolosi.com.br\/wp-content\/uploads\/2023\/11\/grupo-de-empregos-whatsapp-e-facebook-ismael-colosi-vagas.jpg?ssl=1\" alt=\"\" \/><\/a><\/p>\n<!-- \/wp:image -->\n<\/div>\n<p> <br \/>\n<\/p>\n<p>Com 33,85% das urnas apuradas, Ricardo Silva (PSD) ultrapassou Marco Aur\u00e9lio (Novo) na apura\u00e7\u00e3o dos votos em Ribeir\u00e3o Preto. A apura\u00e7\u00e3o em tempo real voc\u00ea acompanha no <strong><a href=\"https:\/\/apuracao.acidadeon.com\/ribeiraopreto\/?cidade=Ribeir%C3%A3o%20Preto&amp;turno=2\" target=\"_blank\" rel=\"noreferrer noopener nofollow\">acidade on Ribeir\u00e3o \u2013 clique aqui.<\/a><\/strong><\/p>\n<p>Ricardo Silva aparece com 50,29% dos votos e Marco Aur\u00e9lio com 49,71%.<\/p>\n<p>O post Ricardo Silva passa Marco Aur\u00e9lio na apura\u00e7\u00e3o dos votos em Ribeir\u00e3o Preto apareceu primeiro em ACidade ON Ribeir\u00e3o Preto.<\/p>\n<p><br \/>\n<br \/><a href=\"https:\/\/www.acidadeon.com\/ribeiraopreto\/politica\/eleicoes\/ricardo-silva-passa-marco-aurelio-na-apuracao-dos-votos-em-ribeirao-preto\/\">Source link <\/a><\/p>\n<!-- CONTENT END 1 -->\n","protected":false},"excerpt":{"rendered":"<p>Com 33,85% das urnas apuradas, Ricardo Silva (PSD) ultrapassou Marco Aur\u00e9lio (Novo) na apura\u00e7\u00e3o dos votos em Ribeir\u00e3o Preto. A apura\u00e7\u00e3o em tempo real voc\u00ea&#8230;<\/p>\n","protected":false},"author":1,"featured_media":58809,"comment_status":"open","ping_status":"open","sticky":false,"template":"","format":"standard","meta":{"advanced_seo_description":"","jetpack_seo_html_title":"","jetpack_seo_noindex":false,"jetpack_post_was_ever_published":false,"_jetpack_newsletter_access":"","_jetpack_dont_email_post_to_subs":false,"_jetpack_newsletter_tier_id":0,"_jetpack_memberships_contains_paywalled_content":false,"_jetpack_memberships_contains_paid_content":false,"footnotes":"","jetpack_publicize_message":"","jetpack_publicize_feature_enabled":true,"jetpack_social_post_already_shared":true,"jetpack_social_options":{"image_generator_settings":{"template":"highway","default_image_id":0,"font":"","enabled":false},"version":2}},"categories":[11],"tags":[],"class_list":["post-59649","post","type-post","status-publish","format-standard","has-post-thumbnail","hentry","category-noticias-de-ribeirao-preto-sp-e-regiao-ismael-colosi"],"jetpack_publicize_connections":[],"jetpack_featured_media_url":"https:\/\/i0.wp.com\/noticiasribeiraopreto.com.br\/wp-content\/uploads\/2024\/10\/Copia-de-Copia-de-Copia-de-TAMANHO-EXATO-PARA-FOTOS-NO-SISTEMA-NOVO-95_2024-10-06_22-19-13_png_2024-10-06_22-19-13.webp.webp?fit=1200%2C675&ssl=1","jetpack-related-posts":[{"id":59650,"url":"https:\/\/noticiasribeiraopreto.com.br\/index.php\/2024\/10\/27\/2o-turno-marco-aurelio-larga-na-frente-na-apuracao-em-ribeirao-preto\/","url_meta":{"origin":59649,"position":0},"title":"2\u00ba turno: Marco Aur\u00e9lio larga na frente na apura\u00e7\u00e3o em Ribeir\u00e3o Preto","author":"noticiasribeiraopreto.com.br","date":"27 de October de 2024","format":false,"excerpt":"O candidato Marco Aur\u00e9lio (Novo) largou na frente na apura\u00e7\u00e3o dos votos pela Prefeitura de Ribeir\u00e3o Preto na tarde deste domingo (27). A apura\u00e7\u00e3o voc\u00ea acompanha em tempo real no acidade on \u2013 clique aqui. Com 10,27% dos votos apurados, Marco Aur\u00e9lio aparece com 53,68% dos votos e Ricardo Silva\u2026","rel":"","context":"In &quot;Not\u00edcias de Ribeir\u00e3o Preto-SP e Regi\u00e3o&quot;","block_context":{"text":"Not\u00edcias de Ribeir\u00e3o Preto-SP e Regi\u00e3o","link":"https:\/\/noticiasribeiraopreto.com.br\/index.php\/category\/noticias-de-ribeirao-preto-sp-e-regiao-ismael-colosi\/"},"img":{"alt_text":"","src":"https:\/\/i0.wp.com\/noticiasribeiraopreto.com.br\/wp-content\/uploads\/2024\/10\/debate-eptv_2024-10-25_13-09-48_jpeg_2024-10-25_13-09-48.webp.webp?fit=1200%2C674&ssl=1&resize=350%2C200","width":350,"height":200,"srcset":"https:\/\/i0.wp.com\/noticiasribeiraopreto.com.br\/wp-content\/uploads\/2024\/10\/debate-eptv_2024-10-25_13-09-48_jpeg_2024-10-25_13-09-48.webp.webp?fit=1200%2C674&ssl=1&resize=350%2C200 1x, https:\/\/i0.wp.com\/noticiasribeiraopreto.com.br\/wp-content\/uploads\/2024\/10\/debate-eptv_2024-10-25_13-09-48_jpeg_2024-10-25_13-09-48.webp.webp?fit=1200%2C674&ssl=1&resize=525%2C300 1.5x, https:\/\/i0.wp.com\/noticiasribeiraopreto.com.br\/wp-content\/uploads\/2024\/10\/debate-eptv_2024-10-25_13-09-48_jpeg_2024-10-25_13-09-48.webp.webp?fit=1200%2C674&ssl=1&resize=700%2C400 2x, https:\/\/i0.wp.com\/noticiasribeiraopreto.com.br\/wp-content\/uploads\/2024\/10\/debate-eptv_2024-10-25_13-09-48_jpeg_2024-10-25_13-09-48.webp.webp?fit=1200%2C674&ssl=1&resize=1050%2C600 3x"},"classes":[]},{"id":58808,"url":"https:\/\/noticiasribeiraopreto.com.br\/index.php\/2024\/10\/06\/ricardo-silva-e-marco-aurelio-vao-disputar-o-2o-turno-em-ribeirao-preto\/","url_meta":{"origin":59649,"position":1},"title":"Ricardo Silva e Marco Aurelio v\u00e3o disputar o 2\u00ba turno em Ribeir\u00e3o Preto","author":"noticiasribeiraopreto.com.br","date":"6 de October de 2024","format":false,"excerpt":"Os candidatos Ricardo Silva (PSD) e Marco Aurelio (Novo) v\u00e3o decidir no 2\u00ba turno, que ser\u00e1 realizado no dia 27 de outubro, quem ser\u00e1 o pr\u00f3ximo prefeito de Ribeir\u00e3o Preto. Conforme os dados do Tribunal Superior Eleitoral (TSE), ao final da apura\u00e7\u00e3o, \u00e0s 19h29, o deputado federal recebeu 128.433 mil\u2026","rel":"","context":"In &quot;Not\u00edcias de Ribeir\u00e3o Preto-SP e Regi\u00e3o&quot;","block_context":{"text":"Not\u00edcias de Ribeir\u00e3o Preto-SP e Regi\u00e3o","link":"https:\/\/noticiasribeiraopreto.com.br\/index.php\/category\/noticias-de-ribeirao-preto-sp-e-regiao-ismael-colosi\/"},"img":{"alt_text":"","src":"https:\/\/i0.wp.com\/noticiasribeiraopreto.com.br\/wp-content\/uploads\/2024\/10\/Copia-de-Copia-de-Copia-de-TAMANHO-EXATO-PARA-FOTOS-NO-SISTEMA-NOVO-95_2024-10-06_22-19-13_png_2024-10-06_22-19-13.webp.webp?fit=1200%2C675&ssl=1&resize=350%2C200","width":350,"height":200,"srcset":"https:\/\/i0.wp.com\/noticiasribeiraopreto.com.br\/wp-content\/uploads\/2024\/10\/Copia-de-Copia-de-Copia-de-TAMANHO-EXATO-PARA-FOTOS-NO-SISTEMA-NOVO-95_2024-10-06_22-19-13_png_2024-10-06_22-19-13.webp.webp?fit=1200%2C675&ssl=1&resize=350%2C200 1x, https:\/\/i0.wp.com\/noticiasribeiraopreto.com.br\/wp-content\/uploads\/2024\/10\/Copia-de-Copia-de-Copia-de-TAMANHO-EXATO-PARA-FOTOS-NO-SISTEMA-NOVO-95_2024-10-06_22-19-13_png_2024-10-06_22-19-13.webp.webp?fit=1200%2C675&ssl=1&resize=525%2C300 1.5x, https:\/\/i0.wp.com\/noticiasribeiraopreto.com.br\/wp-content\/uploads\/2024\/10\/Copia-de-Copia-de-Copia-de-TAMANHO-EXATO-PARA-FOTOS-NO-SISTEMA-NOVO-95_2024-10-06_22-19-13_png_2024-10-06_22-19-13.webp.webp?fit=1200%2C675&ssl=1&resize=700%2C400 2x, https:\/\/i0.wp.com\/noticiasribeiraopreto.com.br\/wp-content\/uploads\/2024\/10\/Copia-de-Copia-de-Copia-de-TAMANHO-EXATO-PARA-FOTOS-NO-SISTEMA-NOVO-95_2024-10-06_22-19-13_png_2024-10-06_22-19-13.webp.webp?fit=1200%2C675&ssl=1&resize=1050%2C600 3x"},"classes":[]},{"id":59646,"url":"https:\/\/noticiasribeiraopreto.com.br\/index.php\/2024\/10\/27\/tempo-real-acompanhe-a-apuracao-dos-votos-do-2o-turno-em-ribeirao-preto\/","url_meta":{"origin":59649,"position":2},"title":"Tempo real: Acompanhe a apura\u00e7\u00e3o dos votos do 2\u00ba turno em Ribeir\u00e3o Preto","author":"noticiasribeiraopreto.com.br","date":"27 de October de 2024","format":false,"excerpt":"Carregando... N\u00e3o foram encontrados candidatos com o nome pesquisado. MARCO AURELIO (30) NOVO VICE: ANTONIO CARLOS DA FREIRIA 0.00% (0 votos) RICARDO SILVA (55) PSD VICE: ALESSANDRO DA SILVA FIRMINO 0.00% (0 votos) O 2\u00ba turno das elei\u00e7\u00f5es municipais acontece neste domingo (27) para escolha do pr\u00f3ximo prefeito de Ribeir\u00e3o\u2026","rel":"","context":"In &quot;Not\u00edcias de Ribeir\u00e3o Preto-SP e Regi\u00e3o&quot;","block_context":{"text":"Not\u00edcias de Ribeir\u00e3o Preto-SP e Regi\u00e3o","link":"https:\/\/noticiasribeiraopreto.com.br\/index.php\/category\/noticias-de-ribeirao-preto-sp-e-regiao-ismael-colosi\/"},"img":{"alt_text":"","src":"https:\/\/i0.wp.com\/noticiasribeiraopreto.com.br\/wp-content\/uploads\/2024\/09\/urna-nova_2024-09-20_19-00-21_jpg_2024-09-20_19-00-21.webp.webp?fit=1170%2C700&ssl=1&resize=350%2C200","width":350,"height":200,"srcset":"https:\/\/i0.wp.com\/noticiasribeiraopreto.com.br\/wp-content\/uploads\/2024\/09\/urna-nova_2024-09-20_19-00-21_jpg_2024-09-20_19-00-21.webp.webp?fit=1170%2C700&ssl=1&resize=350%2C200 1x, https:\/\/i0.wp.com\/noticiasribeiraopreto.com.br\/wp-content\/uploads\/2024\/09\/urna-nova_2024-09-20_19-00-21_jpg_2024-09-20_19-00-21.webp.webp?fit=1170%2C700&ssl=1&resize=525%2C300 1.5x, https:\/\/i0.wp.com\/noticiasribeiraopreto.com.br\/wp-content\/uploads\/2024\/09\/urna-nova_2024-09-20_19-00-21_jpg_2024-09-20_19-00-21.webp.webp?fit=1170%2C700&ssl=1&resize=700%2C400 2x, https:\/\/i0.wp.com\/noticiasribeiraopreto.com.br\/wp-content\/uploads\/2024\/09\/urna-nova_2024-09-20_19-00-21_jpg_2024-09-20_19-00-21.webp.webp?fit=1170%2C700&ssl=1&resize=1050%2C600 3x"},"classes":[]},{"id":59661,"url":"https:\/\/noticiasribeiraopreto.com.br\/index.php\/2024\/10\/27\/saimos-vitoriosos-diz-marco-aurelio-ao-avaliar-desempenho-no-2o-turno-em-ribeirao\/","url_meta":{"origin":59649,"position":3},"title":"\u2018Sa\u00edmos vitoriosos\u2019, diz Marco Aur\u00e9lio ao avaliar desempenho no 2\u00ba turno em Ribeir\u00e3o","author":"noticiasribeiraopreto.com.br","date":"27 de October de 2024","format":false,"excerpt":"O candidato derrotado no 2\u00ba turno das elei\u00e7\u00f5es\u00a02024 em Ribeir\u00e3o Preto, Marco Aur\u00e9lio (Novo), avaliou que saiu vitorioso das urnas, em raz\u00e3o da diferen\u00e7a de apenas 687 votos para Ricardo Silva, o novo prefeito eleito. \u201cN\u00f3s cumprimos com louvor uma bela de uma batalha que o povo veio conosco. Tenho\u2026","rel":"","context":"In &quot;Not\u00edcias de Ribeir\u00e3o Preto-SP e Regi\u00e3o&quot;","block_context":{"text":"Not\u00edcias de Ribeir\u00e3o Preto-SP e Regi\u00e3o","link":"https:\/\/noticiasribeiraopreto.com.br\/index.php\/category\/noticias-de-ribeirao-preto-sp-e-regiao-ismael-colosi\/"},"img":{"alt_text":"","src":"https:\/\/i0.wp.com\/noticiasribeiraopreto.com.br\/wp-content\/uploads\/2024\/10\/WhatsApp-Image-2024-10-08-at-14.36.13_2024-10-08_17-38-30_jpeg_2024-10-08_17-38-30.webp.webp?fit=601%2C521&ssl=1&resize=350%2C200","width":350,"height":200,"srcset":"https:\/\/i0.wp.com\/noticiasribeiraopreto.com.br\/wp-content\/uploads\/2024\/10\/WhatsApp-Image-2024-10-08-at-14.36.13_2024-10-08_17-38-30_jpeg_2024-10-08_17-38-30.webp.webp?fit=601%2C521&ssl=1&resize=350%2C200 1x, https:\/\/i0.wp.com\/noticiasribeiraopreto.com.br\/wp-content\/uploads\/2024\/10\/WhatsApp-Image-2024-10-08-at-14.36.13_2024-10-08_17-38-30_jpeg_2024-10-08_17-38-30.webp.webp?fit=601%2C521&ssl=1&resize=525%2C300 1.5x"},"classes":[]},{"id":58802,"url":"https:\/\/noticiasribeiraopreto.com.br\/index.php\/2024\/10\/06\/com-62-dos-votos-apurados-veja-como-esta-a-apuracao-em-ribeirao-preto\/","url_meta":{"origin":59649,"position":4},"title":"Com 62% dos votos apurados, veja como est\u00e1 a apura\u00e7\u00e3o em Ribeir\u00e3o Preto","author":"noticiasribeiraopreto.com.br","date":"6 de October de 2024","format":false,"excerpt":"Conforme os n\u00fameros do Tribunal Superior Eleitoral (TSE), o candidato Ricardo Silva (PSD) est\u00e1 com 50% dos votos apurados. Na sequ\u00eancia aparece Marco Aur\u00e9lio (Uni\u00e3o), com 23%. O candidato Jorge Roque (PT) tem 15%, Andr\u00e9 Trindade (Uni\u00e3o) 10% e Matheus Coelho (DC) 0,37%. A apura\u00e7\u00e3o voc\u00ea acompanha no acidade on\u2026","rel":"","context":"In &quot;Not\u00edcias de Ribeir\u00e3o Preto-SP e Regi\u00e3o&quot;","block_context":{"text":"Not\u00edcias de Ribeir\u00e3o Preto-SP e Regi\u00e3o","link":"https:\/\/noticiasribeiraopreto.com.br\/index.php\/category\/noticias-de-ribeirao-preto-sp-e-regiao-ismael-colosi\/"},"img":{"alt_text":"","src":"https:\/\/i0.wp.com\/noticiasribeiraopreto.com.br\/wp-content\/uploads\/2024\/10\/candidatos-prefeito-ribeirao-preto-2_2024-10-04_16-47-29_jpeg_2024-10-04_16-47-30.webp.webp?fit=1200%2C674&ssl=1&resize=350%2C200","width":350,"height":200,"srcset":"https:\/\/i0.wp.com\/noticiasribeiraopreto.com.br\/wp-content\/uploads\/2024\/10\/candidatos-prefeito-ribeirao-preto-2_2024-10-04_16-47-29_jpeg_2024-10-04_16-47-30.webp.webp?fit=1200%2C674&ssl=1&resize=350%2C200 1x, https:\/\/i0.wp.com\/noticiasribeiraopreto.com.br\/wp-content\/uploads\/2024\/10\/candidatos-prefeito-ribeirao-preto-2_2024-10-04_16-47-29_jpeg_2024-10-04_16-47-30.webp.webp?fit=1200%2C674&ssl=1&resize=525%2C300 1.5x, https:\/\/i0.wp.com\/noticiasribeiraopreto.com.br\/wp-content\/uploads\/2024\/10\/candidatos-prefeito-ribeirao-preto-2_2024-10-04_16-47-29_jpeg_2024-10-04_16-47-30.webp.webp?fit=1200%2C674&ssl=1&resize=700%2C400 2x, https:\/\/i0.wp.com\/noticiasribeiraopreto.com.br\/wp-content\/uploads\/2024\/10\/candidatos-prefeito-ribeirao-preto-2_2024-10-04_16-47-29_jpeg_2024-10-04_16-47-30.webp.webp?fit=1200%2C674&ssl=1&resize=1050%2C600 3x"},"classes":[]},{"id":59664,"url":"https:\/\/noticiasribeiraopreto.com.br\/index.php\/2024\/10\/27\/essa-vitoria-meu-pai-eu-devo-ao-senhor-diz-ricardo-silva-apos-ser-eleito-prefeito-de-ribeirao\/","url_meta":{"origin":59649,"position":5},"title":"&#8216;Essa vit\u00f3ria, meu pai, eu devo ao senhor&#8217;, diz Ricardo Silva, ap\u00f3s ser eleito prefeito de Ribeir\u00e3o","author":"noticiasribeiraopreto.com.br","date":"27 de October de 2024","format":false,"excerpt":"Ap\u00f3s ser eleito o novo prefeito de Ribeir\u00e3o Preto, na noite deste domingo (27), Ricardo Silva (PSD) agradeceu todo o apoio da fam\u00edlia, em especial, de seu pai, o deputado estadual Rafael Silva (PSD). Durante discurso realizado no comit\u00ea de campanha, localizado na avenida Saudade, zona Norte do munic\u00edpio, o\u2026","rel":"","context":"In &quot;Not\u00edcias de Ribeir\u00e3o Preto-SP e Regi\u00e3o&quot;","block_context":{"text":"Not\u00edcias de Ribeir\u00e3o Preto-SP e Regi\u00e3o","link":"https:\/\/noticiasribeiraopreto.com.br\/index.php\/category\/noticias-de-ribeirao-preto-sp-e-regiao-ismael-colosi\/"},"img":{"alt_text":"","src":"https:\/\/i0.wp.com\/noticiasribeiraopreto.com.br\/wp-content\/uploads\/2024\/10\/Copia-de-Copia-de-Copia-de-TAMANHO-EXATO-PARA-FOTOS-NO-SISTEMA-NOVO-2024-10-27T214412.260_2024-10-28_00-44-18_png_2024-10-28_00-44-18.webp.webp?fit=1200%2C675&ssl=1&resize=350%2C200","width":350,"height":200,"srcset":"https:\/\/i0.wp.com\/noticiasribeiraopreto.com.br\/wp-content\/uploads\/2024\/10\/Copia-de-Copia-de-Copia-de-TAMANHO-EXATO-PARA-FOTOS-NO-SISTEMA-NOVO-2024-10-27T214412.260_2024-10-28_00-44-18_png_2024-10-28_00-44-18.webp.webp?fit=1200%2C675&ssl=1&resize=350%2C200 1x, https:\/\/i0.wp.com\/noticiasribeiraopreto.com.br\/wp-content\/uploads\/2024\/10\/Copia-de-Copia-de-Copia-de-TAMANHO-EXATO-PARA-FOTOS-NO-SISTEMA-NOVO-2024-10-27T214412.260_2024-10-28_00-44-18_png_2024-10-28_00-44-18.webp.webp?fit=1200%2C675&ssl=1&resize=525%2C300 1.5x, https:\/\/i0.wp.com\/noticiasribeiraopreto.com.br\/wp-content\/uploads\/2024\/10\/Copia-de-Copia-de-Copia-de-TAMANHO-EXATO-PARA-FOTOS-NO-SISTEMA-NOVO-2024-10-27T214412.260_2024-10-28_00-44-18_png_2024-10-28_00-44-18.webp.webp?fit=1200%2C675&ssl=1&resize=700%2C400 2x, https:\/\/i0.wp.com\/noticiasribeiraopreto.com.br\/wp-content\/uploads\/2024\/10\/Copia-de-Copia-de-Copia-de-TAMANHO-EXATO-PARA-FOTOS-NO-SISTEMA-NOVO-2024-10-27T214412.260_2024-10-28_00-44-18_png_2024-10-28_00-44-18.webp.webp?fit=1200%2C675&ssl=1&resize=1050%2C600 3x"},"classes":[]}],"jetpack_sharing_enabled":true,"jetpack_shortlink":"https:\/\/wp.me\/peQAOb-fw5","_links":{"self":[{"href":"https:\/\/noticiasribeiraopreto.com.br\/index.php\/wp-json\/wp\/v2\/posts\/59649","targetHints":{"allow":["GET"]}}],"collection":[{"href":"https:\/\/noticiasribeiraopreto.com.br\/index.php\/wp-json\/wp\/v2\/posts"}],"about":[{"href":"https:\/\/noticiasribeiraopreto.com.br\/index.php\/wp-json\/wp\/v2\/types\/post"}],"author":[{"embeddable":true,"href":"https:\/\/noticiasribeiraopreto.com.br\/index.php\/wp-json\/wp\/v2\/users\/1"}],"replies":[{"embeddable":true,"href":"https:\/\/noticiasribeiraopreto.com.br\/index.php\/wp-json\/wp\/v2\/comments?post=59649"}],"version-history":[{"count":0,"href":"https:\/\/noticiasribeiraopreto.com.br\/index.php\/wp-json\/wp\/v2\/posts\/59649\/revisions"}],"wp:featuredmedia":[{"embeddable":true,"href":"https:\/\/noticiasribeiraopreto.com.br\/index.php\/wp-json\/wp\/v2\/media\/58809"}],"wp:attachment":[{"href":"https:\/\/noticiasribeiraopreto.com.br\/index.php\/wp-json\/wp\/v2\/media?parent=59649"}],"wp:term":[{"taxonomy":"category","embeddable":true,"href":"https:\/\/noticiasribeiraopreto.com.br\/index.php\/wp-json\/wp\/v2\/categories?post=59649"},{"taxonomy":"post_tag","embeddable":true,"href":"https:\/\/noticiasribeiraopreto.com.br\/index.php\/wp-json\/wp\/v2\/tags?post=59649"}],"curies":[{"name":"wp","href":"https:\/\/api.w.org\/{rel}","templated":true}]}}