{"id":59734,"date":"2024-10-29T12:53:18","date_gmt":"2024-10-29T15:53:18","guid":{"rendered":"https:\/\/noticiasribeiraopreto.com.br\/index.php\/2024\/10\/29\/etec-ribeirao-preto-oferece-mais-de-mil-vagas-em-cursos-gratuitos-veja-como-se-inscrever\/"},"modified":"2024-10-29T12:53:18","modified_gmt":"2024-10-29T15:53:18","slug":"etec-ribeirao-preto-oferece-mais-de-mil-vagas-em-cursos-gratuitos-veja-como-se-inscrever","status":"publish","type":"post","link":"https:\/\/noticiasribeiraopreto.com.br\/index.php\/2024\/10\/29\/etec-ribeirao-preto-oferece-mais-de-mil-vagas-em-cursos-gratuitos-veja-como-se-inscrever\/","title":{"rendered":"Etec Ribeir\u00e3o Preto oferece mais de mil vagas em cursos gratuitos; Veja como se inscrever"},"content":{"rendered":"<p> <br \/>\n<\/p>\n<div>\n<p><strong>As inscri\u00e7\u00f5es para o Vestibulinho 2025 da Etec (Escola T\u00e9cnica Estadual) Jos\u00e9 Martimiano da Silva, em Ribeir\u00e3o Preto, come\u00e7am na pr\u00f3xima quinta-feira (31). <\/strong><mark style=\"background-color:#fcb900\" class=\"has-inline-color has-black-color\">S\u00e3o oferecidas 1.120 vagas em 27 cursos gratuitos. <\/mark><\/p>\n<p>Os <strong>interessados <\/strong>devem se <strong>inscrever <\/strong>pelo <strong>site <\/strong>da institui\u00e7\u00e3o at\u00e9 as <strong>15h <\/strong>do dia <strong>26 de novembro<\/strong>. <a href=\"https:\/\/www.vestibulinhoetec.com.br\/home\/\" target=\"_blank\" rel=\"noreferrer noopener\">Clique aqui<\/a> para acessar a p\u00e1gina do <strong>Vestibulinho para o 1\u00ba semestre de 2025<\/strong>.<\/p>\n<p>O valor da <strong>taxa <\/strong>\u00e9 de <strong>R$ 39,85<\/strong>. O <strong>exame <\/strong>ser\u00e1 aplicado no<strong> 15 de dezembro<\/strong>. <\/p>\n<h4 class=\"wp-block-heading\"><strong>Novidade<\/strong><\/h4>\n<p>A <strong>Etec Ribeir\u00e3o Preto<\/strong> divulgou que a novidade neste ano \u00e9 curso de <strong>Design de interiores<\/strong> no per\u00edodo noturno, com ensino m\u00e9dio integrado ao t\u00e9cnico. <\/p>\n<p>Tamb\u00e9m h\u00e1 vagas em cursos de <strong>Administra\u00e7\u00e3o, Mec\u00e2nica, Eletr\u00f4nica, Eletrot\u00e9cnica, Edifica\u00e7\u00f5es, Nutri\u00e7\u00e3o e Diet\u00e9tica, Gastronomia, Sa\u00fade bucal<\/strong>, entre outros. <\/p>\n<p>Para os jovens que terminaram o 9\u00ba ano e t\u00eam interesse em fazer o ensino m\u00e9dio integrado, s\u00e3o disponibilizados 11 cursos em \u00e1reas como <strong>Administra\u00e7\u00e3o, Recursos humanos, Secretariado, Automa\u00e7\u00e3o industrial<\/strong>, entre outras. <\/p>\n<p>Al\u00e9m de <strong>Ribeir\u00e3o<\/strong>, tamb\u00e9m h\u00e1 cursos ministrados em <strong>Sert\u00e3ozinho <\/strong>e <strong>Barrinha<\/strong>. <a href=\"https:\/\/www.cps.sp.gov.br\/etecs\/etec-jose-martimiano-da-silva\/\" target=\"_blank\" rel=\"noreferrer noopener\">Clique aqui<\/a> e veja todos os cursos oferecidos.<\/p>\n<p>O <strong>Vestibulinho <\/strong>para o <strong>1\u00ba semestre de 2025<\/strong> oferece vagas para\u00a0cursos\u00a0t\u00e9cnico, ensino m\u00e9dio integrado ao t\u00e9cnico, ensino m\u00e9dio em diferentes itiner\u00e1rios formativos, Articula\u00e7\u00e3o da Forma\u00e7\u00e3o Profissional M\u00e9dia e Superior (AMS) e especializa\u00e7\u00e3o t\u00e9cnica.\u00a0<\/p>\n<h4 class=\"wp-block-heading\"><strong>Veja o cronograma do Vestibulinho 2025:<\/strong><\/h4>\n<ul>\n<li>29 e 30 de outubro: Prazo para solicitar redu\u00e7\u00e3o da taxa de inscri\u00e7\u00e3o<\/li>\n<\/ul>\n<ul>\n<li>31 de outubro a 26 de novembro \u2013 at\u00e9 15 horas: Inscri\u00e7\u00f5es do Vestibulinho das Etecs<\/li>\n<\/ul>\n<ul>\n<li>5 de novembro \u2013 a partir das 15 horas: Resultado dos pedidos de redu\u00e7\u00e3o de taxa<\/li>\n<\/ul>\n<ul>\n<li>11 de dezembro \u2013 a partir das 15 horas: Divulga\u00e7\u00e3o dos locais de prova<\/li>\n<\/ul>\n<ul>\n<li>15 de dezembro \u2013 \u00e0s 13h30: Prova do Vestibulinho<\/li>\n<\/ul>\n<ul>\n<li>18 de dezembro \u2013 a partir das 15 horas: Divulga\u00e7\u00e3o dos gabaritos<\/li>\n<\/ul>\n<ul>\n<li>13 de janeiro \u2013 a partir das 15 horas: Fivulga\u00e7\u00e3o da classifica\u00e7\u00e3o geral<\/li>\n<\/ul>\n<p>SAIBA MAIS<\/p>\n<p>Motociclista \u00e9 rendido no tr\u00e2nsito de Ribeir\u00e3o e obrigado a fazer Pix<\/p>\n<h4 class=\"wp-block-heading\"><strong>FIQUE ON<\/strong><\/h4>\n<p>Fique ligado em tudo que acontece em Ribeir\u00e3o Preto e regi\u00e3o. Siga os perfis do\u00a0<strong><a href=\"https:\/\/www.instagram.com\/acidadeonribeirao\/\" target=\"_blank\" rel=\"noreferrer noopener\">acidade on<\/a><\/strong>\u00a0no\u00a0<a href=\"https:\/\/www.instagram.com\/acidadeonribeirao\/\" target=\"_blank\" rel=\"noreferrer noopener\">Instagram\u00a0<\/a>e no\u00a0<a href=\"https:\/\/web.facebook.com\/acidadeonribeirao\" target=\"_blank\" rel=\"noreferrer noopener\">Facebook<\/a>.<\/p>\n<p>Receba not\u00edcias do\u00a0<strong>acidade on<\/strong>\u00a0no WhatsApp.\u00a0<a href=\"https:\/\/chat.whatsapp.com\/Fg4ok3aAVyB59DP63pRapr\" target=\"_blank\" rel=\"noreferrer noopener\">Para entrar no grupo, basta clicar aqui.<\/a><\/p>\n<p>Fa\u00e7a uma den\u00fancia ou sugira uma reportagem sobre Ribeir\u00e3o Preto e regi\u00e3o pelo WhatsApp: 16 99117 7802.<\/p>\n<p>VEJA TAMB\u00c9M<\/p>\n<p>Quais s\u00e3o os feriados de novembro?<\/p>\n<p><!-- CONTENT END 3 -->\n<\/div>\n<p><script async src=\"\/\/www.instagram.com\/embed.js\"><\/script><br \/>\n<br \/><br \/>\n<br \/><a href=\"https:\/\/www.acidadeon.com\/ribeiraopreto\/cotidiano\/etec-ribeirao-preto-oferece-mais-de-mil-vagas-em-cursos-gratuitos-veja-como-se-inscrever\/\">Source link <\/a><\/p>\n","protected":false},"excerpt":{"rendered":"<p>As inscri\u00e7\u00f5es para o Vestibulinho 2025 da Etec (Escola T\u00e9cnica Estadual) Jos\u00e9 Martimiano da Silva, em Ribeir\u00e3o Preto, come\u00e7am na pr\u00f3xima quinta-feira (31). S\u00e3o oferecidas&#8230;<\/p>\n","protected":false},"author":1,"featured_media":59735,"comment_status":"open","ping_status":"open","sticky":false,"template":"","format":"standard","meta":{"advanced_seo_description":"","jetpack_seo_html_title":"","jetpack_seo_noindex":false,"jetpack_post_was_ever_published":false,"_jetpack_newsletter_access":"","_jetpack_dont_email_post_to_subs":false,"_jetpack_newsletter_tier_id":0,"_jetpack_memberships_contains_paywalled_content":false,"_jetpack_memberships_contains_paid_content":false,"footnotes":"","jetpack_publicize_message":"","jetpack_publicize_feature_enabled":true,"jetpack_social_post_already_shared":true,"jetpack_social_options":{"image_generator_settings":{"template":"highway","default_image_id":0,"font":"","enabled":false},"version":2}},"categories":[11],"tags":[],"class_list":["post-59734","post","type-post","status-publish","format-standard","has-post-thumbnail","hentry","category-noticias-de-ribeirao-preto-sp-e-regiao-ismael-colosi"],"jetpack_publicize_connections":[],"jetpack_featured_media_url":"https:\/\/i0.wp.com\/noticiasribeiraopreto.com.br\/wp-content\/uploads\/2024\/10\/WhatsApp-Image-2024-10-29-at-11.01.13_2024-10-29_15-11-48_jpeg_2024-10-29_15-11-48.webp.webp?fit=1600%2C898&ssl=1","jetpack-related-posts":[{"id":84759,"url":"https:\/\/noticiasribeiraopreto.com.br\/index.php\/2026\/04\/15\/etec-de-ribeirao-preto-abre-inscricoes-para-vestibulinho-curso-de-design-de-moveis-e-novidade\/","url_meta":{"origin":59734,"position":0},"title":"Etec de Ribeir\u00e3o Preto abre inscri\u00e7\u00f5es para Vestibulinho; Curso de Design de M\u00f3veis \u00e9 novidade","author":"noticiasribeiraopreto.com.br","date":"15 de April de 2026","format":false,"excerpt":"Ler o resumo da not\u00edcia \r Vestibulinho Etec \u00e9 o processo seletivo das Escolas T\u00e9cnicas Estaduais de S\u00e3o Paulo.\r N\u00e3o h\u00e1 informa\u00e7\u00f5es adicionais dispon\u00edveis na mat\u00e9ria fornecida.\r O resumo n\u00e3o pode ser completado devido \u00e0 falta de dados na fonte original.\r A Etec (Escola T\u00e9cnica Estadual) Jos\u00e9 Martimiano da Silva,\u2026","rel":"","context":"In &quot;Not\u00edcias de Ribeir\u00e3o Preto-SP e Regi\u00e3o&quot;","block_context":{"text":"Not\u00edcias de Ribeir\u00e3o Preto-SP e Regi\u00e3o","link":"https:\/\/noticiasribeiraopreto.com.br\/index.php\/category\/noticias-de-ribeirao-preto-sp-e-regiao-ismael-colosi\/"},"img":{"alt_text":"","src":"https:\/\/i0.wp.com\/noticiasribeiraopreto.com.br\/wp-content\/uploads\/2024\/10\/WhatsApp-Image-2024-10-29-at-11.01.13_2024-10-29_15-11-48_jpeg_2024-10-29_15-11-48.webp.webp?fit=1200%2C674&ssl=1&resize=350%2C200","width":350,"height":200,"srcset":"https:\/\/i0.wp.com\/noticiasribeiraopreto.com.br\/wp-content\/uploads\/2024\/10\/WhatsApp-Image-2024-10-29-at-11.01.13_2024-10-29_15-11-48_jpeg_2024-10-29_15-11-48.webp.webp?fit=1200%2C674&ssl=1&resize=350%2C200 1x, https:\/\/i0.wp.com\/noticiasribeiraopreto.com.br\/wp-content\/uploads\/2024\/10\/WhatsApp-Image-2024-10-29-at-11.01.13_2024-10-29_15-11-48_jpeg_2024-10-29_15-11-48.webp.webp?fit=1200%2C674&ssl=1&resize=525%2C300 1.5x, https:\/\/i0.wp.com\/noticiasribeiraopreto.com.br\/wp-content\/uploads\/2024\/10\/WhatsApp-Image-2024-10-29-at-11.01.13_2024-10-29_15-11-48_jpeg_2024-10-29_15-11-48.webp.webp?fit=1200%2C674&ssl=1&resize=700%2C400 2x, https:\/\/i0.wp.com\/noticiasribeiraopreto.com.br\/wp-content\/uploads\/2024\/10\/WhatsApp-Image-2024-10-29-at-11.01.13_2024-10-29_15-11-48_jpeg_2024-10-29_15-11-48.webp.webp?fit=1200%2C674&ssl=1&resize=1050%2C600 3x"},"classes":[]},{"id":60816,"url":"https:\/\/noticiasribeiraopreto.com.br\/index.php\/2024\/11\/26\/inscricoes-para-o-vestibulinho-da-etec-sao-prorrogadas-veja-nova-data\/","url_meta":{"origin":59734,"position":1},"title":"Inscri\u00e7\u00f5es para o Vestibulinho da Etec s\u00e3o prorrogadas; Veja nova data","author":"noticiasribeiraopreto.com.br","date":"26 de November de 2024","format":false,"excerpt":"As inscri\u00e7\u00f5es para o\u00a0Vestibulinho do 1\u00ba semestre de 2025\u00a0da Etec (Escola T\u00e9cnica Estadual) foram prorrogadas. As vagas s\u00e3o oferecidas nas unidades em todo o estado de S\u00e3o Paulo. O prazo, que se encerraria nesta ter\u00e7a-feira (26), foi estendido at\u00e9 as 20h da pr\u00f3xima quinta-feira (28). Clique aqui\u00a0para acessar a p\u00e1gina\u2026","rel":"","context":"In &quot;Not\u00edcias de Ribeir\u00e3o Preto-SP e Regi\u00e3o&quot;","block_context":{"text":"Not\u00edcias de Ribeir\u00e3o Preto-SP e Regi\u00e3o","link":"https:\/\/noticiasribeiraopreto.com.br\/index.php\/category\/noticias-de-ribeirao-preto-sp-e-regiao-ismael-colosi\/"},"img":{"alt_text":"","src":"https:\/\/i0.wp.com\/noticiasribeiraopreto.com.br\/wp-content\/uploads\/2024\/11\/WhatsApp-Image-2023-10-01-at-14.58.24.jpeg?fit=1200%2C876&ssl=1&resize=350%2C200","width":350,"height":200,"srcset":"https:\/\/i0.wp.com\/noticiasribeiraopreto.com.br\/wp-content\/uploads\/2024\/11\/WhatsApp-Image-2023-10-01-at-14.58.24.jpeg?fit=1200%2C876&ssl=1&resize=350%2C200 1x, https:\/\/i0.wp.com\/noticiasribeiraopreto.com.br\/wp-content\/uploads\/2024\/11\/WhatsApp-Image-2023-10-01-at-14.58.24.jpeg?fit=1200%2C876&ssl=1&resize=525%2C300 1.5x, https:\/\/i0.wp.com\/noticiasribeiraopreto.com.br\/wp-content\/uploads\/2024\/11\/WhatsApp-Image-2023-10-01-at-14.58.24.jpeg?fit=1200%2C876&ssl=1&resize=700%2C400 2x, https:\/\/i0.wp.com\/noticiasribeiraopreto.com.br\/wp-content\/uploads\/2024\/11\/WhatsApp-Image-2023-10-01-at-14.58.24.jpeg?fit=1200%2C876&ssl=1&resize=1050%2C600 3x"},"classes":[]},{"id":49082,"url":"https:\/\/noticiasribeiraopreto.com.br\/index.php\/2024\/05\/08\/prorrogadas-as-inscricoes-para-vestibulinho-da-etec-ribeirao-preto-com-680-vagas\/","url_meta":{"origin":59734,"position":2},"title":"Prorrogadas as inscri\u00e7\u00f5es para vestibulinho da Etec Ribeir\u00e3o Preto com 680 vagas","author":"noticiasribeiraopreto.com.br","date":"8 de May de 2024","format":false,"excerpt":"Foram prorrogadas as inscri\u00e7\u00f5es para o vestibulinho da Etec Jos\u00e9 Martimiano da Silva em Ribeir\u00e3o Preto at\u00e9 o dia 17 de maio. Com 680 vagas de cursos t\u00e9cnicos gratuitos dispon\u00edveis, o in\u00edcio das aulas ser\u00e1 no segundo semestre deste ano. Os interessados devem se inscrever pelo site da Etec (clique\u2026","rel":"","context":"In &quot;Not\u00edcias de Ribeir\u00e3o Preto-SP e Regi\u00e3o&quot;","block_context":{"text":"Not\u00edcias de Ribeir\u00e3o Preto-SP e Regi\u00e3o","link":"https:\/\/noticiasribeiraopreto.com.br\/index.php\/category\/noticias-de-ribeirao-preto-sp-e-regiao-ismael-colosi\/"},"img":{"alt_text":"","src":"https:\/\/i0.wp.com\/noticiasribeiraopreto.com.br\/wp-content\/uploads\/2024\/05\/WhatsApp-Image-2023-10-01-at-14.58.24.jpeg?fit=1200%2C876&ssl=1&resize=350%2C200","width":350,"height":200,"srcset":"https:\/\/i0.wp.com\/noticiasribeiraopreto.com.br\/wp-content\/uploads\/2024\/05\/WhatsApp-Image-2023-10-01-at-14.58.24.jpeg?fit=1200%2C876&ssl=1&resize=350%2C200 1x, https:\/\/i0.wp.com\/noticiasribeiraopreto.com.br\/wp-content\/uploads\/2024\/05\/WhatsApp-Image-2023-10-01-at-14.58.24.jpeg?fit=1200%2C876&ssl=1&resize=525%2C300 1.5x, https:\/\/i0.wp.com\/noticiasribeiraopreto.com.br\/wp-content\/uploads\/2024\/05\/WhatsApp-Image-2023-10-01-at-14.58.24.jpeg?fit=1200%2C876&ssl=1&resize=700%2C400 2x, https:\/\/i0.wp.com\/noticiasribeiraopreto.com.br\/wp-content\/uploads\/2024\/05\/WhatsApp-Image-2023-10-01-at-14.58.24.jpeg?fit=1200%2C876&ssl=1&resize=1050%2C600 3x"},"classes":[]},{"id":50493,"url":"https:\/\/noticiasribeiraopreto.com.br\/index.php\/2024\/05\/16\/inscricoes-para-vestibulinho-da-etec-ribeirao-com-680-vagas-terminam-nesta-sexta-feira\/","url_meta":{"origin":59734,"position":3},"title":"Inscri\u00e7\u00f5es para vestibulinho da Etec Ribeir\u00e3o com 680 vagas terminam nesta sexta-feira","author":"noticiasribeiraopreto.com.br","date":"16 de May de 2024","format":false,"excerpt":"As inscri\u00e7\u00f5es para o vestibulinho da Etec Jos\u00e9 Martimiano da Silva em Ribeir\u00e3o Preto terminam, \u00e0s 15h, desta sexta-feira (17). Com 680 vagas de cursos t\u00e9cnicos gratuitos dispon\u00edveis, o in\u00edcio das aulas ser\u00e1 no segundo semestre deste ano. Os interessados devem se inscrever pelo site da Etec (clique aqui). O\u2026","rel":"","context":"In &quot;Not\u00edcias de Ribeir\u00e3o Preto-SP e Regi\u00e3o&quot;","block_context":{"text":"Not\u00edcias de Ribeir\u00e3o Preto-SP e Regi\u00e3o","link":"https:\/\/noticiasribeiraopreto.com.br\/index.php\/category\/noticias-de-ribeirao-preto-sp-e-regiao-ismael-colosi\/"},"img":{"alt_text":"","src":"https:\/\/i0.wp.com\/noticiasribeiraopreto.com.br\/wp-content\/uploads\/2024\/05\/1715876066_WhatsApp-Image-2023-10-01-at-14.58.24.jpeg?fit=1200%2C876&ssl=1&resize=350%2C200","width":350,"height":200,"srcset":"https:\/\/i0.wp.com\/noticiasribeiraopreto.com.br\/wp-content\/uploads\/2024\/05\/1715876066_WhatsApp-Image-2023-10-01-at-14.58.24.jpeg?fit=1200%2C876&ssl=1&resize=350%2C200 1x, https:\/\/i0.wp.com\/noticiasribeiraopreto.com.br\/wp-content\/uploads\/2024\/05\/1715876066_WhatsApp-Image-2023-10-01-at-14.58.24.jpeg?fit=1200%2C876&ssl=1&resize=525%2C300 1.5x, https:\/\/i0.wp.com\/noticiasribeiraopreto.com.br\/wp-content\/uploads\/2024\/05\/1715876066_WhatsApp-Image-2023-10-01-at-14.58.24.jpeg?fit=1200%2C876&ssl=1&resize=700%2C400 2x, https:\/\/i0.wp.com\/noticiasribeiraopreto.com.br\/wp-content\/uploads\/2024\/05\/1715876066_WhatsApp-Image-2023-10-01-at-14.58.24.jpeg?fit=1200%2C876&ssl=1&resize=1050%2C600 3x"},"classes":[]},{"id":770,"url":"https:\/\/noticiasribeiraopreto.com.br\/index.php\/2023\/11\/09\/foram-prorrogadas-as-inscricoes-para-o-vestibulinho-das-etecs\/","url_meta":{"origin":59734,"position":4},"title":"Foram prorrogadas as inscri\u00e7\u00f5es para o vestibulinho das Etecs","author":"noticiasribeiraopreto.com.br","date":"9 de November de 2023","format":false,"excerpt":"8 de novembro de 2023 | 18:008 de novembro de 2023 | 16:19 0No dia 10 de dezembro, candidatos fazem a prova do Vestibulinho das Escolas T\u00e9cnicas Estaduais (Etecs), que d\u00e1 acesso a mais de 91 mil vagas para ensino p\u00fablico gratuito. O interessado em aproveitar a oportunidade deve se\u2026","rel":"","context":"In &quot;Not\u00edcias de Ribeir\u00e3o Preto-SP e Regi\u00e3o&quot;","block_context":{"text":"Not\u00edcias de Ribeir\u00e3o Preto-SP e Regi\u00e3o","link":"https:\/\/noticiasribeiraopreto.com.br\/index.php\/category\/noticias-de-ribeirao-preto-sp-e-regiao-ismael-colosi\/"},"img":{"alt_text":"","src":"https:\/\/i0.wp.com\/noticiasribeiraopreto.com.br\/wp-content\/uploads\/2023\/11\/1-etec-alfredo-risk-scaled.jpg?fit=1000%2C462&ssl=1&resize=350%2C200","width":350,"height":200,"srcset":"https:\/\/i0.wp.com\/noticiasribeiraopreto.com.br\/wp-content\/uploads\/2023\/11\/1-etec-alfredo-risk-scaled.jpg?fit=1000%2C462&ssl=1&resize=350%2C200 1x, https:\/\/i0.wp.com\/noticiasribeiraopreto.com.br\/wp-content\/uploads\/2023\/11\/1-etec-alfredo-risk-scaled.jpg?fit=1000%2C462&ssl=1&resize=525%2C300 1.5x, https:\/\/i0.wp.com\/noticiasribeiraopreto.com.br\/wp-content\/uploads\/2023\/11\/1-etec-alfredo-risk-scaled.jpg?fit=1000%2C462&ssl=1&resize=700%2C400 2x"},"classes":[]},{"id":45267,"url":"https:\/\/noticiasribeiraopreto.com.br\/index.php\/2024\/04\/03\/ribeirao-preto-tem-680-vagas-gratuitas-para-cursos-tecnicos-veja-como-se-inscrever\/","url_meta":{"origin":59734,"position":5},"title":"Ribeir\u00e3o Preto tem 680 vagas gratuitas para cursos t\u00e9cnicos; Veja como se inscrever","author":"noticiasribeiraopreto.com.br","date":"3 de April de 2024","format":false,"excerpt":"As inscri\u00e7\u00f5es para o vestibulinho da Etec Jos\u00e9 Martimiano da Silva em Ribeir\u00e3o Preto, com 680 vagas dispon\u00edveis, come\u00e7am nesta quinta-feira (4) para cursos t\u00e9cnicos gratuitos com in\u00edcio no segundo semestre deste ano. Os interessados podem se inscrever at\u00e9 \u00e0s 15h do dia 9 de maio pelo site da Etec.\u2026","rel":"","context":"In &quot;Not\u00edcias de Ribeir\u00e3o Preto-SP e Regi\u00e3o&quot;","block_context":{"text":"Not\u00edcias de Ribeir\u00e3o Preto-SP e Regi\u00e3o","link":"https:\/\/noticiasribeiraopreto.com.br\/index.php\/category\/noticias-de-ribeirao-preto-sp-e-regiao-ismael-colosi\/"},"img":{"alt_text":"","src":"https:\/\/i0.wp.com\/noticiasribeiraopreto.com.br\/wp-content\/uploads\/2024\/04\/Copia-de-Copia-de-TAMANHO-EXATO-PARA-FOTOS-NO-SISTEMA-NOVO-20.jpg?fit=1200%2C675&ssl=1&resize=350%2C200","width":350,"height":200,"srcset":"https:\/\/i0.wp.com\/noticiasribeiraopreto.com.br\/wp-content\/uploads\/2024\/04\/Copia-de-Copia-de-TAMANHO-EXATO-PARA-FOTOS-NO-SISTEMA-NOVO-20.jpg?fit=1200%2C675&ssl=1&resize=350%2C200 1x, https:\/\/i0.wp.com\/noticiasribeiraopreto.com.br\/wp-content\/uploads\/2024\/04\/Copia-de-Copia-de-TAMANHO-EXATO-PARA-FOTOS-NO-SISTEMA-NOVO-20.jpg?fit=1200%2C675&ssl=1&resize=525%2C300 1.5x, https:\/\/i0.wp.com\/noticiasribeiraopreto.com.br\/wp-content\/uploads\/2024\/04\/Copia-de-Copia-de-TAMANHO-EXATO-PARA-FOTOS-NO-SISTEMA-NOVO-20.jpg?fit=1200%2C675&ssl=1&resize=700%2C400 2x, https:\/\/i0.wp.com\/noticiasribeiraopreto.com.br\/wp-content\/uploads\/2024\/04\/Copia-de-Copia-de-TAMANHO-EXATO-PARA-FOTOS-NO-SISTEMA-NOVO-20.jpg?fit=1200%2C675&ssl=1&resize=1050%2C600 3x"},"classes":[]}],"jetpack_sharing_enabled":true,"jetpack_shortlink":"https:\/\/wp.me\/peQAOb-fxs","_links":{"self":[{"href":"https:\/\/noticiasribeiraopreto.com.br\/index.php\/wp-json\/wp\/v2\/posts\/59734","targetHints":{"allow":["GET"]}}],"collection":[{"href":"https:\/\/noticiasribeiraopreto.com.br\/index.php\/wp-json\/wp\/v2\/posts"}],"about":[{"href":"https:\/\/noticiasribeiraopreto.com.br\/index.php\/wp-json\/wp\/v2\/types\/post"}],"author":[{"embeddable":true,"href":"https:\/\/noticiasribeiraopreto.com.br\/index.php\/wp-json\/wp\/v2\/users\/1"}],"replies":[{"embeddable":true,"href":"https:\/\/noticiasribeiraopreto.com.br\/index.php\/wp-json\/wp\/v2\/comments?post=59734"}],"version-history":[{"count":0,"href":"https:\/\/noticiasribeiraopreto.com.br\/index.php\/wp-json\/wp\/v2\/posts\/59734\/revisions"}],"wp:featuredmedia":[{"embeddable":true,"href":"https:\/\/noticiasribeiraopreto.com.br\/index.php\/wp-json\/wp\/v2\/media\/59735"}],"wp:attachment":[{"href":"https:\/\/noticiasribeiraopreto.com.br\/index.php\/wp-json\/wp\/v2\/media?parent=59734"}],"wp:term":[{"taxonomy":"category","embeddable":true,"href":"https:\/\/noticiasribeiraopreto.com.br\/index.php\/wp-json\/wp\/v2\/categories?post=59734"},{"taxonomy":"post_tag","embeddable":true,"href":"https:\/\/noticiasribeiraopreto.com.br\/index.php\/wp-json\/wp\/v2\/tags?post=59734"}],"curies":[{"name":"wp","href":"https:\/\/api.w.org\/{rel}","templated":true}]}}