{"id":59736,"date":"2024-10-29T12:59:19","date_gmt":"2024-10-29T15:59:19","guid":{"rendered":"https:\/\/noticiasribeiraopreto.com.br\/index.php\/2024\/10\/29\/utm_sourcerssutm_mediumrssutm_campaignultimos-dias-para-adesao-ao-programa-litigio-zero-empresas-e-contribuintes-tem-ate-31-de-outubro-para-regularizar-dividas\/"},"modified":"2024-10-29T12:59:19","modified_gmt":"2024-10-29T15:59:19","slug":"utm_sourcerssutm_mediumrssutm_campaignultimos-dias-para-adesao-ao-programa-litigio-zero-empresas-e-contribuintes-tem-ate-31-de-outubro-para-regularizar-dividas","status":"publish","type":"post","link":"https:\/\/noticiasribeiraopreto.com.br\/index.php\/2024\/10\/29\/utm_sourcerssutm_mediumrssutm_campaignultimos-dias-para-adesao-ao-programa-litigio-zero-empresas-e-contribuintes-tem-ate-31-de-outubro-para-regularizar-dividas\/","title":{"rendered":"\u00daltimos Dias para Ades\u00e3o ao Programa Lit\u00edgio Zero: Empresas e Contribuintes T\u00eam At\u00e9 31 de Outubro para Regularizar D\u00edvidas"},"content":{"rendered":"<div class='code-block code-block-1' style='margin: 8px 0 8px auto; text-align: right; display: block; clear: both;'>\n<p><a href=\"https:\/\/wa.link\/vpicfd\"><img data-recalc-dims=\"1\" class=\"wp-image-4922\" style=\"aspect-ratio: 2.0253164556962027; width: 561px; height: auto;\" src=\"https:\/\/i0.wp.com\/ismaelcolosi.com.br\/wp-content\/uploads\/2023\/11\/grupo-de-empregos-whatsapp-e-facebook-ismael-colosi-vagas.jpg?ssl=1\" alt=\"\" \/><\/a><\/p>\n<!-- \/wp:image -->\n<\/div>\n<p> <br \/>\n<\/p>\n<div>\n<p>Empresas e contribuintes t\u00eam at\u00e9 o dia 31 de outubro para aderir ao Programa Lit\u00edgio Zero, uma iniciativa do governo federal voltada para a regulariza\u00e7\u00e3o de d\u00edvidas com a Uni\u00e3o. O programa oferece condi\u00e7\u00f5es especiais para quitar ou negociar d\u00e9bitos em situa\u00e7\u00e3o de disputa judicial ou administrativa, permitindo a redu\u00e7\u00e3o de multas, juros e encargos para facilitar o pagamento. Com a proximidade do prazo final, a expectativa \u00e9 que aumente a ades\u00e3o de contribuintes interessados em aproveitar os benef\u00edcios e evitar penalidades futuras.<\/p>\n<h3>O Que \u00e9 o Programa Lit\u00edgio Zero?<\/h3>\n<p>O Programa Lit\u00edgio Zero, lan\u00e7ado em 2023, faz parte do conjunto de pol\u00edticas econ\u00f4micas para reduzir o n\u00famero de processos de cobran\u00e7a judicial e administrativa que envolvem a Uni\u00e3o. Seu objetivo \u00e9 proporcionar um ambiente mais colaborativo entre governo e contribuintes, incentivando a resolu\u00e7\u00e3o de lit\u00edgios de maneira amig\u00e1vel e eficiente. Com o programa, empresas e pessoas f\u00edsicas que possuem d\u00edvidas tribut\u00e1rias podem regularizar sua situa\u00e7\u00e3o por meio de condi\u00e7\u00f5es facilitadas de pagamento.<\/p>\n<p>O programa \u00e9 uma oportunidade especialmente atrativa para empresas e profissionais aut\u00f4nomos que acumulam d\u00e9bitos devido a quest\u00f5es fiscais complexas ou \u00e0 falta de recursos para pagar tributos em dia. Al\u00e9m de promover uma maior arrecada\u00e7\u00e3o, o programa tem o intuito de reduzir a carga de processos judiciais, desafogando o sistema e permitindo uma administra\u00e7\u00e3o mais eficiente dos recursos p\u00fablicos.<\/p>\n<h3>Condi\u00e7\u00f5es e Benef\u00edcios para os Adesos<\/h3>\n<p>Os benef\u00edcios oferecidos pelo Lit\u00edgio Zero incluem descontos significativos sobre multas, juros e encargos, o que pode reduzir consideravelmente o valor total da d\u00edvida. Contribuintes que desejam pagar o d\u00e9bito de uma s\u00f3 vez t\u00eam direito a descontos mais expressivos, enquanto aqueles que optam pelo parcelamento tamb\u00e9m recebem condi\u00e7\u00f5es facilitadas, embora o desconto seja proporcional ao n\u00famero de parcelas.<\/p>\n<p>Al\u00e9m disso, o programa oferece diferentes categorias de ades\u00e3o conforme o tipo e o valor da d\u00edvida. Contribuintes com d\u00e9bitos de at\u00e9 60 sal\u00e1rios m\u00ednimos, por exemplo, t\u00eam direito a condi\u00e7\u00f5es de negocia\u00e7\u00e3o diferenciadas. Para esses casos, o desconto pode chegar a at\u00e9 50% do valor total da d\u00edvida, o que torna o programa uma oportunidade vantajosa para aqueles que buscam regularizar sua situa\u00e7\u00e3o financeira com o governo.<\/p>\n<p>Outra vantagem do Lit\u00edgio Zero \u00e9 a possibilidade de utilizar preju\u00edzos fiscais para abater parte do montante devido, uma alternativa interessante para empresas que enfrentam dificuldades financeiras. Esse recurso permite que companhias que acumularam preju\u00edzos em anos anteriores utilizem esses valores para compensar parte da d\u00edvida tribut\u00e1ria, reduzindo ainda mais o montante a ser pago.<\/p>\n<h3>Como Ades\u00e3o ao Programa Pode Beneficiar a Economia<\/h3>\n<p>A expectativa do governo \u00e9 que o programa Lit\u00edgio Zero n\u00e3o apenas ajude a reduzir o n\u00famero de processos judiciais, mas tamb\u00e9m contribua para o fortalecimento da economia. Ao facilitar a regulariza\u00e7\u00e3o de d\u00edvidas, o governo permite que empresas e contribuintes recuperem a capacidade de investir e expandir seus neg\u00f3cios, gerando empregos e impulsionando o crescimento econ\u00f4mico.<\/p>\n<p>O programa tamb\u00e9m visa aumentar a arrecada\u00e7\u00e3o, ajudando o governo a equilibrar o or\u00e7amento e a investir em \u00e1reas essenciais como sa\u00fade, educa\u00e7\u00e3o e infraestrutura. Ao promover o pagamento de tributos em atraso, o Lit\u00edgio Zero colabora para uma distribui\u00e7\u00e3o mais eficiente dos recursos p\u00fablicos, possibilitando investimentos estrat\u00e9gicos que podem beneficiar toda a sociedade.<\/p>\n<p>Para o economista Ricardo Andrade, o programa representa uma alternativa interessante para manter o equil\u00edbrio fiscal do pa\u00eds. \u201cIniciativas como o Lit\u00edgio Zero permitem que o governo recupere parte da arrecada\u00e7\u00e3o perdida por conta de inadimpl\u00eancia e lit\u00edgios. Isso \u00e9 positivo tanto para a administra\u00e7\u00e3o p\u00fablica quanto para a economia, pois reduz a press\u00e3o sobre o sistema judicial e incentiva a regulariza\u00e7\u00e3o fiscal\u201d, explica Andrade.<\/p>\n<h3>Passo a Passo para Aderir ao Lit\u00edgio Zero<\/h3>\n<p>Contribuintes interessados em participar do programa devem seguir alguns passos b\u00e1sicos para fazer a ades\u00e3o. A primeira etapa \u00e9 acessar o portal do e-CAC (Centro Virtual de Atendimento ao Contribuinte), onde est\u00e3o dispon\u00edveis as instru\u00e7\u00f5es para ades\u00e3o ao programa. No portal, o contribuinte pode verificar quais d\u00edvidas est\u00e3o aptas para negocia\u00e7\u00e3o e quais os descontos aplic\u00e1veis a cada caso.<\/p>\n<p>A seguir, \u00e9 necess\u00e1rio selecionar as modalidades de pagamento e conferir o valor atualizado das d\u00edvidas, com os descontos aplic\u00e1veis. Ap\u00f3s escolher a forma de pagamento, o contribuinte deve formalizar a ades\u00e3o ao programa, que \u00e9 conclu\u00edda com a emiss\u00e3o do DARF (Documento de Arrecada\u00e7\u00e3o de Receitas Federais), utilizado para o pagamento das parcelas.<\/p>\n<p>Para quem optar pelo parcelamento, o governo estabelece prazos espec\u00edficos e orienta que os pagamentos sejam feitos regularmente, sob o risco de exclus\u00e3o do programa em caso de inadimpl\u00eancia. Al\u00e9m disso, contribuintes devem estar atentos ao vencimento de cada parcela para garantir que permanecem em conformidade com os requisitos do programa.<\/p>\n<h3>Conscientiza\u00e7\u00e3o e Recomenda\u00e7\u00e3o de Especialistas<\/h3>\n<p>Especialistas em direito tribut\u00e1rio e contabilidade recomendam que os contribuintes avaliem cuidadosamente as condi\u00e7\u00f5es do programa antes de aderir. Embora o Lit\u00edgio Zero ofere\u00e7a descontos vantajosos, \u00e9 importante calcular o impacto financeiro da regulariza\u00e7\u00e3o da d\u00edvida e considerar se o pagamento das parcelas cabe no or\u00e7amento. Em casos mais complexos, pode ser \u00fatil buscar a orienta\u00e7\u00e3o de um profissional de contabilidade ou de um advogado especializado para analisar as possibilidades.<\/p>\n<p>Para a contadora Ana Paula Mendes, o programa pode ser uma excelente oportunidade, mas exige planejamento. \u201c\u00c9 essencial que o contribuinte fa\u00e7a um planejamento financeiro e entenda bem as condi\u00e7\u00f5es do programa. Muitas vezes, a regulariza\u00e7\u00e3o pode trazer benef\u00edcios a longo prazo, mas \u00e9 importante que o pagamento caiba no or\u00e7amento para evitar problemas futuros\u201d, alerta a especialista.<\/p>\n<h3>Ades\u00e3o ao Programa e Regularidade Fiscal<\/h3>\n<p>O Programa Lit\u00edgio Zero representa uma chance de regularizar a situa\u00e7\u00e3o fiscal de forma facilitada, o que pode beneficiar desde grandes empresas at\u00e9 pessoas f\u00edsicas. Com o fim do prazo em 31 de outubro, a expectativa \u00e9 que aumente o n\u00famero de ades\u00f5es nos \u00faltimos dias, com contribuintes buscando aproveitar as condi\u00e7\u00f5es especiais para quitar d\u00e9bitos com a Uni\u00e3o. Manter a regularidade fiscal \u00e9 fundamental para evitar restri\u00e7\u00f5es e, para muitos, o Lit\u00edgio Zero representa uma oportunidade valiosa para iniciar 2025 sem pend\u00eancias tribut\u00e1rias.<\/p>\n<p>Ao final deste m\u00eas, o balan\u00e7o de ades\u00f5es ao programa deve ser divulgado pelo governo, que espera uma ades\u00e3o significativa. A regulariza\u00e7\u00e3o de d\u00e9bitos fiscais n\u00e3o apenas alivia a situa\u00e7\u00e3o financeira de empresas e cidad\u00e3os, mas tamb\u00e9m contribui para a estabilidade econ\u00f4mica do pa\u00eds. A ades\u00e3o ao Lit\u00edgio Zero \u00e9 mais do que uma medida administrativa \u2014 \u00e9 um compromisso com o futuro financeiro dos contribuintes e com o desenvolvimento econ\u00f4mico da na\u00e7\u00e3o.<\/p>\n<p>&#13;<br \/>\n\t\t\t\t<span class=\"post-views-icon dashicons dashicons-chart-bar\"\/> <span class=\"post-views-label\">Visualiza\u00e7\u00f5es:<\/span> <span class=\"post-views-count\">16<\/span>&#13;\n\t\t\t<\/p>\n<\/p><\/div>\n<p><br \/>\n<br \/><a href=\"https:\/\/folhaderibeirao.com.br\/2024\/10\/29\/ultimos-dias-para-adesao-ao-programa-litigio-zero-empresas-e-contribuintes-tem-ate-31-de-outubro-para-regularizar-dividas\/?utm_source=rss&#038;utm_medium=rss&#038;utm_campaign=ultimos-dias-para-adesao-ao-programa-litigio-zero-empresas-e-contribuintes-tem-ate-31-de-outubro-para-regularizar-dividas\">Source link <\/a><\/p>\n<!-- CONTENT END 1 -->\n","protected":false},"excerpt":{"rendered":"<p>Empresas e contribuintes t\u00eam at\u00e9 o dia 31 de outubro para aderir ao Programa Lit\u00edgio Zero, uma iniciativa do governo federal voltada para a regulariza\u00e7\u00e3o&#8230;<\/p>\n","protected":false},"author":1,"featured_media":59727,"comment_status":"open","ping_status":"open","sticky":false,"template":"","format":"standard","meta":{"advanced_seo_description":"","jetpack_seo_html_title":"","jetpack_seo_noindex":false,"jetpack_post_was_ever_published":false,"_jetpack_newsletter_access":"","_jetpack_dont_email_post_to_subs":false,"_jetpack_newsletter_tier_id":0,"_jetpack_memberships_contains_paywalled_content":false,"_jetpack_memberships_contains_paid_content":false,"footnotes":"","jetpack_publicize_message":"","jetpack_publicize_feature_enabled":true,"jetpack_social_post_already_shared":true,"jetpack_social_options":{"image_generator_settings":{"template":"highway","default_image_id":0,"font":"","enabled":false},"version":2}},"categories":[11],"tags":[2519,103,2901,493,2899,1717,5346,187,71,1071,3340,162,1295],"class_list":["post-59736","post","type-post","status-publish","format-standard","has-post-thumbnail","hentry","category-noticias-de-ribeirao-preto-sp-e-regiao-ismael-colosi","tag-adesao","tag-ate","tag-contribuintes","tag-dias","tag-dividas","tag-empresas","tag-litigio","tag-outubro","tag-para","tag-programa","tag-regularizar","tag-tem","tag-ultimos"],"jetpack_publicize_connections":[],"jetpack_featured_media_url":"https:\/\/i0.wp.com\/noticiasribeiraopreto.com.br\/wp-content\/uploads\/2024\/10\/real_moeda_dinheiro_mcajr_2904223667.webp.webp?fit=1170%2C700&ssl=1","jetpack-related-posts":[{"id":59726,"url":"https:\/\/noticiasribeiraopreto.com.br\/index.php\/2024\/10\/29\/ultimos-dias-para-adesao-ao-programa-litigio-zero-empresas-e-contribuintes-tem-ate-31-de-outubro-para-regularizar-dividas\/","url_meta":{"origin":59736,"position":0},"title":"\u00daltimos Dias para Ades\u00e3o ao Programa Lit\u00edgio Zero: Empresas e Contribuintes T\u00eam At\u00e9 31 de Outubro para Regularizar D\u00edvidas","author":"noticiasribeiraopreto.com.br","date":"29 de October de 2024","format":false,"excerpt":"Empresas e contribuintes t\u00eam at\u00e9 o dia 31 de outubro para aderir ao Programa Lit\u00edgio Zero, uma iniciativa do governo federal voltada para a regulariza\u00e7\u00e3o de d\u00edvidas com a Uni\u00e3o. O programa oferece condi\u00e7\u00f5es especiais para quitar ou negociar d\u00e9bitos em situa\u00e7\u00e3o de disputa judicial ou administrativa, permitindo a redu\u00e7\u00e3o\u2026","rel":"","context":"In &quot;Not\u00edcias de Ribeir\u00e3o Preto-SP e Regi\u00e3o&quot;","block_context":{"text":"Not\u00edcias de Ribeir\u00e3o Preto-SP e Regi\u00e3o","link":"https:\/\/noticiasribeiraopreto.com.br\/index.php\/category\/noticias-de-ribeirao-preto-sp-e-regiao-ismael-colosi\/"},"img":{"alt_text":"","src":"https:\/\/i0.wp.com\/noticiasribeiraopreto.com.br\/wp-content\/uploads\/2024\/10\/real_moeda_dinheiro_mcajr_2904223667.webp.webp?fit=1170%2C700&ssl=1&resize=350%2C200","width":350,"height":200,"srcset":"https:\/\/i0.wp.com\/noticiasribeiraopreto.com.br\/wp-content\/uploads\/2024\/10\/real_moeda_dinheiro_mcajr_2904223667.webp.webp?fit=1170%2C700&ssl=1&resize=350%2C200 1x, https:\/\/i0.wp.com\/noticiasribeiraopreto.com.br\/wp-content\/uploads\/2024\/10\/real_moeda_dinheiro_mcajr_2904223667.webp.webp?fit=1170%2C700&ssl=1&resize=525%2C300 1.5x, https:\/\/i0.wp.com\/noticiasribeiraopreto.com.br\/wp-content\/uploads\/2024\/10\/real_moeda_dinheiro_mcajr_2904223667.webp.webp?fit=1170%2C700&ssl=1&resize=700%2C400 2x, https:\/\/i0.wp.com\/noticiasribeiraopreto.com.br\/wp-content\/uploads\/2024\/10\/real_moeda_dinheiro_mcajr_2904223667.webp.webp?fit=1170%2C700&ssl=1&resize=1050%2C600 3x"},"classes":[]},{"id":44991,"url":"https:\/\/noticiasribeiraopreto.com.br\/index.php\/2024\/04\/01\/programa-litigio-zero-comeca-nesta-segunda-01\/","url_meta":{"origin":59736,"position":1},"title":"Programa Lit\u00edgio Zero come\u00e7a nesta segunda, 01","author":"noticiasribeiraopreto.com.br","date":"1 de April de 2024","format":false,"excerpt":"1 de abril de 2024 | 16:001 de abril de 2024 | 13:23 0 Come\u00e7a a valer a partir de hoje (1\u00b0) o\u00a0Programa Lit\u00edgio Zero, voltado para atender pessoas f\u00edsicas e jur\u00eddicas que possuem d\u00edvidas em disputa administrativa com a Receita Federal at\u00e9 o valor de R$ 50 milh\u00f5es. Entre\u2026","rel":"","context":"In &quot;Not\u00edcias de Ribeir\u00e3o Preto-SP e Regi\u00e3o&quot;","block_context":{"text":"Not\u00edcias de Ribeir\u00e3o Preto-SP e Regi\u00e3o","link":"https:\/\/noticiasribeiraopreto.com.br\/index.php\/category\/noticias-de-ribeirao-preto-sp-e-regiao-ismael-colosi\/"},"img":{"alt_text":"","src":"https:\/\/i0.wp.com\/noticiasribeiraopreto.com.br\/wp-content\/uploads\/2024\/04\/40c11b12-f86a-443f-ae52-e6055e1368ff.jpg?fit=800%2C479&ssl=1&resize=350%2C200","width":350,"height":200,"srcset":"https:\/\/i0.wp.com\/noticiasribeiraopreto.com.br\/wp-content\/uploads\/2024\/04\/40c11b12-f86a-443f-ae52-e6055e1368ff.jpg?fit=800%2C479&ssl=1&resize=350%2C200 1x, https:\/\/i0.wp.com\/noticiasribeiraopreto.com.br\/wp-content\/uploads\/2024\/04\/40c11b12-f86a-443f-ae52-e6055e1368ff.jpg?fit=800%2C479&ssl=1&resize=525%2C300 1.5x, https:\/\/i0.wp.com\/noticiasribeiraopreto.com.br\/wp-content\/uploads\/2024\/04\/40c11b12-f86a-443f-ae52-e6055e1368ff.jpg?fit=800%2C479&ssl=1&resize=700%2C400 2x"},"classes":[]},{"id":23394,"url":"https:\/\/noticiasribeiraopreto.com.br\/index.php\/2024\/01\/02\/receita-federal-inicia-processo-de-adesao-a-programa-de-pagamento-de-dividas-sem-juros-e-multas\/","url_meta":{"origin":59736,"position":2},"title":"Receita Federal inicia processo ao programa de pagamento de d\u00edvidas sem juros e multas","author":"noticiasribeiraopreto.com.br","date":"2 de January de 2024","format":false,"excerpt":"Come\u00e7a nesta ter\u00e7a-feira, 2, o per\u00edodo de ades\u00e3o de pessoas f\u00edsicas e jur\u00eddicas ao programa de Autorregulariza\u00e7\u00e3o Incentivada de Tributos, da Receita Federal, em que d\u00edvidas podem ser pagas sem multas e sem juros. A medida foi publicada no Di\u00e1rio Oficial da Uni\u00e3o\u00a0em 29 de dezembro com o objetivo de\u2026","rel":"","context":"In &quot;Not\u00edcias de Ribeir\u00e3o Preto-SP e Regi\u00e3o&quot;","block_context":{"text":"Not\u00edcias de Ribeir\u00e3o Preto-SP e Regi\u00e3o","link":"https:\/\/noticiasribeiraopreto.com.br\/index.php\/category\/noticias-de-ribeirao-preto-sp-e-regiao-ismael-colosi\/"},"img":{"alt_text":"","src":"https:\/\/i0.wp.com\/noticiasribeiraopreto.com.br\/wp-content\/uploads\/2024\/01\/shutterstock_1975528862-scaled.jpg?fit=1000%2C563&ssl=1&resize=350%2C200","width":350,"height":200,"srcset":"https:\/\/i0.wp.com\/noticiasribeiraopreto.com.br\/wp-content\/uploads\/2024\/01\/shutterstock_1975528862-scaled.jpg?fit=1000%2C563&ssl=1&resize=350%2C200 1x, https:\/\/i0.wp.com\/noticiasribeiraopreto.com.br\/wp-content\/uploads\/2024\/01\/shutterstock_1975528862-scaled.jpg?fit=1000%2C563&ssl=1&resize=525%2C300 1.5x, https:\/\/i0.wp.com\/noticiasribeiraopreto.com.br\/wp-content\/uploads\/2024\/01\/shutterstock_1975528862-scaled.jpg?fit=1000%2C563&ssl=1&resize=700%2C400 2x"},"classes":[]},{"id":23211,"url":"https:\/\/noticiasribeiraopreto.com.br\/index.php\/2024\/01\/01\/comeca-amanha-programa-da-receita-federal-para-pagar-dividas-sem-juros-e-multa-veja-como-ira-funcionar-e-como-participar\/","url_meta":{"origin":59736,"position":3},"title":"Come\u00e7a amanh\u00e3 programa da Receita Federal para pagar d\u00edvidas sem juros e multa; veja como ir\u00e1 funcionar e como participar","author":"noticiasribeiraopreto.com.br","date":"1 de January de 2024","format":false,"excerpt":"Come\u00e7a nesta ter\u00e7a-feira (2) o per\u00edodo de ades\u00e3o de pessoas f\u00edsicas e jur\u00eddicas ao programa de Autorregulariza\u00e7\u00e3o Incentivada de Tributos, da Receita Federal, em que as d\u00edvidas podem ser pagas sem multas e sem juros. A medida foi publicada no Di\u00e1rio Oficial da Uni\u00e3o em 29 de dezembro com o\u2026","rel":"","context":"In &quot;Dinheiro e Investimento&quot;","block_context":{"text":"Dinheiro e Investimento","link":"https:\/\/noticiasribeiraopreto.com.br\/index.php\/category\/dinheiro-e-investimento-como-fazer-como-ganhar\/"},"img":{"alt_text":"","src":"https:\/\/i0.wp.com\/noticiasribeiraopreto.com.br\/wp-content\/uploads\/2024\/01\/show_PredioReceitaFederal-628x353.jpg?fit=628%2C353&ssl=1&resize=350%2C200","width":350,"height":200,"srcset":"https:\/\/i0.wp.com\/noticiasribeiraopreto.com.br\/wp-content\/uploads\/2024\/01\/show_PredioReceitaFederal-628x353.jpg?fit=628%2C353&ssl=1&resize=350%2C200 1x, https:\/\/i0.wp.com\/noticiasribeiraopreto.com.br\/wp-content\/uploads\/2024\/01\/show_PredioReceitaFederal-628x353.jpg?fit=628%2C353&ssl=1&resize=525%2C300 1.5x"},"classes":[]},{"id":81570,"url":"https:\/\/noticiasribeiraopreto.com.br\/index.php\/2026\/01\/10\/o-que-e-a-lei-do-devedor-contumaz-veja-quem-e-incluido-na-categoria\/","url_meta":{"origin":59736,"position":4},"title":"O que \u00e9 a lei do Devedor Contumaz? Veja quem \u00e9 inclu\u00eddo na categoria","author":"noticiasribeiraopreto.com.br","date":"10 de January de 2026","format":false,"excerpt":"O presidente Luiz In\u00e1cio Lula da Silva (PT) sancionou, com cinco vetos, a Lei Complementar 225, que cria o C\u00f3digo de Defesa do Contribuinte e tem como destaque a tipifica\u00e7\u00e3o do devedor contumaz. O texto foi publicado no DOU (Di\u00e1rio Oficial da Uni\u00e3o). A nova lei, aprovada pelo Congresso em\u2026","rel":"","context":"In &quot;Not\u00edcias de Ribeir\u00e3o Preto-SP e Regi\u00e3o&quot;","block_context":{"text":"Not\u00edcias de Ribeir\u00e3o Preto-SP e Regi\u00e3o","link":"https:\/\/noticiasribeiraopreto.com.br\/index.php\/category\/noticias-de-ribeirao-preto-sp-e-regiao-ismael-colosi\/"},"img":{"alt_text":"","src":"https:\/\/i0.wp.com\/noticiasribeiraopreto.com.br\/wp-content\/uploads\/2026\/01\/devedor-contumaz_2026-01-09_19-36-52.webp.webp?fit=1200%2C800&ssl=1&resize=350%2C200","width":350,"height":200,"srcset":"https:\/\/i0.wp.com\/noticiasribeiraopreto.com.br\/wp-content\/uploads\/2026\/01\/devedor-contumaz_2026-01-09_19-36-52.webp.webp?fit=1200%2C800&ssl=1&resize=350%2C200 1x, https:\/\/i0.wp.com\/noticiasribeiraopreto.com.br\/wp-content\/uploads\/2026\/01\/devedor-contumaz_2026-01-09_19-36-52.webp.webp?fit=1200%2C800&ssl=1&resize=525%2C300 1.5x, https:\/\/i0.wp.com\/noticiasribeiraopreto.com.br\/wp-content\/uploads\/2026\/01\/devedor-contumaz_2026-01-09_19-36-52.webp.webp?fit=1200%2C800&ssl=1&resize=700%2C400 2x, https:\/\/i0.wp.com\/noticiasribeiraopreto.com.br\/wp-content\/uploads\/2026\/01\/devedor-contumaz_2026-01-09_19-36-52.webp.webp?fit=1200%2C800&ssl=1&resize=1050%2C600 3x"},"classes":[]},{"id":69861,"url":"https:\/\/noticiasribeiraopreto.com.br\/index.php\/2025\/05\/09\/tjsp-esta-com-programa-para-intermediar-situacao-de-empresas-e-pessoas-com-superendividamento\/","url_meta":{"origin":59736,"position":5},"title":"TJSP est\u00e1 com programa para intermediar situa\u00e7\u00e3o de empresas e pessoas com superendividamento","author":"noticiasribeiraopreto.com.br","date":"9 de May de 2025","format":false,"excerpt":"O Programa Estadual de Combate ao Superendividamento do Tribunal de Justi\u00e7a de S\u00e3o Paulo fortalece o uso da concilia\u00e7\u00e3o e media\u00e7\u00e3o na busca solu\u00e7\u00f5es para lit\u00edgios entre devedores superendividados e seus credores. A iniciativa \u00e9 voltada para pessoas f\u00edsicas, comerciantes individuais e microempres\u00e1rios do Estado de S\u00e3o Paulo, que podem\u2026","rel":"","context":"In &quot;Not\u00edcias de Franca-SP&quot;","block_context":{"text":"Not\u00edcias de Franca-SP","link":"https:\/\/noticiasribeiraopreto.com.br\/index.php\/category\/noticias-de-ribeirao-preto-sp-e-regiao-ismael-colosi\/noticias-franca-sp\/"},"img":{"alt_text":"","src":"https:\/\/i0.wp.com\/noticiasribeiraopreto.com.br\/wp-content\/uploads\/2025\/05\/real_moedadinheiro_jfcrz_abr_1701220042_1.jpg?fit=1170%2C700&ssl=1&resize=350%2C200","width":350,"height":200,"srcset":"https:\/\/i0.wp.com\/noticiasribeiraopreto.com.br\/wp-content\/uploads\/2025\/05\/real_moedadinheiro_jfcrz_abr_1701220042_1.jpg?fit=1170%2C700&ssl=1&resize=350%2C200 1x, https:\/\/i0.wp.com\/noticiasribeiraopreto.com.br\/wp-content\/uploads\/2025\/05\/real_moedadinheiro_jfcrz_abr_1701220042_1.jpg?fit=1170%2C700&ssl=1&resize=525%2C300 1.5x, https:\/\/i0.wp.com\/noticiasribeiraopreto.com.br\/wp-content\/uploads\/2025\/05\/real_moedadinheiro_jfcrz_abr_1701220042_1.jpg?fit=1170%2C700&ssl=1&resize=700%2C400 2x, https:\/\/i0.wp.com\/noticiasribeiraopreto.com.br\/wp-content\/uploads\/2025\/05\/real_moedadinheiro_jfcrz_abr_1701220042_1.jpg?fit=1170%2C700&ssl=1&resize=1050%2C600 3x"},"classes":[]}],"jetpack_sharing_enabled":true,"jetpack_shortlink":"https:\/\/wp.me\/peQAOb-fxu","_links":{"self":[{"href":"https:\/\/noticiasribeiraopreto.com.br\/index.php\/wp-json\/wp\/v2\/posts\/59736","targetHints":{"allow":["GET"]}}],"collection":[{"href":"https:\/\/noticiasribeiraopreto.com.br\/index.php\/wp-json\/wp\/v2\/posts"}],"about":[{"href":"https:\/\/noticiasribeiraopreto.com.br\/index.php\/wp-json\/wp\/v2\/types\/post"}],"author":[{"embeddable":true,"href":"https:\/\/noticiasribeiraopreto.com.br\/index.php\/wp-json\/wp\/v2\/users\/1"}],"replies":[{"embeddable":true,"href":"https:\/\/noticiasribeiraopreto.com.br\/index.php\/wp-json\/wp\/v2\/comments?post=59736"}],"version-history":[{"count":0,"href":"https:\/\/noticiasribeiraopreto.com.br\/index.php\/wp-json\/wp\/v2\/posts\/59736\/revisions"}],"wp:featuredmedia":[{"embeddable":true,"href":"https:\/\/noticiasribeiraopreto.com.br\/index.php\/wp-json\/wp\/v2\/media\/59727"}],"wp:attachment":[{"href":"https:\/\/noticiasribeiraopreto.com.br\/index.php\/wp-json\/wp\/v2\/media?parent=59736"}],"wp:term":[{"taxonomy":"category","embeddable":true,"href":"https:\/\/noticiasribeiraopreto.com.br\/index.php\/wp-json\/wp\/v2\/categories?post=59736"},{"taxonomy":"post_tag","embeddable":true,"href":"https:\/\/noticiasribeiraopreto.com.br\/index.php\/wp-json\/wp\/v2\/tags?post=59736"}],"curies":[{"name":"wp","href":"https:\/\/api.w.org\/{rel}","templated":true}]}}